{"id":8926,"date":"2023-09-05T07:13:32","date_gmt":"2023-09-05T10:13:32","guid":{"rendered":"https:\/\/brasilnoticias.org\/site\/?p=8926"},"modified":"2023-09-04T19:14:27","modified_gmt":"2023-09-04T22:14:27","slug":"pp-e-cotado-ao-ministerio-do-esporte-no-modelo-final-da-reforma-ministerial","status":"publish","type":"post","link":"https:\/\/brasilnoticias.org\/site\/pp-e-cotado-ao-ministerio-do-esporte-no-modelo-final-da-reforma-ministerial\/","title":{"rendered":"PP \u00e9 cotado ao Minist\u00e9rio do Esporte no modelo final da reforma ministerial"},"content":{"rendered":"<p>O deputado federal Andr\u00e9 Fufuca deve assumir a pasta, que hoje \u00e9 capitaneada pela ex-jogadora de v\u00f4lei Ana Moser<\/p>\n<p>Com o ingresso do PP em uma vers\u00e3o turbinada do Esporte, a reforma ministerial deve chegar em seu desenho final. A legenda do presidente da C\u00e2mara dos deputados, Arthur Lira, deve embarcar no governo sendo representada por Andr\u00e9 Fufuca.<\/p>\n<p>O Esporte era comandado at\u00e9 ent\u00e3o por Ana Moser e agora, entregue ao centr\u00e3o, a pasta receber\u00e1 o aditivo com as apostas esportivas. Assim, ficar\u00e1 a cargo da nova gest\u00e3o decidir sobre a taxa\u00e7\u00e3o dessa atividade, bem como gerir essa verba, o que a deixou mais atrativa ao PP. Al\u00e9m disso, segundo o blog da Vera Magalh\u00e3es, no O Globo, o Progressista deve ficar com a presid\u00eancia da Caixa Econ\u00f4mica Federal.<\/p>\n<p>O fato de Ana Moser n\u00e3o ter partido para ter que rearranjar no organograma do governo tornou a ex-jogadora de v\u00f4lei um alvo vulner\u00e1vel. Em julho, uma outra mulher j\u00e1 tinha desembarcado da Esplanada, quando Daniela Carneiro saiu do Turismo dando espa\u00e7o para Celso Sabino (Uni\u00e3o).<\/p>\n<p>Foto: Divulga\u00e7\u00e3o\/C\u00e2mara dos Deputados<br \/>\nMetro1<\/p>\n","protected":false},"excerpt":{"rendered":"<p>O deputado federal Andr\u00e9 Fufuca deve assumir a pasta, que hoje \u00e9 capitaneada pela ex-jogadora de v\u00f4lei Ana Moser Com<\/p>\n","protected":false},"author":4,"featured_media":8927,"comment_status":"open","ping_status":"open","sticky":false,"template":"","format":"standard","meta":{"colormag_page_container_layout":"default_layout","colormag_page_sidebar_layout":"default_layout","_FSMCFIC_featured_image_caption":"","_FSMCFIC_featured_image_nocaption":"","_FSMCFIC_featured_image_hide":"","footnotes":""},"categories":[5,1],"tags":[],"class_list":["post-8926","post","type-post","status-publish","format-standard","has-post-thumbnail","hentry","category-politica","category-ultimas"],"yoast_head":"<!-- This site is optimized with the Yoast SEO plugin v27.1.1 - https:\/\/yoast.com\/product\/yoast-seo-wordpress\/ -->\n<title>PP \u00e9 cotado ao Minist\u00e9rio do Esporte no modelo final da reforma ministerial - Brasil not\u00edcias<\/title>\n<meta name=\"robots\" content=\"index, follow, max-snippet:-1, max-image-preview:large, max-video-preview:-1\" \/>\n<link rel=\"canonical\" href=\"https:\/\/brasilnoticias.org\/site\/pp-e-cotado-ao-ministerio-do-esporte-no-modelo-final-da-reforma-ministerial\/\" \/>\n<meta property=\"og:locale\" content=\"pt_PT\" \/>\n<meta property=\"og:type\" content=\"article\" \/>\n<meta property=\"og:title\" content=\"PP \u00e9 cotado ao Minist\u00e9rio do Esporte no modelo final da reforma ministerial - Brasil not\u00edcias\" \/>\n<meta property=\"og:description\" content=\"O deputado federal Andr\u00e9 Fufuca deve assumir a pasta, que hoje \u00e9 capitaneada pela ex-jogadora de v\u00f4lei Ana Moser Com\" \/>\n<meta property=\"og:url\" content=\"https:\/\/brasilnoticias.org\/site\/pp-e-cotado-ao-ministerio-do-esporte-no-modelo-final-da-reforma-ministerial\/\" \/>\n<meta property=\"og:site_name\" content=\"Brasil not\u00edcias\" \/>\n<meta property=\"article:published_time\" content=\"2023-09-05T10:13:32+00:00\" \/>\n<meta property=\"og:image\" content=\"https:\/\/brasilnoticias.org\/site\/wp-content\/uploads\/2023\/09\/140588pp-e-cotado-ao-ministerio-do-esporte-no-modelo-final-da-reforma-ministerial-3.jpg\" \/>\n\t<meta property=\"og:image:width\" content=\"1600\" \/>\n\t<meta property=\"og:image:height\" content=\"752\" \/>\n\t<meta property=\"og:image:type\" content=\"image\/jpeg\" \/>\n<meta name=\"author\" content=\"Reda\u00e7\u00e3o\" \/>\n<meta name=\"twitter:card\" content=\"summary_large_image\" \/>\n<meta name=\"twitter:label1\" content=\"Escrito por\" \/>\n\t<meta name=\"twitter:data1\" content=\"Reda\u00e7\u00e3o\" \/>\n<script type=\"application\/ld+json\" class=\"yoast-schema-graph\">{\"@context\":\"https:\/\/schema.org\",\"@graph\":[{\"@type\":\"Article\",\"@id\":\"https:\/\/brasilnoticias.org\/site\/pp-e-cotado-ao-ministerio-do-esporte-no-modelo-final-da-reforma-ministerial\/#article\",\"isPartOf\":{\"@id\":\"https:\/\/brasilnoticias.org\/site\/pp-e-cotado-ao-ministerio-do-esporte-no-modelo-final-da-reforma-ministerial\/\"},\"author\":{\"name\":\"Reda\u00e7\u00e3o\",\"@id\":\"https:\/\/brasilnoticias.org\/site\/#\/schema\/person\/03bbbfe6c7634ad18c26444ea39049fa\"},\"headline\":\"PP \u00e9 cotado ao Minist\u00e9rio do Esporte no modelo final da reforma ministerial\",\"datePublished\":\"2023-09-05T10:13:32+00:00\",\"mainEntityOfPage\":{\"@id\":\"https:\/\/brasilnoticias.org\/site\/pp-e-cotado-ao-ministerio-do-esporte-no-modelo-final-da-reforma-ministerial\/\"},\"wordCount\":211,\"commentCount\":0,\"publisher\":{\"@id\":\"https:\/\/brasilnoticias.org\/site\/#organization\"},\"image\":{\"@id\":\"https:\/\/brasilnoticias.org\/site\/pp-e-cotado-ao-ministerio-do-esporte-no-modelo-final-da-reforma-ministerial\/#primaryimage\"},\"thumbnailUrl\":\"https:\/\/brasilnoticias.org\/site\/wp-content\/uploads\/2023\/09\/140588pp-e-cotado-ao-ministerio-do-esporte-no-modelo-final-da-reforma-ministerial-3.jpg\",\"articleSection\":[\"Pol\u00edtica\",\"\u00daltimas\"],\"inLanguage\":\"pt-PT\",\"potentialAction\":[{\"@type\":\"CommentAction\",\"name\":\"Comment\",\"target\":[\"https:\/\/brasilnoticias.org\/site\/pp-e-cotado-ao-ministerio-do-esporte-no-modelo-final-da-reforma-ministerial\/#respond\"]}]},{\"@type\":\"WebPage\",\"@id\":\"https:\/\/brasilnoticias.org\/site\/pp-e-cotado-ao-ministerio-do-esporte-no-modelo-final-da-reforma-ministerial\/\",\"url\":\"https:\/\/brasilnoticias.org\/site\/pp-e-cotado-ao-ministerio-do-esporte-no-modelo-final-da-reforma-ministerial\/\",\"name\":\"PP \u00e9 cotado ao Minist\u00e9rio do Esporte no modelo final da reforma ministerial - Brasil not\u00edcias\",\"isPartOf\":{\"@id\":\"https:\/\/brasilnoticias.org\/site\/#website\"},\"primaryImageOfPage\":{\"@id\":\"https:\/\/brasilnoticias.org\/site\/pp-e-cotado-ao-ministerio-do-esporte-no-modelo-final-da-reforma-ministerial\/#primaryimage\"},\"image\":{\"@id\":\"https:\/\/brasilnoticias.org\/site\/pp-e-cotado-ao-ministerio-do-esporte-no-modelo-final-da-reforma-ministerial\/#primaryimage\"},\"thumbnailUrl\":\"https:\/\/brasilnoticias.org\/site\/wp-content\/uploads\/2023\/09\/140588pp-e-cotado-ao-ministerio-do-esporte-no-modelo-final-da-reforma-ministerial-3.jpg\",\"datePublished\":\"2023-09-05T10:13:32+00:00\",\"breadcrumb\":{\"@id\":\"https:\/\/brasilnoticias.org\/site\/pp-e-cotado-ao-ministerio-do-esporte-no-modelo-final-da-reforma-ministerial\/#breadcrumb\"},\"inLanguage\":\"pt-PT\",\"potentialAction\":[{\"@type\":\"ReadAction\",\"target\":[\"https:\/\/brasilnoticias.org\/site\/pp-e-cotado-ao-ministerio-do-esporte-no-modelo-final-da-reforma-ministerial\/\"]}]},{\"@type\":\"ImageObject\",\"inLanguage\":\"pt-PT\",\"@id\":\"https:\/\/brasilnoticias.org\/site\/pp-e-cotado-ao-ministerio-do-esporte-no-modelo-final-da-reforma-ministerial\/#primaryimage\",\"url\":\"https:\/\/brasilnoticias.org\/site\/wp-content\/uploads\/2023\/09\/140588pp-e-cotado-ao-ministerio-do-esporte-no-modelo-final-da-reforma-ministerial-3.jpg\",\"contentUrl\":\"https:\/\/brasilnoticias.org\/site\/wp-content\/uploads\/2023\/09\/140588pp-e-cotado-ao-ministerio-do-esporte-no-modelo-final-da-reforma-ministerial-3.jpg\",\"width\":1600,\"height\":752},{\"@type\":\"BreadcrumbList\",\"@id\":\"https:\/\/brasilnoticias.org\/site\/pp-e-cotado-ao-ministerio-do-esporte-no-modelo-final-da-reforma-ministerial\/#breadcrumb\",\"itemListElement\":[{\"@type\":\"ListItem\",\"position\":1,\"name\":\"In\u00edcio\",\"item\":\"https:\/\/brasilnoticias.org\/site\/\"},{\"@type\":\"ListItem\",\"position\":2,\"name\":\"PP \u00e9 cotado ao Minist\u00e9rio do Esporte no modelo final da reforma ministerial\"}]},{\"@type\":\"WebSite\",\"@id\":\"https:\/\/brasilnoticias.org\/site\/#website\",\"url\":\"https:\/\/brasilnoticias.org\/site\/\",\"name\":\"Brasil not\u00edcias\",\"description\":\"Brasil not\u00edcias\",\"publisher\":{\"@id\":\"https:\/\/brasilnoticias.org\/site\/#organization\"},\"potentialAction\":[{\"@type\":\"SearchAction\",\"target\":{\"@type\":\"EntryPoint\",\"urlTemplate\":\"https:\/\/brasilnoticias.org\/site\/?s={search_term_string}\"},\"query-input\":{\"@type\":\"PropertyValueSpecification\",\"valueRequired\":true,\"valueName\":\"search_term_string\"}}],\"inLanguage\":\"pt-PT\"},{\"@type\":\"Organization\",\"@id\":\"https:\/\/brasilnoticias.org\/site\/#organization\",\"name\":\"Brasil not\u00edcias\",\"url\":\"https:\/\/brasilnoticias.org\/site\/\",\"logo\":{\"@type\":\"ImageObject\",\"inLanguage\":\"pt-PT\",\"@id\":\"https:\/\/brasilnoticias.org\/site\/#\/schema\/logo\/image\/\",\"url\":\"https:\/\/brasilnoticias.org\/site\/wp-content\/uploads\/2022\/05\/cropped-brasilnoticias-mini.jpg\",\"contentUrl\":\"https:\/\/brasilnoticias.org\/site\/wp-content\/uploads\/2022\/05\/cropped-brasilnoticias-mini.jpg\",\"width\":314,\"height\":86,\"caption\":\"Brasil not\u00edcias\"},\"image\":{\"@id\":\"https:\/\/brasilnoticias.org\/site\/#\/schema\/logo\/image\/\"}},{\"@type\":\"Person\",\"@id\":\"https:\/\/brasilnoticias.org\/site\/#\/schema\/person\/03bbbfe6c7634ad18c26444ea39049fa\",\"name\":\"Reda\u00e7\u00e3o\",\"image\":{\"@type\":\"ImageObject\",\"inLanguage\":\"pt-PT\",\"@id\":\"https:\/\/brasilnoticias.org\/site\/#\/schema\/person\/image\/\",\"url\":\"https:\/\/secure.gravatar.com\/avatar\/9ecaf7327a696cb23ad926fedded5f1f04d7049de9e445375d55b48c001a6e42?s=96&d=mm&r=g\",\"contentUrl\":\"https:\/\/secure.gravatar.com\/avatar\/9ecaf7327a696cb23ad926fedded5f1f04d7049de9e445375d55b48c001a6e42?s=96&d=mm&r=g\",\"caption\":\"Reda\u00e7\u00e3o\"},\"url\":\"https:\/\/brasilnoticias.org\/site\/author\/henrique\/\"}]}<\/script>\n<!-- \/ Yoast SEO plugin. -->","yoast_head_json":{"title":"PP \u00e9 cotado ao Minist\u00e9rio do Esporte no modelo final da reforma ministerial - Brasil not\u00edcias","robots":{"index":"index","follow":"follow","max-snippet":"max-snippet:-1","max-image-preview":"max-image-preview:large","max-video-preview":"max-video-preview:-1"},"canonical":"https:\/\/brasilnoticias.org\/site\/pp-e-cotado-ao-ministerio-do-esporte-no-modelo-final-da-reforma-ministerial\/","og_locale":"pt_PT","og_type":"article","og_title":"PP \u00e9 cotado ao Minist\u00e9rio do Esporte no modelo final da reforma ministerial - Brasil not\u00edcias","og_description":"O deputado federal Andr\u00e9 Fufuca deve assumir a pasta, que hoje \u00e9 capitaneada pela ex-jogadora de v\u00f4lei Ana Moser Com","og_url":"https:\/\/brasilnoticias.org\/site\/pp-e-cotado-ao-ministerio-do-esporte-no-modelo-final-da-reforma-ministerial\/","og_site_name":"Brasil not\u00edcias","article_published_time":"2023-09-05T10:13:32+00:00","og_image":[{"width":1600,"height":752,"url":"https:\/\/brasilnoticias.org\/site\/wp-content\/uploads\/2023\/09\/140588pp-e-cotado-ao-ministerio-do-esporte-no-modelo-final-da-reforma-ministerial-3.jpg","type":"image\/jpeg"}],"author":"Reda\u00e7\u00e3o","twitter_card":"summary_large_image","twitter_misc":{"Escrito por":"Reda\u00e7\u00e3o"},"schema":{"@context":"https:\/\/schema.org","@graph":[{"@type":"Article","@id":"https:\/\/brasilnoticias.org\/site\/pp-e-cotado-ao-ministerio-do-esporte-no-modelo-final-da-reforma-ministerial\/#article","isPartOf":{"@id":"https:\/\/brasilnoticias.org\/site\/pp-e-cotado-ao-ministerio-do-esporte-no-modelo-final-da-reforma-ministerial\/"},"author":{"name":"Reda\u00e7\u00e3o","@id":"https:\/\/brasilnoticias.org\/site\/#\/schema\/person\/03bbbfe6c7634ad18c26444ea39049fa"},"headline":"PP \u00e9 cotado ao Minist\u00e9rio do Esporte no modelo final da reforma ministerial","datePublished":"2023-09-05T10:13:32+00:00","mainEntityOfPage":{"@id":"https:\/\/brasilnoticias.org\/site\/pp-e-cotado-ao-ministerio-do-esporte-no-modelo-final-da-reforma-ministerial\/"},"wordCount":211,"commentCount":0,"publisher":{"@id":"https:\/\/brasilnoticias.org\/site\/#organization"},"image":{"@id":"https:\/\/brasilnoticias.org\/site\/pp-e-cotado-ao-ministerio-do-esporte-no-modelo-final-da-reforma-ministerial\/#primaryimage"},"thumbnailUrl":"https:\/\/brasilnoticias.org\/site\/wp-content\/uploads\/2023\/09\/140588pp-e-cotado-ao-ministerio-do-esporte-no-modelo-final-da-reforma-ministerial-3.jpg","articleSection":["Pol\u00edtica","\u00daltimas"],"inLanguage":"pt-PT","potentialAction":[{"@type":"CommentAction","name":"Comment","target":["https:\/\/brasilnoticias.org\/site\/pp-e-cotado-ao-ministerio-do-esporte-no-modelo-final-da-reforma-ministerial\/#respond"]}]},{"@type":"WebPage","@id":"https:\/\/brasilnoticias.org\/site\/pp-e-cotado-ao-ministerio-do-esporte-no-modelo-final-da-reforma-ministerial\/","url":"https:\/\/brasilnoticias.org\/site\/pp-e-cotado-ao-ministerio-do-esporte-no-modelo-final-da-reforma-ministerial\/","name":"PP \u00e9 cotado ao Minist\u00e9rio do Esporte no modelo final da reforma ministerial - Brasil not\u00edcias","isPartOf":{"@id":"https:\/\/brasilnoticias.org\/site\/#website"},"primaryImageOfPage":{"@id":"https:\/\/brasilnoticias.org\/site\/pp-e-cotado-ao-ministerio-do-esporte-no-modelo-final-da-reforma-ministerial\/#primaryimage"},"image":{"@id":"https:\/\/brasilnoticias.org\/site\/pp-e-cotado-ao-ministerio-do-esporte-no-modelo-final-da-reforma-ministerial\/#primaryimage"},"thumbnailUrl":"https:\/\/brasilnoticias.org\/site\/wp-content\/uploads\/2023\/09\/140588pp-e-cotado-ao-ministerio-do-esporte-no-modelo-final-da-reforma-ministerial-3.jpg","datePublished":"2023-09-05T10:13:32+00:00","breadcrumb":{"@id":"https:\/\/brasilnoticias.org\/site\/pp-e-cotado-ao-ministerio-do-esporte-no-modelo-final-da-reforma-ministerial\/#breadcrumb"},"inLanguage":"pt-PT","potentialAction":[{"@type":"ReadAction","target":["https:\/\/brasilnoticias.org\/site\/pp-e-cotado-ao-ministerio-do-esporte-no-modelo-final-da-reforma-ministerial\/"]}]},{"@type":"ImageObject","inLanguage":"pt-PT","@id":"https:\/\/brasilnoticias.org\/site\/pp-e-cotado-ao-ministerio-do-esporte-no-modelo-final-da-reforma-ministerial\/#primaryimage","url":"https:\/\/brasilnoticias.org\/site\/wp-content\/uploads\/2023\/09\/140588pp-e-cotado-ao-ministerio-do-esporte-no-modelo-final-da-reforma-ministerial-3.jpg","contentUrl":"https:\/\/brasilnoticias.org\/site\/wp-content\/uploads\/2023\/09\/140588pp-e-cotado-ao-ministerio-do-esporte-no-modelo-final-da-reforma-ministerial-3.jpg","width":1600,"height":752},{"@type":"BreadcrumbList","@id":"https:\/\/brasilnoticias.org\/site\/pp-e-cotado-ao-ministerio-do-esporte-no-modelo-final-da-reforma-ministerial\/#breadcrumb","itemListElement":[{"@type":"ListItem","position":1,"name":"In\u00edcio","item":"https:\/\/brasilnoticias.org\/site\/"},{"@type":"ListItem","position":2,"name":"PP \u00e9 cotado ao Minist\u00e9rio do Esporte no modelo final da reforma ministerial"}]},{"@type":"WebSite","@id":"https:\/\/brasilnoticias.org\/site\/#website","url":"https:\/\/brasilnoticias.org\/site\/","name":"Brasil not\u00edcias","description":"Brasil not\u00edcias","publisher":{"@id":"https:\/\/brasilnoticias.org\/site\/#organization"},"potentialAction":[{"@type":"SearchAction","target":{"@type":"EntryPoint","urlTemplate":"https:\/\/brasilnoticias.org\/site\/?s={search_term_string}"},"query-input":{"@type":"PropertyValueSpecification","valueRequired":true,"valueName":"search_term_string"}}],"inLanguage":"pt-PT"},{"@type":"Organization","@id":"https:\/\/brasilnoticias.org\/site\/#organization","name":"Brasil not\u00edcias","url":"https:\/\/brasilnoticias.org\/site\/","logo":{"@type":"ImageObject","inLanguage":"pt-PT","@id":"https:\/\/brasilnoticias.org\/site\/#\/schema\/logo\/image\/","url":"https:\/\/brasilnoticias.org\/site\/wp-content\/uploads\/2022\/05\/cropped-brasilnoticias-mini.jpg","contentUrl":"https:\/\/brasilnoticias.org\/site\/wp-content\/uploads\/2022\/05\/cropped-brasilnoticias-mini.jpg","width":314,"height":86,"caption":"Brasil not\u00edcias"},"image":{"@id":"https:\/\/brasilnoticias.org\/site\/#\/schema\/logo\/image\/"}},{"@type":"Person","@id":"https:\/\/brasilnoticias.org\/site\/#\/schema\/person\/03bbbfe6c7634ad18c26444ea39049fa","name":"Reda\u00e7\u00e3o","image":{"@type":"ImageObject","inLanguage":"pt-PT","@id":"https:\/\/brasilnoticias.org\/site\/#\/schema\/person\/image\/","url":"https:\/\/secure.gravatar.com\/avatar\/9ecaf7327a696cb23ad926fedded5f1f04d7049de9e445375d55b48c001a6e42?s=96&d=mm&r=g","contentUrl":"https:\/\/secure.gravatar.com\/avatar\/9ecaf7327a696cb23ad926fedded5f1f04d7049de9e445375d55b48c001a6e42?s=96&d=mm&r=g","caption":"Reda\u00e7\u00e3o"},"url":"https:\/\/brasilnoticias.org\/site\/author\/henrique\/"}]}},"_links":{"self":[{"href":"https:\/\/brasilnoticias.org\/site\/wp-json\/wp\/v2\/posts\/8926","targetHints":{"allow":["GET"]}}],"collection":[{"href":"https:\/\/brasilnoticias.org\/site\/wp-json\/wp\/v2\/posts"}],"about":[{"href":"https:\/\/brasilnoticias.org\/site\/wp-json\/wp\/v2\/types\/post"}],"author":[{"embeddable":true,"href":"https:\/\/brasilnoticias.org\/site\/wp-json\/wp\/v2\/users\/4"}],"replies":[{"embeddable":true,"href":"https:\/\/brasilnoticias.org\/site\/wp-json\/wp\/v2\/comments?post=8926"}],"version-history":[{"count":1,"href":"https:\/\/brasilnoticias.org\/site\/wp-json\/wp\/v2\/posts\/8926\/revisions"}],"predecessor-version":[{"id":8928,"href":"https:\/\/brasilnoticias.org\/site\/wp-json\/wp\/v2\/posts\/8926\/revisions\/8928"}],"wp:featuredmedia":[{"embeddable":true,"href":"https:\/\/brasilnoticias.org\/site\/wp-json\/wp\/v2\/media\/8927"}],"wp:attachment":[{"href":"https:\/\/brasilnoticias.org\/site\/wp-json\/wp\/v2\/media?parent=8926"}],"wp:term":[{"taxonomy":"category","embeddable":true,"href":"https:\/\/brasilnoticias.org\/site\/wp-json\/wp\/v2\/categories?post=8926"},{"taxonomy":"post_tag","embeddable":true,"href":"https:\/\/brasilnoticias.org\/site\/wp-json\/wp\/v2\/tags?post=8926"}],"curies":[{"name":"wp","href":"https:\/\/api.w.org\/{rel}","templated":true}]}}