{"id":8929,"date":"2023-09-05T08:15:09","date_gmt":"2023-09-05T11:15:09","guid":{"rendered":"https:\/\/brasilnoticias.org\/site\/?p=8929"},"modified":"2023-09-04T19:17:06","modified_gmt":"2023-09-04T22:17:06","slug":"transito-da-capital-baiana-sera-alterado-a-partir-desta-terca-feira-para-comemoracoes-do-7-de-setembro","status":"publish","type":"post","link":"https:\/\/brasilnoticias.org\/site\/transito-da-capital-baiana-sera-alterado-a-partir-desta-terca-feira-para-comemoracoes-do-7-de-setembro\/","title":{"rendered":"Tr\u00e2nsito da capital baiana ser\u00e1 alterado a partir desta ter\u00e7a-feira para comemora\u00e7\u00f5es do 7 de Setembro"},"content":{"rendered":"<p>As mudan\u00e7as no tr\u00e1fego em Salvador v\u00e3o acontecer entre ter\u00e7a-feira (5) e quinta-feira (7)<\/p>\n<p>Devido \u00e0s celebra\u00e7\u00f5es da Independ\u00eancia do Brasil, no dia 7 de setembro, a Superintend\u00eancia de Tr\u00e2nsito de Salvador (Transalvador) anunciou que a capital baiana sofrer\u00e1 altera\u00e7\u00f5es no tr\u00e2nsito entre ter\u00e7a-feira (5) e quinta-feira (7). Com in\u00edcio na ter\u00e7a, as modifica\u00e7\u00f5es ser\u00e3o feitas no Largo do Campo Grande, em raz\u00e3o do ensaio do desfile c\u00edvico.<\/p>\n<p>Ainda por conta do desfile, das 21h \u00e0s 23h59, ser\u00e1 proibida a circula\u00e7\u00e3o e o estacionamento de ve\u00edculos na Avenida Sete de Setembro e no Largo do Campo Grande, entre a Rua Banco dos Ingleses e o Corredor da Vit\u00f3ria. Al\u00e9m do evento no Centro, as celebra\u00e7\u00f5es tamb\u00e9m aconteceram em outros bairros de Salvador.<\/p>\n<p>Em Alto de Coutos o desfile c\u00edvico acontecer\u00e1 na quarta, a partir das 8h30, interditando progressivamente as vias: Rua Sete de Setembro de Coutos (sa\u00edda da Farm\u00e1cia Multimais), Rua Seara, Rua S\u00e3o Geraldo, Rua Muniz Travasso, Av. 15 de Novembro, Rua 15 de Novembro, Rua S\u00e3o Geraldo, Rua Seara, Rua 07 de Setembro de Coutos (chegada Farm\u00e1cia Multimais).<\/p>\n<p>Desfile<br \/>\nJ\u00e1 em raz\u00e3o do desfile c\u00edvico oficial, a partir da meia-noite desta quinta o estacionamento de ve\u00edculos ser\u00e1 proibido nas vias: Av. Euclydes da Cunha, Largo da Gra\u00e7a, Rua da Gra\u00e7a, Rua Tenente Pires Ferreira (trecho entre a Rua Raul Drumond e a Rua Presidente Kennedy), Av. Sete de Setembro (no trecho compreendido entre a Ladeira da Barra e o S\u00e3o Bento), Pra\u00e7a Castro Alves, Rua Chile, Rua da Ajuda, Rua da Miseric\u00f3rdia, Ladeira da Pra\u00e7a, Ladeira da Montanha, Ladeira da Concei\u00e7\u00e3o da Praia, Rua Concei\u00e7\u00e3o da Praia, Rua Carlos Gomes, Rua Forte de S\u00e3o Pedro, Rua Banco dos Ingleses, Rua Baronesa de Sau\u00edpe (lado direito), Rua Direita da Piedade (trecho compreendido entre a Rua Cl\u00f3vis Sp\u00ednola e a Rua Politeama de Baixo) e Largo dos Aflitos.<\/p>\n<p>Al\u00e9m disso, a partir das 5h desta quinta, ser\u00e1 proibida a circula\u00e7\u00e3o de ve\u00edculos nas vias: Av. Euclydes da Cunha, Largo da Gra\u00e7a, Rua da Gra\u00e7a, Av. Sete de Setembro ( no trecho compreendido entre a Ladeira da Barra e o S\u00e3o Bento), Rua do Para\u00edso (no trecho compreendido entre a Av. Sete de Setembro e a Rua Professor Am\u00e9rico Simas), Pra\u00e7a Castro Alves, Rua Chile, Rua da Ajuda, Ladeira da Montanha, Ladeira da Concei\u00e7\u00e3o da Praia, Rua Concei\u00e7\u00e3o da Praia, Rua Carlos Gomes, Rua Forte de S\u00e3o Pedro, Rua Cl\u00f3vis Sp\u00ednola e Largo dos Aflitos.<\/p>\n<p>Tamb\u00e9m nesta quinta, ser\u00e1 criada uma via exclusiva de acesso \u00e0s autoridades na Rua Banco dos Ingleses. No mesmo dia, a partir das 5h, haver\u00e1 invers\u00e3o do sentido de tr\u00e1fego de ve\u00edculos na Rua Gamboa de Cima (trecho entre a lateral do Quartel da PM at\u00e9 o im\u00f3vel de n\u00ba 57) e na Rua Presidente Kennedy. <\/p>\n<p>Barreiras<br \/>\nEm virtude da realiza\u00e7\u00e3o do desfile c\u00edvico de celebra\u00e7\u00e3o da independ\u00eancia, na quarta e na quinta, algumas vias do Centro ter\u00e3o seus acessos bloqueados por 35 barreiras fixas e m\u00f3veis. As barreiras fixas (BF) ser\u00e3o instaladas a partir das 19h da quarta, nos seguintes pontos:<\/p>\n<p>BF 01 \u2013 Ladeira da Pra\u00e7a \/ Rua Saldanha (sentido Sefaz);<br \/>\nBF 02 \u2013 Rua Chile \/ Rua Pau da Bandeira;<br \/>\nBF 03 \u2013 Rua da Ajuda \/ Rua do Tira Chap\u00e9u;<br \/>\nBF 04 \u2013 Rua das Vassouras \/ Rua da Ajuda;<br \/>\nBF 05 \u2013 Rua do Sodr\u00e9 \/ Ladeira da Montanha;<br \/>\nBF 06 \u2013 Rua Carlos Gomes \/ Rua de Acesso ao Largo 2 de Julho (atr\u00e1s do Procon);<br \/>\nBF 07 \u2013 Rua Carlos Gomes \/ Rua da Fa\u00edsca;<br \/>\nBF 08 \u2013 Rua Carlos Gomes \/ Rua Pedro Autran;<br \/>\nBF 09 \u2013 Av. Sete de Setembro \/ Travessa Jonathas Abbott;<br \/>\nBF 10 \u2013 Av. Sete de Setembro \/ Rua Hor\u00e1cio C\u00e9sar;<br \/>\nBF 11 \u2013 Rua Banco dos Ingleses (faixa \u00e0 esquerda da vida);<br \/>\nBF 12 \u2013 Rua Cl\u00f3vis Sp\u00ednola \/ Av. Sete de Setembro;<br \/>\nBF 13 \u2013 Av. Joana Ang\u00e9lica \/ Pra\u00e7a da Piedade;<br \/>\nBF 14 \u2013 Av. Sete de Setembro \/ Rua do Para\u00edso;<br \/>\nBF 15 \u2013 Av. Sete de Setembro \/ Largo de S\u00e3o Bento.<br \/>\n Na quinta-feira (7), a partir das 5h, as barreiras m\u00f3veis (BM) ser\u00e3o instaladas da seguinte forma:<br \/>\n BM 01-Ladeira da Pra\u00e7a \/ Viaduto Jos\u00e9 Gon\u00e7alves;<br \/>\nBM 02-Rua Chile \/ Rua do Tesouro;<br \/>\nBM 03-Rua Miguel Calmon \/ Rua Pinto Martins (SEMOB);<br \/>\nBM 04-Rua Pinto Martins \/ Ladeira da Montanha;<br \/>\nBM 05-Ladeira da Montanha \/ Pra\u00e7a Castro Alves;<br \/>\nBM 06-Rua Carlos Gomes \/ Rua Tuiuti;<br \/>\nBM 07-Ladeira Gabriel \/ Ladeira dos Aflitos;<br \/>\nBM 08-Rua Carlos Gomes \/ Av. Sete de Setembro (Casa de It\u00e1lia);<br \/>\nBM 09-Rua Banco dos Ingleses \/ Rua Gamboa de Cima;<br \/>\nBM10-Rua Politeama de Baixo \/ Rua Forte de S\u00e3o Pedro<br \/>\nBM 11 -Rua Politeama de Baixo \/ Rua Direita da Piedade;<br \/>\nBM 12-Viaduto Menininha do Gantois acesso Campo Grande (SEMOB);<br \/>\nBM 13-Largo do Campo Grande \/ Acesso Vale do Canela;<br \/>\nBM 14-Largo do Campo Grande \/ Rua Ara\u00fajo Pinho;<br \/>\nBM 15-Rua Jo\u00e3o das Botas \/ Av. Leovigildo Filgueiras;<br \/>\nBM 16-Rua Comendador Jos\u00e9 Alves Ferreira \/ Av. Leovigildo Filgueiras;<br \/>\nBM 17-Rua Padre Domingos de Brito (acesso ao Garcia) SEMOB;<br \/>\nBM 18-Av. Sete de Setembro (Largo da Vit\u00f3ria);<br \/>\nBM 19-Rua Tenente Pires Ferreira\/ Av. Sete de Setembro;<br \/>\nBM 20 -Rua Presidente Kennedy \/ Av. Sete de Setembro;<br \/>\nBM 21 -Rua Raul Drumond \/ Av. Sete de Setembro;<br \/>\nBM 22-Av. Sete de Setembro (Porto da Barra);<br \/>\nBM 23-Rua da Gra\u00e7a \/ Rua Engenheiro Souza Lima;<br \/>\nBM 24-Rua Engenheiro Souza Lima \/ Av. Reitor Miguel Calmon;<br \/>\nBM 25-Rua da Gra\u00e7a \/ Rua Teixeira Leal \/ Rua Fl\u00f3rida;<br \/>\nBM 26-Rua da Gra\u00e7a \/ Rua Oito de Dezembro;<br \/>\nBM 27-Largo da Gra\u00e7a \/ Av. Princesa Leopoldina;<br \/>\nBM 28-Av. Princesa Leopoldina (acesso Vale do Canela);<br \/>\nBM 29-Av. Euclydes da Cunha \/ Rua Am\u00e9lia Rodrigues;<br \/>\nBM 30-Av. Euclydes da Cunha \/ Rua Comendador Hor\u00e1cio Urpia J\u00fanior;<br \/>\nBM 31-Av. Vale dos Barris \/ Rua Cl\u00f3vis Sp\u00ednola;<br \/>\nBM 32-Rua Direita da Piedade \/ Pra\u00e7a da Piedade;<br \/>\nBM 33-Rua Prof\u00ba Am\u00e9rico Simas\/Rua Para\u00edso;<br \/>\nBM 34-Largo dos Aflitos \/ Rua Carlos Gomes;<br \/>\nBM 35-Av. Sete de Setembro\/ Rua Politeama.<\/p>\n<p>Foto: Paula Fro\u00e9s\/GOVBA<br \/>\nMetro1<\/p>\n","protected":false},"excerpt":{"rendered":"<p>As mudan\u00e7as no tr\u00e1fego em Salvador v\u00e3o acontecer entre ter\u00e7a-feira (5) e quinta-feira (7) Devido \u00e0s celebra\u00e7\u00f5es da Independ\u00eancia do<\/p>\n","protected":false},"author":4,"featured_media":8930,"comment_status":"open","ping_status":"open","sticky":false,"template":"","format":"standard","meta":{"colormag_page_container_layout":"default_layout","colormag_page_sidebar_layout":"default_layout","_FSMCFIC_featured_image_caption":"","_FSMCFIC_featured_image_nocaption":"","_FSMCFIC_featured_image_hide":"","footnotes":""},"categories":[2,1],"tags":[],"class_list":["post-8929","post","type-post","status-publish","format-standard","has-post-thumbnail","hentry","category-noticias","category-ultimas"],"yoast_head":"<!-- This site is optimized with the Yoast SEO plugin v27.1.1 - https:\/\/yoast.com\/product\/yoast-seo-wordpress\/ -->\n<title>Tr\u00e2nsito da capital baiana ser\u00e1 alterado a partir desta ter\u00e7a-feira para comemora\u00e7\u00f5es do 7 de Setembro - Brasil not\u00edcias<\/title>\n<meta name=\"robots\" content=\"index, follow, max-snippet:-1, max-image-preview:large, max-video-preview:-1\" \/>\n<link rel=\"canonical\" href=\"https:\/\/brasilnoticias.org\/site\/transito-da-capital-baiana-sera-alterado-a-partir-desta-terca-feira-para-comemoracoes-do-7-de-setembro\/\" \/>\n<meta property=\"og:locale\" content=\"pt_PT\" \/>\n<meta property=\"og:type\" content=\"article\" \/>\n<meta property=\"og:title\" content=\"Tr\u00e2nsito da capital baiana ser\u00e1 alterado a partir desta ter\u00e7a-feira para comemora\u00e7\u00f5es do 7 de Setembro - Brasil not\u00edcias\" \/>\n<meta property=\"og:description\" content=\"As mudan\u00e7as no tr\u00e1fego em Salvador v\u00e3o acontecer entre ter\u00e7a-feira (5) e quinta-feira (7) Devido \u00e0s celebra\u00e7\u00f5es da Independ\u00eancia do\" \/>\n<meta property=\"og:url\" content=\"https:\/\/brasilnoticias.org\/site\/transito-da-capital-baiana-sera-alterado-a-partir-desta-terca-feira-para-comemoracoes-do-7-de-setembro\/\" \/>\n<meta property=\"og:site_name\" content=\"Brasil not\u00edcias\" \/>\n<meta property=\"article:published_time\" content=\"2023-09-05T11:15:09+00:00\" \/>\n<meta property=\"og:image\" content=\"https:\/\/brasilnoticias.org\/site\/wp-content\/uploads\/2023\/09\/140593transito-da-capital-baiana-sera-alterado-a-partir-desta-terca-feira-para-comemoracoes-do-7-de-setembro-3.jpg\" \/>\n\t<meta property=\"og:image:width\" content=\"1600\" \/>\n\t<meta property=\"og:image:height\" content=\"752\" \/>\n\t<meta property=\"og:image:type\" content=\"image\/jpeg\" \/>\n<meta name=\"author\" content=\"Reda\u00e7\u00e3o\" \/>\n<meta name=\"twitter:card\" content=\"summary_large_image\" \/>\n<meta name=\"twitter:label1\" content=\"Escrito por\" \/>\n\t<meta name=\"twitter:data1\" content=\"Reda\u00e7\u00e3o\" \/>\n<script type=\"application\/ld+json\" class=\"yoast-schema-graph\">{\"@context\":\"https:\/\/schema.org\",\"@graph\":[{\"@type\":\"Article\",\"@id\":\"https:\/\/brasilnoticias.org\/site\/transito-da-capital-baiana-sera-alterado-a-partir-desta-terca-feira-para-comemoracoes-do-7-de-setembro\/#article\",\"isPartOf\":{\"@id\":\"https:\/\/brasilnoticias.org\/site\/transito-da-capital-baiana-sera-alterado-a-partir-desta-terca-feira-para-comemoracoes-do-7-de-setembro\/\"},\"author\":{\"name\":\"Reda\u00e7\u00e3o\",\"@id\":\"https:\/\/brasilnoticias.org\/site\/#\/schema\/person\/03bbbfe6c7634ad18c26444ea39049fa\"},\"headline\":\"Tr\u00e2nsito da capital baiana ser\u00e1 alterado a partir desta ter\u00e7a-feira para comemora\u00e7\u00f5es do 7 de Setembro\",\"datePublished\":\"2023-09-05T11:15:09+00:00\",\"mainEntityOfPage\":{\"@id\":\"https:\/\/brasilnoticias.org\/site\/transito-da-capital-baiana-sera-alterado-a-partir-desta-terca-feira-para-comemoracoes-do-7-de-setembro\/\"},\"wordCount\":1045,\"commentCount\":0,\"publisher\":{\"@id\":\"https:\/\/brasilnoticias.org\/site\/#organization\"},\"image\":{\"@id\":\"https:\/\/brasilnoticias.org\/site\/transito-da-capital-baiana-sera-alterado-a-partir-desta-terca-feira-para-comemoracoes-do-7-de-setembro\/#primaryimage\"},\"thumbnailUrl\":\"https:\/\/brasilnoticias.org\/site\/wp-content\/uploads\/2023\/09\/140593transito-da-capital-baiana-sera-alterado-a-partir-desta-terca-feira-para-comemoracoes-do-7-de-setembro-3.jpg\",\"articleSection\":[\"Not\u00edcias\",\"\u00daltimas\"],\"inLanguage\":\"pt-PT\",\"potentialAction\":[{\"@type\":\"CommentAction\",\"name\":\"Comment\",\"target\":[\"https:\/\/brasilnoticias.org\/site\/transito-da-capital-baiana-sera-alterado-a-partir-desta-terca-feira-para-comemoracoes-do-7-de-setembro\/#respond\"]}]},{\"@type\":\"WebPage\",\"@id\":\"https:\/\/brasilnoticias.org\/site\/transito-da-capital-baiana-sera-alterado-a-partir-desta-terca-feira-para-comemoracoes-do-7-de-setembro\/\",\"url\":\"https:\/\/brasilnoticias.org\/site\/transito-da-capital-baiana-sera-alterado-a-partir-desta-terca-feira-para-comemoracoes-do-7-de-setembro\/\",\"name\":\"Tr\u00e2nsito da capital baiana ser\u00e1 alterado a partir desta ter\u00e7a-feira para comemora\u00e7\u00f5es do 7 de Setembro - Brasil not\u00edcias\",\"isPartOf\":{\"@id\":\"https:\/\/brasilnoticias.org\/site\/#website\"},\"primaryImageOfPage\":{\"@id\":\"https:\/\/brasilnoticias.org\/site\/transito-da-capital-baiana-sera-alterado-a-partir-desta-terca-feira-para-comemoracoes-do-7-de-setembro\/#primaryimage\"},\"image\":{\"@id\":\"https:\/\/brasilnoticias.org\/site\/transito-da-capital-baiana-sera-alterado-a-partir-desta-terca-feira-para-comemoracoes-do-7-de-setembro\/#primaryimage\"},\"thumbnailUrl\":\"https:\/\/brasilnoticias.org\/site\/wp-content\/uploads\/2023\/09\/140593transito-da-capital-baiana-sera-alterado-a-partir-desta-terca-feira-para-comemoracoes-do-7-de-setembro-3.jpg\",\"datePublished\":\"2023-09-05T11:15:09+00:00\",\"breadcrumb\":{\"@id\":\"https:\/\/brasilnoticias.org\/site\/transito-da-capital-baiana-sera-alterado-a-partir-desta-terca-feira-para-comemoracoes-do-7-de-setembro\/#breadcrumb\"},\"inLanguage\":\"pt-PT\",\"potentialAction\":[{\"@type\":\"ReadAction\",\"target\":[\"https:\/\/brasilnoticias.org\/site\/transito-da-capital-baiana-sera-alterado-a-partir-desta-terca-feira-para-comemoracoes-do-7-de-setembro\/\"]}]},{\"@type\":\"ImageObject\",\"inLanguage\":\"pt-PT\",\"@id\":\"https:\/\/brasilnoticias.org\/site\/transito-da-capital-baiana-sera-alterado-a-partir-desta-terca-feira-para-comemoracoes-do-7-de-setembro\/#primaryimage\",\"url\":\"https:\/\/brasilnoticias.org\/site\/wp-content\/uploads\/2023\/09\/140593transito-da-capital-baiana-sera-alterado-a-partir-desta-terca-feira-para-comemoracoes-do-7-de-setembro-3.jpg\",\"contentUrl\":\"https:\/\/brasilnoticias.org\/site\/wp-content\/uploads\/2023\/09\/140593transito-da-capital-baiana-sera-alterado-a-partir-desta-terca-feira-para-comemoracoes-do-7-de-setembro-3.jpg\",\"width\":1600,\"height\":752},{\"@type\":\"BreadcrumbList\",\"@id\":\"https:\/\/brasilnoticias.org\/site\/transito-da-capital-baiana-sera-alterado-a-partir-desta-terca-feira-para-comemoracoes-do-7-de-setembro\/#breadcrumb\",\"itemListElement\":[{\"@type\":\"ListItem\",\"position\":1,\"name\":\"In\u00edcio\",\"item\":\"https:\/\/brasilnoticias.org\/site\/\"},{\"@type\":\"ListItem\",\"position\":2,\"name\":\"Tr\u00e2nsito da capital baiana ser\u00e1 alterado a partir desta ter\u00e7a-feira para comemora\u00e7\u00f5es do 7 de Setembro\"}]},{\"@type\":\"WebSite\",\"@id\":\"https:\/\/brasilnoticias.org\/site\/#website\",\"url\":\"https:\/\/brasilnoticias.org\/site\/\",\"name\":\"Brasil not\u00edcias\",\"description\":\"Brasil not\u00edcias\",\"publisher\":{\"@id\":\"https:\/\/brasilnoticias.org\/site\/#organization\"},\"potentialAction\":[{\"@type\":\"SearchAction\",\"target\":{\"@type\":\"EntryPoint\",\"urlTemplate\":\"https:\/\/brasilnoticias.org\/site\/?s={search_term_string}\"},\"query-input\":{\"@type\":\"PropertyValueSpecification\",\"valueRequired\":true,\"valueName\":\"search_term_string\"}}],\"inLanguage\":\"pt-PT\"},{\"@type\":\"Organization\",\"@id\":\"https:\/\/brasilnoticias.org\/site\/#organization\",\"name\":\"Brasil not\u00edcias\",\"url\":\"https:\/\/brasilnoticias.org\/site\/\",\"logo\":{\"@type\":\"ImageObject\",\"inLanguage\":\"pt-PT\",\"@id\":\"https:\/\/brasilnoticias.org\/site\/#\/schema\/logo\/image\/\",\"url\":\"https:\/\/brasilnoticias.org\/site\/wp-content\/uploads\/2022\/05\/cropped-brasilnoticias-mini.jpg\",\"contentUrl\":\"https:\/\/brasilnoticias.org\/site\/wp-content\/uploads\/2022\/05\/cropped-brasilnoticias-mini.jpg\",\"width\":314,\"height\":86,\"caption\":\"Brasil not\u00edcias\"},\"image\":{\"@id\":\"https:\/\/brasilnoticias.org\/site\/#\/schema\/logo\/image\/\"}},{\"@type\":\"Person\",\"@id\":\"https:\/\/brasilnoticias.org\/site\/#\/schema\/person\/03bbbfe6c7634ad18c26444ea39049fa\",\"name\":\"Reda\u00e7\u00e3o\",\"image\":{\"@type\":\"ImageObject\",\"inLanguage\":\"pt-PT\",\"@id\":\"https:\/\/brasilnoticias.org\/site\/#\/schema\/person\/image\/\",\"url\":\"https:\/\/secure.gravatar.com\/avatar\/9ecaf7327a696cb23ad926fedded5f1f04d7049de9e445375d55b48c001a6e42?s=96&d=mm&r=g\",\"contentUrl\":\"https:\/\/secure.gravatar.com\/avatar\/9ecaf7327a696cb23ad926fedded5f1f04d7049de9e445375d55b48c001a6e42?s=96&d=mm&r=g\",\"caption\":\"Reda\u00e7\u00e3o\"},\"url\":\"https:\/\/brasilnoticias.org\/site\/author\/henrique\/\"}]}<\/script>\n<!-- \/ Yoast SEO plugin. -->","yoast_head_json":{"title":"Tr\u00e2nsito da capital baiana ser\u00e1 alterado a partir desta ter\u00e7a-feira para comemora\u00e7\u00f5es do 7 de Setembro - Brasil not\u00edcias","robots":{"index":"index","follow":"follow","max-snippet":"max-snippet:-1","max-image-preview":"max-image-preview:large","max-video-preview":"max-video-preview:-1"},"canonical":"https:\/\/brasilnoticias.org\/site\/transito-da-capital-baiana-sera-alterado-a-partir-desta-terca-feira-para-comemoracoes-do-7-de-setembro\/","og_locale":"pt_PT","og_type":"article","og_title":"Tr\u00e2nsito da capital baiana ser\u00e1 alterado a partir desta ter\u00e7a-feira para comemora\u00e7\u00f5es do 7 de Setembro - Brasil not\u00edcias","og_description":"As mudan\u00e7as no tr\u00e1fego em Salvador v\u00e3o acontecer entre ter\u00e7a-feira (5) e quinta-feira (7) Devido \u00e0s celebra\u00e7\u00f5es da Independ\u00eancia do","og_url":"https:\/\/brasilnoticias.org\/site\/transito-da-capital-baiana-sera-alterado-a-partir-desta-terca-feira-para-comemoracoes-do-7-de-setembro\/","og_site_name":"Brasil not\u00edcias","article_published_time":"2023-09-05T11:15:09+00:00","og_image":[{"width":1600,"height":752,"url":"https:\/\/brasilnoticias.org\/site\/wp-content\/uploads\/2023\/09\/140593transito-da-capital-baiana-sera-alterado-a-partir-desta-terca-feira-para-comemoracoes-do-7-de-setembro-3.jpg","type":"image\/jpeg"}],"author":"Reda\u00e7\u00e3o","twitter_card":"summary_large_image","twitter_misc":{"Escrito por":"Reda\u00e7\u00e3o"},"schema":{"@context":"https:\/\/schema.org","@graph":[{"@type":"Article","@id":"https:\/\/brasilnoticias.org\/site\/transito-da-capital-baiana-sera-alterado-a-partir-desta-terca-feira-para-comemoracoes-do-7-de-setembro\/#article","isPartOf":{"@id":"https:\/\/brasilnoticias.org\/site\/transito-da-capital-baiana-sera-alterado-a-partir-desta-terca-feira-para-comemoracoes-do-7-de-setembro\/"},"author":{"name":"Reda\u00e7\u00e3o","@id":"https:\/\/brasilnoticias.org\/site\/#\/schema\/person\/03bbbfe6c7634ad18c26444ea39049fa"},"headline":"Tr\u00e2nsito da capital baiana ser\u00e1 alterado a partir desta ter\u00e7a-feira para comemora\u00e7\u00f5es do 7 de Setembro","datePublished":"2023-09-05T11:15:09+00:00","mainEntityOfPage":{"@id":"https:\/\/brasilnoticias.org\/site\/transito-da-capital-baiana-sera-alterado-a-partir-desta-terca-feira-para-comemoracoes-do-7-de-setembro\/"},"wordCount":1045,"commentCount":0,"publisher":{"@id":"https:\/\/brasilnoticias.org\/site\/#organization"},"image":{"@id":"https:\/\/brasilnoticias.org\/site\/transito-da-capital-baiana-sera-alterado-a-partir-desta-terca-feira-para-comemoracoes-do-7-de-setembro\/#primaryimage"},"thumbnailUrl":"https:\/\/brasilnoticias.org\/site\/wp-content\/uploads\/2023\/09\/140593transito-da-capital-baiana-sera-alterado-a-partir-desta-terca-feira-para-comemoracoes-do-7-de-setembro-3.jpg","articleSection":["Not\u00edcias","\u00daltimas"],"inLanguage":"pt-PT","potentialAction":[{"@type":"CommentAction","name":"Comment","target":["https:\/\/brasilnoticias.org\/site\/transito-da-capital-baiana-sera-alterado-a-partir-desta-terca-feira-para-comemoracoes-do-7-de-setembro\/#respond"]}]},{"@type":"WebPage","@id":"https:\/\/brasilnoticias.org\/site\/transito-da-capital-baiana-sera-alterado-a-partir-desta-terca-feira-para-comemoracoes-do-7-de-setembro\/","url":"https:\/\/brasilnoticias.org\/site\/transito-da-capital-baiana-sera-alterado-a-partir-desta-terca-feira-para-comemoracoes-do-7-de-setembro\/","name":"Tr\u00e2nsito da capital baiana ser\u00e1 alterado a partir desta ter\u00e7a-feira para comemora\u00e7\u00f5es do 7 de Setembro - Brasil not\u00edcias","isPartOf":{"@id":"https:\/\/brasilnoticias.org\/site\/#website"},"primaryImageOfPage":{"@id":"https:\/\/brasilnoticias.org\/site\/transito-da-capital-baiana-sera-alterado-a-partir-desta-terca-feira-para-comemoracoes-do-7-de-setembro\/#primaryimage"},"image":{"@id":"https:\/\/brasilnoticias.org\/site\/transito-da-capital-baiana-sera-alterado-a-partir-desta-terca-feira-para-comemoracoes-do-7-de-setembro\/#primaryimage"},"thumbnailUrl":"https:\/\/brasilnoticias.org\/site\/wp-content\/uploads\/2023\/09\/140593transito-da-capital-baiana-sera-alterado-a-partir-desta-terca-feira-para-comemoracoes-do-7-de-setembro-3.jpg","datePublished":"2023-09-05T11:15:09+00:00","breadcrumb":{"@id":"https:\/\/brasilnoticias.org\/site\/transito-da-capital-baiana-sera-alterado-a-partir-desta-terca-feira-para-comemoracoes-do-7-de-setembro\/#breadcrumb"},"inLanguage":"pt-PT","potentialAction":[{"@type":"ReadAction","target":["https:\/\/brasilnoticias.org\/site\/transito-da-capital-baiana-sera-alterado-a-partir-desta-terca-feira-para-comemoracoes-do-7-de-setembro\/"]}]},{"@type":"ImageObject","inLanguage":"pt-PT","@id":"https:\/\/brasilnoticias.org\/site\/transito-da-capital-baiana-sera-alterado-a-partir-desta-terca-feira-para-comemoracoes-do-7-de-setembro\/#primaryimage","url":"https:\/\/brasilnoticias.org\/site\/wp-content\/uploads\/2023\/09\/140593transito-da-capital-baiana-sera-alterado-a-partir-desta-terca-feira-para-comemoracoes-do-7-de-setembro-3.jpg","contentUrl":"https:\/\/brasilnoticias.org\/site\/wp-content\/uploads\/2023\/09\/140593transito-da-capital-baiana-sera-alterado-a-partir-desta-terca-feira-para-comemoracoes-do-7-de-setembro-3.jpg","width":1600,"height":752},{"@type":"BreadcrumbList","@id":"https:\/\/brasilnoticias.org\/site\/transito-da-capital-baiana-sera-alterado-a-partir-desta-terca-feira-para-comemoracoes-do-7-de-setembro\/#breadcrumb","itemListElement":[{"@type":"ListItem","position":1,"name":"In\u00edcio","item":"https:\/\/brasilnoticias.org\/site\/"},{"@type":"ListItem","position":2,"name":"Tr\u00e2nsito da capital baiana ser\u00e1 alterado a partir desta ter\u00e7a-feira para comemora\u00e7\u00f5es do 7 de Setembro"}]},{"@type":"WebSite","@id":"https:\/\/brasilnoticias.org\/site\/#website","url":"https:\/\/brasilnoticias.org\/site\/","name":"Brasil not\u00edcias","description":"Brasil not\u00edcias","publisher":{"@id":"https:\/\/brasilnoticias.org\/site\/#organization"},"potentialAction":[{"@type":"SearchAction","target":{"@type":"EntryPoint","urlTemplate":"https:\/\/brasilnoticias.org\/site\/?s={search_term_string}"},"query-input":{"@type":"PropertyValueSpecification","valueRequired":true,"valueName":"search_term_string"}}],"inLanguage":"pt-PT"},{"@type":"Organization","@id":"https:\/\/brasilnoticias.org\/site\/#organization","name":"Brasil not\u00edcias","url":"https:\/\/brasilnoticias.org\/site\/","logo":{"@type":"ImageObject","inLanguage":"pt-PT","@id":"https:\/\/brasilnoticias.org\/site\/#\/schema\/logo\/image\/","url":"https:\/\/brasilnoticias.org\/site\/wp-content\/uploads\/2022\/05\/cropped-brasilnoticias-mini.jpg","contentUrl":"https:\/\/brasilnoticias.org\/site\/wp-content\/uploads\/2022\/05\/cropped-brasilnoticias-mini.jpg","width":314,"height":86,"caption":"Brasil not\u00edcias"},"image":{"@id":"https:\/\/brasilnoticias.org\/site\/#\/schema\/logo\/image\/"}},{"@type":"Person","@id":"https:\/\/brasilnoticias.org\/site\/#\/schema\/person\/03bbbfe6c7634ad18c26444ea39049fa","name":"Reda\u00e7\u00e3o","image":{"@type":"ImageObject","inLanguage":"pt-PT","@id":"https:\/\/brasilnoticias.org\/site\/#\/schema\/person\/image\/","url":"https:\/\/secure.gravatar.com\/avatar\/9ecaf7327a696cb23ad926fedded5f1f04d7049de9e445375d55b48c001a6e42?s=96&d=mm&r=g","contentUrl":"https:\/\/secure.gravatar.com\/avatar\/9ecaf7327a696cb23ad926fedded5f1f04d7049de9e445375d55b48c001a6e42?s=96&d=mm&r=g","caption":"Reda\u00e7\u00e3o"},"url":"https:\/\/brasilnoticias.org\/site\/author\/henrique\/"}]}},"_links":{"self":[{"href":"https:\/\/brasilnoticias.org\/site\/wp-json\/wp\/v2\/posts\/8929","targetHints":{"allow":["GET"]}}],"collection":[{"href":"https:\/\/brasilnoticias.org\/site\/wp-json\/wp\/v2\/posts"}],"about":[{"href":"https:\/\/brasilnoticias.org\/site\/wp-json\/wp\/v2\/types\/post"}],"author":[{"embeddable":true,"href":"https:\/\/brasilnoticias.org\/site\/wp-json\/wp\/v2\/users\/4"}],"replies":[{"embeddable":true,"href":"https:\/\/brasilnoticias.org\/site\/wp-json\/wp\/v2\/comments?post=8929"}],"version-history":[{"count":1,"href":"https:\/\/brasilnoticias.org\/site\/wp-json\/wp\/v2\/posts\/8929\/revisions"}],"predecessor-version":[{"id":8931,"href":"https:\/\/brasilnoticias.org\/site\/wp-json\/wp\/v2\/posts\/8929\/revisions\/8931"}],"wp:featuredmedia":[{"embeddable":true,"href":"https:\/\/brasilnoticias.org\/site\/wp-json\/wp\/v2\/media\/8930"}],"wp:attachment":[{"href":"https:\/\/brasilnoticias.org\/site\/wp-json\/wp\/v2\/media?parent=8929"}],"wp:term":[{"taxonomy":"category","embeddable":true,"href":"https:\/\/brasilnoticias.org\/site\/wp-json\/wp\/v2\/categories?post=8929"},{"taxonomy":"post_tag","embeddable":true,"href":"https:\/\/brasilnoticias.org\/site\/wp-json\/wp\/v2\/tags?post=8929"}],"curies":[{"name":"wp","href":"https:\/\/api.w.org\/{rel}","templated":true}]}}