{"id":8932,"date":"2023-09-05T09:17:30","date_gmt":"2023-09-05T12:17:30","guid":{"rendered":"https:\/\/brasilnoticias.org\/site\/?p=8932"},"modified":"2023-09-04T19:18:43","modified_gmt":"2023-09-04T22:18:43","slug":"shoppings-em-alagoinhas-e-camacari-ganham-pontos-de-coleta-do-bahia-sem-fome","status":"publish","type":"post","link":"https:\/\/brasilnoticias.org\/site\/shoppings-em-alagoinhas-e-camacari-ganham-pontos-de-coleta-do-bahia-sem-fome\/","title":{"rendered":"Shoppings em Alagoinhas e Cama\u00e7ari ganham pontos de coleta do Bahia Sem Fome"},"content":{"rendered":"<p>A Secretaria da Administra\u00e7\u00e3o do Estado (Saeb), atrav\u00e9s da Rede SAC, fechou parceria com o Boulevard Shopping Cama\u00e7ari, na regi\u00e3o metropolitana de Salvador, e com o Laguna Shopping, em Alagoinhas, a 108 km de Salvador, com o intuito de arrecadar alimentos para o Bahia Sem Fome, programa de combate \u00e0 fome do Governo Estadual.<\/p>\n<p>No Boulevard Shopping Cama\u00e7ari, as caixas coletoras foram instaladas no piso L1, pr\u00f3ximo \u00e0 Espa\u00e7olaser. J\u00e1 no Laguna Shopping, \u00e9 poss\u00edvel realizar as doa\u00e7\u00f5es no t\u00e9rreo, pr\u00f3ximo \u00e0 lot\u00e9rica.<\/p>\n<p>O Bahia Sem Fome aceita doa\u00e7\u00f5es de alimentos n\u00e3o perec\u00edveis como arroz, feij\u00e3o, \u00f3leo, farinha, macarr\u00e3o, leite em p\u00f3, flocos de milho e demais produtos aliment\u00edcios. Os donativos podem ser entregues em cestas b\u00e1sicas ou unitariamente. Tamb\u00e9m s\u00e3o aceitos itens como absorventes, materiais de higiene e limpeza.<\/p>\n<p>Confira outros locais para doa\u00e7\u00e3o:<\/p>\n<p>A capital baiana conta com tr\u00eas shoppings parceiros do Programa Bahia Sem Fome. No Shopping Barra, a caixa coletora est\u00e1 localizada na Pra\u00e7a Central Euvaldo Luz; no Shopping da Bahia, \u00e9 poss\u00edvel fazer as doa\u00e7\u00f5es em frente ao supermercado P\u00e3o de A\u00e7\u00facar; j\u00e1 no Shopping Bela Vista, o local de entrega de alimentos est\u00e1 no piso G0, na Asa Sul.<\/p>\n<p>Em Lauro de Freitas, regi\u00e3o metropolitana de Salvador, o ponto de coleta de donativos \u00e9 no Parque Shopping, situado no piso L2. Quem quiser fazer doa\u00e7\u00f5es, basta se dirigir a um dos postos com o donativo e deposit\u00e1-lo nas caixas coletoras.<\/p>\n<p>Atua\u00e7\u00e3o da Rede SAC nas parcerias com os shoppings<\/p>\n<p>A Rede SAC fica respons\u00e1vel por contabilizar as doa\u00e7\u00f5es, fazer a coleta e o repasse para o Corpo de Bombeiros. Vale ressaltar que as demais unidades da Rede SAC na capital baiana, regi\u00e3o metropolitana de Salvador e Interior do Estado tamb\u00e9m disponibilizam postos de recolhimento de donativos para o Bahia Sem Fome. Mais informa\u00e7\u00f5es podem ser obtidas atrav\u00e9s do site oficial do programa: https:\/\/bahiasemfome.ba.gov.br.<\/p>\n<p>Foto: Divulga\u00e7\u00e3o<br \/>\nFonte: Ascom\/Saeb<\/p>\n","protected":false},"excerpt":{"rendered":"<p>A Secretaria da Administra\u00e7\u00e3o do Estado (Saeb), atrav\u00e9s da Rede SAC, fechou parceria com o Boulevard Shopping Cama\u00e7ari, na regi\u00e3o<\/p>\n","protected":false},"author":4,"featured_media":8933,"comment_status":"open","ping_status":"open","sticky":false,"template":"","format":"standard","meta":{"colormag_page_container_layout":"default_layout","colormag_page_sidebar_layout":"default_layout","_FSMCFIC_featured_image_caption":"","_FSMCFIC_featured_image_nocaption":"","_FSMCFIC_featured_image_hide":"","footnotes":""},"categories":[2,1],"tags":[],"class_list":["post-8932","post","type-post","status-publish","format-standard","has-post-thumbnail","hentry","category-noticias","category-ultimas"],"yoast_head":"<!-- This site is optimized with the Yoast SEO plugin v27.1.1 - https:\/\/yoast.com\/product\/yoast-seo-wordpress\/ -->\n<title>Shoppings em Alagoinhas e Cama\u00e7ari ganham pontos de coleta do Bahia Sem Fome - Brasil not\u00edcias<\/title>\n<meta name=\"robots\" content=\"index, follow, max-snippet:-1, max-image-preview:large, max-video-preview:-1\" \/>\n<link rel=\"canonical\" href=\"https:\/\/brasilnoticias.org\/site\/shoppings-em-alagoinhas-e-camacari-ganham-pontos-de-coleta-do-bahia-sem-fome\/\" \/>\n<meta property=\"og:locale\" content=\"pt_PT\" \/>\n<meta property=\"og:type\" content=\"article\" \/>\n<meta property=\"og:title\" content=\"Shoppings em Alagoinhas e Cama\u00e7ari ganham pontos de coleta do Bahia Sem Fome - Brasil not\u00edcias\" \/>\n<meta property=\"og:description\" content=\"A Secretaria da Administra\u00e7\u00e3o do Estado (Saeb), atrav\u00e9s da Rede SAC, fechou parceria com o Boulevard Shopping Cama\u00e7ari, na regi\u00e3o\" \/>\n<meta property=\"og:url\" content=\"https:\/\/brasilnoticias.org\/site\/shoppings-em-alagoinhas-e-camacari-ganham-pontos-de-coleta-do-bahia-sem-fome\/\" \/>\n<meta property=\"og:site_name\" content=\"Brasil not\u00edcias\" \/>\n<meta property=\"article:published_time\" content=\"2023-09-05T12:17:30+00:00\" \/>\n<meta property=\"og:image\" content=\"https:\/\/brasilnoticias.org\/site\/wp-content\/uploads\/2023\/09\/Shopping-Alagoinhas-696x696-1.jpg\" \/>\n\t<meta property=\"og:image:width\" content=\"696\" \/>\n\t<meta property=\"og:image:height\" content=\"696\" \/>\n\t<meta property=\"og:image:type\" content=\"image\/jpeg\" \/>\n<meta name=\"author\" content=\"Reda\u00e7\u00e3o\" \/>\n<meta name=\"twitter:card\" content=\"summary_large_image\" \/>\n<meta name=\"twitter:label1\" content=\"Escrito por\" \/>\n\t<meta name=\"twitter:data1\" content=\"Reda\u00e7\u00e3o\" \/>\n<script type=\"application\/ld+json\" class=\"yoast-schema-graph\">{\"@context\":\"https:\/\/schema.org\",\"@graph\":[{\"@type\":\"Article\",\"@id\":\"https:\/\/brasilnoticias.org\/site\/shoppings-em-alagoinhas-e-camacari-ganham-pontos-de-coleta-do-bahia-sem-fome\/#article\",\"isPartOf\":{\"@id\":\"https:\/\/brasilnoticias.org\/site\/shoppings-em-alagoinhas-e-camacari-ganham-pontos-de-coleta-do-bahia-sem-fome\/\"},\"author\":{\"name\":\"Reda\u00e7\u00e3o\",\"@id\":\"https:\/\/brasilnoticias.org\/site\/#\/schema\/person\/03bbbfe6c7634ad18c26444ea39049fa\"},\"headline\":\"Shoppings em Alagoinhas e Cama\u00e7ari ganham pontos de coleta do Bahia Sem Fome\",\"datePublished\":\"2023-09-05T12:17:30+00:00\",\"mainEntityOfPage\":{\"@id\":\"https:\/\/brasilnoticias.org\/site\/shoppings-em-alagoinhas-e-camacari-ganham-pontos-de-coleta-do-bahia-sem-fome\/\"},\"wordCount\":364,\"commentCount\":0,\"publisher\":{\"@id\":\"https:\/\/brasilnoticias.org\/site\/#organization\"},\"image\":{\"@id\":\"https:\/\/brasilnoticias.org\/site\/shoppings-em-alagoinhas-e-camacari-ganham-pontos-de-coleta-do-bahia-sem-fome\/#primaryimage\"},\"thumbnailUrl\":\"https:\/\/brasilnoticias.org\/site\/wp-content\/uploads\/2023\/09\/Shopping-Alagoinhas-696x696-1.jpg\",\"articleSection\":[\"Not\u00edcias\",\"\u00daltimas\"],\"inLanguage\":\"pt-PT\",\"potentialAction\":[{\"@type\":\"CommentAction\",\"name\":\"Comment\",\"target\":[\"https:\/\/brasilnoticias.org\/site\/shoppings-em-alagoinhas-e-camacari-ganham-pontos-de-coleta-do-bahia-sem-fome\/#respond\"]}]},{\"@type\":\"WebPage\",\"@id\":\"https:\/\/brasilnoticias.org\/site\/shoppings-em-alagoinhas-e-camacari-ganham-pontos-de-coleta-do-bahia-sem-fome\/\",\"url\":\"https:\/\/brasilnoticias.org\/site\/shoppings-em-alagoinhas-e-camacari-ganham-pontos-de-coleta-do-bahia-sem-fome\/\",\"name\":\"Shoppings em Alagoinhas e Cama\u00e7ari ganham pontos de coleta do Bahia Sem Fome - Brasil not\u00edcias\",\"isPartOf\":{\"@id\":\"https:\/\/brasilnoticias.org\/site\/#website\"},\"primaryImageOfPage\":{\"@id\":\"https:\/\/brasilnoticias.org\/site\/shoppings-em-alagoinhas-e-camacari-ganham-pontos-de-coleta-do-bahia-sem-fome\/#primaryimage\"},\"image\":{\"@id\":\"https:\/\/brasilnoticias.org\/site\/shoppings-em-alagoinhas-e-camacari-ganham-pontos-de-coleta-do-bahia-sem-fome\/#primaryimage\"},\"thumbnailUrl\":\"https:\/\/brasilnoticias.org\/site\/wp-content\/uploads\/2023\/09\/Shopping-Alagoinhas-696x696-1.jpg\",\"datePublished\":\"2023-09-05T12:17:30+00:00\",\"breadcrumb\":{\"@id\":\"https:\/\/brasilnoticias.org\/site\/shoppings-em-alagoinhas-e-camacari-ganham-pontos-de-coleta-do-bahia-sem-fome\/#breadcrumb\"},\"inLanguage\":\"pt-PT\",\"potentialAction\":[{\"@type\":\"ReadAction\",\"target\":[\"https:\/\/brasilnoticias.org\/site\/shoppings-em-alagoinhas-e-camacari-ganham-pontos-de-coleta-do-bahia-sem-fome\/\"]}]},{\"@type\":\"ImageObject\",\"inLanguage\":\"pt-PT\",\"@id\":\"https:\/\/brasilnoticias.org\/site\/shoppings-em-alagoinhas-e-camacari-ganham-pontos-de-coleta-do-bahia-sem-fome\/#primaryimage\",\"url\":\"https:\/\/brasilnoticias.org\/site\/wp-content\/uploads\/2023\/09\/Shopping-Alagoinhas-696x696-1.jpg\",\"contentUrl\":\"https:\/\/brasilnoticias.org\/site\/wp-content\/uploads\/2023\/09\/Shopping-Alagoinhas-696x696-1.jpg\",\"width\":696,\"height\":696},{\"@type\":\"BreadcrumbList\",\"@id\":\"https:\/\/brasilnoticias.org\/site\/shoppings-em-alagoinhas-e-camacari-ganham-pontos-de-coleta-do-bahia-sem-fome\/#breadcrumb\",\"itemListElement\":[{\"@type\":\"ListItem\",\"position\":1,\"name\":\"In\u00edcio\",\"item\":\"https:\/\/brasilnoticias.org\/site\/\"},{\"@type\":\"ListItem\",\"position\":2,\"name\":\"Shoppings em Alagoinhas e Cama\u00e7ari ganham pontos de coleta do Bahia Sem Fome\"}]},{\"@type\":\"WebSite\",\"@id\":\"https:\/\/brasilnoticias.org\/site\/#website\",\"url\":\"https:\/\/brasilnoticias.org\/site\/\",\"name\":\"Brasil not\u00edcias\",\"description\":\"Brasil not\u00edcias\",\"publisher\":{\"@id\":\"https:\/\/brasilnoticias.org\/site\/#organization\"},\"potentialAction\":[{\"@type\":\"SearchAction\",\"target\":{\"@type\":\"EntryPoint\",\"urlTemplate\":\"https:\/\/brasilnoticias.org\/site\/?s={search_term_string}\"},\"query-input\":{\"@type\":\"PropertyValueSpecification\",\"valueRequired\":true,\"valueName\":\"search_term_string\"}}],\"inLanguage\":\"pt-PT\"},{\"@type\":\"Organization\",\"@id\":\"https:\/\/brasilnoticias.org\/site\/#organization\",\"name\":\"Brasil not\u00edcias\",\"url\":\"https:\/\/brasilnoticias.org\/site\/\",\"logo\":{\"@type\":\"ImageObject\",\"inLanguage\":\"pt-PT\",\"@id\":\"https:\/\/brasilnoticias.org\/site\/#\/schema\/logo\/image\/\",\"url\":\"https:\/\/brasilnoticias.org\/site\/wp-content\/uploads\/2022\/05\/cropped-brasilnoticias-mini.jpg\",\"contentUrl\":\"https:\/\/brasilnoticias.org\/site\/wp-content\/uploads\/2022\/05\/cropped-brasilnoticias-mini.jpg\",\"width\":314,\"height\":86,\"caption\":\"Brasil not\u00edcias\"},\"image\":{\"@id\":\"https:\/\/brasilnoticias.org\/site\/#\/schema\/logo\/image\/\"}},{\"@type\":\"Person\",\"@id\":\"https:\/\/brasilnoticias.org\/site\/#\/schema\/person\/03bbbfe6c7634ad18c26444ea39049fa\",\"name\":\"Reda\u00e7\u00e3o\",\"image\":{\"@type\":\"ImageObject\",\"inLanguage\":\"pt-PT\",\"@id\":\"https:\/\/brasilnoticias.org\/site\/#\/schema\/person\/image\/\",\"url\":\"https:\/\/secure.gravatar.com\/avatar\/9ecaf7327a696cb23ad926fedded5f1f04d7049de9e445375d55b48c001a6e42?s=96&d=mm&r=g\",\"contentUrl\":\"https:\/\/secure.gravatar.com\/avatar\/9ecaf7327a696cb23ad926fedded5f1f04d7049de9e445375d55b48c001a6e42?s=96&d=mm&r=g\",\"caption\":\"Reda\u00e7\u00e3o\"},\"url\":\"https:\/\/brasilnoticias.org\/site\/author\/henrique\/\"}]}<\/script>\n<!-- \/ Yoast SEO plugin. -->","yoast_head_json":{"title":"Shoppings em Alagoinhas e Cama\u00e7ari ganham pontos de coleta do Bahia Sem Fome - Brasil not\u00edcias","robots":{"index":"index","follow":"follow","max-snippet":"max-snippet:-1","max-image-preview":"max-image-preview:large","max-video-preview":"max-video-preview:-1"},"canonical":"https:\/\/brasilnoticias.org\/site\/shoppings-em-alagoinhas-e-camacari-ganham-pontos-de-coleta-do-bahia-sem-fome\/","og_locale":"pt_PT","og_type":"article","og_title":"Shoppings em Alagoinhas e Cama\u00e7ari ganham pontos de coleta do Bahia Sem Fome - Brasil not\u00edcias","og_description":"A Secretaria da Administra\u00e7\u00e3o do Estado (Saeb), atrav\u00e9s da Rede SAC, fechou parceria com o Boulevard Shopping Cama\u00e7ari, na regi\u00e3o","og_url":"https:\/\/brasilnoticias.org\/site\/shoppings-em-alagoinhas-e-camacari-ganham-pontos-de-coleta-do-bahia-sem-fome\/","og_site_name":"Brasil not\u00edcias","article_published_time":"2023-09-05T12:17:30+00:00","og_image":[{"width":696,"height":696,"url":"https:\/\/brasilnoticias.org\/site\/wp-content\/uploads\/2023\/09\/Shopping-Alagoinhas-696x696-1.jpg","type":"image\/jpeg"}],"author":"Reda\u00e7\u00e3o","twitter_card":"summary_large_image","twitter_misc":{"Escrito por":"Reda\u00e7\u00e3o"},"schema":{"@context":"https:\/\/schema.org","@graph":[{"@type":"Article","@id":"https:\/\/brasilnoticias.org\/site\/shoppings-em-alagoinhas-e-camacari-ganham-pontos-de-coleta-do-bahia-sem-fome\/#article","isPartOf":{"@id":"https:\/\/brasilnoticias.org\/site\/shoppings-em-alagoinhas-e-camacari-ganham-pontos-de-coleta-do-bahia-sem-fome\/"},"author":{"name":"Reda\u00e7\u00e3o","@id":"https:\/\/brasilnoticias.org\/site\/#\/schema\/person\/03bbbfe6c7634ad18c26444ea39049fa"},"headline":"Shoppings em Alagoinhas e Cama\u00e7ari ganham pontos de coleta do Bahia Sem Fome","datePublished":"2023-09-05T12:17:30+00:00","mainEntityOfPage":{"@id":"https:\/\/brasilnoticias.org\/site\/shoppings-em-alagoinhas-e-camacari-ganham-pontos-de-coleta-do-bahia-sem-fome\/"},"wordCount":364,"commentCount":0,"publisher":{"@id":"https:\/\/brasilnoticias.org\/site\/#organization"},"image":{"@id":"https:\/\/brasilnoticias.org\/site\/shoppings-em-alagoinhas-e-camacari-ganham-pontos-de-coleta-do-bahia-sem-fome\/#primaryimage"},"thumbnailUrl":"https:\/\/brasilnoticias.org\/site\/wp-content\/uploads\/2023\/09\/Shopping-Alagoinhas-696x696-1.jpg","articleSection":["Not\u00edcias","\u00daltimas"],"inLanguage":"pt-PT","potentialAction":[{"@type":"CommentAction","name":"Comment","target":["https:\/\/brasilnoticias.org\/site\/shoppings-em-alagoinhas-e-camacari-ganham-pontos-de-coleta-do-bahia-sem-fome\/#respond"]}]},{"@type":"WebPage","@id":"https:\/\/brasilnoticias.org\/site\/shoppings-em-alagoinhas-e-camacari-ganham-pontos-de-coleta-do-bahia-sem-fome\/","url":"https:\/\/brasilnoticias.org\/site\/shoppings-em-alagoinhas-e-camacari-ganham-pontos-de-coleta-do-bahia-sem-fome\/","name":"Shoppings em Alagoinhas e Cama\u00e7ari ganham pontos de coleta do Bahia Sem Fome - Brasil not\u00edcias","isPartOf":{"@id":"https:\/\/brasilnoticias.org\/site\/#website"},"primaryImageOfPage":{"@id":"https:\/\/brasilnoticias.org\/site\/shoppings-em-alagoinhas-e-camacari-ganham-pontos-de-coleta-do-bahia-sem-fome\/#primaryimage"},"image":{"@id":"https:\/\/brasilnoticias.org\/site\/shoppings-em-alagoinhas-e-camacari-ganham-pontos-de-coleta-do-bahia-sem-fome\/#primaryimage"},"thumbnailUrl":"https:\/\/brasilnoticias.org\/site\/wp-content\/uploads\/2023\/09\/Shopping-Alagoinhas-696x696-1.jpg","datePublished":"2023-09-05T12:17:30+00:00","breadcrumb":{"@id":"https:\/\/brasilnoticias.org\/site\/shoppings-em-alagoinhas-e-camacari-ganham-pontos-de-coleta-do-bahia-sem-fome\/#breadcrumb"},"inLanguage":"pt-PT","potentialAction":[{"@type":"ReadAction","target":["https:\/\/brasilnoticias.org\/site\/shoppings-em-alagoinhas-e-camacari-ganham-pontos-de-coleta-do-bahia-sem-fome\/"]}]},{"@type":"ImageObject","inLanguage":"pt-PT","@id":"https:\/\/brasilnoticias.org\/site\/shoppings-em-alagoinhas-e-camacari-ganham-pontos-de-coleta-do-bahia-sem-fome\/#primaryimage","url":"https:\/\/brasilnoticias.org\/site\/wp-content\/uploads\/2023\/09\/Shopping-Alagoinhas-696x696-1.jpg","contentUrl":"https:\/\/brasilnoticias.org\/site\/wp-content\/uploads\/2023\/09\/Shopping-Alagoinhas-696x696-1.jpg","width":696,"height":696},{"@type":"BreadcrumbList","@id":"https:\/\/brasilnoticias.org\/site\/shoppings-em-alagoinhas-e-camacari-ganham-pontos-de-coleta-do-bahia-sem-fome\/#breadcrumb","itemListElement":[{"@type":"ListItem","position":1,"name":"In\u00edcio","item":"https:\/\/brasilnoticias.org\/site\/"},{"@type":"ListItem","position":2,"name":"Shoppings em Alagoinhas e Cama\u00e7ari ganham pontos de coleta do Bahia Sem Fome"}]},{"@type":"WebSite","@id":"https:\/\/brasilnoticias.org\/site\/#website","url":"https:\/\/brasilnoticias.org\/site\/","name":"Brasil not\u00edcias","description":"Brasil not\u00edcias","publisher":{"@id":"https:\/\/brasilnoticias.org\/site\/#organization"},"potentialAction":[{"@type":"SearchAction","target":{"@type":"EntryPoint","urlTemplate":"https:\/\/brasilnoticias.org\/site\/?s={search_term_string}"},"query-input":{"@type":"PropertyValueSpecification","valueRequired":true,"valueName":"search_term_string"}}],"inLanguage":"pt-PT"},{"@type":"Organization","@id":"https:\/\/brasilnoticias.org\/site\/#organization","name":"Brasil not\u00edcias","url":"https:\/\/brasilnoticias.org\/site\/","logo":{"@type":"ImageObject","inLanguage":"pt-PT","@id":"https:\/\/brasilnoticias.org\/site\/#\/schema\/logo\/image\/","url":"https:\/\/brasilnoticias.org\/site\/wp-content\/uploads\/2022\/05\/cropped-brasilnoticias-mini.jpg","contentUrl":"https:\/\/brasilnoticias.org\/site\/wp-content\/uploads\/2022\/05\/cropped-brasilnoticias-mini.jpg","width":314,"height":86,"caption":"Brasil not\u00edcias"},"image":{"@id":"https:\/\/brasilnoticias.org\/site\/#\/schema\/logo\/image\/"}},{"@type":"Person","@id":"https:\/\/brasilnoticias.org\/site\/#\/schema\/person\/03bbbfe6c7634ad18c26444ea39049fa","name":"Reda\u00e7\u00e3o","image":{"@type":"ImageObject","inLanguage":"pt-PT","@id":"https:\/\/brasilnoticias.org\/site\/#\/schema\/person\/image\/","url":"https:\/\/secure.gravatar.com\/avatar\/9ecaf7327a696cb23ad926fedded5f1f04d7049de9e445375d55b48c001a6e42?s=96&d=mm&r=g","contentUrl":"https:\/\/secure.gravatar.com\/avatar\/9ecaf7327a696cb23ad926fedded5f1f04d7049de9e445375d55b48c001a6e42?s=96&d=mm&r=g","caption":"Reda\u00e7\u00e3o"},"url":"https:\/\/brasilnoticias.org\/site\/author\/henrique\/"}]}},"_links":{"self":[{"href":"https:\/\/brasilnoticias.org\/site\/wp-json\/wp\/v2\/posts\/8932","targetHints":{"allow":["GET"]}}],"collection":[{"href":"https:\/\/brasilnoticias.org\/site\/wp-json\/wp\/v2\/posts"}],"about":[{"href":"https:\/\/brasilnoticias.org\/site\/wp-json\/wp\/v2\/types\/post"}],"author":[{"embeddable":true,"href":"https:\/\/brasilnoticias.org\/site\/wp-json\/wp\/v2\/users\/4"}],"replies":[{"embeddable":true,"href":"https:\/\/brasilnoticias.org\/site\/wp-json\/wp\/v2\/comments?post=8932"}],"version-history":[{"count":1,"href":"https:\/\/brasilnoticias.org\/site\/wp-json\/wp\/v2\/posts\/8932\/revisions"}],"predecessor-version":[{"id":8934,"href":"https:\/\/brasilnoticias.org\/site\/wp-json\/wp\/v2\/posts\/8932\/revisions\/8934"}],"wp:featuredmedia":[{"embeddable":true,"href":"https:\/\/brasilnoticias.org\/site\/wp-json\/wp\/v2\/media\/8933"}],"wp:attachment":[{"href":"https:\/\/brasilnoticias.org\/site\/wp-json\/wp\/v2\/media?parent=8932"}],"wp:term":[{"taxonomy":"category","embeddable":true,"href":"https:\/\/brasilnoticias.org\/site\/wp-json\/wp\/v2\/categories?post=8932"},{"taxonomy":"post_tag","embeddable":true,"href":"https:\/\/brasilnoticias.org\/site\/wp-json\/wp\/v2\/tags?post=8932"}],"curies":[{"name":"wp","href":"https:\/\/api.w.org\/{rel}","templated":true}]}}