{"id":8935,"date":"2023-09-05T10:18:46","date_gmt":"2023-09-05T13:18:46","guid":{"rendered":"https:\/\/brasilnoticias.org\/site\/?p=8935"},"modified":"2023-09-04T19:19:51","modified_gmt":"2023-09-04T22:19:51","slug":"ultimo-dia-de-inscricoes-para-o-edital-makota-valdina-que-premiara-projetos-voltados-a-educacao-antirracista","status":"publish","type":"post","link":"https:\/\/brasilnoticias.org\/site\/ultimo-dia-de-inscricoes-para-o-edital-makota-valdina-que-premiara-projetos-voltados-a-educacao-antirracista\/","title":{"rendered":"\u00daltimo dia de inscri\u00e7\u00f5es para o edital Makota Valdina que premiar\u00e1 projetos voltados \u00e0 educa\u00e7\u00e3o antirracista"},"content":{"rendered":"<p>As inscri\u00e7\u00f5es para o edital Makota Valdina terminam nesta segunda-feira (4). Realizado em parceria entre as secretarias estaduais da Educa\u00e7\u00e3o (SEC) e de Promo\u00e7\u00e3o da Igualdade Racial (Sepromi), o edital vai selecionar e premiar projetos escolares estaduais de boas pr\u00e1ticas voltadas \u00e0 educa\u00e7\u00e3o antirracista e de valoriza\u00e7\u00e3o da hist\u00f3ria e da cultura africana, afro-brasileira e ind\u00edgena.<\/p>\n<p>A sele\u00e7\u00e3o das propostas se dar\u00e1 a partir de modalidades. A primeira se refere a projetos que contribuam para a implementa\u00e7\u00e3o das leis federais n\u00ba 10.639\/03 e n\u00ba 11.645\/08 nas unidades escolares. A segunda diz respeito \u00e0 produ\u00e7\u00e3o de recursos educacionais que buscam contribuir para a implementa\u00e7\u00e3o das citadas leis federais.<\/p>\n<p>Para a inscri\u00e7\u00e3o na Modalidade 1, os proponentes dever\u00e3o submeter os projetos \u00e0 SEC, por meio do preenchimento do formul\u00e1rio digital, dispon\u00edvel no link https:\/\/forms.gle\/tKE6po2e8octm4xR8. J\u00e1 os concorrentes na Modalidade 2 dever\u00e3o encaminhar um exemplar do recurso educacional, atrav\u00e9s de postagem, para o endere\u00e7o 5\u00aa Avenida n\u00ba 550, Centro Administrativo da Bahia \u2013 CAB, 2\u00ba andar, sala 203, Salvador, Bahia \u2013 CEP: 41.745-004; e realizar a inscri\u00e7\u00e3o no formul\u00e1rio digital dispon\u00edvel no link https:\/\/forms.gle\/tKE6po2e8octm4xR8, anexando o comprovante de postagem, at\u00e9 o \u00faltimo dia do prazo de inscri\u00e7\u00f5es.<\/p>\n<p>Ser\u00e3o selecionados 108 projetos escolares e 54 recursos educacionais, a serem executados em 2024. As propostas submetidas ao edital ser\u00e3o apoiadas financeiramente pelo Estado da Bahia, atrav\u00e9s da Secretaria de Educa\u00e7\u00e3o do Estado, via Fundo de Assist\u00eancia Educacional (FAED), sendo que na Modalidade 1 ser\u00e3o disponibilizados at\u00e9 R$ 50 mil para cada projeto selecionado e na Modalidade 2, at\u00e9 R$ 10 mil.<\/p>\n<p>Foto: ilustrativa: Claudionor Jr<br \/>\nFonte: Ascom\/SEC<\/p>\n","protected":false},"excerpt":{"rendered":"<p>As inscri\u00e7\u00f5es para o edital Makota Valdina terminam nesta segunda-feira (4). Realizado em parceria entre as secretarias estaduais da Educa\u00e7\u00e3o<\/p>\n","protected":false},"author":4,"featured_media":8936,"comment_status":"open","ping_status":"open","sticky":false,"template":"","format":"standard","meta":{"colormag_page_container_layout":"default_layout","colormag_page_sidebar_layout":"default_layout","_FSMCFIC_featured_image_caption":"","_FSMCFIC_featured_image_nocaption":"","_FSMCFIC_featured_image_hide":"","footnotes":""},"categories":[2,1],"tags":[],"class_list":["post-8935","post","type-post","status-publish","format-standard","has-post-thumbnail","hentry","category-noticias","category-ultimas"],"yoast_head":"<!-- This site is optimized with the Yoast SEO plugin v27.1.1 - https:\/\/yoast.com\/product\/yoast-seo-wordpress\/ -->\n<title>\u00daltimo dia de inscri\u00e7\u00f5es para o edital Makota Valdina que premiar\u00e1 projetos voltados \u00e0 educa\u00e7\u00e3o antirracista - Brasil not\u00edcias<\/title>\n<meta name=\"robots\" content=\"index, follow, max-snippet:-1, max-image-preview:large, max-video-preview:-1\" \/>\n<link rel=\"canonical\" href=\"https:\/\/brasilnoticias.org\/site\/ultimo-dia-de-inscricoes-para-o-edital-makota-valdina-que-premiara-projetos-voltados-a-educacao-antirracista\/\" \/>\n<meta property=\"og:locale\" content=\"pt_PT\" \/>\n<meta property=\"og:type\" content=\"article\" \/>\n<meta property=\"og:title\" content=\"\u00daltimo dia de inscri\u00e7\u00f5es para o edital Makota Valdina que premiar\u00e1 projetos voltados \u00e0 educa\u00e7\u00e3o antirracista - Brasil not\u00edcias\" \/>\n<meta property=\"og:description\" content=\"As inscri\u00e7\u00f5es para o edital Makota Valdina terminam nesta segunda-feira (4). Realizado em parceria entre as secretarias estaduais da Educa\u00e7\u00e3o\" \/>\n<meta property=\"og:url\" content=\"https:\/\/brasilnoticias.org\/site\/ultimo-dia-de-inscricoes-para-o-edital-makota-valdina-que-premiara-projetos-voltados-a-educacao-antirracista\/\" \/>\n<meta property=\"og:site_name\" content=\"Brasil not\u00edcias\" \/>\n<meta property=\"article:published_time\" content=\"2023-09-05T13:18:46+00:00\" \/>\n<meta property=\"og:image\" content=\"https:\/\/brasilnoticias.org\/site\/wp-content\/uploads\/2023\/09\/educacao_igualdade-racial_diversidade_afro_negros-696x464-1.jpeg\" \/>\n\t<meta property=\"og:image:width\" content=\"696\" \/>\n\t<meta property=\"og:image:height\" content=\"464\" \/>\n\t<meta property=\"og:image:type\" content=\"image\/jpeg\" \/>\n<meta name=\"author\" content=\"Reda\u00e7\u00e3o\" \/>\n<meta name=\"twitter:card\" content=\"summary_large_image\" \/>\n<meta name=\"twitter:label1\" content=\"Escrito por\" \/>\n\t<meta name=\"twitter:data1\" content=\"Reda\u00e7\u00e3o\" \/>\n<script type=\"application\/ld+json\" class=\"yoast-schema-graph\">{\"@context\":\"https:\/\/schema.org\",\"@graph\":[{\"@type\":\"Article\",\"@id\":\"https:\/\/brasilnoticias.org\/site\/ultimo-dia-de-inscricoes-para-o-edital-makota-valdina-que-premiara-projetos-voltados-a-educacao-antirracista\/#article\",\"isPartOf\":{\"@id\":\"https:\/\/brasilnoticias.org\/site\/ultimo-dia-de-inscricoes-para-o-edital-makota-valdina-que-premiara-projetos-voltados-a-educacao-antirracista\/\"},\"author\":{\"name\":\"Reda\u00e7\u00e3o\",\"@id\":\"https:\/\/brasilnoticias.org\/site\/#\/schema\/person\/03bbbfe6c7634ad18c26444ea39049fa\"},\"headline\":\"\u00daltimo dia de inscri\u00e7\u00f5es para o edital Makota Valdina que premiar\u00e1 projetos voltados \u00e0 educa\u00e7\u00e3o antirracista\",\"datePublished\":\"2023-09-05T13:18:46+00:00\",\"mainEntityOfPage\":{\"@id\":\"https:\/\/brasilnoticias.org\/site\/ultimo-dia-de-inscricoes-para-o-edital-makota-valdina-que-premiara-projetos-voltados-a-educacao-antirracista\/\"},\"wordCount\":302,\"commentCount\":0,\"publisher\":{\"@id\":\"https:\/\/brasilnoticias.org\/site\/#organization\"},\"image\":{\"@id\":\"https:\/\/brasilnoticias.org\/site\/ultimo-dia-de-inscricoes-para-o-edital-makota-valdina-que-premiara-projetos-voltados-a-educacao-antirracista\/#primaryimage\"},\"thumbnailUrl\":\"https:\/\/brasilnoticias.org\/site\/wp-content\/uploads\/2023\/09\/educacao_igualdade-racial_diversidade_afro_negros-696x464-1.jpeg\",\"articleSection\":[\"Not\u00edcias\",\"\u00daltimas\"],\"inLanguage\":\"pt-PT\",\"potentialAction\":[{\"@type\":\"CommentAction\",\"name\":\"Comment\",\"target\":[\"https:\/\/brasilnoticias.org\/site\/ultimo-dia-de-inscricoes-para-o-edital-makota-valdina-que-premiara-projetos-voltados-a-educacao-antirracista\/#respond\"]}]},{\"@type\":\"WebPage\",\"@id\":\"https:\/\/brasilnoticias.org\/site\/ultimo-dia-de-inscricoes-para-o-edital-makota-valdina-que-premiara-projetos-voltados-a-educacao-antirracista\/\",\"url\":\"https:\/\/brasilnoticias.org\/site\/ultimo-dia-de-inscricoes-para-o-edital-makota-valdina-que-premiara-projetos-voltados-a-educacao-antirracista\/\",\"name\":\"\u00daltimo dia de inscri\u00e7\u00f5es para o edital Makota Valdina que premiar\u00e1 projetos voltados \u00e0 educa\u00e7\u00e3o antirracista - Brasil not\u00edcias\",\"isPartOf\":{\"@id\":\"https:\/\/brasilnoticias.org\/site\/#website\"},\"primaryImageOfPage\":{\"@id\":\"https:\/\/brasilnoticias.org\/site\/ultimo-dia-de-inscricoes-para-o-edital-makota-valdina-que-premiara-projetos-voltados-a-educacao-antirracista\/#primaryimage\"},\"image\":{\"@id\":\"https:\/\/brasilnoticias.org\/site\/ultimo-dia-de-inscricoes-para-o-edital-makota-valdina-que-premiara-projetos-voltados-a-educacao-antirracista\/#primaryimage\"},\"thumbnailUrl\":\"https:\/\/brasilnoticias.org\/site\/wp-content\/uploads\/2023\/09\/educacao_igualdade-racial_diversidade_afro_negros-696x464-1.jpeg\",\"datePublished\":\"2023-09-05T13:18:46+00:00\",\"breadcrumb\":{\"@id\":\"https:\/\/brasilnoticias.org\/site\/ultimo-dia-de-inscricoes-para-o-edital-makota-valdina-que-premiara-projetos-voltados-a-educacao-antirracista\/#breadcrumb\"},\"inLanguage\":\"pt-PT\",\"potentialAction\":[{\"@type\":\"ReadAction\",\"target\":[\"https:\/\/brasilnoticias.org\/site\/ultimo-dia-de-inscricoes-para-o-edital-makota-valdina-que-premiara-projetos-voltados-a-educacao-antirracista\/\"]}]},{\"@type\":\"ImageObject\",\"inLanguage\":\"pt-PT\",\"@id\":\"https:\/\/brasilnoticias.org\/site\/ultimo-dia-de-inscricoes-para-o-edital-makota-valdina-que-premiara-projetos-voltados-a-educacao-antirracista\/#primaryimage\",\"url\":\"https:\/\/brasilnoticias.org\/site\/wp-content\/uploads\/2023\/09\/educacao_igualdade-racial_diversidade_afro_negros-696x464-1.jpeg\",\"contentUrl\":\"https:\/\/brasilnoticias.org\/site\/wp-content\/uploads\/2023\/09\/educacao_igualdade-racial_diversidade_afro_negros-696x464-1.jpeg\",\"width\":696,\"height\":464},{\"@type\":\"BreadcrumbList\",\"@id\":\"https:\/\/brasilnoticias.org\/site\/ultimo-dia-de-inscricoes-para-o-edital-makota-valdina-que-premiara-projetos-voltados-a-educacao-antirracista\/#breadcrumb\",\"itemListElement\":[{\"@type\":\"ListItem\",\"position\":1,\"name\":\"In\u00edcio\",\"item\":\"https:\/\/brasilnoticias.org\/site\/\"},{\"@type\":\"ListItem\",\"position\":2,\"name\":\"\u00daltimo dia de inscri\u00e7\u00f5es para o edital Makota Valdina que premiar\u00e1 projetos voltados \u00e0 educa\u00e7\u00e3o antirracista\"}]},{\"@type\":\"WebSite\",\"@id\":\"https:\/\/brasilnoticias.org\/site\/#website\",\"url\":\"https:\/\/brasilnoticias.org\/site\/\",\"name\":\"Brasil not\u00edcias\",\"description\":\"Brasil not\u00edcias\",\"publisher\":{\"@id\":\"https:\/\/brasilnoticias.org\/site\/#organization\"},\"potentialAction\":[{\"@type\":\"SearchAction\",\"target\":{\"@type\":\"EntryPoint\",\"urlTemplate\":\"https:\/\/brasilnoticias.org\/site\/?s={search_term_string}\"},\"query-input\":{\"@type\":\"PropertyValueSpecification\",\"valueRequired\":true,\"valueName\":\"search_term_string\"}}],\"inLanguage\":\"pt-PT\"},{\"@type\":\"Organization\",\"@id\":\"https:\/\/brasilnoticias.org\/site\/#organization\",\"name\":\"Brasil not\u00edcias\",\"url\":\"https:\/\/brasilnoticias.org\/site\/\",\"logo\":{\"@type\":\"ImageObject\",\"inLanguage\":\"pt-PT\",\"@id\":\"https:\/\/brasilnoticias.org\/site\/#\/schema\/logo\/image\/\",\"url\":\"https:\/\/brasilnoticias.org\/site\/wp-content\/uploads\/2022\/05\/cropped-brasilnoticias-mini.jpg\",\"contentUrl\":\"https:\/\/brasilnoticias.org\/site\/wp-content\/uploads\/2022\/05\/cropped-brasilnoticias-mini.jpg\",\"width\":314,\"height\":86,\"caption\":\"Brasil not\u00edcias\"},\"image\":{\"@id\":\"https:\/\/brasilnoticias.org\/site\/#\/schema\/logo\/image\/\"}},{\"@type\":\"Person\",\"@id\":\"https:\/\/brasilnoticias.org\/site\/#\/schema\/person\/03bbbfe6c7634ad18c26444ea39049fa\",\"name\":\"Reda\u00e7\u00e3o\",\"image\":{\"@type\":\"ImageObject\",\"inLanguage\":\"pt-PT\",\"@id\":\"https:\/\/brasilnoticias.org\/site\/#\/schema\/person\/image\/\",\"url\":\"https:\/\/secure.gravatar.com\/avatar\/9ecaf7327a696cb23ad926fedded5f1f04d7049de9e445375d55b48c001a6e42?s=96&d=mm&r=g\",\"contentUrl\":\"https:\/\/secure.gravatar.com\/avatar\/9ecaf7327a696cb23ad926fedded5f1f04d7049de9e445375d55b48c001a6e42?s=96&d=mm&r=g\",\"caption\":\"Reda\u00e7\u00e3o\"},\"url\":\"https:\/\/brasilnoticias.org\/site\/author\/henrique\/\"}]}<\/script>\n<!-- \/ Yoast SEO plugin. -->","yoast_head_json":{"title":"\u00daltimo dia de inscri\u00e7\u00f5es para o edital Makota Valdina que premiar\u00e1 projetos voltados \u00e0 educa\u00e7\u00e3o antirracista - Brasil not\u00edcias","robots":{"index":"index","follow":"follow","max-snippet":"max-snippet:-1","max-image-preview":"max-image-preview:large","max-video-preview":"max-video-preview:-1"},"canonical":"https:\/\/brasilnoticias.org\/site\/ultimo-dia-de-inscricoes-para-o-edital-makota-valdina-que-premiara-projetos-voltados-a-educacao-antirracista\/","og_locale":"pt_PT","og_type":"article","og_title":"\u00daltimo dia de inscri\u00e7\u00f5es para o edital Makota Valdina que premiar\u00e1 projetos voltados \u00e0 educa\u00e7\u00e3o antirracista - Brasil not\u00edcias","og_description":"As inscri\u00e7\u00f5es para o edital Makota Valdina terminam nesta segunda-feira (4). Realizado em parceria entre as secretarias estaduais da Educa\u00e7\u00e3o","og_url":"https:\/\/brasilnoticias.org\/site\/ultimo-dia-de-inscricoes-para-o-edital-makota-valdina-que-premiara-projetos-voltados-a-educacao-antirracista\/","og_site_name":"Brasil not\u00edcias","article_published_time":"2023-09-05T13:18:46+00:00","og_image":[{"width":696,"height":464,"url":"https:\/\/brasilnoticias.org\/site\/wp-content\/uploads\/2023\/09\/educacao_igualdade-racial_diversidade_afro_negros-696x464-1.jpeg","type":"image\/jpeg"}],"author":"Reda\u00e7\u00e3o","twitter_card":"summary_large_image","twitter_misc":{"Escrito por":"Reda\u00e7\u00e3o"},"schema":{"@context":"https:\/\/schema.org","@graph":[{"@type":"Article","@id":"https:\/\/brasilnoticias.org\/site\/ultimo-dia-de-inscricoes-para-o-edital-makota-valdina-que-premiara-projetos-voltados-a-educacao-antirracista\/#article","isPartOf":{"@id":"https:\/\/brasilnoticias.org\/site\/ultimo-dia-de-inscricoes-para-o-edital-makota-valdina-que-premiara-projetos-voltados-a-educacao-antirracista\/"},"author":{"name":"Reda\u00e7\u00e3o","@id":"https:\/\/brasilnoticias.org\/site\/#\/schema\/person\/03bbbfe6c7634ad18c26444ea39049fa"},"headline":"\u00daltimo dia de inscri\u00e7\u00f5es para o edital Makota Valdina que premiar\u00e1 projetos voltados \u00e0 educa\u00e7\u00e3o antirracista","datePublished":"2023-09-05T13:18:46+00:00","mainEntityOfPage":{"@id":"https:\/\/brasilnoticias.org\/site\/ultimo-dia-de-inscricoes-para-o-edital-makota-valdina-que-premiara-projetos-voltados-a-educacao-antirracista\/"},"wordCount":302,"commentCount":0,"publisher":{"@id":"https:\/\/brasilnoticias.org\/site\/#organization"},"image":{"@id":"https:\/\/brasilnoticias.org\/site\/ultimo-dia-de-inscricoes-para-o-edital-makota-valdina-que-premiara-projetos-voltados-a-educacao-antirracista\/#primaryimage"},"thumbnailUrl":"https:\/\/brasilnoticias.org\/site\/wp-content\/uploads\/2023\/09\/educacao_igualdade-racial_diversidade_afro_negros-696x464-1.jpeg","articleSection":["Not\u00edcias","\u00daltimas"],"inLanguage":"pt-PT","potentialAction":[{"@type":"CommentAction","name":"Comment","target":["https:\/\/brasilnoticias.org\/site\/ultimo-dia-de-inscricoes-para-o-edital-makota-valdina-que-premiara-projetos-voltados-a-educacao-antirracista\/#respond"]}]},{"@type":"WebPage","@id":"https:\/\/brasilnoticias.org\/site\/ultimo-dia-de-inscricoes-para-o-edital-makota-valdina-que-premiara-projetos-voltados-a-educacao-antirracista\/","url":"https:\/\/brasilnoticias.org\/site\/ultimo-dia-de-inscricoes-para-o-edital-makota-valdina-que-premiara-projetos-voltados-a-educacao-antirracista\/","name":"\u00daltimo dia de inscri\u00e7\u00f5es para o edital Makota Valdina que premiar\u00e1 projetos voltados \u00e0 educa\u00e7\u00e3o antirracista - Brasil not\u00edcias","isPartOf":{"@id":"https:\/\/brasilnoticias.org\/site\/#website"},"primaryImageOfPage":{"@id":"https:\/\/brasilnoticias.org\/site\/ultimo-dia-de-inscricoes-para-o-edital-makota-valdina-que-premiara-projetos-voltados-a-educacao-antirracista\/#primaryimage"},"image":{"@id":"https:\/\/brasilnoticias.org\/site\/ultimo-dia-de-inscricoes-para-o-edital-makota-valdina-que-premiara-projetos-voltados-a-educacao-antirracista\/#primaryimage"},"thumbnailUrl":"https:\/\/brasilnoticias.org\/site\/wp-content\/uploads\/2023\/09\/educacao_igualdade-racial_diversidade_afro_negros-696x464-1.jpeg","datePublished":"2023-09-05T13:18:46+00:00","breadcrumb":{"@id":"https:\/\/brasilnoticias.org\/site\/ultimo-dia-de-inscricoes-para-o-edital-makota-valdina-que-premiara-projetos-voltados-a-educacao-antirracista\/#breadcrumb"},"inLanguage":"pt-PT","potentialAction":[{"@type":"ReadAction","target":["https:\/\/brasilnoticias.org\/site\/ultimo-dia-de-inscricoes-para-o-edital-makota-valdina-que-premiara-projetos-voltados-a-educacao-antirracista\/"]}]},{"@type":"ImageObject","inLanguage":"pt-PT","@id":"https:\/\/brasilnoticias.org\/site\/ultimo-dia-de-inscricoes-para-o-edital-makota-valdina-que-premiara-projetos-voltados-a-educacao-antirracista\/#primaryimage","url":"https:\/\/brasilnoticias.org\/site\/wp-content\/uploads\/2023\/09\/educacao_igualdade-racial_diversidade_afro_negros-696x464-1.jpeg","contentUrl":"https:\/\/brasilnoticias.org\/site\/wp-content\/uploads\/2023\/09\/educacao_igualdade-racial_diversidade_afro_negros-696x464-1.jpeg","width":696,"height":464},{"@type":"BreadcrumbList","@id":"https:\/\/brasilnoticias.org\/site\/ultimo-dia-de-inscricoes-para-o-edital-makota-valdina-que-premiara-projetos-voltados-a-educacao-antirracista\/#breadcrumb","itemListElement":[{"@type":"ListItem","position":1,"name":"In\u00edcio","item":"https:\/\/brasilnoticias.org\/site\/"},{"@type":"ListItem","position":2,"name":"\u00daltimo dia de inscri\u00e7\u00f5es para o edital Makota Valdina que premiar\u00e1 projetos voltados \u00e0 educa\u00e7\u00e3o antirracista"}]},{"@type":"WebSite","@id":"https:\/\/brasilnoticias.org\/site\/#website","url":"https:\/\/brasilnoticias.org\/site\/","name":"Brasil not\u00edcias","description":"Brasil not\u00edcias","publisher":{"@id":"https:\/\/brasilnoticias.org\/site\/#organization"},"potentialAction":[{"@type":"SearchAction","target":{"@type":"EntryPoint","urlTemplate":"https:\/\/brasilnoticias.org\/site\/?s={search_term_string}"},"query-input":{"@type":"PropertyValueSpecification","valueRequired":true,"valueName":"search_term_string"}}],"inLanguage":"pt-PT"},{"@type":"Organization","@id":"https:\/\/brasilnoticias.org\/site\/#organization","name":"Brasil not\u00edcias","url":"https:\/\/brasilnoticias.org\/site\/","logo":{"@type":"ImageObject","inLanguage":"pt-PT","@id":"https:\/\/brasilnoticias.org\/site\/#\/schema\/logo\/image\/","url":"https:\/\/brasilnoticias.org\/site\/wp-content\/uploads\/2022\/05\/cropped-brasilnoticias-mini.jpg","contentUrl":"https:\/\/brasilnoticias.org\/site\/wp-content\/uploads\/2022\/05\/cropped-brasilnoticias-mini.jpg","width":314,"height":86,"caption":"Brasil not\u00edcias"},"image":{"@id":"https:\/\/brasilnoticias.org\/site\/#\/schema\/logo\/image\/"}},{"@type":"Person","@id":"https:\/\/brasilnoticias.org\/site\/#\/schema\/person\/03bbbfe6c7634ad18c26444ea39049fa","name":"Reda\u00e7\u00e3o","image":{"@type":"ImageObject","inLanguage":"pt-PT","@id":"https:\/\/brasilnoticias.org\/site\/#\/schema\/person\/image\/","url":"https:\/\/secure.gravatar.com\/avatar\/9ecaf7327a696cb23ad926fedded5f1f04d7049de9e445375d55b48c001a6e42?s=96&d=mm&r=g","contentUrl":"https:\/\/secure.gravatar.com\/avatar\/9ecaf7327a696cb23ad926fedded5f1f04d7049de9e445375d55b48c001a6e42?s=96&d=mm&r=g","caption":"Reda\u00e7\u00e3o"},"url":"https:\/\/brasilnoticias.org\/site\/author\/henrique\/"}]}},"_links":{"self":[{"href":"https:\/\/brasilnoticias.org\/site\/wp-json\/wp\/v2\/posts\/8935","targetHints":{"allow":["GET"]}}],"collection":[{"href":"https:\/\/brasilnoticias.org\/site\/wp-json\/wp\/v2\/posts"}],"about":[{"href":"https:\/\/brasilnoticias.org\/site\/wp-json\/wp\/v2\/types\/post"}],"author":[{"embeddable":true,"href":"https:\/\/brasilnoticias.org\/site\/wp-json\/wp\/v2\/users\/4"}],"replies":[{"embeddable":true,"href":"https:\/\/brasilnoticias.org\/site\/wp-json\/wp\/v2\/comments?post=8935"}],"version-history":[{"count":1,"href":"https:\/\/brasilnoticias.org\/site\/wp-json\/wp\/v2\/posts\/8935\/revisions"}],"predecessor-version":[{"id":8937,"href":"https:\/\/brasilnoticias.org\/site\/wp-json\/wp\/v2\/posts\/8935\/revisions\/8937"}],"wp:featuredmedia":[{"embeddable":true,"href":"https:\/\/brasilnoticias.org\/site\/wp-json\/wp\/v2\/media\/8936"}],"wp:attachment":[{"href":"https:\/\/brasilnoticias.org\/site\/wp-json\/wp\/v2\/media?parent=8935"}],"wp:term":[{"taxonomy":"category","embeddable":true,"href":"https:\/\/brasilnoticias.org\/site\/wp-json\/wp\/v2\/categories?post=8935"},{"taxonomy":"post_tag","embeddable":true,"href":"https:\/\/brasilnoticias.org\/site\/wp-json\/wp\/v2\/tags?post=8935"}],"curies":[{"name":"wp","href":"https:\/\/api.w.org\/{rel}","templated":true}]}}