{"id":8938,"date":"2023-09-05T11:20:12","date_gmt":"2023-09-05T14:20:12","guid":{"rendered":"https:\/\/brasilnoticias.org\/site\/?p=8938"},"modified":"2023-09-04T19:22:42","modified_gmt":"2023-09-04T22:22:42","slug":"bonde-fica-encurralado-rende-familia-e-faz-live-no-instagram","status":"publish","type":"post","link":"https:\/\/brasilnoticias.org\/site\/bonde-fica-encurralado-rende-familia-e-faz-live-no-instagram\/","title":{"rendered":"&#8216;Bonde&#8221; fica encurralado, rende fam\u00edlia e faz live no Instagram"},"content":{"rendered":"<p>Os homens que renderam a fam\u00edlia entraram no im\u00f3vel ap\u00f3s cofnronto com policiais<\/p>\n<p>Uma fam\u00edlia \u00e9 mantida ref\u00e9m, na tarde desta segunda-feira (4), na Rua Ala\u00edde Ribeiro, bairro do Calabar, em Salvador. Os homens que renderam a fam\u00edlia entraram no im\u00f3vel ap\u00f3s o confronto contra policiais militares e transmitiram a a\u00e7\u00e3o nas redes sociais. <\/p>\n<p>Pela transmiss\u00e3o, eles informaram que renderam sete pessoas, incluindo uma idosa e uma crian\u00e7a de 3 anos. Na live eles aparecem armados, dizendo que a casa est\u00e1 cercada por policiais.<\/p>\n<p>&#8220;N\u00f3s t\u00e1 com crian\u00e7a de tr\u00eas anos e com idoso aqui, viu v\u00e9i? Se brotar aqui, n\u00f3s vai matar todo mundo. N\u00f3s tem buj\u00e3o de g\u00e1s aqui e vai morrer todo mundo. N\u00f3s t\u00e1 com sete ref\u00e9m&#8221;, diz um deles durante a transmiss\u00e3o. <\/p>\n<p>Durante a live, os homens dizem que n\u00e3o v\u00e3o liberar os ref\u00e9ns enquanto n\u00e3o estiverem presentes no local o Batalh\u00e3o de Opera\u00e7\u00f5es Especiais (Bope), equipes de reportagem e advogados.<\/p>\n<p>Na manh\u00e3 desta segunda-feira (4), outros quatro homens invadiram duas casas no Alto das Pombas e fizeram sete pessoas ref\u00e9ns. Ap\u00f3s tr\u00eas horas de negocia\u00e7\u00e3o, eles liberaram os ref\u00e9ns e se entregaram \u00e0 Pol\u00edcia Militar. <\/p>\n<p>Foto: Reprodu\u00e7\u00e3o | Instagram<br \/>\nBNews<\/p>\n","protected":false},"excerpt":{"rendered":"<p>Os homens que renderam a fam\u00edlia entraram no im\u00f3vel ap\u00f3s cofnronto com policiais Uma fam\u00edlia \u00e9 mantida ref\u00e9m, na tarde<\/p>\n","protected":false},"author":4,"featured_media":8939,"comment_status":"open","ping_status":"open","sticky":false,"template":"","format":"standard","meta":{"colormag_page_container_layout":"default_layout","colormag_page_sidebar_layout":"default_layout","_FSMCFIC_featured_image_caption":"","_FSMCFIC_featured_image_nocaption":"","_FSMCFIC_featured_image_hide":"","footnotes":""},"categories":[3,1],"tags":[],"class_list":["post-8938","post","type-post","status-publish","format-standard","has-post-thumbnail","hentry","category-policia","category-ultimas"],"yoast_head":"<!-- This site is optimized with the Yoast SEO plugin v27.1.1 - https:\/\/yoast.com\/product\/yoast-seo-wordpress\/ -->\n<title>&#039;Bonde&quot; fica encurralado, rende fam\u00edlia e faz live no Instagram - Brasil not\u00edcias<\/title>\n<meta name=\"robots\" content=\"index, follow, max-snippet:-1, max-image-preview:large, max-video-preview:-1\" \/>\n<link rel=\"canonical\" href=\"https:\/\/brasilnoticias.org\/site\/bonde-fica-encurralado-rende-familia-e-faz-live-no-instagram\/\" \/>\n<meta property=\"og:locale\" content=\"pt_PT\" \/>\n<meta property=\"og:type\" content=\"article\" \/>\n<meta property=\"og:title\" content=\"&#039;Bonde&quot; fica encurralado, rende fam\u00edlia e faz live no Instagram - Brasil not\u00edcias\" \/>\n<meta property=\"og:description\" content=\"Os homens que renderam a fam\u00edlia entraram no im\u00f3vel ap\u00f3s cofnronto com policiais Uma fam\u00edlia \u00e9 mantida ref\u00e9m, na tarde\" \/>\n<meta property=\"og:url\" content=\"https:\/\/brasilnoticias.org\/site\/bonde-fica-encurralado-rende-familia-e-faz-live-no-instagram\/\" \/>\n<meta property=\"og:site_name\" content=\"Brasil not\u00edcias\" \/>\n<meta property=\"article:published_time\" content=\"2023-09-05T14:20:12+00:00\" \/>\n<meta property=\"og:image\" content=\"https:\/\/brasilnoticias.org\/site\/wp-content\/uploads\/2023\/09\/ngvjgjf_widelg.jpg\" \/>\n\t<meta property=\"og:image:width\" content=\"800\" \/>\n\t<meta property=\"og:image:height\" content=\"450\" \/>\n\t<meta property=\"og:image:type\" content=\"image\/jpeg\" \/>\n<meta name=\"author\" content=\"Reda\u00e7\u00e3o\" \/>\n<meta name=\"twitter:card\" content=\"summary_large_image\" \/>\n<meta name=\"twitter:label1\" content=\"Escrito por\" \/>\n\t<meta name=\"twitter:data1\" content=\"Reda\u00e7\u00e3o\" \/>\n<script type=\"application\/ld+json\" class=\"yoast-schema-graph\">{\"@context\":\"https:\/\/schema.org\",\"@graph\":[{\"@type\":\"Article\",\"@id\":\"https:\/\/brasilnoticias.org\/site\/bonde-fica-encurralado-rende-familia-e-faz-live-no-instagram\/#article\",\"isPartOf\":{\"@id\":\"https:\/\/brasilnoticias.org\/site\/bonde-fica-encurralado-rende-familia-e-faz-live-no-instagram\/\"},\"author\":{\"name\":\"Reda\u00e7\u00e3o\",\"@id\":\"https:\/\/brasilnoticias.org\/site\/#\/schema\/person\/03bbbfe6c7634ad18c26444ea39049fa\"},\"headline\":\"&#8216;Bonde&#8221; fica encurralado, rende fam\u00edlia e faz live no Instagram\",\"datePublished\":\"2023-09-05T14:20:12+00:00\",\"mainEntityOfPage\":{\"@id\":\"https:\/\/brasilnoticias.org\/site\/bonde-fica-encurralado-rende-familia-e-faz-live-no-instagram\/\"},\"wordCount\":237,\"commentCount\":0,\"publisher\":{\"@id\":\"https:\/\/brasilnoticias.org\/site\/#organization\"},\"image\":{\"@id\":\"https:\/\/brasilnoticias.org\/site\/bonde-fica-encurralado-rende-familia-e-faz-live-no-instagram\/#primaryimage\"},\"thumbnailUrl\":\"https:\/\/brasilnoticias.org\/site\/wp-content\/uploads\/2023\/09\/ngvjgjf_widelg.jpg\",\"articleSection\":[\"Pol\u00edcia\",\"\u00daltimas\"],\"inLanguage\":\"pt-PT\",\"potentialAction\":[{\"@type\":\"CommentAction\",\"name\":\"Comment\",\"target\":[\"https:\/\/brasilnoticias.org\/site\/bonde-fica-encurralado-rende-familia-e-faz-live-no-instagram\/#respond\"]}]},{\"@type\":\"WebPage\",\"@id\":\"https:\/\/brasilnoticias.org\/site\/bonde-fica-encurralado-rende-familia-e-faz-live-no-instagram\/\",\"url\":\"https:\/\/brasilnoticias.org\/site\/bonde-fica-encurralado-rende-familia-e-faz-live-no-instagram\/\",\"name\":\"'Bonde\\\" fica encurralado, rende fam\u00edlia e faz live no Instagram - Brasil not\u00edcias\",\"isPartOf\":{\"@id\":\"https:\/\/brasilnoticias.org\/site\/#website\"},\"primaryImageOfPage\":{\"@id\":\"https:\/\/brasilnoticias.org\/site\/bonde-fica-encurralado-rende-familia-e-faz-live-no-instagram\/#primaryimage\"},\"image\":{\"@id\":\"https:\/\/brasilnoticias.org\/site\/bonde-fica-encurralado-rende-familia-e-faz-live-no-instagram\/#primaryimage\"},\"thumbnailUrl\":\"https:\/\/brasilnoticias.org\/site\/wp-content\/uploads\/2023\/09\/ngvjgjf_widelg.jpg\",\"datePublished\":\"2023-09-05T14:20:12+00:00\",\"breadcrumb\":{\"@id\":\"https:\/\/brasilnoticias.org\/site\/bonde-fica-encurralado-rende-familia-e-faz-live-no-instagram\/#breadcrumb\"},\"inLanguage\":\"pt-PT\",\"potentialAction\":[{\"@type\":\"ReadAction\",\"target\":[\"https:\/\/brasilnoticias.org\/site\/bonde-fica-encurralado-rende-familia-e-faz-live-no-instagram\/\"]}]},{\"@type\":\"ImageObject\",\"inLanguage\":\"pt-PT\",\"@id\":\"https:\/\/brasilnoticias.org\/site\/bonde-fica-encurralado-rende-familia-e-faz-live-no-instagram\/#primaryimage\",\"url\":\"https:\/\/brasilnoticias.org\/site\/wp-content\/uploads\/2023\/09\/ngvjgjf_widelg.jpg\",\"contentUrl\":\"https:\/\/brasilnoticias.org\/site\/wp-content\/uploads\/2023\/09\/ngvjgjf_widelg.jpg\",\"width\":800,\"height\":450},{\"@type\":\"BreadcrumbList\",\"@id\":\"https:\/\/brasilnoticias.org\/site\/bonde-fica-encurralado-rende-familia-e-faz-live-no-instagram\/#breadcrumb\",\"itemListElement\":[{\"@type\":\"ListItem\",\"position\":1,\"name\":\"In\u00edcio\",\"item\":\"https:\/\/brasilnoticias.org\/site\/\"},{\"@type\":\"ListItem\",\"position\":2,\"name\":\"&#8216;Bonde&#8221; fica encurralado, rende fam\u00edlia e faz live no Instagram\"}]},{\"@type\":\"WebSite\",\"@id\":\"https:\/\/brasilnoticias.org\/site\/#website\",\"url\":\"https:\/\/brasilnoticias.org\/site\/\",\"name\":\"Brasil not\u00edcias\",\"description\":\"Brasil not\u00edcias\",\"publisher\":{\"@id\":\"https:\/\/brasilnoticias.org\/site\/#organization\"},\"potentialAction\":[{\"@type\":\"SearchAction\",\"target\":{\"@type\":\"EntryPoint\",\"urlTemplate\":\"https:\/\/brasilnoticias.org\/site\/?s={search_term_string}\"},\"query-input\":{\"@type\":\"PropertyValueSpecification\",\"valueRequired\":true,\"valueName\":\"search_term_string\"}}],\"inLanguage\":\"pt-PT\"},{\"@type\":\"Organization\",\"@id\":\"https:\/\/brasilnoticias.org\/site\/#organization\",\"name\":\"Brasil not\u00edcias\",\"url\":\"https:\/\/brasilnoticias.org\/site\/\",\"logo\":{\"@type\":\"ImageObject\",\"inLanguage\":\"pt-PT\",\"@id\":\"https:\/\/brasilnoticias.org\/site\/#\/schema\/logo\/image\/\",\"url\":\"https:\/\/brasilnoticias.org\/site\/wp-content\/uploads\/2022\/05\/cropped-brasilnoticias-mini.jpg\",\"contentUrl\":\"https:\/\/brasilnoticias.org\/site\/wp-content\/uploads\/2022\/05\/cropped-brasilnoticias-mini.jpg\",\"width\":314,\"height\":86,\"caption\":\"Brasil not\u00edcias\"},\"image\":{\"@id\":\"https:\/\/brasilnoticias.org\/site\/#\/schema\/logo\/image\/\"}},{\"@type\":\"Person\",\"@id\":\"https:\/\/brasilnoticias.org\/site\/#\/schema\/person\/03bbbfe6c7634ad18c26444ea39049fa\",\"name\":\"Reda\u00e7\u00e3o\",\"image\":{\"@type\":\"ImageObject\",\"inLanguage\":\"pt-PT\",\"@id\":\"https:\/\/brasilnoticias.org\/site\/#\/schema\/person\/image\/\",\"url\":\"https:\/\/secure.gravatar.com\/avatar\/9ecaf7327a696cb23ad926fedded5f1f04d7049de9e445375d55b48c001a6e42?s=96&d=mm&r=g\",\"contentUrl\":\"https:\/\/secure.gravatar.com\/avatar\/9ecaf7327a696cb23ad926fedded5f1f04d7049de9e445375d55b48c001a6e42?s=96&d=mm&r=g\",\"caption\":\"Reda\u00e7\u00e3o\"},\"url\":\"https:\/\/brasilnoticias.org\/site\/author\/henrique\/\"}]}<\/script>\n<!-- \/ Yoast SEO plugin. -->","yoast_head_json":{"title":"'Bonde\" fica encurralado, rende fam\u00edlia e faz live no Instagram - Brasil not\u00edcias","robots":{"index":"index","follow":"follow","max-snippet":"max-snippet:-1","max-image-preview":"max-image-preview:large","max-video-preview":"max-video-preview:-1"},"canonical":"https:\/\/brasilnoticias.org\/site\/bonde-fica-encurralado-rende-familia-e-faz-live-no-instagram\/","og_locale":"pt_PT","og_type":"article","og_title":"'Bonde\" fica encurralado, rende fam\u00edlia e faz live no Instagram - Brasil not\u00edcias","og_description":"Os homens que renderam a fam\u00edlia entraram no im\u00f3vel ap\u00f3s cofnronto com policiais Uma fam\u00edlia \u00e9 mantida ref\u00e9m, na tarde","og_url":"https:\/\/brasilnoticias.org\/site\/bonde-fica-encurralado-rende-familia-e-faz-live-no-instagram\/","og_site_name":"Brasil not\u00edcias","article_published_time":"2023-09-05T14:20:12+00:00","og_image":[{"width":800,"height":450,"url":"https:\/\/brasilnoticias.org\/site\/wp-content\/uploads\/2023\/09\/ngvjgjf_widelg.jpg","type":"image\/jpeg"}],"author":"Reda\u00e7\u00e3o","twitter_card":"summary_large_image","twitter_misc":{"Escrito por":"Reda\u00e7\u00e3o"},"schema":{"@context":"https:\/\/schema.org","@graph":[{"@type":"Article","@id":"https:\/\/brasilnoticias.org\/site\/bonde-fica-encurralado-rende-familia-e-faz-live-no-instagram\/#article","isPartOf":{"@id":"https:\/\/brasilnoticias.org\/site\/bonde-fica-encurralado-rende-familia-e-faz-live-no-instagram\/"},"author":{"name":"Reda\u00e7\u00e3o","@id":"https:\/\/brasilnoticias.org\/site\/#\/schema\/person\/03bbbfe6c7634ad18c26444ea39049fa"},"headline":"&#8216;Bonde&#8221; fica encurralado, rende fam\u00edlia e faz live no Instagram","datePublished":"2023-09-05T14:20:12+00:00","mainEntityOfPage":{"@id":"https:\/\/brasilnoticias.org\/site\/bonde-fica-encurralado-rende-familia-e-faz-live-no-instagram\/"},"wordCount":237,"commentCount":0,"publisher":{"@id":"https:\/\/brasilnoticias.org\/site\/#organization"},"image":{"@id":"https:\/\/brasilnoticias.org\/site\/bonde-fica-encurralado-rende-familia-e-faz-live-no-instagram\/#primaryimage"},"thumbnailUrl":"https:\/\/brasilnoticias.org\/site\/wp-content\/uploads\/2023\/09\/ngvjgjf_widelg.jpg","articleSection":["Pol\u00edcia","\u00daltimas"],"inLanguage":"pt-PT","potentialAction":[{"@type":"CommentAction","name":"Comment","target":["https:\/\/brasilnoticias.org\/site\/bonde-fica-encurralado-rende-familia-e-faz-live-no-instagram\/#respond"]}]},{"@type":"WebPage","@id":"https:\/\/brasilnoticias.org\/site\/bonde-fica-encurralado-rende-familia-e-faz-live-no-instagram\/","url":"https:\/\/brasilnoticias.org\/site\/bonde-fica-encurralado-rende-familia-e-faz-live-no-instagram\/","name":"'Bonde\" fica encurralado, rende fam\u00edlia e faz live no Instagram - Brasil not\u00edcias","isPartOf":{"@id":"https:\/\/brasilnoticias.org\/site\/#website"},"primaryImageOfPage":{"@id":"https:\/\/brasilnoticias.org\/site\/bonde-fica-encurralado-rende-familia-e-faz-live-no-instagram\/#primaryimage"},"image":{"@id":"https:\/\/brasilnoticias.org\/site\/bonde-fica-encurralado-rende-familia-e-faz-live-no-instagram\/#primaryimage"},"thumbnailUrl":"https:\/\/brasilnoticias.org\/site\/wp-content\/uploads\/2023\/09\/ngvjgjf_widelg.jpg","datePublished":"2023-09-05T14:20:12+00:00","breadcrumb":{"@id":"https:\/\/brasilnoticias.org\/site\/bonde-fica-encurralado-rende-familia-e-faz-live-no-instagram\/#breadcrumb"},"inLanguage":"pt-PT","potentialAction":[{"@type":"ReadAction","target":["https:\/\/brasilnoticias.org\/site\/bonde-fica-encurralado-rende-familia-e-faz-live-no-instagram\/"]}]},{"@type":"ImageObject","inLanguage":"pt-PT","@id":"https:\/\/brasilnoticias.org\/site\/bonde-fica-encurralado-rende-familia-e-faz-live-no-instagram\/#primaryimage","url":"https:\/\/brasilnoticias.org\/site\/wp-content\/uploads\/2023\/09\/ngvjgjf_widelg.jpg","contentUrl":"https:\/\/brasilnoticias.org\/site\/wp-content\/uploads\/2023\/09\/ngvjgjf_widelg.jpg","width":800,"height":450},{"@type":"BreadcrumbList","@id":"https:\/\/brasilnoticias.org\/site\/bonde-fica-encurralado-rende-familia-e-faz-live-no-instagram\/#breadcrumb","itemListElement":[{"@type":"ListItem","position":1,"name":"In\u00edcio","item":"https:\/\/brasilnoticias.org\/site\/"},{"@type":"ListItem","position":2,"name":"&#8216;Bonde&#8221; fica encurralado, rende fam\u00edlia e faz live no Instagram"}]},{"@type":"WebSite","@id":"https:\/\/brasilnoticias.org\/site\/#website","url":"https:\/\/brasilnoticias.org\/site\/","name":"Brasil not\u00edcias","description":"Brasil not\u00edcias","publisher":{"@id":"https:\/\/brasilnoticias.org\/site\/#organization"},"potentialAction":[{"@type":"SearchAction","target":{"@type":"EntryPoint","urlTemplate":"https:\/\/brasilnoticias.org\/site\/?s={search_term_string}"},"query-input":{"@type":"PropertyValueSpecification","valueRequired":true,"valueName":"search_term_string"}}],"inLanguage":"pt-PT"},{"@type":"Organization","@id":"https:\/\/brasilnoticias.org\/site\/#organization","name":"Brasil not\u00edcias","url":"https:\/\/brasilnoticias.org\/site\/","logo":{"@type":"ImageObject","inLanguage":"pt-PT","@id":"https:\/\/brasilnoticias.org\/site\/#\/schema\/logo\/image\/","url":"https:\/\/brasilnoticias.org\/site\/wp-content\/uploads\/2022\/05\/cropped-brasilnoticias-mini.jpg","contentUrl":"https:\/\/brasilnoticias.org\/site\/wp-content\/uploads\/2022\/05\/cropped-brasilnoticias-mini.jpg","width":314,"height":86,"caption":"Brasil not\u00edcias"},"image":{"@id":"https:\/\/brasilnoticias.org\/site\/#\/schema\/logo\/image\/"}},{"@type":"Person","@id":"https:\/\/brasilnoticias.org\/site\/#\/schema\/person\/03bbbfe6c7634ad18c26444ea39049fa","name":"Reda\u00e7\u00e3o","image":{"@type":"ImageObject","inLanguage":"pt-PT","@id":"https:\/\/brasilnoticias.org\/site\/#\/schema\/person\/image\/","url":"https:\/\/secure.gravatar.com\/avatar\/9ecaf7327a696cb23ad926fedded5f1f04d7049de9e445375d55b48c001a6e42?s=96&d=mm&r=g","contentUrl":"https:\/\/secure.gravatar.com\/avatar\/9ecaf7327a696cb23ad926fedded5f1f04d7049de9e445375d55b48c001a6e42?s=96&d=mm&r=g","caption":"Reda\u00e7\u00e3o"},"url":"https:\/\/brasilnoticias.org\/site\/author\/henrique\/"}]}},"_links":{"self":[{"href":"https:\/\/brasilnoticias.org\/site\/wp-json\/wp\/v2\/posts\/8938","targetHints":{"allow":["GET"]}}],"collection":[{"href":"https:\/\/brasilnoticias.org\/site\/wp-json\/wp\/v2\/posts"}],"about":[{"href":"https:\/\/brasilnoticias.org\/site\/wp-json\/wp\/v2\/types\/post"}],"author":[{"embeddable":true,"href":"https:\/\/brasilnoticias.org\/site\/wp-json\/wp\/v2\/users\/4"}],"replies":[{"embeddable":true,"href":"https:\/\/brasilnoticias.org\/site\/wp-json\/wp\/v2\/comments?post=8938"}],"version-history":[{"count":1,"href":"https:\/\/brasilnoticias.org\/site\/wp-json\/wp\/v2\/posts\/8938\/revisions"}],"predecessor-version":[{"id":8940,"href":"https:\/\/brasilnoticias.org\/site\/wp-json\/wp\/v2\/posts\/8938\/revisions\/8940"}],"wp:featuredmedia":[{"embeddable":true,"href":"https:\/\/brasilnoticias.org\/site\/wp-json\/wp\/v2\/media\/8939"}],"wp:attachment":[{"href":"https:\/\/brasilnoticias.org\/site\/wp-json\/wp\/v2\/media?parent=8938"}],"wp:term":[{"taxonomy":"category","embeddable":true,"href":"https:\/\/brasilnoticias.org\/site\/wp-json\/wp\/v2\/categories?post=8938"},{"taxonomy":"post_tag","embeddable":true,"href":"https:\/\/brasilnoticias.org\/site\/wp-json\/wp\/v2\/tags?post=8938"}],"curies":[{"name":"wp","href":"https:\/\/api.w.org\/{rel}","templated":true}]}}