{"id":8947,"date":"2023-09-06T09:00:58","date_gmt":"2023-09-06T12:00:58","guid":{"rendered":"https:\/\/brasilnoticias.org\/site\/?p=8947"},"modified":"2023-09-05T20:25:18","modified_gmt":"2023-09-05T23:25:18","slug":"governador-do-rio-grande-do-sul-confirma-morte-de-ao-menos-21-pessoas-por-conta-de-ciclone-extratropical","status":"publish","type":"post","link":"https:\/\/brasilnoticias.org\/site\/governador-do-rio-grande-do-sul-confirma-morte-de-ao-menos-21-pessoas-por-conta-de-ciclone-extratropical\/","title":{"rendered":"Governador do Rio Grande do Sul confirma morte de ao menos 21 pessoas por conta de ciclone extratropical"},"content":{"rendered":"<p>O munic\u00edpio de Mu\u00e7um foi o mais afetado, com 15 \u00f3bitos compilados pelo sistema estadual at\u00e9 o momento<\/p>\n<p>O governador do Rio Grande do Sul, Eduardo Leite (PSDB), confirmou que o n\u00famero de mortes registradas em decorr\u00eancia do ciclone extratropical que atinge o Rio Grande do Sul subiu para 21, nesta ter\u00e7a-feira (5). O munic\u00edpio de Mu\u00e7um foi o mais afetado, com 15 \u00f3bitos compilados at\u00e9 o momento. <\/p>\n<p>Diante da gravidade da situa\u00e7\u00e3o, o governo afirmou que duas viaturas do Instituto Geral de Per\u00edcias (IGP) de Caxias do Sul foram acionadas para Mu\u00e7um, no intuito de auxiliar no processo de remo\u00e7\u00e3o dos cad\u00e1veres, que posteriormente ser\u00e3o encaminhados para Porto Alegre. <\/p>\n<p>Segundo a Defesa Civil estadual, seis mortes haviam sido confirmadas nesta segunda-feira, em cidades situadas no Norte do RS, no entanto, durante uma nova vistoria realizada nesta ter\u00e7a, o Corpo de Bombeiros localizou outros15 corpos. Por conta da passagem do ciclone no Rio Grande do Sul, foram contabilizados pelo sistema estadual o total de 21 mortos, 2.984 desalojados, 1.650 desabrigados e 66 cidades afetadas.<\/p>\n<p>Foto: CBMSC<br \/>\nMetro1<\/p>\n","protected":false},"excerpt":{"rendered":"<p>O munic\u00edpio de Mu\u00e7um foi o mais afetado, com 15 \u00f3bitos compilados pelo sistema estadual at\u00e9 o momento O governador<\/p>\n","protected":false},"author":4,"featured_media":8948,"comment_status":"open","ping_status":"open","sticky":false,"template":"","format":"standard","meta":{"colormag_page_container_layout":"default_layout","colormag_page_sidebar_layout":"default_layout","_FSMCFIC_featured_image_caption":"","_FSMCFIC_featured_image_nocaption":"","_FSMCFIC_featured_image_hide":"","footnotes":""},"categories":[2,1],"tags":[],"class_list":["post-8947","post","type-post","status-publish","format-standard","has-post-thumbnail","hentry","category-noticias","category-ultimas"],"yoast_head":"<!-- This site is optimized with the Yoast SEO plugin v27.1.1 - https:\/\/yoast.com\/product\/yoast-seo-wordpress\/ -->\n<title>Governador do Rio Grande do Sul confirma morte de ao menos 21 pessoas por conta de ciclone extratropical - Brasil not\u00edcias<\/title>\n<meta name=\"robots\" content=\"index, follow, max-snippet:-1, max-image-preview:large, max-video-preview:-1\" \/>\n<link rel=\"canonical\" href=\"https:\/\/brasilnoticias.org\/site\/governador-do-rio-grande-do-sul-confirma-morte-de-ao-menos-21-pessoas-por-conta-de-ciclone-extratropical\/\" \/>\n<meta property=\"og:locale\" content=\"pt_PT\" \/>\n<meta property=\"og:type\" content=\"article\" \/>\n<meta property=\"og:title\" content=\"Governador do Rio Grande do Sul confirma morte de ao menos 21 pessoas por conta de ciclone extratropical - Brasil not\u00edcias\" \/>\n<meta property=\"og:description\" content=\"O munic\u00edpio de Mu\u00e7um foi o mais afetado, com 15 \u00f3bitos compilados pelo sistema estadual at\u00e9 o momento O governador\" \/>\n<meta property=\"og:url\" content=\"https:\/\/brasilnoticias.org\/site\/governador-do-rio-grande-do-sul-confirma-morte-de-ao-menos-21-pessoas-por-conta-de-ciclone-extratropical\/\" \/>\n<meta property=\"og:site_name\" content=\"Brasil not\u00edcias\" \/>\n<meta property=\"article:published_time\" content=\"2023-09-06T12:00:58+00:00\" \/>\n<meta property=\"og:image\" content=\"https:\/\/brasilnoticias.org\/site\/wp-content\/uploads\/2023\/09\/140633governador-do-rio-grande-do-sul-confirma-morte-de-ao-menos-21-pessoas-por-conta-de-ciclone-extratropical-3.jpg\" \/>\n\t<meta property=\"og:image:width\" content=\"1600\" \/>\n\t<meta property=\"og:image:height\" content=\"752\" \/>\n\t<meta property=\"og:image:type\" content=\"image\/jpeg\" \/>\n<meta name=\"author\" content=\"Reda\u00e7\u00e3o\" \/>\n<meta name=\"twitter:card\" content=\"summary_large_image\" \/>\n<meta name=\"twitter:label1\" content=\"Escrito por\" \/>\n\t<meta name=\"twitter:data1\" content=\"Reda\u00e7\u00e3o\" \/>\n\t<meta name=\"twitter:label2\" content=\"Tempo estimado de leitura\" \/>\n\t<meta name=\"twitter:data2\" content=\"1 minuto\" \/>\n<script type=\"application\/ld+json\" class=\"yoast-schema-graph\">{\"@context\":\"https:\/\/schema.org\",\"@graph\":[{\"@type\":\"Article\",\"@id\":\"https:\/\/brasilnoticias.org\/site\/governador-do-rio-grande-do-sul-confirma-morte-de-ao-menos-21-pessoas-por-conta-de-ciclone-extratropical\/#article\",\"isPartOf\":{\"@id\":\"https:\/\/brasilnoticias.org\/site\/governador-do-rio-grande-do-sul-confirma-morte-de-ao-menos-21-pessoas-por-conta-de-ciclone-extratropical\/\"},\"author\":{\"name\":\"Reda\u00e7\u00e3o\",\"@id\":\"https:\/\/brasilnoticias.org\/site\/#\/schema\/person\/03bbbfe6c7634ad18c26444ea39049fa\"},\"headline\":\"Governador do Rio Grande do Sul confirma morte de ao menos 21 pessoas por conta de ciclone extratropical\",\"datePublished\":\"2023-09-06T12:00:58+00:00\",\"mainEntityOfPage\":{\"@id\":\"https:\/\/brasilnoticias.org\/site\/governador-do-rio-grande-do-sul-confirma-morte-de-ao-menos-21-pessoas-por-conta-de-ciclone-extratropical\/\"},\"wordCount\":200,\"commentCount\":0,\"publisher\":{\"@id\":\"https:\/\/brasilnoticias.org\/site\/#organization\"},\"image\":{\"@id\":\"https:\/\/brasilnoticias.org\/site\/governador-do-rio-grande-do-sul-confirma-morte-de-ao-menos-21-pessoas-por-conta-de-ciclone-extratropical\/#primaryimage\"},\"thumbnailUrl\":\"https:\/\/brasilnoticias.org\/site\/wp-content\/uploads\/2023\/09\/140633governador-do-rio-grande-do-sul-confirma-morte-de-ao-menos-21-pessoas-por-conta-de-ciclone-extratropical-3.jpg\",\"articleSection\":[\"Not\u00edcias\",\"\u00daltimas\"],\"inLanguage\":\"pt-PT\",\"potentialAction\":[{\"@type\":\"CommentAction\",\"name\":\"Comment\",\"target\":[\"https:\/\/brasilnoticias.org\/site\/governador-do-rio-grande-do-sul-confirma-morte-de-ao-menos-21-pessoas-por-conta-de-ciclone-extratropical\/#respond\"]}]},{\"@type\":\"WebPage\",\"@id\":\"https:\/\/brasilnoticias.org\/site\/governador-do-rio-grande-do-sul-confirma-morte-de-ao-menos-21-pessoas-por-conta-de-ciclone-extratropical\/\",\"url\":\"https:\/\/brasilnoticias.org\/site\/governador-do-rio-grande-do-sul-confirma-morte-de-ao-menos-21-pessoas-por-conta-de-ciclone-extratropical\/\",\"name\":\"Governador do Rio Grande do Sul confirma morte de ao menos 21 pessoas por conta de ciclone extratropical - Brasil not\u00edcias\",\"isPartOf\":{\"@id\":\"https:\/\/brasilnoticias.org\/site\/#website\"},\"primaryImageOfPage\":{\"@id\":\"https:\/\/brasilnoticias.org\/site\/governador-do-rio-grande-do-sul-confirma-morte-de-ao-menos-21-pessoas-por-conta-de-ciclone-extratropical\/#primaryimage\"},\"image\":{\"@id\":\"https:\/\/brasilnoticias.org\/site\/governador-do-rio-grande-do-sul-confirma-morte-de-ao-menos-21-pessoas-por-conta-de-ciclone-extratropical\/#primaryimage\"},\"thumbnailUrl\":\"https:\/\/brasilnoticias.org\/site\/wp-content\/uploads\/2023\/09\/140633governador-do-rio-grande-do-sul-confirma-morte-de-ao-menos-21-pessoas-por-conta-de-ciclone-extratropical-3.jpg\",\"datePublished\":\"2023-09-06T12:00:58+00:00\",\"breadcrumb\":{\"@id\":\"https:\/\/brasilnoticias.org\/site\/governador-do-rio-grande-do-sul-confirma-morte-de-ao-menos-21-pessoas-por-conta-de-ciclone-extratropical\/#breadcrumb\"},\"inLanguage\":\"pt-PT\",\"potentialAction\":[{\"@type\":\"ReadAction\",\"target\":[\"https:\/\/brasilnoticias.org\/site\/governador-do-rio-grande-do-sul-confirma-morte-de-ao-menos-21-pessoas-por-conta-de-ciclone-extratropical\/\"]}]},{\"@type\":\"ImageObject\",\"inLanguage\":\"pt-PT\",\"@id\":\"https:\/\/brasilnoticias.org\/site\/governador-do-rio-grande-do-sul-confirma-morte-de-ao-menos-21-pessoas-por-conta-de-ciclone-extratropical\/#primaryimage\",\"url\":\"https:\/\/brasilnoticias.org\/site\/wp-content\/uploads\/2023\/09\/140633governador-do-rio-grande-do-sul-confirma-morte-de-ao-menos-21-pessoas-por-conta-de-ciclone-extratropical-3.jpg\",\"contentUrl\":\"https:\/\/brasilnoticias.org\/site\/wp-content\/uploads\/2023\/09\/140633governador-do-rio-grande-do-sul-confirma-morte-de-ao-menos-21-pessoas-por-conta-de-ciclone-extratropical-3.jpg\",\"width\":1600,\"height\":752},{\"@type\":\"BreadcrumbList\",\"@id\":\"https:\/\/brasilnoticias.org\/site\/governador-do-rio-grande-do-sul-confirma-morte-de-ao-menos-21-pessoas-por-conta-de-ciclone-extratropical\/#breadcrumb\",\"itemListElement\":[{\"@type\":\"ListItem\",\"position\":1,\"name\":\"In\u00edcio\",\"item\":\"https:\/\/brasilnoticias.org\/site\/\"},{\"@type\":\"ListItem\",\"position\":2,\"name\":\"Governador do Rio Grande do Sul confirma morte de ao menos 21 pessoas por conta de ciclone extratropical\"}]},{\"@type\":\"WebSite\",\"@id\":\"https:\/\/brasilnoticias.org\/site\/#website\",\"url\":\"https:\/\/brasilnoticias.org\/site\/\",\"name\":\"Brasil not\u00edcias\",\"description\":\"Brasil not\u00edcias\",\"publisher\":{\"@id\":\"https:\/\/brasilnoticias.org\/site\/#organization\"},\"potentialAction\":[{\"@type\":\"SearchAction\",\"target\":{\"@type\":\"EntryPoint\",\"urlTemplate\":\"https:\/\/brasilnoticias.org\/site\/?s={search_term_string}\"},\"query-input\":{\"@type\":\"PropertyValueSpecification\",\"valueRequired\":true,\"valueName\":\"search_term_string\"}}],\"inLanguage\":\"pt-PT\"},{\"@type\":\"Organization\",\"@id\":\"https:\/\/brasilnoticias.org\/site\/#organization\",\"name\":\"Brasil not\u00edcias\",\"url\":\"https:\/\/brasilnoticias.org\/site\/\",\"logo\":{\"@type\":\"ImageObject\",\"inLanguage\":\"pt-PT\",\"@id\":\"https:\/\/brasilnoticias.org\/site\/#\/schema\/logo\/image\/\",\"url\":\"https:\/\/brasilnoticias.org\/site\/wp-content\/uploads\/2022\/05\/cropped-brasilnoticias-mini.jpg\",\"contentUrl\":\"https:\/\/brasilnoticias.org\/site\/wp-content\/uploads\/2022\/05\/cropped-brasilnoticias-mini.jpg\",\"width\":314,\"height\":86,\"caption\":\"Brasil not\u00edcias\"},\"image\":{\"@id\":\"https:\/\/brasilnoticias.org\/site\/#\/schema\/logo\/image\/\"}},{\"@type\":\"Person\",\"@id\":\"https:\/\/brasilnoticias.org\/site\/#\/schema\/person\/03bbbfe6c7634ad18c26444ea39049fa\",\"name\":\"Reda\u00e7\u00e3o\",\"image\":{\"@type\":\"ImageObject\",\"inLanguage\":\"pt-PT\",\"@id\":\"https:\/\/brasilnoticias.org\/site\/#\/schema\/person\/image\/\",\"url\":\"https:\/\/secure.gravatar.com\/avatar\/9ecaf7327a696cb23ad926fedded5f1f04d7049de9e445375d55b48c001a6e42?s=96&d=mm&r=g\",\"contentUrl\":\"https:\/\/secure.gravatar.com\/avatar\/9ecaf7327a696cb23ad926fedded5f1f04d7049de9e445375d55b48c001a6e42?s=96&d=mm&r=g\",\"caption\":\"Reda\u00e7\u00e3o\"},\"url\":\"https:\/\/brasilnoticias.org\/site\/author\/henrique\/\"}]}<\/script>\n<!-- \/ Yoast SEO plugin. -->","yoast_head_json":{"title":"Governador do Rio Grande do Sul confirma morte de ao menos 21 pessoas por conta de ciclone extratropical - Brasil not\u00edcias","robots":{"index":"index","follow":"follow","max-snippet":"max-snippet:-1","max-image-preview":"max-image-preview:large","max-video-preview":"max-video-preview:-1"},"canonical":"https:\/\/brasilnoticias.org\/site\/governador-do-rio-grande-do-sul-confirma-morte-de-ao-menos-21-pessoas-por-conta-de-ciclone-extratropical\/","og_locale":"pt_PT","og_type":"article","og_title":"Governador do Rio Grande do Sul confirma morte de ao menos 21 pessoas por conta de ciclone extratropical - Brasil not\u00edcias","og_description":"O munic\u00edpio de Mu\u00e7um foi o mais afetado, com 15 \u00f3bitos compilados pelo sistema estadual at\u00e9 o momento O governador","og_url":"https:\/\/brasilnoticias.org\/site\/governador-do-rio-grande-do-sul-confirma-morte-de-ao-menos-21-pessoas-por-conta-de-ciclone-extratropical\/","og_site_name":"Brasil not\u00edcias","article_published_time":"2023-09-06T12:00:58+00:00","og_image":[{"width":1600,"height":752,"url":"https:\/\/brasilnoticias.org\/site\/wp-content\/uploads\/2023\/09\/140633governador-do-rio-grande-do-sul-confirma-morte-de-ao-menos-21-pessoas-por-conta-de-ciclone-extratropical-3.jpg","type":"image\/jpeg"}],"author":"Reda\u00e7\u00e3o","twitter_card":"summary_large_image","twitter_misc":{"Escrito por":"Reda\u00e7\u00e3o","Tempo estimado de leitura":"1 minuto"},"schema":{"@context":"https:\/\/schema.org","@graph":[{"@type":"Article","@id":"https:\/\/brasilnoticias.org\/site\/governador-do-rio-grande-do-sul-confirma-morte-de-ao-menos-21-pessoas-por-conta-de-ciclone-extratropical\/#article","isPartOf":{"@id":"https:\/\/brasilnoticias.org\/site\/governador-do-rio-grande-do-sul-confirma-morte-de-ao-menos-21-pessoas-por-conta-de-ciclone-extratropical\/"},"author":{"name":"Reda\u00e7\u00e3o","@id":"https:\/\/brasilnoticias.org\/site\/#\/schema\/person\/03bbbfe6c7634ad18c26444ea39049fa"},"headline":"Governador do Rio Grande do Sul confirma morte de ao menos 21 pessoas por conta de ciclone extratropical","datePublished":"2023-09-06T12:00:58+00:00","mainEntityOfPage":{"@id":"https:\/\/brasilnoticias.org\/site\/governador-do-rio-grande-do-sul-confirma-morte-de-ao-menos-21-pessoas-por-conta-de-ciclone-extratropical\/"},"wordCount":200,"commentCount":0,"publisher":{"@id":"https:\/\/brasilnoticias.org\/site\/#organization"},"image":{"@id":"https:\/\/brasilnoticias.org\/site\/governador-do-rio-grande-do-sul-confirma-morte-de-ao-menos-21-pessoas-por-conta-de-ciclone-extratropical\/#primaryimage"},"thumbnailUrl":"https:\/\/brasilnoticias.org\/site\/wp-content\/uploads\/2023\/09\/140633governador-do-rio-grande-do-sul-confirma-morte-de-ao-menos-21-pessoas-por-conta-de-ciclone-extratropical-3.jpg","articleSection":["Not\u00edcias","\u00daltimas"],"inLanguage":"pt-PT","potentialAction":[{"@type":"CommentAction","name":"Comment","target":["https:\/\/brasilnoticias.org\/site\/governador-do-rio-grande-do-sul-confirma-morte-de-ao-menos-21-pessoas-por-conta-de-ciclone-extratropical\/#respond"]}]},{"@type":"WebPage","@id":"https:\/\/brasilnoticias.org\/site\/governador-do-rio-grande-do-sul-confirma-morte-de-ao-menos-21-pessoas-por-conta-de-ciclone-extratropical\/","url":"https:\/\/brasilnoticias.org\/site\/governador-do-rio-grande-do-sul-confirma-morte-de-ao-menos-21-pessoas-por-conta-de-ciclone-extratropical\/","name":"Governador do Rio Grande do Sul confirma morte de ao menos 21 pessoas por conta de ciclone extratropical - Brasil not\u00edcias","isPartOf":{"@id":"https:\/\/brasilnoticias.org\/site\/#website"},"primaryImageOfPage":{"@id":"https:\/\/brasilnoticias.org\/site\/governador-do-rio-grande-do-sul-confirma-morte-de-ao-menos-21-pessoas-por-conta-de-ciclone-extratropical\/#primaryimage"},"image":{"@id":"https:\/\/brasilnoticias.org\/site\/governador-do-rio-grande-do-sul-confirma-morte-de-ao-menos-21-pessoas-por-conta-de-ciclone-extratropical\/#primaryimage"},"thumbnailUrl":"https:\/\/brasilnoticias.org\/site\/wp-content\/uploads\/2023\/09\/140633governador-do-rio-grande-do-sul-confirma-morte-de-ao-menos-21-pessoas-por-conta-de-ciclone-extratropical-3.jpg","datePublished":"2023-09-06T12:00:58+00:00","breadcrumb":{"@id":"https:\/\/brasilnoticias.org\/site\/governador-do-rio-grande-do-sul-confirma-morte-de-ao-menos-21-pessoas-por-conta-de-ciclone-extratropical\/#breadcrumb"},"inLanguage":"pt-PT","potentialAction":[{"@type":"ReadAction","target":["https:\/\/brasilnoticias.org\/site\/governador-do-rio-grande-do-sul-confirma-morte-de-ao-menos-21-pessoas-por-conta-de-ciclone-extratropical\/"]}]},{"@type":"ImageObject","inLanguage":"pt-PT","@id":"https:\/\/brasilnoticias.org\/site\/governador-do-rio-grande-do-sul-confirma-morte-de-ao-menos-21-pessoas-por-conta-de-ciclone-extratropical\/#primaryimage","url":"https:\/\/brasilnoticias.org\/site\/wp-content\/uploads\/2023\/09\/140633governador-do-rio-grande-do-sul-confirma-morte-de-ao-menos-21-pessoas-por-conta-de-ciclone-extratropical-3.jpg","contentUrl":"https:\/\/brasilnoticias.org\/site\/wp-content\/uploads\/2023\/09\/140633governador-do-rio-grande-do-sul-confirma-morte-de-ao-menos-21-pessoas-por-conta-de-ciclone-extratropical-3.jpg","width":1600,"height":752},{"@type":"BreadcrumbList","@id":"https:\/\/brasilnoticias.org\/site\/governador-do-rio-grande-do-sul-confirma-morte-de-ao-menos-21-pessoas-por-conta-de-ciclone-extratropical\/#breadcrumb","itemListElement":[{"@type":"ListItem","position":1,"name":"In\u00edcio","item":"https:\/\/brasilnoticias.org\/site\/"},{"@type":"ListItem","position":2,"name":"Governador do Rio Grande do Sul confirma morte de ao menos 21 pessoas por conta de ciclone extratropical"}]},{"@type":"WebSite","@id":"https:\/\/brasilnoticias.org\/site\/#website","url":"https:\/\/brasilnoticias.org\/site\/","name":"Brasil not\u00edcias","description":"Brasil not\u00edcias","publisher":{"@id":"https:\/\/brasilnoticias.org\/site\/#organization"},"potentialAction":[{"@type":"SearchAction","target":{"@type":"EntryPoint","urlTemplate":"https:\/\/brasilnoticias.org\/site\/?s={search_term_string}"},"query-input":{"@type":"PropertyValueSpecification","valueRequired":true,"valueName":"search_term_string"}}],"inLanguage":"pt-PT"},{"@type":"Organization","@id":"https:\/\/brasilnoticias.org\/site\/#organization","name":"Brasil not\u00edcias","url":"https:\/\/brasilnoticias.org\/site\/","logo":{"@type":"ImageObject","inLanguage":"pt-PT","@id":"https:\/\/brasilnoticias.org\/site\/#\/schema\/logo\/image\/","url":"https:\/\/brasilnoticias.org\/site\/wp-content\/uploads\/2022\/05\/cropped-brasilnoticias-mini.jpg","contentUrl":"https:\/\/brasilnoticias.org\/site\/wp-content\/uploads\/2022\/05\/cropped-brasilnoticias-mini.jpg","width":314,"height":86,"caption":"Brasil not\u00edcias"},"image":{"@id":"https:\/\/brasilnoticias.org\/site\/#\/schema\/logo\/image\/"}},{"@type":"Person","@id":"https:\/\/brasilnoticias.org\/site\/#\/schema\/person\/03bbbfe6c7634ad18c26444ea39049fa","name":"Reda\u00e7\u00e3o","image":{"@type":"ImageObject","inLanguage":"pt-PT","@id":"https:\/\/brasilnoticias.org\/site\/#\/schema\/person\/image\/","url":"https:\/\/secure.gravatar.com\/avatar\/9ecaf7327a696cb23ad926fedded5f1f04d7049de9e445375d55b48c001a6e42?s=96&d=mm&r=g","contentUrl":"https:\/\/secure.gravatar.com\/avatar\/9ecaf7327a696cb23ad926fedded5f1f04d7049de9e445375d55b48c001a6e42?s=96&d=mm&r=g","caption":"Reda\u00e7\u00e3o"},"url":"https:\/\/brasilnoticias.org\/site\/author\/henrique\/"}]}},"_links":{"self":[{"href":"https:\/\/brasilnoticias.org\/site\/wp-json\/wp\/v2\/posts\/8947","targetHints":{"allow":["GET"]}}],"collection":[{"href":"https:\/\/brasilnoticias.org\/site\/wp-json\/wp\/v2\/posts"}],"about":[{"href":"https:\/\/brasilnoticias.org\/site\/wp-json\/wp\/v2\/types\/post"}],"author":[{"embeddable":true,"href":"https:\/\/brasilnoticias.org\/site\/wp-json\/wp\/v2\/users\/4"}],"replies":[{"embeddable":true,"href":"https:\/\/brasilnoticias.org\/site\/wp-json\/wp\/v2\/comments?post=8947"}],"version-history":[{"count":1,"href":"https:\/\/brasilnoticias.org\/site\/wp-json\/wp\/v2\/posts\/8947\/revisions"}],"predecessor-version":[{"id":8949,"href":"https:\/\/brasilnoticias.org\/site\/wp-json\/wp\/v2\/posts\/8947\/revisions\/8949"}],"wp:featuredmedia":[{"embeddable":true,"href":"https:\/\/brasilnoticias.org\/site\/wp-json\/wp\/v2\/media\/8948"}],"wp:attachment":[{"href":"https:\/\/brasilnoticias.org\/site\/wp-json\/wp\/v2\/media?parent=8947"}],"wp:term":[{"taxonomy":"category","embeddable":true,"href":"https:\/\/brasilnoticias.org\/site\/wp-json\/wp\/v2\/categories?post=8947"},{"taxonomy":"post_tag","embeddable":true,"href":"https:\/\/brasilnoticias.org\/site\/wp-json\/wp\/v2\/tags?post=8947"}],"curies":[{"name":"wp","href":"https:\/\/api.w.org\/{rel}","templated":true}]}}