{"id":8963,"date":"2023-09-06T08:21:35","date_gmt":"2023-09-06T11:21:35","guid":{"rendered":"https:\/\/brasilnoticias.org\/site\/?p=8963"},"modified":"2023-09-05T20:24:23","modified_gmt":"2023-09-05T23:24:23","slug":"prefeito-de-cidade-baiana-gasta-quase-r-2-milhoes-em-contrato-de-publicidade","status":"publish","type":"post","link":"https:\/\/brasilnoticias.org\/site\/prefeito-de-cidade-baiana-gasta-quase-r-2-milhoes-em-contrato-de-publicidade\/","title":{"rendered":"Prefeito de cidade baiana gasta quase R$ 2 milh\u00f5es em contrato de publicidade"},"content":{"rendered":"<p>O prefeito do munic\u00edpio de Catu, localizado no centro-norte baiano, Narlison Borges de Sales, conhecido como Pequeno Sales (PT), firmou um contrato de R$ 1.875.000,00 com a empresa Paulo de Souza Lima ME para publicidade. No dia 20 de janeiro, foi assinado um aditivo de 8% sobre esse valor, ou seja, R$ 150.000,00.<\/p>\n<p>O primeiro aditamento foi feito no m\u00eas de fevereiro, e teve o objetivo de acrescentar o valor de R$ 375.000,00 equivalente a 25% do valor global do contrato original de R$ 1.500.000,00, assinado em janeiro. <\/p>\n<p>Na publica\u00e7\u00e3o do Di\u00e1rio Oficial do Munic\u00edpio do \u00faltimo dia 10 de abril, o objetivo da empresa \u00e9 de prestar servi\u00e7os de publicidade, por interm\u00e9dio de ag\u00eancia de propaganda, compreendendo o conjunto de atividades realizadas integradamente que tenham por objetivo o estudo, o planejamento, a conceitua\u00e7\u00e3o, a concep\u00e7\u00e3o, a cria\u00e7\u00e3o, a execu\u00e7\u00e3o interna, a intermedia\u00e7\u00e3o e a supervis\u00e3o da execu\u00e7\u00e3o externa e a distribui\u00e7\u00e3o de a\u00e7\u00f5es publicit\u00e1rias.<\/p>\n<p>Em abril, den\u00fancias de falta de investimento em saneamento b\u00e1sico, como a desativa\u00e7\u00e3o do lix\u00e3o da cidade, vieram \u00e0 tona, aumentando a insatisfa\u00e7\u00e3o dos moradores do munic\u00edpio ap\u00f3s a exposi\u00e7\u00e3o do contrato com a empresa de publicidade.<\/p>\n<p>Foto: Reprodu\u00e7\u00e3o<br \/>\nBNews<\/p>\n","protected":false},"excerpt":{"rendered":"<p>O prefeito do munic\u00edpio de Catu, localizado no centro-norte baiano, Narlison Borges de Sales, conhecido como Pequeno Sales (PT), firmou<\/p>\n","protected":false},"author":4,"featured_media":8964,"comment_status":"open","ping_status":"open","sticky":false,"template":"","format":"standard","meta":{"colormag_page_container_layout":"default_layout","colormag_page_sidebar_layout":"default_layout","_FSMCFIC_featured_image_caption":"","_FSMCFIC_featured_image_nocaption":"","_FSMCFIC_featured_image_hide":"","footnotes":""},"categories":[5,1],"tags":[],"class_list":["post-8963","post","type-post","status-publish","format-standard","has-post-thumbnail","hentry","category-politica","category-ultimas"],"yoast_head":"<!-- This site is optimized with the Yoast SEO plugin v27.1.1 - https:\/\/yoast.com\/product\/yoast-seo-wordpress\/ -->\n<title>Prefeito de cidade baiana gasta quase R$ 2 milh\u00f5es em contrato de publicidade - Brasil not\u00edcias<\/title>\n<meta name=\"robots\" content=\"index, follow, max-snippet:-1, max-image-preview:large, max-video-preview:-1\" \/>\n<link rel=\"canonical\" href=\"https:\/\/brasilnoticias.org\/site\/prefeito-de-cidade-baiana-gasta-quase-r-2-milhoes-em-contrato-de-publicidade\/\" \/>\n<meta property=\"og:locale\" content=\"pt_PT\" \/>\n<meta property=\"og:type\" content=\"article\" \/>\n<meta property=\"og:title\" content=\"Prefeito de cidade baiana gasta quase R$ 2 milh\u00f5es em contrato de publicidade - Brasil not\u00edcias\" \/>\n<meta property=\"og:description\" content=\"O prefeito do munic\u00edpio de Catu, localizado no centro-norte baiano, Narlison Borges de Sales, conhecido como Pequeno Sales (PT), firmou\" \/>\n<meta property=\"og:url\" content=\"https:\/\/brasilnoticias.org\/site\/prefeito-de-cidade-baiana-gasta-quase-r-2-milhoes-em-contrato-de-publicidade\/\" \/>\n<meta property=\"og:site_name\" content=\"Brasil not\u00edcias\" \/>\n<meta property=\"article:published_time\" content=\"2023-09-06T11:21:35+00:00\" \/>\n<meta property=\"og:image\" content=\"https:\/\/brasilnoticias.org\/site\/wp-content\/uploads\/2023\/09\/7a3aefacc6dd1a09ceca6d65ef606899_widelg.jpeg\" \/>\n\t<meta property=\"og:image:width\" content=\"680\" \/>\n\t<meta property=\"og:image:height\" content=\"450\" \/>\n\t<meta property=\"og:image:type\" content=\"image\/jpeg\" \/>\n<meta name=\"author\" content=\"Reda\u00e7\u00e3o\" \/>\n<meta name=\"twitter:card\" content=\"summary_large_image\" \/>\n<meta name=\"twitter:label1\" content=\"Escrito por\" \/>\n\t<meta name=\"twitter:data1\" content=\"Reda\u00e7\u00e3o\" \/>\n<script type=\"application\/ld+json\" class=\"yoast-schema-graph\">{\"@context\":\"https:\/\/schema.org\",\"@graph\":[{\"@type\":\"Article\",\"@id\":\"https:\/\/brasilnoticias.org\/site\/prefeito-de-cidade-baiana-gasta-quase-r-2-milhoes-em-contrato-de-publicidade\/#article\",\"isPartOf\":{\"@id\":\"https:\/\/brasilnoticias.org\/site\/prefeito-de-cidade-baiana-gasta-quase-r-2-milhoes-em-contrato-de-publicidade\/\"},\"author\":{\"name\":\"Reda\u00e7\u00e3o\",\"@id\":\"https:\/\/brasilnoticias.org\/site\/#\/schema\/person\/03bbbfe6c7634ad18c26444ea39049fa\"},\"headline\":\"Prefeito de cidade baiana gasta quase R$ 2 milh\u00f5es em contrato de publicidade\",\"datePublished\":\"2023-09-06T11:21:35+00:00\",\"mainEntityOfPage\":{\"@id\":\"https:\/\/brasilnoticias.org\/site\/prefeito-de-cidade-baiana-gasta-quase-r-2-milhoes-em-contrato-de-publicidade\/\"},\"wordCount\":225,\"commentCount\":0,\"publisher\":{\"@id\":\"https:\/\/brasilnoticias.org\/site\/#organization\"},\"image\":{\"@id\":\"https:\/\/brasilnoticias.org\/site\/prefeito-de-cidade-baiana-gasta-quase-r-2-milhoes-em-contrato-de-publicidade\/#primaryimage\"},\"thumbnailUrl\":\"https:\/\/brasilnoticias.org\/site\/wp-content\/uploads\/2023\/09\/7a3aefacc6dd1a09ceca6d65ef606899_widelg.jpeg\",\"articleSection\":[\"Pol\u00edtica\",\"\u00daltimas\"],\"inLanguage\":\"pt-PT\",\"potentialAction\":[{\"@type\":\"CommentAction\",\"name\":\"Comment\",\"target\":[\"https:\/\/brasilnoticias.org\/site\/prefeito-de-cidade-baiana-gasta-quase-r-2-milhoes-em-contrato-de-publicidade\/#respond\"]}]},{\"@type\":\"WebPage\",\"@id\":\"https:\/\/brasilnoticias.org\/site\/prefeito-de-cidade-baiana-gasta-quase-r-2-milhoes-em-contrato-de-publicidade\/\",\"url\":\"https:\/\/brasilnoticias.org\/site\/prefeito-de-cidade-baiana-gasta-quase-r-2-milhoes-em-contrato-de-publicidade\/\",\"name\":\"Prefeito de cidade baiana gasta quase R$ 2 milh\u00f5es em contrato de publicidade - Brasil not\u00edcias\",\"isPartOf\":{\"@id\":\"https:\/\/brasilnoticias.org\/site\/#website\"},\"primaryImageOfPage\":{\"@id\":\"https:\/\/brasilnoticias.org\/site\/prefeito-de-cidade-baiana-gasta-quase-r-2-milhoes-em-contrato-de-publicidade\/#primaryimage\"},\"image\":{\"@id\":\"https:\/\/brasilnoticias.org\/site\/prefeito-de-cidade-baiana-gasta-quase-r-2-milhoes-em-contrato-de-publicidade\/#primaryimage\"},\"thumbnailUrl\":\"https:\/\/brasilnoticias.org\/site\/wp-content\/uploads\/2023\/09\/7a3aefacc6dd1a09ceca6d65ef606899_widelg.jpeg\",\"datePublished\":\"2023-09-06T11:21:35+00:00\",\"breadcrumb\":{\"@id\":\"https:\/\/brasilnoticias.org\/site\/prefeito-de-cidade-baiana-gasta-quase-r-2-milhoes-em-contrato-de-publicidade\/#breadcrumb\"},\"inLanguage\":\"pt-PT\",\"potentialAction\":[{\"@type\":\"ReadAction\",\"target\":[\"https:\/\/brasilnoticias.org\/site\/prefeito-de-cidade-baiana-gasta-quase-r-2-milhoes-em-contrato-de-publicidade\/\"]}]},{\"@type\":\"ImageObject\",\"inLanguage\":\"pt-PT\",\"@id\":\"https:\/\/brasilnoticias.org\/site\/prefeito-de-cidade-baiana-gasta-quase-r-2-milhoes-em-contrato-de-publicidade\/#primaryimage\",\"url\":\"https:\/\/brasilnoticias.org\/site\/wp-content\/uploads\/2023\/09\/7a3aefacc6dd1a09ceca6d65ef606899_widelg.jpeg\",\"contentUrl\":\"https:\/\/brasilnoticias.org\/site\/wp-content\/uploads\/2023\/09\/7a3aefacc6dd1a09ceca6d65ef606899_widelg.jpeg\",\"width\":680,\"height\":450},{\"@type\":\"BreadcrumbList\",\"@id\":\"https:\/\/brasilnoticias.org\/site\/prefeito-de-cidade-baiana-gasta-quase-r-2-milhoes-em-contrato-de-publicidade\/#breadcrumb\",\"itemListElement\":[{\"@type\":\"ListItem\",\"position\":1,\"name\":\"In\u00edcio\",\"item\":\"https:\/\/brasilnoticias.org\/site\/\"},{\"@type\":\"ListItem\",\"position\":2,\"name\":\"Prefeito de cidade baiana gasta quase R$ 2 milh\u00f5es em contrato de publicidade\"}]},{\"@type\":\"WebSite\",\"@id\":\"https:\/\/brasilnoticias.org\/site\/#website\",\"url\":\"https:\/\/brasilnoticias.org\/site\/\",\"name\":\"Brasil not\u00edcias\",\"description\":\"Brasil not\u00edcias\",\"publisher\":{\"@id\":\"https:\/\/brasilnoticias.org\/site\/#organization\"},\"potentialAction\":[{\"@type\":\"SearchAction\",\"target\":{\"@type\":\"EntryPoint\",\"urlTemplate\":\"https:\/\/brasilnoticias.org\/site\/?s={search_term_string}\"},\"query-input\":{\"@type\":\"PropertyValueSpecification\",\"valueRequired\":true,\"valueName\":\"search_term_string\"}}],\"inLanguage\":\"pt-PT\"},{\"@type\":\"Organization\",\"@id\":\"https:\/\/brasilnoticias.org\/site\/#organization\",\"name\":\"Brasil not\u00edcias\",\"url\":\"https:\/\/brasilnoticias.org\/site\/\",\"logo\":{\"@type\":\"ImageObject\",\"inLanguage\":\"pt-PT\",\"@id\":\"https:\/\/brasilnoticias.org\/site\/#\/schema\/logo\/image\/\",\"url\":\"https:\/\/brasilnoticias.org\/site\/wp-content\/uploads\/2022\/05\/cropped-brasilnoticias-mini.jpg\",\"contentUrl\":\"https:\/\/brasilnoticias.org\/site\/wp-content\/uploads\/2022\/05\/cropped-brasilnoticias-mini.jpg\",\"width\":314,\"height\":86,\"caption\":\"Brasil not\u00edcias\"},\"image\":{\"@id\":\"https:\/\/brasilnoticias.org\/site\/#\/schema\/logo\/image\/\"}},{\"@type\":\"Person\",\"@id\":\"https:\/\/brasilnoticias.org\/site\/#\/schema\/person\/03bbbfe6c7634ad18c26444ea39049fa\",\"name\":\"Reda\u00e7\u00e3o\",\"image\":{\"@type\":\"ImageObject\",\"inLanguage\":\"pt-PT\",\"@id\":\"https:\/\/brasilnoticias.org\/site\/#\/schema\/person\/image\/\",\"url\":\"https:\/\/secure.gravatar.com\/avatar\/9ecaf7327a696cb23ad926fedded5f1f04d7049de9e445375d55b48c001a6e42?s=96&d=mm&r=g\",\"contentUrl\":\"https:\/\/secure.gravatar.com\/avatar\/9ecaf7327a696cb23ad926fedded5f1f04d7049de9e445375d55b48c001a6e42?s=96&d=mm&r=g\",\"caption\":\"Reda\u00e7\u00e3o\"},\"url\":\"https:\/\/brasilnoticias.org\/site\/author\/henrique\/\"}]}<\/script>\n<!-- \/ Yoast SEO plugin. -->","yoast_head_json":{"title":"Prefeito de cidade baiana gasta quase R$ 2 milh\u00f5es em contrato de publicidade - Brasil not\u00edcias","robots":{"index":"index","follow":"follow","max-snippet":"max-snippet:-1","max-image-preview":"max-image-preview:large","max-video-preview":"max-video-preview:-1"},"canonical":"https:\/\/brasilnoticias.org\/site\/prefeito-de-cidade-baiana-gasta-quase-r-2-milhoes-em-contrato-de-publicidade\/","og_locale":"pt_PT","og_type":"article","og_title":"Prefeito de cidade baiana gasta quase R$ 2 milh\u00f5es em contrato de publicidade - Brasil not\u00edcias","og_description":"O prefeito do munic\u00edpio de Catu, localizado no centro-norte baiano, Narlison Borges de Sales, conhecido como Pequeno Sales (PT), firmou","og_url":"https:\/\/brasilnoticias.org\/site\/prefeito-de-cidade-baiana-gasta-quase-r-2-milhoes-em-contrato-de-publicidade\/","og_site_name":"Brasil not\u00edcias","article_published_time":"2023-09-06T11:21:35+00:00","og_image":[{"width":680,"height":450,"url":"https:\/\/brasilnoticias.org\/site\/wp-content\/uploads\/2023\/09\/7a3aefacc6dd1a09ceca6d65ef606899_widelg.jpeg","type":"image\/jpeg"}],"author":"Reda\u00e7\u00e3o","twitter_card":"summary_large_image","twitter_misc":{"Escrito por":"Reda\u00e7\u00e3o"},"schema":{"@context":"https:\/\/schema.org","@graph":[{"@type":"Article","@id":"https:\/\/brasilnoticias.org\/site\/prefeito-de-cidade-baiana-gasta-quase-r-2-milhoes-em-contrato-de-publicidade\/#article","isPartOf":{"@id":"https:\/\/brasilnoticias.org\/site\/prefeito-de-cidade-baiana-gasta-quase-r-2-milhoes-em-contrato-de-publicidade\/"},"author":{"name":"Reda\u00e7\u00e3o","@id":"https:\/\/brasilnoticias.org\/site\/#\/schema\/person\/03bbbfe6c7634ad18c26444ea39049fa"},"headline":"Prefeito de cidade baiana gasta quase R$ 2 milh\u00f5es em contrato de publicidade","datePublished":"2023-09-06T11:21:35+00:00","mainEntityOfPage":{"@id":"https:\/\/brasilnoticias.org\/site\/prefeito-de-cidade-baiana-gasta-quase-r-2-milhoes-em-contrato-de-publicidade\/"},"wordCount":225,"commentCount":0,"publisher":{"@id":"https:\/\/brasilnoticias.org\/site\/#organization"},"image":{"@id":"https:\/\/brasilnoticias.org\/site\/prefeito-de-cidade-baiana-gasta-quase-r-2-milhoes-em-contrato-de-publicidade\/#primaryimage"},"thumbnailUrl":"https:\/\/brasilnoticias.org\/site\/wp-content\/uploads\/2023\/09\/7a3aefacc6dd1a09ceca6d65ef606899_widelg.jpeg","articleSection":["Pol\u00edtica","\u00daltimas"],"inLanguage":"pt-PT","potentialAction":[{"@type":"CommentAction","name":"Comment","target":["https:\/\/brasilnoticias.org\/site\/prefeito-de-cidade-baiana-gasta-quase-r-2-milhoes-em-contrato-de-publicidade\/#respond"]}]},{"@type":"WebPage","@id":"https:\/\/brasilnoticias.org\/site\/prefeito-de-cidade-baiana-gasta-quase-r-2-milhoes-em-contrato-de-publicidade\/","url":"https:\/\/brasilnoticias.org\/site\/prefeito-de-cidade-baiana-gasta-quase-r-2-milhoes-em-contrato-de-publicidade\/","name":"Prefeito de cidade baiana gasta quase R$ 2 milh\u00f5es em contrato de publicidade - Brasil not\u00edcias","isPartOf":{"@id":"https:\/\/brasilnoticias.org\/site\/#website"},"primaryImageOfPage":{"@id":"https:\/\/brasilnoticias.org\/site\/prefeito-de-cidade-baiana-gasta-quase-r-2-milhoes-em-contrato-de-publicidade\/#primaryimage"},"image":{"@id":"https:\/\/brasilnoticias.org\/site\/prefeito-de-cidade-baiana-gasta-quase-r-2-milhoes-em-contrato-de-publicidade\/#primaryimage"},"thumbnailUrl":"https:\/\/brasilnoticias.org\/site\/wp-content\/uploads\/2023\/09\/7a3aefacc6dd1a09ceca6d65ef606899_widelg.jpeg","datePublished":"2023-09-06T11:21:35+00:00","breadcrumb":{"@id":"https:\/\/brasilnoticias.org\/site\/prefeito-de-cidade-baiana-gasta-quase-r-2-milhoes-em-contrato-de-publicidade\/#breadcrumb"},"inLanguage":"pt-PT","potentialAction":[{"@type":"ReadAction","target":["https:\/\/brasilnoticias.org\/site\/prefeito-de-cidade-baiana-gasta-quase-r-2-milhoes-em-contrato-de-publicidade\/"]}]},{"@type":"ImageObject","inLanguage":"pt-PT","@id":"https:\/\/brasilnoticias.org\/site\/prefeito-de-cidade-baiana-gasta-quase-r-2-milhoes-em-contrato-de-publicidade\/#primaryimage","url":"https:\/\/brasilnoticias.org\/site\/wp-content\/uploads\/2023\/09\/7a3aefacc6dd1a09ceca6d65ef606899_widelg.jpeg","contentUrl":"https:\/\/brasilnoticias.org\/site\/wp-content\/uploads\/2023\/09\/7a3aefacc6dd1a09ceca6d65ef606899_widelg.jpeg","width":680,"height":450},{"@type":"BreadcrumbList","@id":"https:\/\/brasilnoticias.org\/site\/prefeito-de-cidade-baiana-gasta-quase-r-2-milhoes-em-contrato-de-publicidade\/#breadcrumb","itemListElement":[{"@type":"ListItem","position":1,"name":"In\u00edcio","item":"https:\/\/brasilnoticias.org\/site\/"},{"@type":"ListItem","position":2,"name":"Prefeito de cidade baiana gasta quase R$ 2 milh\u00f5es em contrato de publicidade"}]},{"@type":"WebSite","@id":"https:\/\/brasilnoticias.org\/site\/#website","url":"https:\/\/brasilnoticias.org\/site\/","name":"Brasil not\u00edcias","description":"Brasil not\u00edcias","publisher":{"@id":"https:\/\/brasilnoticias.org\/site\/#organization"},"potentialAction":[{"@type":"SearchAction","target":{"@type":"EntryPoint","urlTemplate":"https:\/\/brasilnoticias.org\/site\/?s={search_term_string}"},"query-input":{"@type":"PropertyValueSpecification","valueRequired":true,"valueName":"search_term_string"}}],"inLanguage":"pt-PT"},{"@type":"Organization","@id":"https:\/\/brasilnoticias.org\/site\/#organization","name":"Brasil not\u00edcias","url":"https:\/\/brasilnoticias.org\/site\/","logo":{"@type":"ImageObject","inLanguage":"pt-PT","@id":"https:\/\/brasilnoticias.org\/site\/#\/schema\/logo\/image\/","url":"https:\/\/brasilnoticias.org\/site\/wp-content\/uploads\/2022\/05\/cropped-brasilnoticias-mini.jpg","contentUrl":"https:\/\/brasilnoticias.org\/site\/wp-content\/uploads\/2022\/05\/cropped-brasilnoticias-mini.jpg","width":314,"height":86,"caption":"Brasil not\u00edcias"},"image":{"@id":"https:\/\/brasilnoticias.org\/site\/#\/schema\/logo\/image\/"}},{"@type":"Person","@id":"https:\/\/brasilnoticias.org\/site\/#\/schema\/person\/03bbbfe6c7634ad18c26444ea39049fa","name":"Reda\u00e7\u00e3o","image":{"@type":"ImageObject","inLanguage":"pt-PT","@id":"https:\/\/brasilnoticias.org\/site\/#\/schema\/person\/image\/","url":"https:\/\/secure.gravatar.com\/avatar\/9ecaf7327a696cb23ad926fedded5f1f04d7049de9e445375d55b48c001a6e42?s=96&d=mm&r=g","contentUrl":"https:\/\/secure.gravatar.com\/avatar\/9ecaf7327a696cb23ad926fedded5f1f04d7049de9e445375d55b48c001a6e42?s=96&d=mm&r=g","caption":"Reda\u00e7\u00e3o"},"url":"https:\/\/brasilnoticias.org\/site\/author\/henrique\/"}]}},"_links":{"self":[{"href":"https:\/\/brasilnoticias.org\/site\/wp-json\/wp\/v2\/posts\/8963","targetHints":{"allow":["GET"]}}],"collection":[{"href":"https:\/\/brasilnoticias.org\/site\/wp-json\/wp\/v2\/posts"}],"about":[{"href":"https:\/\/brasilnoticias.org\/site\/wp-json\/wp\/v2\/types\/post"}],"author":[{"embeddable":true,"href":"https:\/\/brasilnoticias.org\/site\/wp-json\/wp\/v2\/users\/4"}],"replies":[{"embeddable":true,"href":"https:\/\/brasilnoticias.org\/site\/wp-json\/wp\/v2\/comments?post=8963"}],"version-history":[{"count":1,"href":"https:\/\/brasilnoticias.org\/site\/wp-json\/wp\/v2\/posts\/8963\/revisions"}],"predecessor-version":[{"id":8965,"href":"https:\/\/brasilnoticias.org\/site\/wp-json\/wp\/v2\/posts\/8963\/revisions\/8965"}],"wp:featuredmedia":[{"embeddable":true,"href":"https:\/\/brasilnoticias.org\/site\/wp-json\/wp\/v2\/media\/8964"}],"wp:attachment":[{"href":"https:\/\/brasilnoticias.org\/site\/wp-json\/wp\/v2\/media?parent=8963"}],"wp:term":[{"taxonomy":"category","embeddable":true,"href":"https:\/\/brasilnoticias.org\/site\/wp-json\/wp\/v2\/categories?post=8963"},{"taxonomy":"post_tag","embeddable":true,"href":"https:\/\/brasilnoticias.org\/site\/wp-json\/wp\/v2\/tags?post=8963"}],"curies":[{"name":"wp","href":"https:\/\/api.w.org\/{rel}","templated":true}]}}