{"id":8977,"date":"2023-09-06T18:11:58","date_gmt":"2023-09-06T21:11:58","guid":{"rendered":"https:\/\/brasilnoticias.org\/site\/?p=8977"},"modified":"2023-09-12T13:52:51","modified_gmt":"2023-09-12T16:52:51","slug":"stf-rosa-weber-vota-contra-marco-temporal-quilombola","status":"publish","type":"post","link":"https:\/\/brasilnoticias.org\/site\/stf-rosa-weber-vota-contra-marco-temporal-quilombola\/","title":{"rendered":"STF: Rosa Weber vota contra \u2018marco temporal quilombola\u2019"},"content":{"rendered":"<p>A presidente do Supremo Tribunal Federal (STF), Rosa Weber, votou nesta quarta-feira (06) contra um \u201cmarco temporal quilombola\u201d para a regulariza\u00e7\u00e3o fundi\u00e1ria dos territ\u00f3rios das comunidades tradicionais de fundo e fecho de pasto na Bahia.<\/p>\n<p>A ministra declarou em seu voto a inconstitucionalidade de uma lei da Bahia de 2013, que fixa o prazo de 31 de dezembro de 2018 para a regulariza\u00e7\u00e3o fundi\u00e1ria dos territ\u00f3rios das comunidades tradicionais de fundo e fecho de pasto, no semi\u00e1rido do estado nordestino.<\/p>\n<p>A norma chegou ao STF ap\u00f3s ser questionada pela Procuradoria-Geral da Rep\u00fablica (PGR) em 2017.<\/p>\n<p>Weber fez um apelo em prol da seguran\u00e7a das comunidades tradicionais, que v\u00eam relando amea\u00e7as em raz\u00e3o de quest\u00f5es fundi\u00e1rias. \u201cFa\u00e7o um apelo ao estado da Bahia, instando a adotar todas as medidas necess\u00e1rias para que essas comunidades possam usufruir de seus direitos patrimoniais e mantenham a integridade f\u00edsica de seus membros\u201d, afirmou.<\/p>\n<p>A lei questionada pela PGR trata da regulariza\u00e7\u00e3o de terras p\u00fablicas estaduais, rurais e devolutas, ocupadas tradicionalmente por comunidades remanescentes de quilombos e por comunidades de fundo e fecho de pasto, que s\u00e3o grupos tradicionais que vivem de pastoreio comunal em \u00e1reas rurais do sert\u00e3o baiano.<\/p>\n<p>Foto: Reprodu\u00e7\u00e3o\/STF<br \/>\nGazeta Brasil<\/p>\n","protected":false},"excerpt":{"rendered":"<p>A presidente do Supremo Tribunal Federal (STF), Rosa Weber, votou nesta quarta-feira (06) contra um \u201cmarco temporal quilombola\u201d para a<\/p>\n","protected":false},"author":4,"featured_media":8978,"comment_status":"open","ping_status":"open","sticky":false,"template":"","format":"standard","meta":{"colormag_page_container_layout":"default_layout","colormag_page_sidebar_layout":"default_layout","_FSMCFIC_featured_image_caption":"","_FSMCFIC_featured_image_nocaption":"","_FSMCFIC_featured_image_hide":"","footnotes":""},"categories":[7,1],"tags":[],"class_list":["post-8977","post","type-post","status-publish","format-standard","has-post-thumbnail","hentry","category-justica","category-ultimas"],"yoast_head":"<!-- This site is optimized with the Yoast SEO plugin v27.1.1 - https:\/\/yoast.com\/product\/yoast-seo-wordpress\/ -->\n<title>STF: Rosa Weber vota contra \u2018marco temporal quilombola\u2019 - Brasil not\u00edcias<\/title>\n<meta name=\"robots\" content=\"index, follow, max-snippet:-1, max-image-preview:large, max-video-preview:-1\" \/>\n<link rel=\"canonical\" href=\"https:\/\/brasilnoticias.org\/site\/stf-rosa-weber-vota-contra-marco-temporal-quilombola\/\" \/>\n<meta property=\"og:locale\" content=\"pt_PT\" \/>\n<meta property=\"og:type\" content=\"article\" \/>\n<meta property=\"og:title\" content=\"STF: Rosa Weber vota contra \u2018marco temporal quilombola\u2019 - Brasil not\u00edcias\" \/>\n<meta property=\"og:description\" content=\"A presidente do Supremo Tribunal Federal (STF), Rosa Weber, votou nesta quarta-feira (06) contra um \u201cmarco temporal quilombola\u201d para a\" \/>\n<meta property=\"og:url\" content=\"https:\/\/brasilnoticias.org\/site\/stf-rosa-weber-vota-contra-marco-temporal-quilombola\/\" \/>\n<meta property=\"og:site_name\" content=\"Brasil not\u00edcias\" \/>\n<meta property=\"article:published_time\" content=\"2023-09-06T21:11:58+00:00\" \/>\n<meta property=\"article:modified_time\" content=\"2023-09-12T16:52:51+00:00\" \/>\n<meta property=\"og:image\" content=\"https:\/\/brasilnoticias.org\/site\/wp-content\/uploads\/2023\/09\/AJKS-750x375-1.jpg\" \/>\n\t<meta property=\"og:image:width\" content=\"750\" \/>\n\t<meta property=\"og:image:height\" content=\"375\" \/>\n\t<meta property=\"og:image:type\" content=\"image\/jpeg\" \/>\n<meta name=\"author\" content=\"Reda\u00e7\u00e3o\" \/>\n<meta name=\"twitter:card\" content=\"summary_large_image\" \/>\n<meta name=\"twitter:label1\" content=\"Escrito por\" \/>\n\t<meta name=\"twitter:data1\" content=\"Reda\u00e7\u00e3o\" \/>\n<script type=\"application\/ld+json\" class=\"yoast-schema-graph\">{\"@context\":\"https:\/\/schema.org\",\"@graph\":[{\"@type\":\"Article\",\"@id\":\"https:\/\/brasilnoticias.org\/site\/stf-rosa-weber-vota-contra-marco-temporal-quilombola\/#article\",\"isPartOf\":{\"@id\":\"https:\/\/brasilnoticias.org\/site\/stf-rosa-weber-vota-contra-marco-temporal-quilombola\/\"},\"author\":{\"name\":\"Reda\u00e7\u00e3o\",\"@id\":\"https:\/\/brasilnoticias.org\/site\/#\/schema\/person\/03bbbfe6c7634ad18c26444ea39049fa\"},\"headline\":\"STF: Rosa Weber vota contra \u2018marco temporal quilombola\u2019\",\"datePublished\":\"2023-09-06T21:11:58+00:00\",\"dateModified\":\"2023-09-12T16:52:51+00:00\",\"mainEntityOfPage\":{\"@id\":\"https:\/\/brasilnoticias.org\/site\/stf-rosa-weber-vota-contra-marco-temporal-quilombola\/\"},\"wordCount\":225,\"commentCount\":0,\"publisher\":{\"@id\":\"https:\/\/brasilnoticias.org\/site\/#organization\"},\"image\":{\"@id\":\"https:\/\/brasilnoticias.org\/site\/stf-rosa-weber-vota-contra-marco-temporal-quilombola\/#primaryimage\"},\"thumbnailUrl\":\"https:\/\/brasilnoticias.org\/site\/wp-content\/uploads\/2023\/09\/AJKS-750x375-1.jpg\",\"articleSection\":[\"Justi\u00e7a\",\"\u00daltimas\"],\"inLanguage\":\"pt-PT\",\"potentialAction\":[{\"@type\":\"CommentAction\",\"name\":\"Comment\",\"target\":[\"https:\/\/brasilnoticias.org\/site\/stf-rosa-weber-vota-contra-marco-temporal-quilombola\/#respond\"]}]},{\"@type\":\"WebPage\",\"@id\":\"https:\/\/brasilnoticias.org\/site\/stf-rosa-weber-vota-contra-marco-temporal-quilombola\/\",\"url\":\"https:\/\/brasilnoticias.org\/site\/stf-rosa-weber-vota-contra-marco-temporal-quilombola\/\",\"name\":\"STF: Rosa Weber vota contra \u2018marco temporal quilombola\u2019 - Brasil not\u00edcias\",\"isPartOf\":{\"@id\":\"https:\/\/brasilnoticias.org\/site\/#website\"},\"primaryImageOfPage\":{\"@id\":\"https:\/\/brasilnoticias.org\/site\/stf-rosa-weber-vota-contra-marco-temporal-quilombola\/#primaryimage\"},\"image\":{\"@id\":\"https:\/\/brasilnoticias.org\/site\/stf-rosa-weber-vota-contra-marco-temporal-quilombola\/#primaryimage\"},\"thumbnailUrl\":\"https:\/\/brasilnoticias.org\/site\/wp-content\/uploads\/2023\/09\/AJKS-750x375-1.jpg\",\"datePublished\":\"2023-09-06T21:11:58+00:00\",\"dateModified\":\"2023-09-12T16:52:51+00:00\",\"breadcrumb\":{\"@id\":\"https:\/\/brasilnoticias.org\/site\/stf-rosa-weber-vota-contra-marco-temporal-quilombola\/#breadcrumb\"},\"inLanguage\":\"pt-PT\",\"potentialAction\":[{\"@type\":\"ReadAction\",\"target\":[\"https:\/\/brasilnoticias.org\/site\/stf-rosa-weber-vota-contra-marco-temporal-quilombola\/\"]}]},{\"@type\":\"ImageObject\",\"inLanguage\":\"pt-PT\",\"@id\":\"https:\/\/brasilnoticias.org\/site\/stf-rosa-weber-vota-contra-marco-temporal-quilombola\/#primaryimage\",\"url\":\"https:\/\/brasilnoticias.org\/site\/wp-content\/uploads\/2023\/09\/AJKS-750x375-1.jpg\",\"contentUrl\":\"https:\/\/brasilnoticias.org\/site\/wp-content\/uploads\/2023\/09\/AJKS-750x375-1.jpg\",\"width\":750,\"height\":375},{\"@type\":\"BreadcrumbList\",\"@id\":\"https:\/\/brasilnoticias.org\/site\/stf-rosa-weber-vota-contra-marco-temporal-quilombola\/#breadcrumb\",\"itemListElement\":[{\"@type\":\"ListItem\",\"position\":1,\"name\":\"In\u00edcio\",\"item\":\"https:\/\/brasilnoticias.org\/site\/\"},{\"@type\":\"ListItem\",\"position\":2,\"name\":\"STF: Rosa Weber vota contra \u2018marco temporal quilombola\u2019\"}]},{\"@type\":\"WebSite\",\"@id\":\"https:\/\/brasilnoticias.org\/site\/#website\",\"url\":\"https:\/\/brasilnoticias.org\/site\/\",\"name\":\"Brasil not\u00edcias\",\"description\":\"Brasil not\u00edcias\",\"publisher\":{\"@id\":\"https:\/\/brasilnoticias.org\/site\/#organization\"},\"potentialAction\":[{\"@type\":\"SearchAction\",\"target\":{\"@type\":\"EntryPoint\",\"urlTemplate\":\"https:\/\/brasilnoticias.org\/site\/?s={search_term_string}\"},\"query-input\":{\"@type\":\"PropertyValueSpecification\",\"valueRequired\":true,\"valueName\":\"search_term_string\"}}],\"inLanguage\":\"pt-PT\"},{\"@type\":\"Organization\",\"@id\":\"https:\/\/brasilnoticias.org\/site\/#organization\",\"name\":\"Brasil not\u00edcias\",\"url\":\"https:\/\/brasilnoticias.org\/site\/\",\"logo\":{\"@type\":\"ImageObject\",\"inLanguage\":\"pt-PT\",\"@id\":\"https:\/\/brasilnoticias.org\/site\/#\/schema\/logo\/image\/\",\"url\":\"https:\/\/brasilnoticias.org\/site\/wp-content\/uploads\/2022\/05\/cropped-brasilnoticias-mini.jpg\",\"contentUrl\":\"https:\/\/brasilnoticias.org\/site\/wp-content\/uploads\/2022\/05\/cropped-brasilnoticias-mini.jpg\",\"width\":314,\"height\":86,\"caption\":\"Brasil not\u00edcias\"},\"image\":{\"@id\":\"https:\/\/brasilnoticias.org\/site\/#\/schema\/logo\/image\/\"}},{\"@type\":\"Person\",\"@id\":\"https:\/\/brasilnoticias.org\/site\/#\/schema\/person\/03bbbfe6c7634ad18c26444ea39049fa\",\"name\":\"Reda\u00e7\u00e3o\",\"image\":{\"@type\":\"ImageObject\",\"inLanguage\":\"pt-PT\",\"@id\":\"https:\/\/brasilnoticias.org\/site\/#\/schema\/person\/image\/\",\"url\":\"https:\/\/secure.gravatar.com\/avatar\/9ecaf7327a696cb23ad926fedded5f1f04d7049de9e445375d55b48c001a6e42?s=96&d=mm&r=g\",\"contentUrl\":\"https:\/\/secure.gravatar.com\/avatar\/9ecaf7327a696cb23ad926fedded5f1f04d7049de9e445375d55b48c001a6e42?s=96&d=mm&r=g\",\"caption\":\"Reda\u00e7\u00e3o\"},\"url\":\"https:\/\/brasilnoticias.org\/site\/author\/henrique\/\"}]}<\/script>\n<!-- \/ Yoast SEO plugin. -->","yoast_head_json":{"title":"STF: Rosa Weber vota contra \u2018marco temporal quilombola\u2019 - Brasil not\u00edcias","robots":{"index":"index","follow":"follow","max-snippet":"max-snippet:-1","max-image-preview":"max-image-preview:large","max-video-preview":"max-video-preview:-1"},"canonical":"https:\/\/brasilnoticias.org\/site\/stf-rosa-weber-vota-contra-marco-temporal-quilombola\/","og_locale":"pt_PT","og_type":"article","og_title":"STF: Rosa Weber vota contra \u2018marco temporal quilombola\u2019 - Brasil not\u00edcias","og_description":"A presidente do Supremo Tribunal Federal (STF), Rosa Weber, votou nesta quarta-feira (06) contra um \u201cmarco temporal quilombola\u201d para a","og_url":"https:\/\/brasilnoticias.org\/site\/stf-rosa-weber-vota-contra-marco-temporal-quilombola\/","og_site_name":"Brasil not\u00edcias","article_published_time":"2023-09-06T21:11:58+00:00","article_modified_time":"2023-09-12T16:52:51+00:00","og_image":[{"width":750,"height":375,"url":"https:\/\/brasilnoticias.org\/site\/wp-content\/uploads\/2023\/09\/AJKS-750x375-1.jpg","type":"image\/jpeg"}],"author":"Reda\u00e7\u00e3o","twitter_card":"summary_large_image","twitter_misc":{"Escrito por":"Reda\u00e7\u00e3o"},"schema":{"@context":"https:\/\/schema.org","@graph":[{"@type":"Article","@id":"https:\/\/brasilnoticias.org\/site\/stf-rosa-weber-vota-contra-marco-temporal-quilombola\/#article","isPartOf":{"@id":"https:\/\/brasilnoticias.org\/site\/stf-rosa-weber-vota-contra-marco-temporal-quilombola\/"},"author":{"name":"Reda\u00e7\u00e3o","@id":"https:\/\/brasilnoticias.org\/site\/#\/schema\/person\/03bbbfe6c7634ad18c26444ea39049fa"},"headline":"STF: Rosa Weber vota contra \u2018marco temporal quilombola\u2019","datePublished":"2023-09-06T21:11:58+00:00","dateModified":"2023-09-12T16:52:51+00:00","mainEntityOfPage":{"@id":"https:\/\/brasilnoticias.org\/site\/stf-rosa-weber-vota-contra-marco-temporal-quilombola\/"},"wordCount":225,"commentCount":0,"publisher":{"@id":"https:\/\/brasilnoticias.org\/site\/#organization"},"image":{"@id":"https:\/\/brasilnoticias.org\/site\/stf-rosa-weber-vota-contra-marco-temporal-quilombola\/#primaryimage"},"thumbnailUrl":"https:\/\/brasilnoticias.org\/site\/wp-content\/uploads\/2023\/09\/AJKS-750x375-1.jpg","articleSection":["Justi\u00e7a","\u00daltimas"],"inLanguage":"pt-PT","potentialAction":[{"@type":"CommentAction","name":"Comment","target":["https:\/\/brasilnoticias.org\/site\/stf-rosa-weber-vota-contra-marco-temporal-quilombola\/#respond"]}]},{"@type":"WebPage","@id":"https:\/\/brasilnoticias.org\/site\/stf-rosa-weber-vota-contra-marco-temporal-quilombola\/","url":"https:\/\/brasilnoticias.org\/site\/stf-rosa-weber-vota-contra-marco-temporal-quilombola\/","name":"STF: Rosa Weber vota contra \u2018marco temporal quilombola\u2019 - Brasil not\u00edcias","isPartOf":{"@id":"https:\/\/brasilnoticias.org\/site\/#website"},"primaryImageOfPage":{"@id":"https:\/\/brasilnoticias.org\/site\/stf-rosa-weber-vota-contra-marco-temporal-quilombola\/#primaryimage"},"image":{"@id":"https:\/\/brasilnoticias.org\/site\/stf-rosa-weber-vota-contra-marco-temporal-quilombola\/#primaryimage"},"thumbnailUrl":"https:\/\/brasilnoticias.org\/site\/wp-content\/uploads\/2023\/09\/AJKS-750x375-1.jpg","datePublished":"2023-09-06T21:11:58+00:00","dateModified":"2023-09-12T16:52:51+00:00","breadcrumb":{"@id":"https:\/\/brasilnoticias.org\/site\/stf-rosa-weber-vota-contra-marco-temporal-quilombola\/#breadcrumb"},"inLanguage":"pt-PT","potentialAction":[{"@type":"ReadAction","target":["https:\/\/brasilnoticias.org\/site\/stf-rosa-weber-vota-contra-marco-temporal-quilombola\/"]}]},{"@type":"ImageObject","inLanguage":"pt-PT","@id":"https:\/\/brasilnoticias.org\/site\/stf-rosa-weber-vota-contra-marco-temporal-quilombola\/#primaryimage","url":"https:\/\/brasilnoticias.org\/site\/wp-content\/uploads\/2023\/09\/AJKS-750x375-1.jpg","contentUrl":"https:\/\/brasilnoticias.org\/site\/wp-content\/uploads\/2023\/09\/AJKS-750x375-1.jpg","width":750,"height":375},{"@type":"BreadcrumbList","@id":"https:\/\/brasilnoticias.org\/site\/stf-rosa-weber-vota-contra-marco-temporal-quilombola\/#breadcrumb","itemListElement":[{"@type":"ListItem","position":1,"name":"In\u00edcio","item":"https:\/\/brasilnoticias.org\/site\/"},{"@type":"ListItem","position":2,"name":"STF: Rosa Weber vota contra \u2018marco temporal quilombola\u2019"}]},{"@type":"WebSite","@id":"https:\/\/brasilnoticias.org\/site\/#website","url":"https:\/\/brasilnoticias.org\/site\/","name":"Brasil not\u00edcias","description":"Brasil not\u00edcias","publisher":{"@id":"https:\/\/brasilnoticias.org\/site\/#organization"},"potentialAction":[{"@type":"SearchAction","target":{"@type":"EntryPoint","urlTemplate":"https:\/\/brasilnoticias.org\/site\/?s={search_term_string}"},"query-input":{"@type":"PropertyValueSpecification","valueRequired":true,"valueName":"search_term_string"}}],"inLanguage":"pt-PT"},{"@type":"Organization","@id":"https:\/\/brasilnoticias.org\/site\/#organization","name":"Brasil not\u00edcias","url":"https:\/\/brasilnoticias.org\/site\/","logo":{"@type":"ImageObject","inLanguage":"pt-PT","@id":"https:\/\/brasilnoticias.org\/site\/#\/schema\/logo\/image\/","url":"https:\/\/brasilnoticias.org\/site\/wp-content\/uploads\/2022\/05\/cropped-brasilnoticias-mini.jpg","contentUrl":"https:\/\/brasilnoticias.org\/site\/wp-content\/uploads\/2022\/05\/cropped-brasilnoticias-mini.jpg","width":314,"height":86,"caption":"Brasil not\u00edcias"},"image":{"@id":"https:\/\/brasilnoticias.org\/site\/#\/schema\/logo\/image\/"}},{"@type":"Person","@id":"https:\/\/brasilnoticias.org\/site\/#\/schema\/person\/03bbbfe6c7634ad18c26444ea39049fa","name":"Reda\u00e7\u00e3o","image":{"@type":"ImageObject","inLanguage":"pt-PT","@id":"https:\/\/brasilnoticias.org\/site\/#\/schema\/person\/image\/","url":"https:\/\/secure.gravatar.com\/avatar\/9ecaf7327a696cb23ad926fedded5f1f04d7049de9e445375d55b48c001a6e42?s=96&d=mm&r=g","contentUrl":"https:\/\/secure.gravatar.com\/avatar\/9ecaf7327a696cb23ad926fedded5f1f04d7049de9e445375d55b48c001a6e42?s=96&d=mm&r=g","caption":"Reda\u00e7\u00e3o"},"url":"https:\/\/brasilnoticias.org\/site\/author\/henrique\/"}]}},"_links":{"self":[{"href":"https:\/\/brasilnoticias.org\/site\/wp-json\/wp\/v2\/posts\/8977","targetHints":{"allow":["GET"]}}],"collection":[{"href":"https:\/\/brasilnoticias.org\/site\/wp-json\/wp\/v2\/posts"}],"about":[{"href":"https:\/\/brasilnoticias.org\/site\/wp-json\/wp\/v2\/types\/post"}],"author":[{"embeddable":true,"href":"https:\/\/brasilnoticias.org\/site\/wp-json\/wp\/v2\/users\/4"}],"replies":[{"embeddable":true,"href":"https:\/\/brasilnoticias.org\/site\/wp-json\/wp\/v2\/comments?post=8977"}],"version-history":[{"count":1,"href":"https:\/\/brasilnoticias.org\/site\/wp-json\/wp\/v2\/posts\/8977\/revisions"}],"predecessor-version":[{"id":8979,"href":"https:\/\/brasilnoticias.org\/site\/wp-json\/wp\/v2\/posts\/8977\/revisions\/8979"}],"wp:featuredmedia":[{"embeddable":true,"href":"https:\/\/brasilnoticias.org\/site\/wp-json\/wp\/v2\/media\/8978"}],"wp:attachment":[{"href":"https:\/\/brasilnoticias.org\/site\/wp-json\/wp\/v2\/media?parent=8977"}],"wp:term":[{"taxonomy":"category","embeddable":true,"href":"https:\/\/brasilnoticias.org\/site\/wp-json\/wp\/v2\/categories?post=8977"},{"taxonomy":"post_tag","embeddable":true,"href":"https:\/\/brasilnoticias.org\/site\/wp-json\/wp\/v2\/tags?post=8977"}],"curies":[{"name":"wp","href":"https:\/\/api.w.org\/{rel}","templated":true}]}}