{"id":8980,"date":"2023-09-06T18:13:13","date_gmt":"2023-09-06T21:13:13","guid":{"rendered":"https:\/\/brasilnoticias.org\/site\/?p=8980"},"modified":"2023-09-06T18:13:13","modified_gmt":"2023-09-06T21:13:13","slug":"mp-ba-aciona-unidades-da-le-biscuit-em-salvador-por-inconformidades-sanitarias","status":"publish","type":"post","link":"https:\/\/brasilnoticias.org\/site\/mp-ba-aciona-unidades-da-le-biscuit-em-salvador-por-inconformidades-sanitarias\/","title":{"rendered":"MP-BA aciona unidades da Le Biscuit em Salvador por inconformidades sanit\u00e1rias"},"content":{"rendered":"<p>Minist\u00e9rio P\u00fablico da Bahia acionou 13 unidades do estabelecimento na regi\u00e3o de Salvador<\/p>\n<p>O Minist\u00e9rio P\u00fablico da Bahia (MP-BA), acionou a Justi\u00e7a para que 13 lojas da Le Biscuit sanem inconformidades sanit\u00e1rias graves, al\u00e9m de obrigar que elas executem projetos de seguran\u00e7a contra inc\u00eandio e p\u00e2nico. <\/p>\n<p>A investiga\u00e7\u00e3o do \u00f3rg\u00e3o p\u00fablico teve in\u00edcio ap\u00f3s a den\u00fancia de um consumidor que teria adquirido produtos estragados da marca Lacta em uma das unidades da Le Biscuit. A a\u00e7\u00e3o considerou  relat\u00f3rios t\u00e9cnicos de inspe\u00e7\u00e3o do Corpo de Bombeiros Militar do Estado da Bahia (CBMBA) e da Vigil\u00e2ncia Sanit\u00e1ria de Salvador (Visa). <\/p>\n<p>O documento aponta que as 13 filiais t\u00eam problemas relacionados \u00e0 falta de salubridade, limpeza e higiene durante o armazenamento e com\u00e9rcio de g\u00eaneros aliment\u00edcios, al\u00e9m de tamb\u00e9m ter estruturas desprotegidas contra situa\u00e7\u00f5es de inc\u00eandio e p\u00e2nico.<\/p>\n<p>A a\u00e7\u00e3o se dirige \u00e0s unidades da Le Biscuit nos Shoppings Salvador, Salvador Norte, Barra, Bela Vista, Paralela, da Bahia, Piedade e Cajazeiras, al\u00e9m das unidades localizadas nos bairros da Pituba, Com\u00e9rcio, Bonoc\u00f4, Liberdade e \u00c1guas Claras. A institui\u00e7\u00e3o tamb\u00e9m acionou a Lacta, por ter vendido produtos estragados em uma das unidades da Le Biscuit investigada.<\/p>\n<p>Foto: Reprodu\u00e7\u00e3o<br \/>\nMetro1<\/p>\n","protected":false},"excerpt":{"rendered":"<p>Minist\u00e9rio P\u00fablico da Bahia acionou 13 unidades do estabelecimento na regi\u00e3o de Salvador O Minist\u00e9rio P\u00fablico da Bahia (MP-BA), acionou<\/p>\n","protected":false},"author":4,"featured_media":8981,"comment_status":"open","ping_status":"open","sticky":false,"template":"","format":"standard","meta":{"colormag_page_container_layout":"default_layout","colormag_page_sidebar_layout":"default_layout","_FSMCFIC_featured_image_caption":"","_FSMCFIC_featured_image_nocaption":"","_FSMCFIC_featured_image_hide":"","footnotes":""},"categories":[2,1],"tags":[],"class_list":["post-8980","post","type-post","status-publish","format-standard","has-post-thumbnail","hentry","category-noticias","category-ultimas"],"yoast_head":"<!-- This site is optimized with the Yoast SEO plugin v27.1.1 - https:\/\/yoast.com\/product\/yoast-seo-wordpress\/ -->\n<title>MP-BA aciona unidades da Le Biscuit em Salvador por inconformidades sanit\u00e1rias - Brasil not\u00edcias<\/title>\n<meta name=\"robots\" content=\"index, follow, max-snippet:-1, max-image-preview:large, max-video-preview:-1\" \/>\n<link rel=\"canonical\" href=\"https:\/\/brasilnoticias.org\/site\/mp-ba-aciona-unidades-da-le-biscuit-em-salvador-por-inconformidades-sanitarias\/\" \/>\n<meta property=\"og:locale\" content=\"pt_PT\" \/>\n<meta property=\"og:type\" content=\"article\" \/>\n<meta property=\"og:title\" content=\"MP-BA aciona unidades da Le Biscuit em Salvador por inconformidades sanit\u00e1rias - Brasil not\u00edcias\" \/>\n<meta property=\"og:description\" content=\"Minist\u00e9rio P\u00fablico da Bahia acionou 13 unidades do estabelecimento na regi\u00e3o de Salvador O Minist\u00e9rio P\u00fablico da Bahia (MP-BA), acionou\" \/>\n<meta property=\"og:url\" content=\"https:\/\/brasilnoticias.org\/site\/mp-ba-aciona-unidades-da-le-biscuit-em-salvador-por-inconformidades-sanitarias\/\" \/>\n<meta property=\"og:site_name\" content=\"Brasil not\u00edcias\" \/>\n<meta property=\"article:published_time\" content=\"2023-09-06T21:13:13+00:00\" \/>\n<meta property=\"og:image\" content=\"https:\/\/brasilnoticias.org\/site\/wp-content\/uploads\/2023\/09\/140675mp-ba-aciona-unidades-da-le-biscuit-em-salvador-por-inconformidades-sanitarias-3.jpg\" \/>\n\t<meta property=\"og:image:width\" content=\"1600\" \/>\n\t<meta property=\"og:image:height\" content=\"752\" \/>\n\t<meta property=\"og:image:type\" content=\"image\/jpeg\" \/>\n<meta name=\"author\" content=\"Reda\u00e7\u00e3o\" \/>\n<meta name=\"twitter:card\" content=\"summary_large_image\" \/>\n<meta name=\"twitter:label1\" content=\"Escrito por\" \/>\n\t<meta name=\"twitter:data1\" content=\"Reda\u00e7\u00e3o\" \/>\n<script type=\"application\/ld+json\" class=\"yoast-schema-graph\">{\"@context\":\"https:\/\/schema.org\",\"@graph\":[{\"@type\":\"Article\",\"@id\":\"https:\/\/brasilnoticias.org\/site\/mp-ba-aciona-unidades-da-le-biscuit-em-salvador-por-inconformidades-sanitarias\/#article\",\"isPartOf\":{\"@id\":\"https:\/\/brasilnoticias.org\/site\/mp-ba-aciona-unidades-da-le-biscuit-em-salvador-por-inconformidades-sanitarias\/\"},\"author\":{\"name\":\"Reda\u00e7\u00e3o\",\"@id\":\"https:\/\/brasilnoticias.org\/site\/#\/schema\/person\/03bbbfe6c7634ad18c26444ea39049fa\"},\"headline\":\"MP-BA aciona unidades da Le Biscuit em Salvador por inconformidades sanit\u00e1rias\",\"datePublished\":\"2023-09-06T21:13:13+00:00\",\"mainEntityOfPage\":{\"@id\":\"https:\/\/brasilnoticias.org\/site\/mp-ba-aciona-unidades-da-le-biscuit-em-salvador-por-inconformidades-sanitarias\/\"},\"wordCount\":240,\"commentCount\":0,\"publisher\":{\"@id\":\"https:\/\/brasilnoticias.org\/site\/#organization\"},\"image\":{\"@id\":\"https:\/\/brasilnoticias.org\/site\/mp-ba-aciona-unidades-da-le-biscuit-em-salvador-por-inconformidades-sanitarias\/#primaryimage\"},\"thumbnailUrl\":\"https:\/\/brasilnoticias.org\/site\/wp-content\/uploads\/2023\/09\/140675mp-ba-aciona-unidades-da-le-biscuit-em-salvador-por-inconformidades-sanitarias-3.jpg\",\"articleSection\":[\"Not\u00edcias\",\"\u00daltimas\"],\"inLanguage\":\"pt-PT\",\"potentialAction\":[{\"@type\":\"CommentAction\",\"name\":\"Comment\",\"target\":[\"https:\/\/brasilnoticias.org\/site\/mp-ba-aciona-unidades-da-le-biscuit-em-salvador-por-inconformidades-sanitarias\/#respond\"]}]},{\"@type\":\"WebPage\",\"@id\":\"https:\/\/brasilnoticias.org\/site\/mp-ba-aciona-unidades-da-le-biscuit-em-salvador-por-inconformidades-sanitarias\/\",\"url\":\"https:\/\/brasilnoticias.org\/site\/mp-ba-aciona-unidades-da-le-biscuit-em-salvador-por-inconformidades-sanitarias\/\",\"name\":\"MP-BA aciona unidades da Le Biscuit em Salvador por inconformidades sanit\u00e1rias - Brasil not\u00edcias\",\"isPartOf\":{\"@id\":\"https:\/\/brasilnoticias.org\/site\/#website\"},\"primaryImageOfPage\":{\"@id\":\"https:\/\/brasilnoticias.org\/site\/mp-ba-aciona-unidades-da-le-biscuit-em-salvador-por-inconformidades-sanitarias\/#primaryimage\"},\"image\":{\"@id\":\"https:\/\/brasilnoticias.org\/site\/mp-ba-aciona-unidades-da-le-biscuit-em-salvador-por-inconformidades-sanitarias\/#primaryimage\"},\"thumbnailUrl\":\"https:\/\/brasilnoticias.org\/site\/wp-content\/uploads\/2023\/09\/140675mp-ba-aciona-unidades-da-le-biscuit-em-salvador-por-inconformidades-sanitarias-3.jpg\",\"datePublished\":\"2023-09-06T21:13:13+00:00\",\"breadcrumb\":{\"@id\":\"https:\/\/brasilnoticias.org\/site\/mp-ba-aciona-unidades-da-le-biscuit-em-salvador-por-inconformidades-sanitarias\/#breadcrumb\"},\"inLanguage\":\"pt-PT\",\"potentialAction\":[{\"@type\":\"ReadAction\",\"target\":[\"https:\/\/brasilnoticias.org\/site\/mp-ba-aciona-unidades-da-le-biscuit-em-salvador-por-inconformidades-sanitarias\/\"]}]},{\"@type\":\"ImageObject\",\"inLanguage\":\"pt-PT\",\"@id\":\"https:\/\/brasilnoticias.org\/site\/mp-ba-aciona-unidades-da-le-biscuit-em-salvador-por-inconformidades-sanitarias\/#primaryimage\",\"url\":\"https:\/\/brasilnoticias.org\/site\/wp-content\/uploads\/2023\/09\/140675mp-ba-aciona-unidades-da-le-biscuit-em-salvador-por-inconformidades-sanitarias-3.jpg\",\"contentUrl\":\"https:\/\/brasilnoticias.org\/site\/wp-content\/uploads\/2023\/09\/140675mp-ba-aciona-unidades-da-le-biscuit-em-salvador-por-inconformidades-sanitarias-3.jpg\",\"width\":1600,\"height\":752},{\"@type\":\"BreadcrumbList\",\"@id\":\"https:\/\/brasilnoticias.org\/site\/mp-ba-aciona-unidades-da-le-biscuit-em-salvador-por-inconformidades-sanitarias\/#breadcrumb\",\"itemListElement\":[{\"@type\":\"ListItem\",\"position\":1,\"name\":\"In\u00edcio\",\"item\":\"https:\/\/brasilnoticias.org\/site\/\"},{\"@type\":\"ListItem\",\"position\":2,\"name\":\"MP-BA aciona unidades da Le Biscuit em Salvador por inconformidades sanit\u00e1rias\"}]},{\"@type\":\"WebSite\",\"@id\":\"https:\/\/brasilnoticias.org\/site\/#website\",\"url\":\"https:\/\/brasilnoticias.org\/site\/\",\"name\":\"Brasil not\u00edcias\",\"description\":\"Brasil not\u00edcias\",\"publisher\":{\"@id\":\"https:\/\/brasilnoticias.org\/site\/#organization\"},\"potentialAction\":[{\"@type\":\"SearchAction\",\"target\":{\"@type\":\"EntryPoint\",\"urlTemplate\":\"https:\/\/brasilnoticias.org\/site\/?s={search_term_string}\"},\"query-input\":{\"@type\":\"PropertyValueSpecification\",\"valueRequired\":true,\"valueName\":\"search_term_string\"}}],\"inLanguage\":\"pt-PT\"},{\"@type\":\"Organization\",\"@id\":\"https:\/\/brasilnoticias.org\/site\/#organization\",\"name\":\"Brasil not\u00edcias\",\"url\":\"https:\/\/brasilnoticias.org\/site\/\",\"logo\":{\"@type\":\"ImageObject\",\"inLanguage\":\"pt-PT\",\"@id\":\"https:\/\/brasilnoticias.org\/site\/#\/schema\/logo\/image\/\",\"url\":\"https:\/\/brasilnoticias.org\/site\/wp-content\/uploads\/2022\/05\/cropped-brasilnoticias-mini.jpg\",\"contentUrl\":\"https:\/\/brasilnoticias.org\/site\/wp-content\/uploads\/2022\/05\/cropped-brasilnoticias-mini.jpg\",\"width\":314,\"height\":86,\"caption\":\"Brasil not\u00edcias\"},\"image\":{\"@id\":\"https:\/\/brasilnoticias.org\/site\/#\/schema\/logo\/image\/\"}},{\"@type\":\"Person\",\"@id\":\"https:\/\/brasilnoticias.org\/site\/#\/schema\/person\/03bbbfe6c7634ad18c26444ea39049fa\",\"name\":\"Reda\u00e7\u00e3o\",\"image\":{\"@type\":\"ImageObject\",\"inLanguage\":\"pt-PT\",\"@id\":\"https:\/\/brasilnoticias.org\/site\/#\/schema\/person\/image\/\",\"url\":\"https:\/\/secure.gravatar.com\/avatar\/9ecaf7327a696cb23ad926fedded5f1f04d7049de9e445375d55b48c001a6e42?s=96&d=mm&r=g\",\"contentUrl\":\"https:\/\/secure.gravatar.com\/avatar\/9ecaf7327a696cb23ad926fedded5f1f04d7049de9e445375d55b48c001a6e42?s=96&d=mm&r=g\",\"caption\":\"Reda\u00e7\u00e3o\"},\"url\":\"https:\/\/brasilnoticias.org\/site\/author\/henrique\/\"}]}<\/script>\n<!-- \/ Yoast SEO plugin. -->","yoast_head_json":{"title":"MP-BA aciona unidades da Le Biscuit em Salvador por inconformidades sanit\u00e1rias - Brasil not\u00edcias","robots":{"index":"index","follow":"follow","max-snippet":"max-snippet:-1","max-image-preview":"max-image-preview:large","max-video-preview":"max-video-preview:-1"},"canonical":"https:\/\/brasilnoticias.org\/site\/mp-ba-aciona-unidades-da-le-biscuit-em-salvador-por-inconformidades-sanitarias\/","og_locale":"pt_PT","og_type":"article","og_title":"MP-BA aciona unidades da Le Biscuit em Salvador por inconformidades sanit\u00e1rias - Brasil not\u00edcias","og_description":"Minist\u00e9rio P\u00fablico da Bahia acionou 13 unidades do estabelecimento na regi\u00e3o de Salvador O Minist\u00e9rio P\u00fablico da Bahia (MP-BA), acionou","og_url":"https:\/\/brasilnoticias.org\/site\/mp-ba-aciona-unidades-da-le-biscuit-em-salvador-por-inconformidades-sanitarias\/","og_site_name":"Brasil not\u00edcias","article_published_time":"2023-09-06T21:13:13+00:00","og_image":[{"width":1600,"height":752,"url":"https:\/\/brasilnoticias.org\/site\/wp-content\/uploads\/2023\/09\/140675mp-ba-aciona-unidades-da-le-biscuit-em-salvador-por-inconformidades-sanitarias-3.jpg","type":"image\/jpeg"}],"author":"Reda\u00e7\u00e3o","twitter_card":"summary_large_image","twitter_misc":{"Escrito por":"Reda\u00e7\u00e3o"},"schema":{"@context":"https:\/\/schema.org","@graph":[{"@type":"Article","@id":"https:\/\/brasilnoticias.org\/site\/mp-ba-aciona-unidades-da-le-biscuit-em-salvador-por-inconformidades-sanitarias\/#article","isPartOf":{"@id":"https:\/\/brasilnoticias.org\/site\/mp-ba-aciona-unidades-da-le-biscuit-em-salvador-por-inconformidades-sanitarias\/"},"author":{"name":"Reda\u00e7\u00e3o","@id":"https:\/\/brasilnoticias.org\/site\/#\/schema\/person\/03bbbfe6c7634ad18c26444ea39049fa"},"headline":"MP-BA aciona unidades da Le Biscuit em Salvador por inconformidades sanit\u00e1rias","datePublished":"2023-09-06T21:13:13+00:00","mainEntityOfPage":{"@id":"https:\/\/brasilnoticias.org\/site\/mp-ba-aciona-unidades-da-le-biscuit-em-salvador-por-inconformidades-sanitarias\/"},"wordCount":240,"commentCount":0,"publisher":{"@id":"https:\/\/brasilnoticias.org\/site\/#organization"},"image":{"@id":"https:\/\/brasilnoticias.org\/site\/mp-ba-aciona-unidades-da-le-biscuit-em-salvador-por-inconformidades-sanitarias\/#primaryimage"},"thumbnailUrl":"https:\/\/brasilnoticias.org\/site\/wp-content\/uploads\/2023\/09\/140675mp-ba-aciona-unidades-da-le-biscuit-em-salvador-por-inconformidades-sanitarias-3.jpg","articleSection":["Not\u00edcias","\u00daltimas"],"inLanguage":"pt-PT","potentialAction":[{"@type":"CommentAction","name":"Comment","target":["https:\/\/brasilnoticias.org\/site\/mp-ba-aciona-unidades-da-le-biscuit-em-salvador-por-inconformidades-sanitarias\/#respond"]}]},{"@type":"WebPage","@id":"https:\/\/brasilnoticias.org\/site\/mp-ba-aciona-unidades-da-le-biscuit-em-salvador-por-inconformidades-sanitarias\/","url":"https:\/\/brasilnoticias.org\/site\/mp-ba-aciona-unidades-da-le-biscuit-em-salvador-por-inconformidades-sanitarias\/","name":"MP-BA aciona unidades da Le Biscuit em Salvador por inconformidades sanit\u00e1rias - Brasil not\u00edcias","isPartOf":{"@id":"https:\/\/brasilnoticias.org\/site\/#website"},"primaryImageOfPage":{"@id":"https:\/\/brasilnoticias.org\/site\/mp-ba-aciona-unidades-da-le-biscuit-em-salvador-por-inconformidades-sanitarias\/#primaryimage"},"image":{"@id":"https:\/\/brasilnoticias.org\/site\/mp-ba-aciona-unidades-da-le-biscuit-em-salvador-por-inconformidades-sanitarias\/#primaryimage"},"thumbnailUrl":"https:\/\/brasilnoticias.org\/site\/wp-content\/uploads\/2023\/09\/140675mp-ba-aciona-unidades-da-le-biscuit-em-salvador-por-inconformidades-sanitarias-3.jpg","datePublished":"2023-09-06T21:13:13+00:00","breadcrumb":{"@id":"https:\/\/brasilnoticias.org\/site\/mp-ba-aciona-unidades-da-le-biscuit-em-salvador-por-inconformidades-sanitarias\/#breadcrumb"},"inLanguage":"pt-PT","potentialAction":[{"@type":"ReadAction","target":["https:\/\/brasilnoticias.org\/site\/mp-ba-aciona-unidades-da-le-biscuit-em-salvador-por-inconformidades-sanitarias\/"]}]},{"@type":"ImageObject","inLanguage":"pt-PT","@id":"https:\/\/brasilnoticias.org\/site\/mp-ba-aciona-unidades-da-le-biscuit-em-salvador-por-inconformidades-sanitarias\/#primaryimage","url":"https:\/\/brasilnoticias.org\/site\/wp-content\/uploads\/2023\/09\/140675mp-ba-aciona-unidades-da-le-biscuit-em-salvador-por-inconformidades-sanitarias-3.jpg","contentUrl":"https:\/\/brasilnoticias.org\/site\/wp-content\/uploads\/2023\/09\/140675mp-ba-aciona-unidades-da-le-biscuit-em-salvador-por-inconformidades-sanitarias-3.jpg","width":1600,"height":752},{"@type":"BreadcrumbList","@id":"https:\/\/brasilnoticias.org\/site\/mp-ba-aciona-unidades-da-le-biscuit-em-salvador-por-inconformidades-sanitarias\/#breadcrumb","itemListElement":[{"@type":"ListItem","position":1,"name":"In\u00edcio","item":"https:\/\/brasilnoticias.org\/site\/"},{"@type":"ListItem","position":2,"name":"MP-BA aciona unidades da Le Biscuit em Salvador por inconformidades sanit\u00e1rias"}]},{"@type":"WebSite","@id":"https:\/\/brasilnoticias.org\/site\/#website","url":"https:\/\/brasilnoticias.org\/site\/","name":"Brasil not\u00edcias","description":"Brasil not\u00edcias","publisher":{"@id":"https:\/\/brasilnoticias.org\/site\/#organization"},"potentialAction":[{"@type":"SearchAction","target":{"@type":"EntryPoint","urlTemplate":"https:\/\/brasilnoticias.org\/site\/?s={search_term_string}"},"query-input":{"@type":"PropertyValueSpecification","valueRequired":true,"valueName":"search_term_string"}}],"inLanguage":"pt-PT"},{"@type":"Organization","@id":"https:\/\/brasilnoticias.org\/site\/#organization","name":"Brasil not\u00edcias","url":"https:\/\/brasilnoticias.org\/site\/","logo":{"@type":"ImageObject","inLanguage":"pt-PT","@id":"https:\/\/brasilnoticias.org\/site\/#\/schema\/logo\/image\/","url":"https:\/\/brasilnoticias.org\/site\/wp-content\/uploads\/2022\/05\/cropped-brasilnoticias-mini.jpg","contentUrl":"https:\/\/brasilnoticias.org\/site\/wp-content\/uploads\/2022\/05\/cropped-brasilnoticias-mini.jpg","width":314,"height":86,"caption":"Brasil not\u00edcias"},"image":{"@id":"https:\/\/brasilnoticias.org\/site\/#\/schema\/logo\/image\/"}},{"@type":"Person","@id":"https:\/\/brasilnoticias.org\/site\/#\/schema\/person\/03bbbfe6c7634ad18c26444ea39049fa","name":"Reda\u00e7\u00e3o","image":{"@type":"ImageObject","inLanguage":"pt-PT","@id":"https:\/\/brasilnoticias.org\/site\/#\/schema\/person\/image\/","url":"https:\/\/secure.gravatar.com\/avatar\/9ecaf7327a696cb23ad926fedded5f1f04d7049de9e445375d55b48c001a6e42?s=96&d=mm&r=g","contentUrl":"https:\/\/secure.gravatar.com\/avatar\/9ecaf7327a696cb23ad926fedded5f1f04d7049de9e445375d55b48c001a6e42?s=96&d=mm&r=g","caption":"Reda\u00e7\u00e3o"},"url":"https:\/\/brasilnoticias.org\/site\/author\/henrique\/"}]}},"_links":{"self":[{"href":"https:\/\/brasilnoticias.org\/site\/wp-json\/wp\/v2\/posts\/8980","targetHints":{"allow":["GET"]}}],"collection":[{"href":"https:\/\/brasilnoticias.org\/site\/wp-json\/wp\/v2\/posts"}],"about":[{"href":"https:\/\/brasilnoticias.org\/site\/wp-json\/wp\/v2\/types\/post"}],"author":[{"embeddable":true,"href":"https:\/\/brasilnoticias.org\/site\/wp-json\/wp\/v2\/users\/4"}],"replies":[{"embeddable":true,"href":"https:\/\/brasilnoticias.org\/site\/wp-json\/wp\/v2\/comments?post=8980"}],"version-history":[{"count":1,"href":"https:\/\/brasilnoticias.org\/site\/wp-json\/wp\/v2\/posts\/8980\/revisions"}],"predecessor-version":[{"id":8982,"href":"https:\/\/brasilnoticias.org\/site\/wp-json\/wp\/v2\/posts\/8980\/revisions\/8982"}],"wp:featuredmedia":[{"embeddable":true,"href":"https:\/\/brasilnoticias.org\/site\/wp-json\/wp\/v2\/media\/8981"}],"wp:attachment":[{"href":"https:\/\/brasilnoticias.org\/site\/wp-json\/wp\/v2\/media?parent=8980"}],"wp:term":[{"taxonomy":"category","embeddable":true,"href":"https:\/\/brasilnoticias.org\/site\/wp-json\/wp\/v2\/categories?post=8980"},{"taxonomy":"post_tag","embeddable":true,"href":"https:\/\/brasilnoticias.org\/site\/wp-json\/wp\/v2\/tags?post=8980"}],"curies":[{"name":"wp","href":"https:\/\/api.w.org\/{rel}","templated":true}]}}