{"id":8992,"date":"2023-09-07T08:00:05","date_gmt":"2023-09-07T11:00:05","guid":{"rendered":"https:\/\/brasilnoticias.org\/site\/?p=8992"},"modified":"2023-09-06T18:19:35","modified_gmt":"2023-09-06T21:19:35","slug":"mais-de-200-vapes-sao-apreendidos-em-vitoria-da-conquista","status":"publish","type":"post","link":"https:\/\/brasilnoticias.org\/site\/mais-de-200-vapes-sao-apreendidos-em-vitoria-da-conquista\/","title":{"rendered":"Mais de 200 \u2018vapes\u2019 s\u00e3o apreendidos em Vit\u00f3ria da Conquista"},"content":{"rendered":"<p>Cerca de 203 cigarros eletr\u00f4nicos foram encontrados em um \u00f4nibus de viagem que fazia a linha S\u00e3o Paulo (SP) x Natal (RN)<\/p>\n<p>Uma carga ilegal de cigarros eletr\u00f4nicos, popularmente conhecidos como \u201cvapes\u201d, foi apreendida no km 830 da BR 116, na regi\u00e3o de Vit\u00f3ria da Conquista, cidade que fica a 520 km de Salvador. O material estava no bagageiro de um \u00f4nibus de viagem.<\/p>\n<p>O flagrante foi realizado pela Pol\u00edcia Rodovi\u00e1ria Federal (PRF), na \u00faltima segunda-feira (4\/9). Um \u00f4nibus de viagem, que fazia a linha S\u00e3o Paulo (SP) x Natal (RN). Ap\u00f3s consulta da documenta\u00e7\u00e3o do ve\u00edculo e do motorista, uma busca foi feita nos compartimentos de carga do ve\u00edculo, sendo encontrados 203 cigarros eletr\u00f4nicos de origem estrangeira e ilegal.<\/p>\n<p>Os materiais possuem comercializa\u00e7\u00e3o proibida pela ANVISA no Brasil, caracterizando assim, contrabando de mercadorias. Todo o material foi despachado por encomenda e ser\u00e1 poss\u00edvel rastrear e investigar os respons\u00e1veis pelo transporte do produto.<\/p>\n<p>Diante da situa\u00e7\u00e3o, os materiais apreendidos foram encaminhados \u00e0 Secretaria da Receita Federal.<\/p>\n<p>Foto: divulga\u00e7\u00e3o\/PRF<br \/>\nAratu On<\/p>\n","protected":false},"excerpt":{"rendered":"<p>Cerca de 203 cigarros eletr\u00f4nicos foram encontrados em um \u00f4nibus de viagem que fazia a linha S\u00e3o Paulo (SP) x<\/p>\n","protected":false},"author":4,"featured_media":8993,"comment_status":"open","ping_status":"open","sticky":false,"template":"","format":"standard","meta":{"colormag_page_container_layout":"default_layout","colormag_page_sidebar_layout":"default_layout","_FSMCFIC_featured_image_caption":"","_FSMCFIC_featured_image_nocaption":"","_FSMCFIC_featured_image_hide":"","footnotes":""},"categories":[3,1],"tags":[],"class_list":["post-8992","post","type-post","status-publish","format-standard","has-post-thumbnail","hentry","category-policia","category-ultimas"],"yoast_head":"<!-- This site is optimized with the Yoast SEO plugin v27.1.1 - https:\/\/yoast.com\/product\/yoast-seo-wordpress\/ -->\n<title>Mais de 200 \u2018vapes\u2019 s\u00e3o apreendidos em Vit\u00f3ria da Conquista - Brasil not\u00edcias<\/title>\n<meta name=\"robots\" content=\"index, follow, max-snippet:-1, max-image-preview:large, max-video-preview:-1\" \/>\n<link rel=\"canonical\" href=\"https:\/\/brasilnoticias.org\/site\/mais-de-200-vapes-sao-apreendidos-em-vitoria-da-conquista\/\" \/>\n<meta property=\"og:locale\" content=\"pt_PT\" \/>\n<meta property=\"og:type\" content=\"article\" \/>\n<meta property=\"og:title\" content=\"Mais de 200 \u2018vapes\u2019 s\u00e3o apreendidos em Vit\u00f3ria da Conquista - Brasil not\u00edcias\" \/>\n<meta property=\"og:description\" content=\"Cerca de 203 cigarros eletr\u00f4nicos foram encontrados em um \u00f4nibus de viagem que fazia a linha S\u00e3o Paulo (SP) x\" \/>\n<meta property=\"og:url\" content=\"https:\/\/brasilnoticias.org\/site\/mais-de-200-vapes-sao-apreendidos-em-vitoria-da-conquista\/\" \/>\n<meta property=\"og:site_name\" content=\"Brasil not\u00edcias\" \/>\n<meta property=\"article:published_time\" content=\"2023-09-07T11:00:05+00:00\" \/>\n<meta property=\"og:image\" content=\"https:\/\/brasilnoticias.org\/site\/wp-content\/uploads\/2023\/09\/cigarro.jpg\" \/>\n\t<meta property=\"og:image:width\" content=\"741\" \/>\n\t<meta property=\"og:image:height\" content=\"471\" \/>\n\t<meta property=\"og:image:type\" content=\"image\/jpeg\" \/>\n<meta name=\"author\" content=\"Reda\u00e7\u00e3o\" \/>\n<meta name=\"twitter:card\" content=\"summary_large_image\" \/>\n<meta name=\"twitter:label1\" content=\"Escrito por\" \/>\n\t<meta name=\"twitter:data1\" content=\"Reda\u00e7\u00e3o\" \/>\n<script type=\"application\/ld+json\" class=\"yoast-schema-graph\">{\"@context\":\"https:\/\/schema.org\",\"@graph\":[{\"@type\":\"Article\",\"@id\":\"https:\/\/brasilnoticias.org\/site\/mais-de-200-vapes-sao-apreendidos-em-vitoria-da-conquista\/#article\",\"isPartOf\":{\"@id\":\"https:\/\/brasilnoticias.org\/site\/mais-de-200-vapes-sao-apreendidos-em-vitoria-da-conquista\/\"},\"author\":{\"name\":\"Reda\u00e7\u00e3o\",\"@id\":\"https:\/\/brasilnoticias.org\/site\/#\/schema\/person\/03bbbfe6c7634ad18c26444ea39049fa\"},\"headline\":\"Mais de 200 \u2018vapes\u2019 s\u00e3o apreendidos em Vit\u00f3ria da Conquista\",\"datePublished\":\"2023-09-07T11:00:05+00:00\",\"mainEntityOfPage\":{\"@id\":\"https:\/\/brasilnoticias.org\/site\/mais-de-200-vapes-sao-apreendidos-em-vitoria-da-conquista\/\"},\"wordCount\":193,\"commentCount\":0,\"publisher\":{\"@id\":\"https:\/\/brasilnoticias.org\/site\/#organization\"},\"image\":{\"@id\":\"https:\/\/brasilnoticias.org\/site\/mais-de-200-vapes-sao-apreendidos-em-vitoria-da-conquista\/#primaryimage\"},\"thumbnailUrl\":\"https:\/\/brasilnoticias.org\/site\/wp-content\/uploads\/2023\/09\/cigarro.jpg\",\"articleSection\":[\"Pol\u00edcia\",\"\u00daltimas\"],\"inLanguage\":\"pt-PT\",\"potentialAction\":[{\"@type\":\"CommentAction\",\"name\":\"Comment\",\"target\":[\"https:\/\/brasilnoticias.org\/site\/mais-de-200-vapes-sao-apreendidos-em-vitoria-da-conquista\/#respond\"]}]},{\"@type\":\"WebPage\",\"@id\":\"https:\/\/brasilnoticias.org\/site\/mais-de-200-vapes-sao-apreendidos-em-vitoria-da-conquista\/\",\"url\":\"https:\/\/brasilnoticias.org\/site\/mais-de-200-vapes-sao-apreendidos-em-vitoria-da-conquista\/\",\"name\":\"Mais de 200 \u2018vapes\u2019 s\u00e3o apreendidos em Vit\u00f3ria da Conquista - Brasil not\u00edcias\",\"isPartOf\":{\"@id\":\"https:\/\/brasilnoticias.org\/site\/#website\"},\"primaryImageOfPage\":{\"@id\":\"https:\/\/brasilnoticias.org\/site\/mais-de-200-vapes-sao-apreendidos-em-vitoria-da-conquista\/#primaryimage\"},\"image\":{\"@id\":\"https:\/\/brasilnoticias.org\/site\/mais-de-200-vapes-sao-apreendidos-em-vitoria-da-conquista\/#primaryimage\"},\"thumbnailUrl\":\"https:\/\/brasilnoticias.org\/site\/wp-content\/uploads\/2023\/09\/cigarro.jpg\",\"datePublished\":\"2023-09-07T11:00:05+00:00\",\"breadcrumb\":{\"@id\":\"https:\/\/brasilnoticias.org\/site\/mais-de-200-vapes-sao-apreendidos-em-vitoria-da-conquista\/#breadcrumb\"},\"inLanguage\":\"pt-PT\",\"potentialAction\":[{\"@type\":\"ReadAction\",\"target\":[\"https:\/\/brasilnoticias.org\/site\/mais-de-200-vapes-sao-apreendidos-em-vitoria-da-conquista\/\"]}]},{\"@type\":\"ImageObject\",\"inLanguage\":\"pt-PT\",\"@id\":\"https:\/\/brasilnoticias.org\/site\/mais-de-200-vapes-sao-apreendidos-em-vitoria-da-conquista\/#primaryimage\",\"url\":\"https:\/\/brasilnoticias.org\/site\/wp-content\/uploads\/2023\/09\/cigarro.jpg\",\"contentUrl\":\"https:\/\/brasilnoticias.org\/site\/wp-content\/uploads\/2023\/09\/cigarro.jpg\",\"width\":741,\"height\":471},{\"@type\":\"BreadcrumbList\",\"@id\":\"https:\/\/brasilnoticias.org\/site\/mais-de-200-vapes-sao-apreendidos-em-vitoria-da-conquista\/#breadcrumb\",\"itemListElement\":[{\"@type\":\"ListItem\",\"position\":1,\"name\":\"In\u00edcio\",\"item\":\"https:\/\/brasilnoticias.org\/site\/\"},{\"@type\":\"ListItem\",\"position\":2,\"name\":\"Mais de 200 \u2018vapes\u2019 s\u00e3o apreendidos em Vit\u00f3ria da Conquista\"}]},{\"@type\":\"WebSite\",\"@id\":\"https:\/\/brasilnoticias.org\/site\/#website\",\"url\":\"https:\/\/brasilnoticias.org\/site\/\",\"name\":\"Brasil not\u00edcias\",\"description\":\"Brasil not\u00edcias\",\"publisher\":{\"@id\":\"https:\/\/brasilnoticias.org\/site\/#organization\"},\"potentialAction\":[{\"@type\":\"SearchAction\",\"target\":{\"@type\":\"EntryPoint\",\"urlTemplate\":\"https:\/\/brasilnoticias.org\/site\/?s={search_term_string}\"},\"query-input\":{\"@type\":\"PropertyValueSpecification\",\"valueRequired\":true,\"valueName\":\"search_term_string\"}}],\"inLanguage\":\"pt-PT\"},{\"@type\":\"Organization\",\"@id\":\"https:\/\/brasilnoticias.org\/site\/#organization\",\"name\":\"Brasil not\u00edcias\",\"url\":\"https:\/\/brasilnoticias.org\/site\/\",\"logo\":{\"@type\":\"ImageObject\",\"inLanguage\":\"pt-PT\",\"@id\":\"https:\/\/brasilnoticias.org\/site\/#\/schema\/logo\/image\/\",\"url\":\"https:\/\/brasilnoticias.org\/site\/wp-content\/uploads\/2022\/05\/cropped-brasilnoticias-mini.jpg\",\"contentUrl\":\"https:\/\/brasilnoticias.org\/site\/wp-content\/uploads\/2022\/05\/cropped-brasilnoticias-mini.jpg\",\"width\":314,\"height\":86,\"caption\":\"Brasil not\u00edcias\"},\"image\":{\"@id\":\"https:\/\/brasilnoticias.org\/site\/#\/schema\/logo\/image\/\"}},{\"@type\":\"Person\",\"@id\":\"https:\/\/brasilnoticias.org\/site\/#\/schema\/person\/03bbbfe6c7634ad18c26444ea39049fa\",\"name\":\"Reda\u00e7\u00e3o\",\"image\":{\"@type\":\"ImageObject\",\"inLanguage\":\"pt-PT\",\"@id\":\"https:\/\/brasilnoticias.org\/site\/#\/schema\/person\/image\/\",\"url\":\"https:\/\/secure.gravatar.com\/avatar\/9ecaf7327a696cb23ad926fedded5f1f04d7049de9e445375d55b48c001a6e42?s=96&d=mm&r=g\",\"contentUrl\":\"https:\/\/secure.gravatar.com\/avatar\/9ecaf7327a696cb23ad926fedded5f1f04d7049de9e445375d55b48c001a6e42?s=96&d=mm&r=g\",\"caption\":\"Reda\u00e7\u00e3o\"},\"url\":\"https:\/\/brasilnoticias.org\/site\/author\/henrique\/\"}]}<\/script>\n<!-- \/ Yoast SEO plugin. -->","yoast_head_json":{"title":"Mais de 200 \u2018vapes\u2019 s\u00e3o apreendidos em Vit\u00f3ria da Conquista - Brasil not\u00edcias","robots":{"index":"index","follow":"follow","max-snippet":"max-snippet:-1","max-image-preview":"max-image-preview:large","max-video-preview":"max-video-preview:-1"},"canonical":"https:\/\/brasilnoticias.org\/site\/mais-de-200-vapes-sao-apreendidos-em-vitoria-da-conquista\/","og_locale":"pt_PT","og_type":"article","og_title":"Mais de 200 \u2018vapes\u2019 s\u00e3o apreendidos em Vit\u00f3ria da Conquista - Brasil not\u00edcias","og_description":"Cerca de 203 cigarros eletr\u00f4nicos foram encontrados em um \u00f4nibus de viagem que fazia a linha S\u00e3o Paulo (SP) x","og_url":"https:\/\/brasilnoticias.org\/site\/mais-de-200-vapes-sao-apreendidos-em-vitoria-da-conquista\/","og_site_name":"Brasil not\u00edcias","article_published_time":"2023-09-07T11:00:05+00:00","og_image":[{"width":741,"height":471,"url":"https:\/\/brasilnoticias.org\/site\/wp-content\/uploads\/2023\/09\/cigarro.jpg","type":"image\/jpeg"}],"author":"Reda\u00e7\u00e3o","twitter_card":"summary_large_image","twitter_misc":{"Escrito por":"Reda\u00e7\u00e3o"},"schema":{"@context":"https:\/\/schema.org","@graph":[{"@type":"Article","@id":"https:\/\/brasilnoticias.org\/site\/mais-de-200-vapes-sao-apreendidos-em-vitoria-da-conquista\/#article","isPartOf":{"@id":"https:\/\/brasilnoticias.org\/site\/mais-de-200-vapes-sao-apreendidos-em-vitoria-da-conquista\/"},"author":{"name":"Reda\u00e7\u00e3o","@id":"https:\/\/brasilnoticias.org\/site\/#\/schema\/person\/03bbbfe6c7634ad18c26444ea39049fa"},"headline":"Mais de 200 \u2018vapes\u2019 s\u00e3o apreendidos em Vit\u00f3ria da Conquista","datePublished":"2023-09-07T11:00:05+00:00","mainEntityOfPage":{"@id":"https:\/\/brasilnoticias.org\/site\/mais-de-200-vapes-sao-apreendidos-em-vitoria-da-conquista\/"},"wordCount":193,"commentCount":0,"publisher":{"@id":"https:\/\/brasilnoticias.org\/site\/#organization"},"image":{"@id":"https:\/\/brasilnoticias.org\/site\/mais-de-200-vapes-sao-apreendidos-em-vitoria-da-conquista\/#primaryimage"},"thumbnailUrl":"https:\/\/brasilnoticias.org\/site\/wp-content\/uploads\/2023\/09\/cigarro.jpg","articleSection":["Pol\u00edcia","\u00daltimas"],"inLanguage":"pt-PT","potentialAction":[{"@type":"CommentAction","name":"Comment","target":["https:\/\/brasilnoticias.org\/site\/mais-de-200-vapes-sao-apreendidos-em-vitoria-da-conquista\/#respond"]}]},{"@type":"WebPage","@id":"https:\/\/brasilnoticias.org\/site\/mais-de-200-vapes-sao-apreendidos-em-vitoria-da-conquista\/","url":"https:\/\/brasilnoticias.org\/site\/mais-de-200-vapes-sao-apreendidos-em-vitoria-da-conquista\/","name":"Mais de 200 \u2018vapes\u2019 s\u00e3o apreendidos em Vit\u00f3ria da Conquista - Brasil not\u00edcias","isPartOf":{"@id":"https:\/\/brasilnoticias.org\/site\/#website"},"primaryImageOfPage":{"@id":"https:\/\/brasilnoticias.org\/site\/mais-de-200-vapes-sao-apreendidos-em-vitoria-da-conquista\/#primaryimage"},"image":{"@id":"https:\/\/brasilnoticias.org\/site\/mais-de-200-vapes-sao-apreendidos-em-vitoria-da-conquista\/#primaryimage"},"thumbnailUrl":"https:\/\/brasilnoticias.org\/site\/wp-content\/uploads\/2023\/09\/cigarro.jpg","datePublished":"2023-09-07T11:00:05+00:00","breadcrumb":{"@id":"https:\/\/brasilnoticias.org\/site\/mais-de-200-vapes-sao-apreendidos-em-vitoria-da-conquista\/#breadcrumb"},"inLanguage":"pt-PT","potentialAction":[{"@type":"ReadAction","target":["https:\/\/brasilnoticias.org\/site\/mais-de-200-vapes-sao-apreendidos-em-vitoria-da-conquista\/"]}]},{"@type":"ImageObject","inLanguage":"pt-PT","@id":"https:\/\/brasilnoticias.org\/site\/mais-de-200-vapes-sao-apreendidos-em-vitoria-da-conquista\/#primaryimage","url":"https:\/\/brasilnoticias.org\/site\/wp-content\/uploads\/2023\/09\/cigarro.jpg","contentUrl":"https:\/\/brasilnoticias.org\/site\/wp-content\/uploads\/2023\/09\/cigarro.jpg","width":741,"height":471},{"@type":"BreadcrumbList","@id":"https:\/\/brasilnoticias.org\/site\/mais-de-200-vapes-sao-apreendidos-em-vitoria-da-conquista\/#breadcrumb","itemListElement":[{"@type":"ListItem","position":1,"name":"In\u00edcio","item":"https:\/\/brasilnoticias.org\/site\/"},{"@type":"ListItem","position":2,"name":"Mais de 200 \u2018vapes\u2019 s\u00e3o apreendidos em Vit\u00f3ria da Conquista"}]},{"@type":"WebSite","@id":"https:\/\/brasilnoticias.org\/site\/#website","url":"https:\/\/brasilnoticias.org\/site\/","name":"Brasil not\u00edcias","description":"Brasil not\u00edcias","publisher":{"@id":"https:\/\/brasilnoticias.org\/site\/#organization"},"potentialAction":[{"@type":"SearchAction","target":{"@type":"EntryPoint","urlTemplate":"https:\/\/brasilnoticias.org\/site\/?s={search_term_string}"},"query-input":{"@type":"PropertyValueSpecification","valueRequired":true,"valueName":"search_term_string"}}],"inLanguage":"pt-PT"},{"@type":"Organization","@id":"https:\/\/brasilnoticias.org\/site\/#organization","name":"Brasil not\u00edcias","url":"https:\/\/brasilnoticias.org\/site\/","logo":{"@type":"ImageObject","inLanguage":"pt-PT","@id":"https:\/\/brasilnoticias.org\/site\/#\/schema\/logo\/image\/","url":"https:\/\/brasilnoticias.org\/site\/wp-content\/uploads\/2022\/05\/cropped-brasilnoticias-mini.jpg","contentUrl":"https:\/\/brasilnoticias.org\/site\/wp-content\/uploads\/2022\/05\/cropped-brasilnoticias-mini.jpg","width":314,"height":86,"caption":"Brasil not\u00edcias"},"image":{"@id":"https:\/\/brasilnoticias.org\/site\/#\/schema\/logo\/image\/"}},{"@type":"Person","@id":"https:\/\/brasilnoticias.org\/site\/#\/schema\/person\/03bbbfe6c7634ad18c26444ea39049fa","name":"Reda\u00e7\u00e3o","image":{"@type":"ImageObject","inLanguage":"pt-PT","@id":"https:\/\/brasilnoticias.org\/site\/#\/schema\/person\/image\/","url":"https:\/\/secure.gravatar.com\/avatar\/9ecaf7327a696cb23ad926fedded5f1f04d7049de9e445375d55b48c001a6e42?s=96&d=mm&r=g","contentUrl":"https:\/\/secure.gravatar.com\/avatar\/9ecaf7327a696cb23ad926fedded5f1f04d7049de9e445375d55b48c001a6e42?s=96&d=mm&r=g","caption":"Reda\u00e7\u00e3o"},"url":"https:\/\/brasilnoticias.org\/site\/author\/henrique\/"}]}},"_links":{"self":[{"href":"https:\/\/brasilnoticias.org\/site\/wp-json\/wp\/v2\/posts\/8992","targetHints":{"allow":["GET"]}}],"collection":[{"href":"https:\/\/brasilnoticias.org\/site\/wp-json\/wp\/v2\/posts"}],"about":[{"href":"https:\/\/brasilnoticias.org\/site\/wp-json\/wp\/v2\/types\/post"}],"author":[{"embeddable":true,"href":"https:\/\/brasilnoticias.org\/site\/wp-json\/wp\/v2\/users\/4"}],"replies":[{"embeddable":true,"href":"https:\/\/brasilnoticias.org\/site\/wp-json\/wp\/v2\/comments?post=8992"}],"version-history":[{"count":1,"href":"https:\/\/brasilnoticias.org\/site\/wp-json\/wp\/v2\/posts\/8992\/revisions"}],"predecessor-version":[{"id":8994,"href":"https:\/\/brasilnoticias.org\/site\/wp-json\/wp\/v2\/posts\/8992\/revisions\/8994"}],"wp:featuredmedia":[{"embeddable":true,"href":"https:\/\/brasilnoticias.org\/site\/wp-json\/wp\/v2\/media\/8993"}],"wp:attachment":[{"href":"https:\/\/brasilnoticias.org\/site\/wp-json\/wp\/v2\/media?parent=8992"}],"wp:term":[{"taxonomy":"category","embeddable":true,"href":"https:\/\/brasilnoticias.org\/site\/wp-json\/wp\/v2\/categories?post=8992"},{"taxonomy":"post_tag","embeddable":true,"href":"https:\/\/brasilnoticias.org\/site\/wp-json\/wp\/v2\/tags?post=8992"}],"curies":[{"name":"wp","href":"https:\/\/api.w.org\/{rel}","templated":true}]}}