{"id":900,"date":"2022-06-13T17:40:49","date_gmt":"2022-06-13T20:40:49","guid":{"rendered":"https:\/\/brasilnoticias.org\/site\/?p=900"},"modified":"2022-06-13T17:40:49","modified_gmt":"2022-06-13T20:40:49","slug":"justica-proibe-maiara-e-maraisa-de-usarem-marca-as-patroas-entenda","status":"publish","type":"post","link":"https:\/\/brasilnoticias.org\/site\/justica-proibe-maiara-e-maraisa-de-usarem-marca-as-patroas-entenda\/","title":{"rendered":"Justi\u00e7a pro\u00edbe Maiara e Maraisa de usarem marca &#8216;As Patroas&#8217;; entenda"},"content":{"rendered":"<p><strong>A dupla Maiara e Mara\u00edsa e o escrit\u00f3rio WorkShow, respons\u00e1vel por cuidar da carreira das cantoras e de Mar\u00edlia Mendon\u00e7a, est\u00e3o impedidos de usar a marcar &#8216;A Patroa&#8217;, no plural ou singular, ap\u00f3s decis\u00e3o da Justi\u00e7a na Bahia.\u00a0<\/strong><\/p>\n<div id=\"div-gpt-ad-bn_justica_conteudo\"><\/div>\n<p>&nbsp;<\/p>\n<p><strong>De acordo com o colunista Lucas Pasin, do Splash, uma liminar determinou que qualquer utiliza\u00e7\u00e3o da marca ocorrer\u00e1 em uma multa de R$ 100 mil por uso.\u00a0<\/strong><\/p>\n<p>&nbsp;<\/p>\n<p><strong>A determina\u00e7\u00e3o ocorreu depois da cantora baiana Daisy Soares ter sido reconhecida como propriet\u00e1ria da marca em documento deferido pelo juiz substituto Argemiro de Azevedo Dutra, da 2\u00aa Vara Empresarial de Salvador, Bahia.\u00a0<\/strong><\/p>\n<p>&nbsp;<\/p>\n<p><strong>De acordo com a artista baiana, desde 2013 ela se apresenta como &#8216;A Patroa&#8217;. Em 2017, com o crescimento da marca, ela conseguiu junto ao Instituto Nacional de Propriedade Industrial (INPI) o registro do t\u00edtulo, sendo a leg\u00edtima titular da marca.\u00a0<\/strong><\/p>\n<p>&nbsp;<\/p>\n<p><strong>Ainda de acordo com a reportagem, Daisy conta no processo que realizou diversas reuni\u00f5es com advogados da Workshow, e tamb\u00e9m com as cantoras. A baiana aponta, no entanto, que n\u00e3o conseguiu realizar um acordo de forma amig\u00e1vel e precisou entrar na Justi\u00e7a.<\/strong><\/p>\n<p><strong>Apesar da tutela de proibi\u00e7\u00e3o do uso da marca &#8216;As Patroas&#8217;, Maiara e Maraisa e a Workshow ainda n\u00e3o sofreram com uma senten\u00e7a final e definitiva do processo na Justi\u00e7a, e podem reverter a decis\u00e3o.<\/strong><\/p>\n<p>&nbsp;<\/p>\n<p>&nbsp;<\/p>\n<p>&nbsp;<\/p>\n<p>Bahia Not\u00edcias<\/p>\n","protected":false},"excerpt":{"rendered":"<p>A dupla Maiara e Mara\u00edsa e o escrit\u00f3rio WorkShow, respons\u00e1vel por cuidar da carreira das cantoras e de Mar\u00edlia Mendon\u00e7a,<\/p>\n","protected":false},"author":2,"featured_media":901,"comment_status":"open","ping_status":"open","sticky":false,"template":"","format":"standard","meta":{"colormag_page_container_layout":"default_layout","colormag_page_sidebar_layout":"default_layout","_FSMCFIC_featured_image_caption":"","_FSMCFIC_featured_image_nocaption":"","_FSMCFIC_featured_image_hide":"","footnotes":""},"categories":[7,1],"tags":[],"class_list":["post-900","post","type-post","status-publish","format-standard","has-post-thumbnail","hentry","category-justica","category-ultimas"],"yoast_head":"<!-- This site is optimized with the Yoast SEO plugin v27.1.1 - https:\/\/yoast.com\/product\/yoast-seo-wordpress\/ -->\n<title>Justi\u00e7a pro\u00edbe Maiara e Maraisa de usarem marca &#039;As Patroas&#039;; entenda - Brasil not\u00edcias<\/title>\n<meta name=\"robots\" content=\"index, follow, max-snippet:-1, max-image-preview:large, max-video-preview:-1\" \/>\n<link rel=\"canonical\" href=\"https:\/\/brasilnoticias.org\/site\/justica-proibe-maiara-e-maraisa-de-usarem-marca-as-patroas-entenda\/\" \/>\n<meta property=\"og:locale\" content=\"pt_PT\" \/>\n<meta property=\"og:type\" content=\"article\" \/>\n<meta property=\"og:title\" content=\"Justi\u00e7a pro\u00edbe Maiara e Maraisa de usarem marca &#039;As Patroas&#039;; entenda - Brasil not\u00edcias\" \/>\n<meta property=\"og:description\" content=\"A dupla Maiara e Mara\u00edsa e o escrit\u00f3rio WorkShow, respons\u00e1vel por cuidar da carreira das cantoras e de Mar\u00edlia Mendon\u00e7a,\" \/>\n<meta property=\"og:url\" content=\"https:\/\/brasilnoticias.org\/site\/justica-proibe-maiara-e-maraisa-de-usarem-marca-as-patroas-entenda\/\" \/>\n<meta property=\"og:site_name\" content=\"Brasil not\u00edcias\" \/>\n<meta property=\"article:published_time\" content=\"2022-06-13T20:40:49+00:00\" \/>\n<meta property=\"og:image\" content=\"https:\/\/brasilnoticias.org\/site\/wp-content\/uploads\/2022\/06\/IMAGEM_NOTICIA_5.jpg\" \/>\n\t<meta property=\"og:image:width\" content=\"380\" \/>\n\t<meta property=\"og:image:height\" content=\"280\" \/>\n\t<meta property=\"og:image:type\" content=\"image\/jpeg\" \/>\n<meta name=\"author\" content=\"Reda\u00e7\u00e3o\" \/>\n<meta name=\"twitter:card\" content=\"summary_large_image\" \/>\n<meta name=\"twitter:label1\" content=\"Escrito por\" \/>\n\t<meta name=\"twitter:data1\" content=\"Reda\u00e7\u00e3o\" \/>\n\t<meta name=\"twitter:label2\" content=\"Tempo estimado de leitura\" \/>\n\t<meta name=\"twitter:data2\" content=\"1 minuto\" \/>\n<script type=\"application\/ld+json\" class=\"yoast-schema-graph\">{\"@context\":\"https:\/\/schema.org\",\"@graph\":[{\"@type\":\"Article\",\"@id\":\"https:\/\/brasilnoticias.org\/site\/justica-proibe-maiara-e-maraisa-de-usarem-marca-as-patroas-entenda\/#article\",\"isPartOf\":{\"@id\":\"https:\/\/brasilnoticias.org\/site\/justica-proibe-maiara-e-maraisa-de-usarem-marca-as-patroas-entenda\/\"},\"author\":{\"name\":\"Reda\u00e7\u00e3o\",\"@id\":\"https:\/\/brasilnoticias.org\/site\/#\/schema\/person\/f609fa847b5314f1c8b983342f34c798\"},\"headline\":\"Justi\u00e7a pro\u00edbe Maiara e Maraisa de usarem marca &#8216;As Patroas&#8217;; entenda\",\"datePublished\":\"2022-06-13T20:40:49+00:00\",\"mainEntityOfPage\":{\"@id\":\"https:\/\/brasilnoticias.org\/site\/justica-proibe-maiara-e-maraisa-de-usarem-marca-as-patroas-entenda\/\"},\"wordCount\":259,\"commentCount\":0,\"publisher\":{\"@id\":\"https:\/\/brasilnoticias.org\/site\/#organization\"},\"image\":{\"@id\":\"https:\/\/brasilnoticias.org\/site\/justica-proibe-maiara-e-maraisa-de-usarem-marca-as-patroas-entenda\/#primaryimage\"},\"thumbnailUrl\":\"https:\/\/brasilnoticias.org\/site\/wp-content\/uploads\/2022\/06\/IMAGEM_NOTICIA_5.jpg\",\"articleSection\":[\"Justi\u00e7a\",\"\u00daltimas\"],\"inLanguage\":\"pt-PT\",\"potentialAction\":[{\"@type\":\"CommentAction\",\"name\":\"Comment\",\"target\":[\"https:\/\/brasilnoticias.org\/site\/justica-proibe-maiara-e-maraisa-de-usarem-marca-as-patroas-entenda\/#respond\"]}]},{\"@type\":\"WebPage\",\"@id\":\"https:\/\/brasilnoticias.org\/site\/justica-proibe-maiara-e-maraisa-de-usarem-marca-as-patroas-entenda\/\",\"url\":\"https:\/\/brasilnoticias.org\/site\/justica-proibe-maiara-e-maraisa-de-usarem-marca-as-patroas-entenda\/\",\"name\":\"Justi\u00e7a pro\u00edbe Maiara e Maraisa de usarem marca 'As Patroas'; entenda - Brasil not\u00edcias\",\"isPartOf\":{\"@id\":\"https:\/\/brasilnoticias.org\/site\/#website\"},\"primaryImageOfPage\":{\"@id\":\"https:\/\/brasilnoticias.org\/site\/justica-proibe-maiara-e-maraisa-de-usarem-marca-as-patroas-entenda\/#primaryimage\"},\"image\":{\"@id\":\"https:\/\/brasilnoticias.org\/site\/justica-proibe-maiara-e-maraisa-de-usarem-marca-as-patroas-entenda\/#primaryimage\"},\"thumbnailUrl\":\"https:\/\/brasilnoticias.org\/site\/wp-content\/uploads\/2022\/06\/IMAGEM_NOTICIA_5.jpg\",\"datePublished\":\"2022-06-13T20:40:49+00:00\",\"breadcrumb\":{\"@id\":\"https:\/\/brasilnoticias.org\/site\/justica-proibe-maiara-e-maraisa-de-usarem-marca-as-patroas-entenda\/#breadcrumb\"},\"inLanguage\":\"pt-PT\",\"potentialAction\":[{\"@type\":\"ReadAction\",\"target\":[\"https:\/\/brasilnoticias.org\/site\/justica-proibe-maiara-e-maraisa-de-usarem-marca-as-patroas-entenda\/\"]}]},{\"@type\":\"ImageObject\",\"inLanguage\":\"pt-PT\",\"@id\":\"https:\/\/brasilnoticias.org\/site\/justica-proibe-maiara-e-maraisa-de-usarem-marca-as-patroas-entenda\/#primaryimage\",\"url\":\"https:\/\/brasilnoticias.org\/site\/wp-content\/uploads\/2022\/06\/IMAGEM_NOTICIA_5.jpg\",\"contentUrl\":\"https:\/\/brasilnoticias.org\/site\/wp-content\/uploads\/2022\/06\/IMAGEM_NOTICIA_5.jpg\",\"width\":380,\"height\":280},{\"@type\":\"BreadcrumbList\",\"@id\":\"https:\/\/brasilnoticias.org\/site\/justica-proibe-maiara-e-maraisa-de-usarem-marca-as-patroas-entenda\/#breadcrumb\",\"itemListElement\":[{\"@type\":\"ListItem\",\"position\":1,\"name\":\"In\u00edcio\",\"item\":\"https:\/\/brasilnoticias.org\/site\/\"},{\"@type\":\"ListItem\",\"position\":2,\"name\":\"Justi\u00e7a pro\u00edbe Maiara e Maraisa de usarem marca &#8216;As Patroas&#8217;; entenda\"}]},{\"@type\":\"WebSite\",\"@id\":\"https:\/\/brasilnoticias.org\/site\/#website\",\"url\":\"https:\/\/brasilnoticias.org\/site\/\",\"name\":\"Brasil not\u00edcias\",\"description\":\"Brasil not\u00edcias\",\"publisher\":{\"@id\":\"https:\/\/brasilnoticias.org\/site\/#organization\"},\"potentialAction\":[{\"@type\":\"SearchAction\",\"target\":{\"@type\":\"EntryPoint\",\"urlTemplate\":\"https:\/\/brasilnoticias.org\/site\/?s={search_term_string}\"},\"query-input\":{\"@type\":\"PropertyValueSpecification\",\"valueRequired\":true,\"valueName\":\"search_term_string\"}}],\"inLanguage\":\"pt-PT\"},{\"@type\":\"Organization\",\"@id\":\"https:\/\/brasilnoticias.org\/site\/#organization\",\"name\":\"Brasil not\u00edcias\",\"url\":\"https:\/\/brasilnoticias.org\/site\/\",\"logo\":{\"@type\":\"ImageObject\",\"inLanguage\":\"pt-PT\",\"@id\":\"https:\/\/brasilnoticias.org\/site\/#\/schema\/logo\/image\/\",\"url\":\"https:\/\/brasilnoticias.org\/site\/wp-content\/uploads\/2022\/05\/cropped-brasilnoticias-mini.jpg\",\"contentUrl\":\"https:\/\/brasilnoticias.org\/site\/wp-content\/uploads\/2022\/05\/cropped-brasilnoticias-mini.jpg\",\"width\":314,\"height\":86,\"caption\":\"Brasil not\u00edcias\"},\"image\":{\"@id\":\"https:\/\/brasilnoticias.org\/site\/#\/schema\/logo\/image\/\"}},{\"@type\":\"Person\",\"@id\":\"https:\/\/brasilnoticias.org\/site\/#\/schema\/person\/f609fa847b5314f1c8b983342f34c798\",\"name\":\"Reda\u00e7\u00e3o\",\"image\":{\"@type\":\"ImageObject\",\"inLanguage\":\"pt-PT\",\"@id\":\"https:\/\/brasilnoticias.org\/site\/#\/schema\/person\/image\/\",\"url\":\"https:\/\/secure.gravatar.com\/avatar\/447284c06c1ad8b46465a36de9cd0d8326b73387a22799b8b1ffb1fbcff2ed0c?s=96&d=mm&r=g\",\"contentUrl\":\"https:\/\/secure.gravatar.com\/avatar\/447284c06c1ad8b46465a36de9cd0d8326b73387a22799b8b1ffb1fbcff2ed0c?s=96&d=mm&r=g\",\"caption\":\"Reda\u00e7\u00e3o\"},\"url\":\"https:\/\/brasilnoticias.org\/site\/author\/redacao\/\"}]}<\/script>\n<!-- \/ Yoast SEO plugin. -->","yoast_head_json":{"title":"Justi\u00e7a pro\u00edbe Maiara e Maraisa de usarem marca 'As Patroas'; entenda - Brasil not\u00edcias","robots":{"index":"index","follow":"follow","max-snippet":"max-snippet:-1","max-image-preview":"max-image-preview:large","max-video-preview":"max-video-preview:-1"},"canonical":"https:\/\/brasilnoticias.org\/site\/justica-proibe-maiara-e-maraisa-de-usarem-marca-as-patroas-entenda\/","og_locale":"pt_PT","og_type":"article","og_title":"Justi\u00e7a pro\u00edbe Maiara e Maraisa de usarem marca 'As Patroas'; entenda - Brasil not\u00edcias","og_description":"A dupla Maiara e Mara\u00edsa e o escrit\u00f3rio WorkShow, respons\u00e1vel por cuidar da carreira das cantoras e de Mar\u00edlia Mendon\u00e7a,","og_url":"https:\/\/brasilnoticias.org\/site\/justica-proibe-maiara-e-maraisa-de-usarem-marca-as-patroas-entenda\/","og_site_name":"Brasil not\u00edcias","article_published_time":"2022-06-13T20:40:49+00:00","og_image":[{"width":380,"height":280,"url":"https:\/\/brasilnoticias.org\/site\/wp-content\/uploads\/2022\/06\/IMAGEM_NOTICIA_5.jpg","type":"image\/jpeg"}],"author":"Reda\u00e7\u00e3o","twitter_card":"summary_large_image","twitter_misc":{"Escrito por":"Reda\u00e7\u00e3o","Tempo estimado de leitura":"1 minuto"},"schema":{"@context":"https:\/\/schema.org","@graph":[{"@type":"Article","@id":"https:\/\/brasilnoticias.org\/site\/justica-proibe-maiara-e-maraisa-de-usarem-marca-as-patroas-entenda\/#article","isPartOf":{"@id":"https:\/\/brasilnoticias.org\/site\/justica-proibe-maiara-e-maraisa-de-usarem-marca-as-patroas-entenda\/"},"author":{"name":"Reda\u00e7\u00e3o","@id":"https:\/\/brasilnoticias.org\/site\/#\/schema\/person\/f609fa847b5314f1c8b983342f34c798"},"headline":"Justi\u00e7a pro\u00edbe Maiara e Maraisa de usarem marca &#8216;As Patroas&#8217;; entenda","datePublished":"2022-06-13T20:40:49+00:00","mainEntityOfPage":{"@id":"https:\/\/brasilnoticias.org\/site\/justica-proibe-maiara-e-maraisa-de-usarem-marca-as-patroas-entenda\/"},"wordCount":259,"commentCount":0,"publisher":{"@id":"https:\/\/brasilnoticias.org\/site\/#organization"},"image":{"@id":"https:\/\/brasilnoticias.org\/site\/justica-proibe-maiara-e-maraisa-de-usarem-marca-as-patroas-entenda\/#primaryimage"},"thumbnailUrl":"https:\/\/brasilnoticias.org\/site\/wp-content\/uploads\/2022\/06\/IMAGEM_NOTICIA_5.jpg","articleSection":["Justi\u00e7a","\u00daltimas"],"inLanguage":"pt-PT","potentialAction":[{"@type":"CommentAction","name":"Comment","target":["https:\/\/brasilnoticias.org\/site\/justica-proibe-maiara-e-maraisa-de-usarem-marca-as-patroas-entenda\/#respond"]}]},{"@type":"WebPage","@id":"https:\/\/brasilnoticias.org\/site\/justica-proibe-maiara-e-maraisa-de-usarem-marca-as-patroas-entenda\/","url":"https:\/\/brasilnoticias.org\/site\/justica-proibe-maiara-e-maraisa-de-usarem-marca-as-patroas-entenda\/","name":"Justi\u00e7a pro\u00edbe Maiara e Maraisa de usarem marca 'As Patroas'; entenda - Brasil not\u00edcias","isPartOf":{"@id":"https:\/\/brasilnoticias.org\/site\/#website"},"primaryImageOfPage":{"@id":"https:\/\/brasilnoticias.org\/site\/justica-proibe-maiara-e-maraisa-de-usarem-marca-as-patroas-entenda\/#primaryimage"},"image":{"@id":"https:\/\/brasilnoticias.org\/site\/justica-proibe-maiara-e-maraisa-de-usarem-marca-as-patroas-entenda\/#primaryimage"},"thumbnailUrl":"https:\/\/brasilnoticias.org\/site\/wp-content\/uploads\/2022\/06\/IMAGEM_NOTICIA_5.jpg","datePublished":"2022-06-13T20:40:49+00:00","breadcrumb":{"@id":"https:\/\/brasilnoticias.org\/site\/justica-proibe-maiara-e-maraisa-de-usarem-marca-as-patroas-entenda\/#breadcrumb"},"inLanguage":"pt-PT","potentialAction":[{"@type":"ReadAction","target":["https:\/\/brasilnoticias.org\/site\/justica-proibe-maiara-e-maraisa-de-usarem-marca-as-patroas-entenda\/"]}]},{"@type":"ImageObject","inLanguage":"pt-PT","@id":"https:\/\/brasilnoticias.org\/site\/justica-proibe-maiara-e-maraisa-de-usarem-marca-as-patroas-entenda\/#primaryimage","url":"https:\/\/brasilnoticias.org\/site\/wp-content\/uploads\/2022\/06\/IMAGEM_NOTICIA_5.jpg","contentUrl":"https:\/\/brasilnoticias.org\/site\/wp-content\/uploads\/2022\/06\/IMAGEM_NOTICIA_5.jpg","width":380,"height":280},{"@type":"BreadcrumbList","@id":"https:\/\/brasilnoticias.org\/site\/justica-proibe-maiara-e-maraisa-de-usarem-marca-as-patroas-entenda\/#breadcrumb","itemListElement":[{"@type":"ListItem","position":1,"name":"In\u00edcio","item":"https:\/\/brasilnoticias.org\/site\/"},{"@type":"ListItem","position":2,"name":"Justi\u00e7a pro\u00edbe Maiara e Maraisa de usarem marca &#8216;As Patroas&#8217;; entenda"}]},{"@type":"WebSite","@id":"https:\/\/brasilnoticias.org\/site\/#website","url":"https:\/\/brasilnoticias.org\/site\/","name":"Brasil not\u00edcias","description":"Brasil not\u00edcias","publisher":{"@id":"https:\/\/brasilnoticias.org\/site\/#organization"},"potentialAction":[{"@type":"SearchAction","target":{"@type":"EntryPoint","urlTemplate":"https:\/\/brasilnoticias.org\/site\/?s={search_term_string}"},"query-input":{"@type":"PropertyValueSpecification","valueRequired":true,"valueName":"search_term_string"}}],"inLanguage":"pt-PT"},{"@type":"Organization","@id":"https:\/\/brasilnoticias.org\/site\/#organization","name":"Brasil not\u00edcias","url":"https:\/\/brasilnoticias.org\/site\/","logo":{"@type":"ImageObject","inLanguage":"pt-PT","@id":"https:\/\/brasilnoticias.org\/site\/#\/schema\/logo\/image\/","url":"https:\/\/brasilnoticias.org\/site\/wp-content\/uploads\/2022\/05\/cropped-brasilnoticias-mini.jpg","contentUrl":"https:\/\/brasilnoticias.org\/site\/wp-content\/uploads\/2022\/05\/cropped-brasilnoticias-mini.jpg","width":314,"height":86,"caption":"Brasil not\u00edcias"},"image":{"@id":"https:\/\/brasilnoticias.org\/site\/#\/schema\/logo\/image\/"}},{"@type":"Person","@id":"https:\/\/brasilnoticias.org\/site\/#\/schema\/person\/f609fa847b5314f1c8b983342f34c798","name":"Reda\u00e7\u00e3o","image":{"@type":"ImageObject","inLanguage":"pt-PT","@id":"https:\/\/brasilnoticias.org\/site\/#\/schema\/person\/image\/","url":"https:\/\/secure.gravatar.com\/avatar\/447284c06c1ad8b46465a36de9cd0d8326b73387a22799b8b1ffb1fbcff2ed0c?s=96&d=mm&r=g","contentUrl":"https:\/\/secure.gravatar.com\/avatar\/447284c06c1ad8b46465a36de9cd0d8326b73387a22799b8b1ffb1fbcff2ed0c?s=96&d=mm&r=g","caption":"Reda\u00e7\u00e3o"},"url":"https:\/\/brasilnoticias.org\/site\/author\/redacao\/"}]}},"_links":{"self":[{"href":"https:\/\/brasilnoticias.org\/site\/wp-json\/wp\/v2\/posts\/900","targetHints":{"allow":["GET"]}}],"collection":[{"href":"https:\/\/brasilnoticias.org\/site\/wp-json\/wp\/v2\/posts"}],"about":[{"href":"https:\/\/brasilnoticias.org\/site\/wp-json\/wp\/v2\/types\/post"}],"author":[{"embeddable":true,"href":"https:\/\/brasilnoticias.org\/site\/wp-json\/wp\/v2\/users\/2"}],"replies":[{"embeddable":true,"href":"https:\/\/brasilnoticias.org\/site\/wp-json\/wp\/v2\/comments?post=900"}],"version-history":[{"count":1,"href":"https:\/\/brasilnoticias.org\/site\/wp-json\/wp\/v2\/posts\/900\/revisions"}],"predecessor-version":[{"id":902,"href":"https:\/\/brasilnoticias.org\/site\/wp-json\/wp\/v2\/posts\/900\/revisions\/902"}],"wp:featuredmedia":[{"embeddable":true,"href":"https:\/\/brasilnoticias.org\/site\/wp-json\/wp\/v2\/media\/901"}],"wp:attachment":[{"href":"https:\/\/brasilnoticias.org\/site\/wp-json\/wp\/v2\/media?parent=900"}],"wp:term":[{"taxonomy":"category","embeddable":true,"href":"https:\/\/brasilnoticias.org\/site\/wp-json\/wp\/v2\/categories?post=900"},{"taxonomy":"post_tag","embeddable":true,"href":"https:\/\/brasilnoticias.org\/site\/wp-json\/wp\/v2\/tags?post=900"}],"curies":[{"name":"wp","href":"https:\/\/api.w.org\/{rel}","templated":true}]}}