{"id":9021,"date":"2023-09-08T15:27:46","date_gmt":"2023-09-08T18:27:46","guid":{"rendered":"https:\/\/brasilnoticias.org\/site\/?p=9021"},"modified":"2023-09-08T15:27:46","modified_gmt":"2023-09-08T18:27:46","slug":"um-ano-apos-morte-de-elizabeth-charles-luta-para-manter-monarquia-relevante","status":"publish","type":"post","link":"https:\/\/brasilnoticias.org\/site\/um-ano-apos-morte-de-elizabeth-charles-luta-para-manter-monarquia-relevante\/","title":{"rendered":"Um ano ap\u00f3s morte de Elizabeth, Charles luta para manter monarquia relevante"},"content":{"rendered":"<p>Em Londres, haver\u00e1 o toque dos sinos na Abadia de Westminster e salvas de 21 tiros nos parques reais da cidade<\/p>\n<p>O rei Charles lll enfrenta desde a morte de sua m\u00e3e, Elizabeth ll, h\u00e1 exatamente um ano nesta sexta (8), o desafio de manter a monarquia relevante. Algumas tradi\u00e7\u00f5es, no entanto, parecem estar ajudando Charles a se sobressair. Uma delas \u00e9 a de que os \u2014 poucos \u2014 eventos oficiais programados para esta sexta n\u00e3o lamentam exatamente a morte de Elizabeth, mas sim comemoram um ano da subida de Charles ao trono \u2014 o que aconteceu automaticamente em 8 de setembro de 2022, embora a coroa\u00e7\u00e3o de fato s\u00f3 tenha ocorrido em 6 de maio deste ano.<\/p>\n<p>Em Londres, haver\u00e1 o toque dos sinos na Abadia de Westminster e salvas de 21 tiros nos parques reais da cidade. No calend\u00e1rio da abadia, por exemplo, os sinos tocam a partir das 13h (9h no Brasil), &#8220;marcando o primeiro anivers\u00e1rio da ascens\u00e3o de Sua Majestade, o Rei&#8221;. N\u00e3o h\u00e1 men\u00e7\u00e3o \u00e0 rainha.<\/p>\n<p>O pr\u00edncipe William \u2014 filho mais velho de Charles e, portanto, o primeiro na linha sucess\u00f3ria \u2014 e a princesa Kate devem estar \u00e0 frente das homenagens em Londres, e espera-se que o herdeiro leia uma mensagem sobre o legado de Elizabeth. <\/p>\n<p>O pr\u00edncipe Harry tamb\u00e9m deve estar na cidade, mas n\u00e3o \u00e9 esperado que participe de coisa alguma \u2014exceto pela cerim\u00f4nia de premia\u00e7\u00e3o da institui\u00e7\u00e3o de caridade do qual \u00e9 patrono, ocorrida nesta quinta-feira (7). As informa\u00e7\u00f5es s\u00e3o do jornal Folha de S.Paulo.<\/p>\n<p>Foto: @TheRoyalFamily<br \/>\nMetro1<\/p>\n","protected":false},"excerpt":{"rendered":"<p>Em Londres, haver\u00e1 o toque dos sinos na Abadia de Westminster e salvas de 21 tiros nos parques reais da<\/p>\n","protected":false},"author":4,"featured_media":9022,"comment_status":"open","ping_status":"open","sticky":false,"template":"","format":"standard","meta":{"colormag_page_container_layout":"default_layout","colormag_page_sidebar_layout":"default_layout","_FSMCFIC_featured_image_caption":"","_FSMCFIC_featured_image_nocaption":"","_FSMCFIC_featured_image_hide":"","footnotes":""},"categories":[2,1],"tags":[],"class_list":["post-9021","post","type-post","status-publish","format-standard","has-post-thumbnail","hentry","category-noticias","category-ultimas"],"yoast_head":"<!-- This site is optimized with the Yoast SEO plugin v27.1.1 - https:\/\/yoast.com\/product\/yoast-seo-wordpress\/ -->\n<title>Um ano ap\u00f3s morte de Elizabeth, Charles luta para manter monarquia relevante - Brasil not\u00edcias<\/title>\n<meta name=\"robots\" content=\"index, follow, max-snippet:-1, max-image-preview:large, max-video-preview:-1\" \/>\n<link rel=\"canonical\" href=\"https:\/\/brasilnoticias.org\/site\/um-ano-apos-morte-de-elizabeth-charles-luta-para-manter-monarquia-relevante\/\" \/>\n<meta property=\"og:locale\" content=\"pt_PT\" \/>\n<meta property=\"og:type\" content=\"article\" \/>\n<meta property=\"og:title\" content=\"Um ano ap\u00f3s morte de Elizabeth, Charles luta para manter monarquia relevante - Brasil not\u00edcias\" \/>\n<meta property=\"og:description\" content=\"Em Londres, haver\u00e1 o toque dos sinos na Abadia de Westminster e salvas de 21 tiros nos parques reais da\" \/>\n<meta property=\"og:url\" content=\"https:\/\/brasilnoticias.org\/site\/um-ano-apos-morte-de-elizabeth-charles-luta-para-manter-monarquia-relevante\/\" \/>\n<meta property=\"og:site_name\" content=\"Brasil not\u00edcias\" \/>\n<meta property=\"article:published_time\" content=\"2023-09-08T18:27:46+00:00\" \/>\n<meta property=\"og:image\" content=\"https:\/\/brasilnoticias.org\/site\/wp-content\/uploads\/2023\/09\/140723um-ano-apos-morte-de-elizabeth-charles-luta-para-manter-monarquia-relevante-3.jpg\" \/>\n\t<meta property=\"og:image:width\" content=\"1600\" \/>\n\t<meta property=\"og:image:height\" content=\"752\" \/>\n\t<meta property=\"og:image:type\" content=\"image\/jpeg\" \/>\n<meta name=\"author\" content=\"Reda\u00e7\u00e3o\" \/>\n<meta name=\"twitter:card\" content=\"summary_large_image\" \/>\n<meta name=\"twitter:label1\" content=\"Escrito por\" \/>\n\t<meta name=\"twitter:data1\" content=\"Reda\u00e7\u00e3o\" \/>\n<script type=\"application\/ld+json\" class=\"yoast-schema-graph\">{\"@context\":\"https:\/\/schema.org\",\"@graph\":[{\"@type\":\"Article\",\"@id\":\"https:\/\/brasilnoticias.org\/site\/um-ano-apos-morte-de-elizabeth-charles-luta-para-manter-monarquia-relevante\/#article\",\"isPartOf\":{\"@id\":\"https:\/\/brasilnoticias.org\/site\/um-ano-apos-morte-de-elizabeth-charles-luta-para-manter-monarquia-relevante\/\"},\"author\":{\"name\":\"Reda\u00e7\u00e3o\",\"@id\":\"https:\/\/brasilnoticias.org\/site\/#\/schema\/person\/03bbbfe6c7634ad18c26444ea39049fa\"},\"headline\":\"Um ano ap\u00f3s morte de Elizabeth, Charles luta para manter monarquia relevante\",\"datePublished\":\"2023-09-08T18:27:46+00:00\",\"mainEntityOfPage\":{\"@id\":\"https:\/\/brasilnoticias.org\/site\/um-ano-apos-morte-de-elizabeth-charles-luta-para-manter-monarquia-relevante\/\"},\"wordCount\":274,\"commentCount\":0,\"publisher\":{\"@id\":\"https:\/\/brasilnoticias.org\/site\/#organization\"},\"image\":{\"@id\":\"https:\/\/brasilnoticias.org\/site\/um-ano-apos-morte-de-elizabeth-charles-luta-para-manter-monarquia-relevante\/#primaryimage\"},\"thumbnailUrl\":\"https:\/\/brasilnoticias.org\/site\/wp-content\/uploads\/2023\/09\/140723um-ano-apos-morte-de-elizabeth-charles-luta-para-manter-monarquia-relevante-3.jpg\",\"articleSection\":[\"Not\u00edcias\",\"\u00daltimas\"],\"inLanguage\":\"pt-PT\",\"potentialAction\":[{\"@type\":\"CommentAction\",\"name\":\"Comment\",\"target\":[\"https:\/\/brasilnoticias.org\/site\/um-ano-apos-morte-de-elizabeth-charles-luta-para-manter-monarquia-relevante\/#respond\"]}]},{\"@type\":\"WebPage\",\"@id\":\"https:\/\/brasilnoticias.org\/site\/um-ano-apos-morte-de-elizabeth-charles-luta-para-manter-monarquia-relevante\/\",\"url\":\"https:\/\/brasilnoticias.org\/site\/um-ano-apos-morte-de-elizabeth-charles-luta-para-manter-monarquia-relevante\/\",\"name\":\"Um ano ap\u00f3s morte de Elizabeth, Charles luta para manter monarquia relevante - Brasil not\u00edcias\",\"isPartOf\":{\"@id\":\"https:\/\/brasilnoticias.org\/site\/#website\"},\"primaryImageOfPage\":{\"@id\":\"https:\/\/brasilnoticias.org\/site\/um-ano-apos-morte-de-elizabeth-charles-luta-para-manter-monarquia-relevante\/#primaryimage\"},\"image\":{\"@id\":\"https:\/\/brasilnoticias.org\/site\/um-ano-apos-morte-de-elizabeth-charles-luta-para-manter-monarquia-relevante\/#primaryimage\"},\"thumbnailUrl\":\"https:\/\/brasilnoticias.org\/site\/wp-content\/uploads\/2023\/09\/140723um-ano-apos-morte-de-elizabeth-charles-luta-para-manter-monarquia-relevante-3.jpg\",\"datePublished\":\"2023-09-08T18:27:46+00:00\",\"breadcrumb\":{\"@id\":\"https:\/\/brasilnoticias.org\/site\/um-ano-apos-morte-de-elizabeth-charles-luta-para-manter-monarquia-relevante\/#breadcrumb\"},\"inLanguage\":\"pt-PT\",\"potentialAction\":[{\"@type\":\"ReadAction\",\"target\":[\"https:\/\/brasilnoticias.org\/site\/um-ano-apos-morte-de-elizabeth-charles-luta-para-manter-monarquia-relevante\/\"]}]},{\"@type\":\"ImageObject\",\"inLanguage\":\"pt-PT\",\"@id\":\"https:\/\/brasilnoticias.org\/site\/um-ano-apos-morte-de-elizabeth-charles-luta-para-manter-monarquia-relevante\/#primaryimage\",\"url\":\"https:\/\/brasilnoticias.org\/site\/wp-content\/uploads\/2023\/09\/140723um-ano-apos-morte-de-elizabeth-charles-luta-para-manter-monarquia-relevante-3.jpg\",\"contentUrl\":\"https:\/\/brasilnoticias.org\/site\/wp-content\/uploads\/2023\/09\/140723um-ano-apos-morte-de-elizabeth-charles-luta-para-manter-monarquia-relevante-3.jpg\",\"width\":1600,\"height\":752},{\"@type\":\"BreadcrumbList\",\"@id\":\"https:\/\/brasilnoticias.org\/site\/um-ano-apos-morte-de-elizabeth-charles-luta-para-manter-monarquia-relevante\/#breadcrumb\",\"itemListElement\":[{\"@type\":\"ListItem\",\"position\":1,\"name\":\"In\u00edcio\",\"item\":\"https:\/\/brasilnoticias.org\/site\/\"},{\"@type\":\"ListItem\",\"position\":2,\"name\":\"Um ano ap\u00f3s morte de Elizabeth, Charles luta para manter monarquia relevante\"}]},{\"@type\":\"WebSite\",\"@id\":\"https:\/\/brasilnoticias.org\/site\/#website\",\"url\":\"https:\/\/brasilnoticias.org\/site\/\",\"name\":\"Brasil not\u00edcias\",\"description\":\"Brasil not\u00edcias\",\"publisher\":{\"@id\":\"https:\/\/brasilnoticias.org\/site\/#organization\"},\"potentialAction\":[{\"@type\":\"SearchAction\",\"target\":{\"@type\":\"EntryPoint\",\"urlTemplate\":\"https:\/\/brasilnoticias.org\/site\/?s={search_term_string}\"},\"query-input\":{\"@type\":\"PropertyValueSpecification\",\"valueRequired\":true,\"valueName\":\"search_term_string\"}}],\"inLanguage\":\"pt-PT\"},{\"@type\":\"Organization\",\"@id\":\"https:\/\/brasilnoticias.org\/site\/#organization\",\"name\":\"Brasil not\u00edcias\",\"url\":\"https:\/\/brasilnoticias.org\/site\/\",\"logo\":{\"@type\":\"ImageObject\",\"inLanguage\":\"pt-PT\",\"@id\":\"https:\/\/brasilnoticias.org\/site\/#\/schema\/logo\/image\/\",\"url\":\"https:\/\/brasilnoticias.org\/site\/wp-content\/uploads\/2022\/05\/cropped-brasilnoticias-mini.jpg\",\"contentUrl\":\"https:\/\/brasilnoticias.org\/site\/wp-content\/uploads\/2022\/05\/cropped-brasilnoticias-mini.jpg\",\"width\":314,\"height\":86,\"caption\":\"Brasil not\u00edcias\"},\"image\":{\"@id\":\"https:\/\/brasilnoticias.org\/site\/#\/schema\/logo\/image\/\"}},{\"@type\":\"Person\",\"@id\":\"https:\/\/brasilnoticias.org\/site\/#\/schema\/person\/03bbbfe6c7634ad18c26444ea39049fa\",\"name\":\"Reda\u00e7\u00e3o\",\"image\":{\"@type\":\"ImageObject\",\"inLanguage\":\"pt-PT\",\"@id\":\"https:\/\/brasilnoticias.org\/site\/#\/schema\/person\/image\/\",\"url\":\"https:\/\/secure.gravatar.com\/avatar\/9ecaf7327a696cb23ad926fedded5f1f04d7049de9e445375d55b48c001a6e42?s=96&d=mm&r=g\",\"contentUrl\":\"https:\/\/secure.gravatar.com\/avatar\/9ecaf7327a696cb23ad926fedded5f1f04d7049de9e445375d55b48c001a6e42?s=96&d=mm&r=g\",\"caption\":\"Reda\u00e7\u00e3o\"},\"url\":\"https:\/\/brasilnoticias.org\/site\/author\/henrique\/\"}]}<\/script>\n<!-- \/ Yoast SEO plugin. -->","yoast_head_json":{"title":"Um ano ap\u00f3s morte de Elizabeth, Charles luta para manter monarquia relevante - Brasil not\u00edcias","robots":{"index":"index","follow":"follow","max-snippet":"max-snippet:-1","max-image-preview":"max-image-preview:large","max-video-preview":"max-video-preview:-1"},"canonical":"https:\/\/brasilnoticias.org\/site\/um-ano-apos-morte-de-elizabeth-charles-luta-para-manter-monarquia-relevante\/","og_locale":"pt_PT","og_type":"article","og_title":"Um ano ap\u00f3s morte de Elizabeth, Charles luta para manter monarquia relevante - Brasil not\u00edcias","og_description":"Em Londres, haver\u00e1 o toque dos sinos na Abadia de Westminster e salvas de 21 tiros nos parques reais da","og_url":"https:\/\/brasilnoticias.org\/site\/um-ano-apos-morte-de-elizabeth-charles-luta-para-manter-monarquia-relevante\/","og_site_name":"Brasil not\u00edcias","article_published_time":"2023-09-08T18:27:46+00:00","og_image":[{"width":1600,"height":752,"url":"https:\/\/brasilnoticias.org\/site\/wp-content\/uploads\/2023\/09\/140723um-ano-apos-morte-de-elizabeth-charles-luta-para-manter-monarquia-relevante-3.jpg","type":"image\/jpeg"}],"author":"Reda\u00e7\u00e3o","twitter_card":"summary_large_image","twitter_misc":{"Escrito por":"Reda\u00e7\u00e3o"},"schema":{"@context":"https:\/\/schema.org","@graph":[{"@type":"Article","@id":"https:\/\/brasilnoticias.org\/site\/um-ano-apos-morte-de-elizabeth-charles-luta-para-manter-monarquia-relevante\/#article","isPartOf":{"@id":"https:\/\/brasilnoticias.org\/site\/um-ano-apos-morte-de-elizabeth-charles-luta-para-manter-monarquia-relevante\/"},"author":{"name":"Reda\u00e7\u00e3o","@id":"https:\/\/brasilnoticias.org\/site\/#\/schema\/person\/03bbbfe6c7634ad18c26444ea39049fa"},"headline":"Um ano ap\u00f3s morte de Elizabeth, Charles luta para manter monarquia relevante","datePublished":"2023-09-08T18:27:46+00:00","mainEntityOfPage":{"@id":"https:\/\/brasilnoticias.org\/site\/um-ano-apos-morte-de-elizabeth-charles-luta-para-manter-monarquia-relevante\/"},"wordCount":274,"commentCount":0,"publisher":{"@id":"https:\/\/brasilnoticias.org\/site\/#organization"},"image":{"@id":"https:\/\/brasilnoticias.org\/site\/um-ano-apos-morte-de-elizabeth-charles-luta-para-manter-monarquia-relevante\/#primaryimage"},"thumbnailUrl":"https:\/\/brasilnoticias.org\/site\/wp-content\/uploads\/2023\/09\/140723um-ano-apos-morte-de-elizabeth-charles-luta-para-manter-monarquia-relevante-3.jpg","articleSection":["Not\u00edcias","\u00daltimas"],"inLanguage":"pt-PT","potentialAction":[{"@type":"CommentAction","name":"Comment","target":["https:\/\/brasilnoticias.org\/site\/um-ano-apos-morte-de-elizabeth-charles-luta-para-manter-monarquia-relevante\/#respond"]}]},{"@type":"WebPage","@id":"https:\/\/brasilnoticias.org\/site\/um-ano-apos-morte-de-elizabeth-charles-luta-para-manter-monarquia-relevante\/","url":"https:\/\/brasilnoticias.org\/site\/um-ano-apos-morte-de-elizabeth-charles-luta-para-manter-monarquia-relevante\/","name":"Um ano ap\u00f3s morte de Elizabeth, Charles luta para manter monarquia relevante - Brasil not\u00edcias","isPartOf":{"@id":"https:\/\/brasilnoticias.org\/site\/#website"},"primaryImageOfPage":{"@id":"https:\/\/brasilnoticias.org\/site\/um-ano-apos-morte-de-elizabeth-charles-luta-para-manter-monarquia-relevante\/#primaryimage"},"image":{"@id":"https:\/\/brasilnoticias.org\/site\/um-ano-apos-morte-de-elizabeth-charles-luta-para-manter-monarquia-relevante\/#primaryimage"},"thumbnailUrl":"https:\/\/brasilnoticias.org\/site\/wp-content\/uploads\/2023\/09\/140723um-ano-apos-morte-de-elizabeth-charles-luta-para-manter-monarquia-relevante-3.jpg","datePublished":"2023-09-08T18:27:46+00:00","breadcrumb":{"@id":"https:\/\/brasilnoticias.org\/site\/um-ano-apos-morte-de-elizabeth-charles-luta-para-manter-monarquia-relevante\/#breadcrumb"},"inLanguage":"pt-PT","potentialAction":[{"@type":"ReadAction","target":["https:\/\/brasilnoticias.org\/site\/um-ano-apos-morte-de-elizabeth-charles-luta-para-manter-monarquia-relevante\/"]}]},{"@type":"ImageObject","inLanguage":"pt-PT","@id":"https:\/\/brasilnoticias.org\/site\/um-ano-apos-morte-de-elizabeth-charles-luta-para-manter-monarquia-relevante\/#primaryimage","url":"https:\/\/brasilnoticias.org\/site\/wp-content\/uploads\/2023\/09\/140723um-ano-apos-morte-de-elizabeth-charles-luta-para-manter-monarquia-relevante-3.jpg","contentUrl":"https:\/\/brasilnoticias.org\/site\/wp-content\/uploads\/2023\/09\/140723um-ano-apos-morte-de-elizabeth-charles-luta-para-manter-monarquia-relevante-3.jpg","width":1600,"height":752},{"@type":"BreadcrumbList","@id":"https:\/\/brasilnoticias.org\/site\/um-ano-apos-morte-de-elizabeth-charles-luta-para-manter-monarquia-relevante\/#breadcrumb","itemListElement":[{"@type":"ListItem","position":1,"name":"In\u00edcio","item":"https:\/\/brasilnoticias.org\/site\/"},{"@type":"ListItem","position":2,"name":"Um ano ap\u00f3s morte de Elizabeth, Charles luta para manter monarquia relevante"}]},{"@type":"WebSite","@id":"https:\/\/brasilnoticias.org\/site\/#website","url":"https:\/\/brasilnoticias.org\/site\/","name":"Brasil not\u00edcias","description":"Brasil not\u00edcias","publisher":{"@id":"https:\/\/brasilnoticias.org\/site\/#organization"},"potentialAction":[{"@type":"SearchAction","target":{"@type":"EntryPoint","urlTemplate":"https:\/\/brasilnoticias.org\/site\/?s={search_term_string}"},"query-input":{"@type":"PropertyValueSpecification","valueRequired":true,"valueName":"search_term_string"}}],"inLanguage":"pt-PT"},{"@type":"Organization","@id":"https:\/\/brasilnoticias.org\/site\/#organization","name":"Brasil not\u00edcias","url":"https:\/\/brasilnoticias.org\/site\/","logo":{"@type":"ImageObject","inLanguage":"pt-PT","@id":"https:\/\/brasilnoticias.org\/site\/#\/schema\/logo\/image\/","url":"https:\/\/brasilnoticias.org\/site\/wp-content\/uploads\/2022\/05\/cropped-brasilnoticias-mini.jpg","contentUrl":"https:\/\/brasilnoticias.org\/site\/wp-content\/uploads\/2022\/05\/cropped-brasilnoticias-mini.jpg","width":314,"height":86,"caption":"Brasil not\u00edcias"},"image":{"@id":"https:\/\/brasilnoticias.org\/site\/#\/schema\/logo\/image\/"}},{"@type":"Person","@id":"https:\/\/brasilnoticias.org\/site\/#\/schema\/person\/03bbbfe6c7634ad18c26444ea39049fa","name":"Reda\u00e7\u00e3o","image":{"@type":"ImageObject","inLanguage":"pt-PT","@id":"https:\/\/brasilnoticias.org\/site\/#\/schema\/person\/image\/","url":"https:\/\/secure.gravatar.com\/avatar\/9ecaf7327a696cb23ad926fedded5f1f04d7049de9e445375d55b48c001a6e42?s=96&d=mm&r=g","contentUrl":"https:\/\/secure.gravatar.com\/avatar\/9ecaf7327a696cb23ad926fedded5f1f04d7049de9e445375d55b48c001a6e42?s=96&d=mm&r=g","caption":"Reda\u00e7\u00e3o"},"url":"https:\/\/brasilnoticias.org\/site\/author\/henrique\/"}]}},"_links":{"self":[{"href":"https:\/\/brasilnoticias.org\/site\/wp-json\/wp\/v2\/posts\/9021","targetHints":{"allow":["GET"]}}],"collection":[{"href":"https:\/\/brasilnoticias.org\/site\/wp-json\/wp\/v2\/posts"}],"about":[{"href":"https:\/\/brasilnoticias.org\/site\/wp-json\/wp\/v2\/types\/post"}],"author":[{"embeddable":true,"href":"https:\/\/brasilnoticias.org\/site\/wp-json\/wp\/v2\/users\/4"}],"replies":[{"embeddable":true,"href":"https:\/\/brasilnoticias.org\/site\/wp-json\/wp\/v2\/comments?post=9021"}],"version-history":[{"count":1,"href":"https:\/\/brasilnoticias.org\/site\/wp-json\/wp\/v2\/posts\/9021\/revisions"}],"predecessor-version":[{"id":9023,"href":"https:\/\/brasilnoticias.org\/site\/wp-json\/wp\/v2\/posts\/9021\/revisions\/9023"}],"wp:featuredmedia":[{"embeddable":true,"href":"https:\/\/brasilnoticias.org\/site\/wp-json\/wp\/v2\/media\/9022"}],"wp:attachment":[{"href":"https:\/\/brasilnoticias.org\/site\/wp-json\/wp\/v2\/media?parent=9021"}],"wp:term":[{"taxonomy":"category","embeddable":true,"href":"https:\/\/brasilnoticias.org\/site\/wp-json\/wp\/v2\/categories?post=9021"},{"taxonomy":"post_tag","embeddable":true,"href":"https:\/\/brasilnoticias.org\/site\/wp-json\/wp\/v2\/tags?post=9021"}],"curies":[{"name":"wp","href":"https:\/\/api.w.org\/{rel}","templated":true}]}}