{"id":9036,"date":"2023-09-08T15:39:54","date_gmt":"2023-09-08T18:39:54","guid":{"rendered":"https:\/\/brasilnoticias.org\/site\/?p=9036"},"modified":"2023-09-08T15:39:54","modified_gmt":"2023-09-08T18:39:54","slug":"homem-e-liberado-de-delegacia-mesmo-apos-ter-confessado-morte-de-companheira-em-salvador","status":"publish","type":"post","link":"https:\/\/brasilnoticias.org\/site\/homem-e-liberado-de-delegacia-mesmo-apos-ter-confessado-morte-de-companheira-em-salvador\/","title":{"rendered":"Homem \u00e9 liberado de delegacia, mesmo ap\u00f3s ter confessado morte de companheira em Salvador"},"content":{"rendered":"<p>Um homem, respons\u00e1vel pela morte da jovem Jos\u00e9lia Dias Bispo dos Santos, de 23 anos, foi liberado da delegacia do Departamento de Homic\u00eddios e Prote\u00e7\u00e3o a Pessoa (DHPP), na \u00faltima quarta-feira (6\/9), mesmo ap\u00f3s confessar ter sido o autor das facadas que vitimaram a jovem, na \u00faltima ter\u00e7a-feira (5\/9), no bairro de Sussuarana Nova.<\/p>\n<p>Aratu On procurou a Pol\u00edcia Civil, para entender a situa\u00e7\u00e3o. Segundo a 2\u00aa Delegacia de Homic\u00eddios (DH\/Central), que investiga a morte da mulher, o homem n\u00e3o foi preso devido \u00e0 \u201cfalta de requisitos legais para a pris\u00e3o em flagrante\u201d, destaca em nota.<\/p>\n<p>De forma resumida, como fugiu do flagrante, ou seja, n\u00e3o foi localizado, ou se entregou no prazo de at\u00e9 24 horas ap\u00f3s ter cometido o crime, ele s\u00f3 pode ser detido pelas autoridades caso um juiz emita o mandado de pris\u00e3o preventiva.<\/p>\n<p>O pedido j\u00e1 foi feito e a pol\u00edcia aguarda a resposta da Justi\u00e7a. O homem, tamb\u00e9m por quest\u00f5es legais, n\u00e3o teve a sua identidade revelada.<\/p>\n<p>Confira, na \u00edntegra, nota enviada pela assessoria da Pol\u00edcia Civil:<\/p>\n<p>\u201cA 2\u00aa Delegacia de Homic\u00eddios (DH\/Central), que investiga o feminic\u00eddio de Jos\u00e9lia Dias Bispo dos Santos, morta na ter\u00e7a-feira (5) por golpes de arma branca em sua resid\u00eancia, no bairro de Sussuarana Nova, j\u00e1 solicitou a pris\u00e3o preventiva do suspeito e aguarda deferimento da Justi\u00e7a. O homem se apresentou ao Departamento de Homic\u00eddios e Prote\u00e7\u00e3o \u00e0 Pessoa (DHPP), na noite de quarta-feira (6), informando o acontecido e confessando o crime. Ele foi ouvido e liberado, por n\u00e3o haver os requisitos legais para a pris\u00e3o em flagrante.\u201d<\/p>\n<p>Foto: Arquivo Pessoal<br \/>\nAratu On<\/p>\n","protected":false},"excerpt":{"rendered":"<p>Um homem, respons\u00e1vel pela morte da jovem Jos\u00e9lia Dias Bispo dos Santos, de 23 anos, foi liberado da delegacia do<\/p>\n","protected":false},"author":4,"featured_media":9037,"comment_status":"open","ping_status":"open","sticky":false,"template":"","format":"standard","meta":{"colormag_page_container_layout":"default_layout","colormag_page_sidebar_layout":"default_layout","_FSMCFIC_featured_image_caption":"","_FSMCFIC_featured_image_nocaption":"","_FSMCFIC_featured_image_hide":"","footnotes":""},"categories":[3,1],"tags":[],"class_list":["post-9036","post","type-post","status-publish","format-standard","has-post-thumbnail","hentry","category-policia","category-ultimas"],"yoast_head":"<!-- This site is optimized with the Yoast SEO plugin v27.1.1 - https:\/\/yoast.com\/product\/yoast-seo-wordpress\/ -->\n<title>Homem \u00e9 liberado de delegacia, mesmo ap\u00f3s ter confessado morte de companheira em Salvador - Brasil not\u00edcias<\/title>\n<meta name=\"robots\" content=\"index, follow, max-snippet:-1, max-image-preview:large, max-video-preview:-1\" \/>\n<link rel=\"canonical\" href=\"https:\/\/brasilnoticias.org\/site\/homem-e-liberado-de-delegacia-mesmo-apos-ter-confessado-morte-de-companheira-em-salvador\/\" \/>\n<meta property=\"og:locale\" content=\"pt_PT\" \/>\n<meta property=\"og:type\" content=\"article\" \/>\n<meta property=\"og:title\" content=\"Homem \u00e9 liberado de delegacia, mesmo ap\u00f3s ter confessado morte de companheira em Salvador - Brasil not\u00edcias\" \/>\n<meta property=\"og:description\" content=\"Um homem, respons\u00e1vel pela morte da jovem Jos\u00e9lia Dias Bispo dos Santos, de 23 anos, foi liberado da delegacia do\" \/>\n<meta property=\"og:url\" content=\"https:\/\/brasilnoticias.org\/site\/homem-e-liberado-de-delegacia-mesmo-apos-ter-confessado-morte-de-companheira-em-salvador\/\" \/>\n<meta property=\"og:site_name\" content=\"Brasil not\u00edcias\" \/>\n<meta property=\"article:published_time\" content=\"2023-09-08T18:39:54+00:00\" \/>\n<meta property=\"og:image\" content=\"https:\/\/brasilnoticias.org\/site\/wp-content\/uploads\/2023\/09\/cats-3-2.jpg\" \/>\n\t<meta property=\"og:image:width\" content=\"740\" \/>\n\t<meta property=\"og:image:height\" content=\"470\" \/>\n\t<meta property=\"og:image:type\" content=\"image\/jpeg\" \/>\n<meta name=\"author\" content=\"Reda\u00e7\u00e3o\" \/>\n<meta name=\"twitter:card\" content=\"summary_large_image\" \/>\n<meta name=\"twitter:label1\" content=\"Escrito por\" \/>\n\t<meta name=\"twitter:data1\" content=\"Reda\u00e7\u00e3o\" \/>\n<script type=\"application\/ld+json\" class=\"yoast-schema-graph\">{\"@context\":\"https:\/\/schema.org\",\"@graph\":[{\"@type\":\"Article\",\"@id\":\"https:\/\/brasilnoticias.org\/site\/homem-e-liberado-de-delegacia-mesmo-apos-ter-confessado-morte-de-companheira-em-salvador\/#article\",\"isPartOf\":{\"@id\":\"https:\/\/brasilnoticias.org\/site\/homem-e-liberado-de-delegacia-mesmo-apos-ter-confessado-morte-de-companheira-em-salvador\/\"},\"author\":{\"name\":\"Reda\u00e7\u00e3o\",\"@id\":\"https:\/\/brasilnoticias.org\/site\/#\/schema\/person\/03bbbfe6c7634ad18c26444ea39049fa\"},\"headline\":\"Homem \u00e9 liberado de delegacia, mesmo ap\u00f3s ter confessado morte de companheira em Salvador\",\"datePublished\":\"2023-09-08T18:39:54+00:00\",\"mainEntityOfPage\":{\"@id\":\"https:\/\/brasilnoticias.org\/site\/homem-e-liberado-de-delegacia-mesmo-apos-ter-confessado-morte-de-companheira-em-salvador\/\"},\"wordCount\":301,\"commentCount\":0,\"publisher\":{\"@id\":\"https:\/\/brasilnoticias.org\/site\/#organization\"},\"image\":{\"@id\":\"https:\/\/brasilnoticias.org\/site\/homem-e-liberado-de-delegacia-mesmo-apos-ter-confessado-morte-de-companheira-em-salvador\/#primaryimage\"},\"thumbnailUrl\":\"https:\/\/brasilnoticias.org\/site\/wp-content\/uploads\/2023\/09\/cats-3-2.jpg\",\"articleSection\":[\"Pol\u00edcia\",\"\u00daltimas\"],\"inLanguage\":\"pt-PT\",\"potentialAction\":[{\"@type\":\"CommentAction\",\"name\":\"Comment\",\"target\":[\"https:\/\/brasilnoticias.org\/site\/homem-e-liberado-de-delegacia-mesmo-apos-ter-confessado-morte-de-companheira-em-salvador\/#respond\"]}]},{\"@type\":\"WebPage\",\"@id\":\"https:\/\/brasilnoticias.org\/site\/homem-e-liberado-de-delegacia-mesmo-apos-ter-confessado-morte-de-companheira-em-salvador\/\",\"url\":\"https:\/\/brasilnoticias.org\/site\/homem-e-liberado-de-delegacia-mesmo-apos-ter-confessado-morte-de-companheira-em-salvador\/\",\"name\":\"Homem \u00e9 liberado de delegacia, mesmo ap\u00f3s ter confessado morte de companheira em Salvador - Brasil not\u00edcias\",\"isPartOf\":{\"@id\":\"https:\/\/brasilnoticias.org\/site\/#website\"},\"primaryImageOfPage\":{\"@id\":\"https:\/\/brasilnoticias.org\/site\/homem-e-liberado-de-delegacia-mesmo-apos-ter-confessado-morte-de-companheira-em-salvador\/#primaryimage\"},\"image\":{\"@id\":\"https:\/\/brasilnoticias.org\/site\/homem-e-liberado-de-delegacia-mesmo-apos-ter-confessado-morte-de-companheira-em-salvador\/#primaryimage\"},\"thumbnailUrl\":\"https:\/\/brasilnoticias.org\/site\/wp-content\/uploads\/2023\/09\/cats-3-2.jpg\",\"datePublished\":\"2023-09-08T18:39:54+00:00\",\"breadcrumb\":{\"@id\":\"https:\/\/brasilnoticias.org\/site\/homem-e-liberado-de-delegacia-mesmo-apos-ter-confessado-morte-de-companheira-em-salvador\/#breadcrumb\"},\"inLanguage\":\"pt-PT\",\"potentialAction\":[{\"@type\":\"ReadAction\",\"target\":[\"https:\/\/brasilnoticias.org\/site\/homem-e-liberado-de-delegacia-mesmo-apos-ter-confessado-morte-de-companheira-em-salvador\/\"]}]},{\"@type\":\"ImageObject\",\"inLanguage\":\"pt-PT\",\"@id\":\"https:\/\/brasilnoticias.org\/site\/homem-e-liberado-de-delegacia-mesmo-apos-ter-confessado-morte-de-companheira-em-salvador\/#primaryimage\",\"url\":\"https:\/\/brasilnoticias.org\/site\/wp-content\/uploads\/2023\/09\/cats-3-2.jpg\",\"contentUrl\":\"https:\/\/brasilnoticias.org\/site\/wp-content\/uploads\/2023\/09\/cats-3-2.jpg\",\"width\":740,\"height\":470},{\"@type\":\"BreadcrumbList\",\"@id\":\"https:\/\/brasilnoticias.org\/site\/homem-e-liberado-de-delegacia-mesmo-apos-ter-confessado-morte-de-companheira-em-salvador\/#breadcrumb\",\"itemListElement\":[{\"@type\":\"ListItem\",\"position\":1,\"name\":\"In\u00edcio\",\"item\":\"https:\/\/brasilnoticias.org\/site\/\"},{\"@type\":\"ListItem\",\"position\":2,\"name\":\"Homem \u00e9 liberado de delegacia, mesmo ap\u00f3s ter confessado morte de companheira em Salvador\"}]},{\"@type\":\"WebSite\",\"@id\":\"https:\/\/brasilnoticias.org\/site\/#website\",\"url\":\"https:\/\/brasilnoticias.org\/site\/\",\"name\":\"Brasil not\u00edcias\",\"description\":\"Brasil not\u00edcias\",\"publisher\":{\"@id\":\"https:\/\/brasilnoticias.org\/site\/#organization\"},\"potentialAction\":[{\"@type\":\"SearchAction\",\"target\":{\"@type\":\"EntryPoint\",\"urlTemplate\":\"https:\/\/brasilnoticias.org\/site\/?s={search_term_string}\"},\"query-input\":{\"@type\":\"PropertyValueSpecification\",\"valueRequired\":true,\"valueName\":\"search_term_string\"}}],\"inLanguage\":\"pt-PT\"},{\"@type\":\"Organization\",\"@id\":\"https:\/\/brasilnoticias.org\/site\/#organization\",\"name\":\"Brasil not\u00edcias\",\"url\":\"https:\/\/brasilnoticias.org\/site\/\",\"logo\":{\"@type\":\"ImageObject\",\"inLanguage\":\"pt-PT\",\"@id\":\"https:\/\/brasilnoticias.org\/site\/#\/schema\/logo\/image\/\",\"url\":\"https:\/\/brasilnoticias.org\/site\/wp-content\/uploads\/2022\/05\/cropped-brasilnoticias-mini.jpg\",\"contentUrl\":\"https:\/\/brasilnoticias.org\/site\/wp-content\/uploads\/2022\/05\/cropped-brasilnoticias-mini.jpg\",\"width\":314,\"height\":86,\"caption\":\"Brasil not\u00edcias\"},\"image\":{\"@id\":\"https:\/\/brasilnoticias.org\/site\/#\/schema\/logo\/image\/\"}},{\"@type\":\"Person\",\"@id\":\"https:\/\/brasilnoticias.org\/site\/#\/schema\/person\/03bbbfe6c7634ad18c26444ea39049fa\",\"name\":\"Reda\u00e7\u00e3o\",\"image\":{\"@type\":\"ImageObject\",\"inLanguage\":\"pt-PT\",\"@id\":\"https:\/\/brasilnoticias.org\/site\/#\/schema\/person\/image\/\",\"url\":\"https:\/\/secure.gravatar.com\/avatar\/9ecaf7327a696cb23ad926fedded5f1f04d7049de9e445375d55b48c001a6e42?s=96&d=mm&r=g\",\"contentUrl\":\"https:\/\/secure.gravatar.com\/avatar\/9ecaf7327a696cb23ad926fedded5f1f04d7049de9e445375d55b48c001a6e42?s=96&d=mm&r=g\",\"caption\":\"Reda\u00e7\u00e3o\"},\"url\":\"https:\/\/brasilnoticias.org\/site\/author\/henrique\/\"}]}<\/script>\n<!-- \/ Yoast SEO plugin. -->","yoast_head_json":{"title":"Homem \u00e9 liberado de delegacia, mesmo ap\u00f3s ter confessado morte de companheira em Salvador - Brasil not\u00edcias","robots":{"index":"index","follow":"follow","max-snippet":"max-snippet:-1","max-image-preview":"max-image-preview:large","max-video-preview":"max-video-preview:-1"},"canonical":"https:\/\/brasilnoticias.org\/site\/homem-e-liberado-de-delegacia-mesmo-apos-ter-confessado-morte-de-companheira-em-salvador\/","og_locale":"pt_PT","og_type":"article","og_title":"Homem \u00e9 liberado de delegacia, mesmo ap\u00f3s ter confessado morte de companheira em Salvador - Brasil not\u00edcias","og_description":"Um homem, respons\u00e1vel pela morte da jovem Jos\u00e9lia Dias Bispo dos Santos, de 23 anos, foi liberado da delegacia do","og_url":"https:\/\/brasilnoticias.org\/site\/homem-e-liberado-de-delegacia-mesmo-apos-ter-confessado-morte-de-companheira-em-salvador\/","og_site_name":"Brasil not\u00edcias","article_published_time":"2023-09-08T18:39:54+00:00","og_image":[{"width":740,"height":470,"url":"https:\/\/brasilnoticias.org\/site\/wp-content\/uploads\/2023\/09\/cats-3-2.jpg","type":"image\/jpeg"}],"author":"Reda\u00e7\u00e3o","twitter_card":"summary_large_image","twitter_misc":{"Escrito por":"Reda\u00e7\u00e3o"},"schema":{"@context":"https:\/\/schema.org","@graph":[{"@type":"Article","@id":"https:\/\/brasilnoticias.org\/site\/homem-e-liberado-de-delegacia-mesmo-apos-ter-confessado-morte-de-companheira-em-salvador\/#article","isPartOf":{"@id":"https:\/\/brasilnoticias.org\/site\/homem-e-liberado-de-delegacia-mesmo-apos-ter-confessado-morte-de-companheira-em-salvador\/"},"author":{"name":"Reda\u00e7\u00e3o","@id":"https:\/\/brasilnoticias.org\/site\/#\/schema\/person\/03bbbfe6c7634ad18c26444ea39049fa"},"headline":"Homem \u00e9 liberado de delegacia, mesmo ap\u00f3s ter confessado morte de companheira em Salvador","datePublished":"2023-09-08T18:39:54+00:00","mainEntityOfPage":{"@id":"https:\/\/brasilnoticias.org\/site\/homem-e-liberado-de-delegacia-mesmo-apos-ter-confessado-morte-de-companheira-em-salvador\/"},"wordCount":301,"commentCount":0,"publisher":{"@id":"https:\/\/brasilnoticias.org\/site\/#organization"},"image":{"@id":"https:\/\/brasilnoticias.org\/site\/homem-e-liberado-de-delegacia-mesmo-apos-ter-confessado-morte-de-companheira-em-salvador\/#primaryimage"},"thumbnailUrl":"https:\/\/brasilnoticias.org\/site\/wp-content\/uploads\/2023\/09\/cats-3-2.jpg","articleSection":["Pol\u00edcia","\u00daltimas"],"inLanguage":"pt-PT","potentialAction":[{"@type":"CommentAction","name":"Comment","target":["https:\/\/brasilnoticias.org\/site\/homem-e-liberado-de-delegacia-mesmo-apos-ter-confessado-morte-de-companheira-em-salvador\/#respond"]}]},{"@type":"WebPage","@id":"https:\/\/brasilnoticias.org\/site\/homem-e-liberado-de-delegacia-mesmo-apos-ter-confessado-morte-de-companheira-em-salvador\/","url":"https:\/\/brasilnoticias.org\/site\/homem-e-liberado-de-delegacia-mesmo-apos-ter-confessado-morte-de-companheira-em-salvador\/","name":"Homem \u00e9 liberado de delegacia, mesmo ap\u00f3s ter confessado morte de companheira em Salvador - Brasil not\u00edcias","isPartOf":{"@id":"https:\/\/brasilnoticias.org\/site\/#website"},"primaryImageOfPage":{"@id":"https:\/\/brasilnoticias.org\/site\/homem-e-liberado-de-delegacia-mesmo-apos-ter-confessado-morte-de-companheira-em-salvador\/#primaryimage"},"image":{"@id":"https:\/\/brasilnoticias.org\/site\/homem-e-liberado-de-delegacia-mesmo-apos-ter-confessado-morte-de-companheira-em-salvador\/#primaryimage"},"thumbnailUrl":"https:\/\/brasilnoticias.org\/site\/wp-content\/uploads\/2023\/09\/cats-3-2.jpg","datePublished":"2023-09-08T18:39:54+00:00","breadcrumb":{"@id":"https:\/\/brasilnoticias.org\/site\/homem-e-liberado-de-delegacia-mesmo-apos-ter-confessado-morte-de-companheira-em-salvador\/#breadcrumb"},"inLanguage":"pt-PT","potentialAction":[{"@type":"ReadAction","target":["https:\/\/brasilnoticias.org\/site\/homem-e-liberado-de-delegacia-mesmo-apos-ter-confessado-morte-de-companheira-em-salvador\/"]}]},{"@type":"ImageObject","inLanguage":"pt-PT","@id":"https:\/\/brasilnoticias.org\/site\/homem-e-liberado-de-delegacia-mesmo-apos-ter-confessado-morte-de-companheira-em-salvador\/#primaryimage","url":"https:\/\/brasilnoticias.org\/site\/wp-content\/uploads\/2023\/09\/cats-3-2.jpg","contentUrl":"https:\/\/brasilnoticias.org\/site\/wp-content\/uploads\/2023\/09\/cats-3-2.jpg","width":740,"height":470},{"@type":"BreadcrumbList","@id":"https:\/\/brasilnoticias.org\/site\/homem-e-liberado-de-delegacia-mesmo-apos-ter-confessado-morte-de-companheira-em-salvador\/#breadcrumb","itemListElement":[{"@type":"ListItem","position":1,"name":"In\u00edcio","item":"https:\/\/brasilnoticias.org\/site\/"},{"@type":"ListItem","position":2,"name":"Homem \u00e9 liberado de delegacia, mesmo ap\u00f3s ter confessado morte de companheira em Salvador"}]},{"@type":"WebSite","@id":"https:\/\/brasilnoticias.org\/site\/#website","url":"https:\/\/brasilnoticias.org\/site\/","name":"Brasil not\u00edcias","description":"Brasil not\u00edcias","publisher":{"@id":"https:\/\/brasilnoticias.org\/site\/#organization"},"potentialAction":[{"@type":"SearchAction","target":{"@type":"EntryPoint","urlTemplate":"https:\/\/brasilnoticias.org\/site\/?s={search_term_string}"},"query-input":{"@type":"PropertyValueSpecification","valueRequired":true,"valueName":"search_term_string"}}],"inLanguage":"pt-PT"},{"@type":"Organization","@id":"https:\/\/brasilnoticias.org\/site\/#organization","name":"Brasil not\u00edcias","url":"https:\/\/brasilnoticias.org\/site\/","logo":{"@type":"ImageObject","inLanguage":"pt-PT","@id":"https:\/\/brasilnoticias.org\/site\/#\/schema\/logo\/image\/","url":"https:\/\/brasilnoticias.org\/site\/wp-content\/uploads\/2022\/05\/cropped-brasilnoticias-mini.jpg","contentUrl":"https:\/\/brasilnoticias.org\/site\/wp-content\/uploads\/2022\/05\/cropped-brasilnoticias-mini.jpg","width":314,"height":86,"caption":"Brasil not\u00edcias"},"image":{"@id":"https:\/\/brasilnoticias.org\/site\/#\/schema\/logo\/image\/"}},{"@type":"Person","@id":"https:\/\/brasilnoticias.org\/site\/#\/schema\/person\/03bbbfe6c7634ad18c26444ea39049fa","name":"Reda\u00e7\u00e3o","image":{"@type":"ImageObject","inLanguage":"pt-PT","@id":"https:\/\/brasilnoticias.org\/site\/#\/schema\/person\/image\/","url":"https:\/\/secure.gravatar.com\/avatar\/9ecaf7327a696cb23ad926fedded5f1f04d7049de9e445375d55b48c001a6e42?s=96&d=mm&r=g","contentUrl":"https:\/\/secure.gravatar.com\/avatar\/9ecaf7327a696cb23ad926fedded5f1f04d7049de9e445375d55b48c001a6e42?s=96&d=mm&r=g","caption":"Reda\u00e7\u00e3o"},"url":"https:\/\/brasilnoticias.org\/site\/author\/henrique\/"}]}},"_links":{"self":[{"href":"https:\/\/brasilnoticias.org\/site\/wp-json\/wp\/v2\/posts\/9036","targetHints":{"allow":["GET"]}}],"collection":[{"href":"https:\/\/brasilnoticias.org\/site\/wp-json\/wp\/v2\/posts"}],"about":[{"href":"https:\/\/brasilnoticias.org\/site\/wp-json\/wp\/v2\/types\/post"}],"author":[{"embeddable":true,"href":"https:\/\/brasilnoticias.org\/site\/wp-json\/wp\/v2\/users\/4"}],"replies":[{"embeddable":true,"href":"https:\/\/brasilnoticias.org\/site\/wp-json\/wp\/v2\/comments?post=9036"}],"version-history":[{"count":1,"href":"https:\/\/brasilnoticias.org\/site\/wp-json\/wp\/v2\/posts\/9036\/revisions"}],"predecessor-version":[{"id":9038,"href":"https:\/\/brasilnoticias.org\/site\/wp-json\/wp\/v2\/posts\/9036\/revisions\/9038"}],"wp:featuredmedia":[{"embeddable":true,"href":"https:\/\/brasilnoticias.org\/site\/wp-json\/wp\/v2\/media\/9037"}],"wp:attachment":[{"href":"https:\/\/brasilnoticias.org\/site\/wp-json\/wp\/v2\/media?parent=9036"}],"wp:term":[{"taxonomy":"category","embeddable":true,"href":"https:\/\/brasilnoticias.org\/site\/wp-json\/wp\/v2\/categories?post=9036"},{"taxonomy":"post_tag","embeddable":true,"href":"https:\/\/brasilnoticias.org\/site\/wp-json\/wp\/v2\/tags?post=9036"}],"curies":[{"name":"wp","href":"https:\/\/api.w.org\/{rel}","templated":true}]}}