{"id":9040,"date":"2023-09-08T15:41:34","date_gmt":"2023-09-08T18:41:34","guid":{"rendered":"https:\/\/brasilnoticias.org\/site\/?p=9040"},"modified":"2023-09-08T15:41:34","modified_gmt":"2023-09-08T18:41:34","slug":"eventos-provocam-mudancas-no-transito-de-salvador-durante-o-final-de-semana-confira","status":"publish","type":"post","link":"https:\/\/brasilnoticias.org\/site\/eventos-provocam-mudancas-no-transito-de-salvador-durante-o-final-de-semana-confira\/","title":{"rendered":"Eventos provocam mudan\u00e7as no tr\u00e2nsito de Salvador durante o final de semana; confira"},"content":{"rendered":"<p>Dentre os eventos que v\u00e3o modificar o tr\u00e2nsito est\u00e3o a 20\u00aa Parada do Orgulho LGBT e a 4\u00aa Marcha Trans da Bahia<\/p>\n<p>Neste fim de semana do feriad\u00e3o da Independ\u00eancia, alguns eventos que acontecem em Salvador provocar\u00e3o mudan\u00e7as no tr\u00e2nsito da cidade entre o s\u00e1bado (9\/9) e o domingo (10). As interven\u00e7\u00f5es acontecem em regi\u00f5es como o Centro e a Orla.<\/p>\n<p>Confira:<\/p>\n<p>4\u00aa MARCHA TRANS DA BAHIA \u2013 s\u00e1bado <\/p>\n<p>Com a realiza\u00e7\u00e3o da 4\u00aa Marcha Trans da Bahia, que acontece neste s\u00e1bado, o tr\u00e1fego de ve\u00edculos na regi\u00e3o do Centro Hist\u00f3rico ser\u00e1 interditado progressivamente, a partir das 15h, na faixa \u00e0 direita, das seguintes vias: Rua do Tijolo (sa\u00edda em frente ao Casar\u00e3o da Diversidade), Tv. Tijolo, Ladeira da Pra\u00e7a (contrafluxo, no trecho entre a Rua Jos\u00e9 Gon\u00e7alves e a Pra\u00e7a Thom\u00e9 de Souza), Pra\u00e7a Thom\u00e9 de Souza (contrafluxo), Rua Chile (contrafluxo), Pra\u00e7a Castro Alves e Rua Carlos Gomes (chegada no Ed. Tuiuti Loja).<\/p>\n<p>TRACK AND FIELD NIGHT SHOPPING PARALELA \u2013 s\u00e1bado<\/p>\n<p>Por conta do evento Track and Field Night Shopping Paralela, no s\u00e1bado, das 18h \u00e0s 20h30, o tr\u00e2nsito nas imedia\u00e7\u00f5es do Shopping Paralela sofrer\u00e1 algumas altera\u00e7\u00f5es. O tr\u00e1fego de ve\u00edculos ser\u00e1 interditado nas seguintes vias: Marginal da Av. Luiz Viana Filho\/Paralela, sentido Aeroporto (trecho compreendido entre o Shopping Paralela e Av. Orlando Gomes); Av. Orlando Gomes, sentido Orla (trecho compreendido entre a marginal da Av. Lu\u00eds Viana Filho e a Rua Rio Trobogy); Rua Luiz Gonzaga (trecho compreendido entre a marginal da Av. Lu\u00eds Viana Filho e a Rua Rio Trobogy); Rua Rio Trobogy, lado esquerdo (trecho compreendido entre a Rua Luiz Gonzaga e Av. Orlando Gomes); e a Av. Rischard.<\/p>\n<p>Foto: Jefferson Peixoto \/ Secom<br \/>\nAratu On<\/p>\n","protected":false},"excerpt":{"rendered":"<p>Dentre os eventos que v\u00e3o modificar o tr\u00e2nsito est\u00e3o a 20\u00aa Parada do Orgulho LGBT e a 4\u00aa Marcha Trans<\/p>\n","protected":false},"author":4,"featured_media":9041,"comment_status":"open","ping_status":"open","sticky":false,"template":"","format":"standard","meta":{"colormag_page_container_layout":"default_layout","colormag_page_sidebar_layout":"default_layout","_FSMCFIC_featured_image_caption":"","_FSMCFIC_featured_image_nocaption":"","_FSMCFIC_featured_image_hide":"","footnotes":""},"categories":[2,1],"tags":[],"class_list":["post-9040","post","type-post","status-publish","format-standard","has-post-thumbnail","hentry","category-noticias","category-ultimas"],"yoast_head":"<!-- This site is optimized with the Yoast SEO plugin v27.1.1 - https:\/\/yoast.com\/product\/yoast-seo-wordpress\/ -->\n<title>Eventos provocam mudan\u00e7as no tr\u00e2nsito de Salvador durante o final de semana; confira - Brasil not\u00edcias<\/title>\n<meta name=\"robots\" content=\"index, follow, max-snippet:-1, max-image-preview:large, max-video-preview:-1\" \/>\n<link rel=\"canonical\" href=\"https:\/\/brasilnoticias.org\/site\/eventos-provocam-mudancas-no-transito-de-salvador-durante-o-final-de-semana-confira\/\" \/>\n<meta property=\"og:locale\" content=\"pt_PT\" \/>\n<meta property=\"og:type\" content=\"article\" \/>\n<meta property=\"og:title\" content=\"Eventos provocam mudan\u00e7as no tr\u00e2nsito de Salvador durante o final de semana; confira - Brasil not\u00edcias\" \/>\n<meta property=\"og:description\" content=\"Dentre os eventos que v\u00e3o modificar o tr\u00e2nsito est\u00e3o a 20\u00aa Parada do Orgulho LGBT e a 4\u00aa Marcha Trans\" \/>\n<meta property=\"og:url\" content=\"https:\/\/brasilnoticias.org\/site\/eventos-provocam-mudancas-no-transito-de-salvador-durante-o-final-de-semana-confira\/\" \/>\n<meta property=\"og:site_name\" content=\"Brasil not\u00edcias\" \/>\n<meta property=\"article:published_time\" content=\"2023-09-08T18:41:34+00:00\" \/>\n<meta property=\"og:image\" content=\"https:\/\/brasilnoticias.org\/site\/wp-content\/uploads\/2023\/09\/transito-jefferson-peixoto-740x470-1.jpg\" \/>\n\t<meta property=\"og:image:width\" content=\"740\" \/>\n\t<meta property=\"og:image:height\" content=\"470\" \/>\n\t<meta property=\"og:image:type\" content=\"image\/jpeg\" \/>\n<meta name=\"author\" content=\"Reda\u00e7\u00e3o\" \/>\n<meta name=\"twitter:card\" content=\"summary_large_image\" \/>\n<meta name=\"twitter:label1\" content=\"Escrito por\" \/>\n\t<meta name=\"twitter:data1\" content=\"Reda\u00e7\u00e3o\" \/>\n<script type=\"application\/ld+json\" class=\"yoast-schema-graph\">{\"@context\":\"https:\/\/schema.org\",\"@graph\":[{\"@type\":\"Article\",\"@id\":\"https:\/\/brasilnoticias.org\/site\/eventos-provocam-mudancas-no-transito-de-salvador-durante-o-final-de-semana-confira\/#article\",\"isPartOf\":{\"@id\":\"https:\/\/brasilnoticias.org\/site\/eventos-provocam-mudancas-no-transito-de-salvador-durante-o-final-de-semana-confira\/\"},\"author\":{\"name\":\"Reda\u00e7\u00e3o\",\"@id\":\"https:\/\/brasilnoticias.org\/site\/#\/schema\/person\/03bbbfe6c7634ad18c26444ea39049fa\"},\"headline\":\"Eventos provocam mudan\u00e7as no tr\u00e2nsito de Salvador durante o final de semana; confira\",\"datePublished\":\"2023-09-08T18:41:34+00:00\",\"mainEntityOfPage\":{\"@id\":\"https:\/\/brasilnoticias.org\/site\/eventos-provocam-mudancas-no-transito-de-salvador-durante-o-final-de-semana-confira\/\"},\"wordCount\":320,\"commentCount\":0,\"publisher\":{\"@id\":\"https:\/\/brasilnoticias.org\/site\/#organization\"},\"image\":{\"@id\":\"https:\/\/brasilnoticias.org\/site\/eventos-provocam-mudancas-no-transito-de-salvador-durante-o-final-de-semana-confira\/#primaryimage\"},\"thumbnailUrl\":\"https:\/\/brasilnoticias.org\/site\/wp-content\/uploads\/2023\/09\/transito-jefferson-peixoto-740x470-1.jpg\",\"articleSection\":[\"Not\u00edcias\",\"\u00daltimas\"],\"inLanguage\":\"pt-PT\",\"potentialAction\":[{\"@type\":\"CommentAction\",\"name\":\"Comment\",\"target\":[\"https:\/\/brasilnoticias.org\/site\/eventos-provocam-mudancas-no-transito-de-salvador-durante-o-final-de-semana-confira\/#respond\"]}]},{\"@type\":\"WebPage\",\"@id\":\"https:\/\/brasilnoticias.org\/site\/eventos-provocam-mudancas-no-transito-de-salvador-durante-o-final-de-semana-confira\/\",\"url\":\"https:\/\/brasilnoticias.org\/site\/eventos-provocam-mudancas-no-transito-de-salvador-durante-o-final-de-semana-confira\/\",\"name\":\"Eventos provocam mudan\u00e7as no tr\u00e2nsito de Salvador durante o final de semana; confira - Brasil not\u00edcias\",\"isPartOf\":{\"@id\":\"https:\/\/brasilnoticias.org\/site\/#website\"},\"primaryImageOfPage\":{\"@id\":\"https:\/\/brasilnoticias.org\/site\/eventos-provocam-mudancas-no-transito-de-salvador-durante-o-final-de-semana-confira\/#primaryimage\"},\"image\":{\"@id\":\"https:\/\/brasilnoticias.org\/site\/eventos-provocam-mudancas-no-transito-de-salvador-durante-o-final-de-semana-confira\/#primaryimage\"},\"thumbnailUrl\":\"https:\/\/brasilnoticias.org\/site\/wp-content\/uploads\/2023\/09\/transito-jefferson-peixoto-740x470-1.jpg\",\"datePublished\":\"2023-09-08T18:41:34+00:00\",\"breadcrumb\":{\"@id\":\"https:\/\/brasilnoticias.org\/site\/eventos-provocam-mudancas-no-transito-de-salvador-durante-o-final-de-semana-confira\/#breadcrumb\"},\"inLanguage\":\"pt-PT\",\"potentialAction\":[{\"@type\":\"ReadAction\",\"target\":[\"https:\/\/brasilnoticias.org\/site\/eventos-provocam-mudancas-no-transito-de-salvador-durante-o-final-de-semana-confira\/\"]}]},{\"@type\":\"ImageObject\",\"inLanguage\":\"pt-PT\",\"@id\":\"https:\/\/brasilnoticias.org\/site\/eventos-provocam-mudancas-no-transito-de-salvador-durante-o-final-de-semana-confira\/#primaryimage\",\"url\":\"https:\/\/brasilnoticias.org\/site\/wp-content\/uploads\/2023\/09\/transito-jefferson-peixoto-740x470-1.jpg\",\"contentUrl\":\"https:\/\/brasilnoticias.org\/site\/wp-content\/uploads\/2023\/09\/transito-jefferson-peixoto-740x470-1.jpg\",\"width\":740,\"height\":470},{\"@type\":\"BreadcrumbList\",\"@id\":\"https:\/\/brasilnoticias.org\/site\/eventos-provocam-mudancas-no-transito-de-salvador-durante-o-final-de-semana-confira\/#breadcrumb\",\"itemListElement\":[{\"@type\":\"ListItem\",\"position\":1,\"name\":\"In\u00edcio\",\"item\":\"https:\/\/brasilnoticias.org\/site\/\"},{\"@type\":\"ListItem\",\"position\":2,\"name\":\"Eventos provocam mudan\u00e7as no tr\u00e2nsito de Salvador durante o final de semana; confira\"}]},{\"@type\":\"WebSite\",\"@id\":\"https:\/\/brasilnoticias.org\/site\/#website\",\"url\":\"https:\/\/brasilnoticias.org\/site\/\",\"name\":\"Brasil not\u00edcias\",\"description\":\"Brasil not\u00edcias\",\"publisher\":{\"@id\":\"https:\/\/brasilnoticias.org\/site\/#organization\"},\"potentialAction\":[{\"@type\":\"SearchAction\",\"target\":{\"@type\":\"EntryPoint\",\"urlTemplate\":\"https:\/\/brasilnoticias.org\/site\/?s={search_term_string}\"},\"query-input\":{\"@type\":\"PropertyValueSpecification\",\"valueRequired\":true,\"valueName\":\"search_term_string\"}}],\"inLanguage\":\"pt-PT\"},{\"@type\":\"Organization\",\"@id\":\"https:\/\/brasilnoticias.org\/site\/#organization\",\"name\":\"Brasil not\u00edcias\",\"url\":\"https:\/\/brasilnoticias.org\/site\/\",\"logo\":{\"@type\":\"ImageObject\",\"inLanguage\":\"pt-PT\",\"@id\":\"https:\/\/brasilnoticias.org\/site\/#\/schema\/logo\/image\/\",\"url\":\"https:\/\/brasilnoticias.org\/site\/wp-content\/uploads\/2022\/05\/cropped-brasilnoticias-mini.jpg\",\"contentUrl\":\"https:\/\/brasilnoticias.org\/site\/wp-content\/uploads\/2022\/05\/cropped-brasilnoticias-mini.jpg\",\"width\":314,\"height\":86,\"caption\":\"Brasil not\u00edcias\"},\"image\":{\"@id\":\"https:\/\/brasilnoticias.org\/site\/#\/schema\/logo\/image\/\"}},{\"@type\":\"Person\",\"@id\":\"https:\/\/brasilnoticias.org\/site\/#\/schema\/person\/03bbbfe6c7634ad18c26444ea39049fa\",\"name\":\"Reda\u00e7\u00e3o\",\"image\":{\"@type\":\"ImageObject\",\"inLanguage\":\"pt-PT\",\"@id\":\"https:\/\/brasilnoticias.org\/site\/#\/schema\/person\/image\/\",\"url\":\"https:\/\/secure.gravatar.com\/avatar\/9ecaf7327a696cb23ad926fedded5f1f04d7049de9e445375d55b48c001a6e42?s=96&d=mm&r=g\",\"contentUrl\":\"https:\/\/secure.gravatar.com\/avatar\/9ecaf7327a696cb23ad926fedded5f1f04d7049de9e445375d55b48c001a6e42?s=96&d=mm&r=g\",\"caption\":\"Reda\u00e7\u00e3o\"},\"url\":\"https:\/\/brasilnoticias.org\/site\/author\/henrique\/\"}]}<\/script>\n<!-- \/ Yoast SEO plugin. -->","yoast_head_json":{"title":"Eventos provocam mudan\u00e7as no tr\u00e2nsito de Salvador durante o final de semana; confira - Brasil not\u00edcias","robots":{"index":"index","follow":"follow","max-snippet":"max-snippet:-1","max-image-preview":"max-image-preview:large","max-video-preview":"max-video-preview:-1"},"canonical":"https:\/\/brasilnoticias.org\/site\/eventos-provocam-mudancas-no-transito-de-salvador-durante-o-final-de-semana-confira\/","og_locale":"pt_PT","og_type":"article","og_title":"Eventos provocam mudan\u00e7as no tr\u00e2nsito de Salvador durante o final de semana; confira - Brasil not\u00edcias","og_description":"Dentre os eventos que v\u00e3o modificar o tr\u00e2nsito est\u00e3o a 20\u00aa Parada do Orgulho LGBT e a 4\u00aa Marcha Trans","og_url":"https:\/\/brasilnoticias.org\/site\/eventos-provocam-mudancas-no-transito-de-salvador-durante-o-final-de-semana-confira\/","og_site_name":"Brasil not\u00edcias","article_published_time":"2023-09-08T18:41:34+00:00","og_image":[{"width":740,"height":470,"url":"https:\/\/brasilnoticias.org\/site\/wp-content\/uploads\/2023\/09\/transito-jefferson-peixoto-740x470-1.jpg","type":"image\/jpeg"}],"author":"Reda\u00e7\u00e3o","twitter_card":"summary_large_image","twitter_misc":{"Escrito por":"Reda\u00e7\u00e3o"},"schema":{"@context":"https:\/\/schema.org","@graph":[{"@type":"Article","@id":"https:\/\/brasilnoticias.org\/site\/eventos-provocam-mudancas-no-transito-de-salvador-durante-o-final-de-semana-confira\/#article","isPartOf":{"@id":"https:\/\/brasilnoticias.org\/site\/eventos-provocam-mudancas-no-transito-de-salvador-durante-o-final-de-semana-confira\/"},"author":{"name":"Reda\u00e7\u00e3o","@id":"https:\/\/brasilnoticias.org\/site\/#\/schema\/person\/03bbbfe6c7634ad18c26444ea39049fa"},"headline":"Eventos provocam mudan\u00e7as no tr\u00e2nsito de Salvador durante o final de semana; confira","datePublished":"2023-09-08T18:41:34+00:00","mainEntityOfPage":{"@id":"https:\/\/brasilnoticias.org\/site\/eventos-provocam-mudancas-no-transito-de-salvador-durante-o-final-de-semana-confira\/"},"wordCount":320,"commentCount":0,"publisher":{"@id":"https:\/\/brasilnoticias.org\/site\/#organization"},"image":{"@id":"https:\/\/brasilnoticias.org\/site\/eventos-provocam-mudancas-no-transito-de-salvador-durante-o-final-de-semana-confira\/#primaryimage"},"thumbnailUrl":"https:\/\/brasilnoticias.org\/site\/wp-content\/uploads\/2023\/09\/transito-jefferson-peixoto-740x470-1.jpg","articleSection":["Not\u00edcias","\u00daltimas"],"inLanguage":"pt-PT","potentialAction":[{"@type":"CommentAction","name":"Comment","target":["https:\/\/brasilnoticias.org\/site\/eventos-provocam-mudancas-no-transito-de-salvador-durante-o-final-de-semana-confira\/#respond"]}]},{"@type":"WebPage","@id":"https:\/\/brasilnoticias.org\/site\/eventos-provocam-mudancas-no-transito-de-salvador-durante-o-final-de-semana-confira\/","url":"https:\/\/brasilnoticias.org\/site\/eventos-provocam-mudancas-no-transito-de-salvador-durante-o-final-de-semana-confira\/","name":"Eventos provocam mudan\u00e7as no tr\u00e2nsito de Salvador durante o final de semana; confira - Brasil not\u00edcias","isPartOf":{"@id":"https:\/\/brasilnoticias.org\/site\/#website"},"primaryImageOfPage":{"@id":"https:\/\/brasilnoticias.org\/site\/eventos-provocam-mudancas-no-transito-de-salvador-durante-o-final-de-semana-confira\/#primaryimage"},"image":{"@id":"https:\/\/brasilnoticias.org\/site\/eventos-provocam-mudancas-no-transito-de-salvador-durante-o-final-de-semana-confira\/#primaryimage"},"thumbnailUrl":"https:\/\/brasilnoticias.org\/site\/wp-content\/uploads\/2023\/09\/transito-jefferson-peixoto-740x470-1.jpg","datePublished":"2023-09-08T18:41:34+00:00","breadcrumb":{"@id":"https:\/\/brasilnoticias.org\/site\/eventos-provocam-mudancas-no-transito-de-salvador-durante-o-final-de-semana-confira\/#breadcrumb"},"inLanguage":"pt-PT","potentialAction":[{"@type":"ReadAction","target":["https:\/\/brasilnoticias.org\/site\/eventos-provocam-mudancas-no-transito-de-salvador-durante-o-final-de-semana-confira\/"]}]},{"@type":"ImageObject","inLanguage":"pt-PT","@id":"https:\/\/brasilnoticias.org\/site\/eventos-provocam-mudancas-no-transito-de-salvador-durante-o-final-de-semana-confira\/#primaryimage","url":"https:\/\/brasilnoticias.org\/site\/wp-content\/uploads\/2023\/09\/transito-jefferson-peixoto-740x470-1.jpg","contentUrl":"https:\/\/brasilnoticias.org\/site\/wp-content\/uploads\/2023\/09\/transito-jefferson-peixoto-740x470-1.jpg","width":740,"height":470},{"@type":"BreadcrumbList","@id":"https:\/\/brasilnoticias.org\/site\/eventos-provocam-mudancas-no-transito-de-salvador-durante-o-final-de-semana-confira\/#breadcrumb","itemListElement":[{"@type":"ListItem","position":1,"name":"In\u00edcio","item":"https:\/\/brasilnoticias.org\/site\/"},{"@type":"ListItem","position":2,"name":"Eventos provocam mudan\u00e7as no tr\u00e2nsito de Salvador durante o final de semana; confira"}]},{"@type":"WebSite","@id":"https:\/\/brasilnoticias.org\/site\/#website","url":"https:\/\/brasilnoticias.org\/site\/","name":"Brasil not\u00edcias","description":"Brasil not\u00edcias","publisher":{"@id":"https:\/\/brasilnoticias.org\/site\/#organization"},"potentialAction":[{"@type":"SearchAction","target":{"@type":"EntryPoint","urlTemplate":"https:\/\/brasilnoticias.org\/site\/?s={search_term_string}"},"query-input":{"@type":"PropertyValueSpecification","valueRequired":true,"valueName":"search_term_string"}}],"inLanguage":"pt-PT"},{"@type":"Organization","@id":"https:\/\/brasilnoticias.org\/site\/#organization","name":"Brasil not\u00edcias","url":"https:\/\/brasilnoticias.org\/site\/","logo":{"@type":"ImageObject","inLanguage":"pt-PT","@id":"https:\/\/brasilnoticias.org\/site\/#\/schema\/logo\/image\/","url":"https:\/\/brasilnoticias.org\/site\/wp-content\/uploads\/2022\/05\/cropped-brasilnoticias-mini.jpg","contentUrl":"https:\/\/brasilnoticias.org\/site\/wp-content\/uploads\/2022\/05\/cropped-brasilnoticias-mini.jpg","width":314,"height":86,"caption":"Brasil not\u00edcias"},"image":{"@id":"https:\/\/brasilnoticias.org\/site\/#\/schema\/logo\/image\/"}},{"@type":"Person","@id":"https:\/\/brasilnoticias.org\/site\/#\/schema\/person\/03bbbfe6c7634ad18c26444ea39049fa","name":"Reda\u00e7\u00e3o","image":{"@type":"ImageObject","inLanguage":"pt-PT","@id":"https:\/\/brasilnoticias.org\/site\/#\/schema\/person\/image\/","url":"https:\/\/secure.gravatar.com\/avatar\/9ecaf7327a696cb23ad926fedded5f1f04d7049de9e445375d55b48c001a6e42?s=96&d=mm&r=g","contentUrl":"https:\/\/secure.gravatar.com\/avatar\/9ecaf7327a696cb23ad926fedded5f1f04d7049de9e445375d55b48c001a6e42?s=96&d=mm&r=g","caption":"Reda\u00e7\u00e3o"},"url":"https:\/\/brasilnoticias.org\/site\/author\/henrique\/"}]}},"_links":{"self":[{"href":"https:\/\/brasilnoticias.org\/site\/wp-json\/wp\/v2\/posts\/9040","targetHints":{"allow":["GET"]}}],"collection":[{"href":"https:\/\/brasilnoticias.org\/site\/wp-json\/wp\/v2\/posts"}],"about":[{"href":"https:\/\/brasilnoticias.org\/site\/wp-json\/wp\/v2\/types\/post"}],"author":[{"embeddable":true,"href":"https:\/\/brasilnoticias.org\/site\/wp-json\/wp\/v2\/users\/4"}],"replies":[{"embeddable":true,"href":"https:\/\/brasilnoticias.org\/site\/wp-json\/wp\/v2\/comments?post=9040"}],"version-history":[{"count":1,"href":"https:\/\/brasilnoticias.org\/site\/wp-json\/wp\/v2\/posts\/9040\/revisions"}],"predecessor-version":[{"id":9042,"href":"https:\/\/brasilnoticias.org\/site\/wp-json\/wp\/v2\/posts\/9040\/revisions\/9042"}],"wp:featuredmedia":[{"embeddable":true,"href":"https:\/\/brasilnoticias.org\/site\/wp-json\/wp\/v2\/media\/9041"}],"wp:attachment":[{"href":"https:\/\/brasilnoticias.org\/site\/wp-json\/wp\/v2\/media?parent=9040"}],"wp:term":[{"taxonomy":"category","embeddable":true,"href":"https:\/\/brasilnoticias.org\/site\/wp-json\/wp\/v2\/categories?post=9040"},{"taxonomy":"post_tag","embeddable":true,"href":"https:\/\/brasilnoticias.org\/site\/wp-json\/wp\/v2\/tags?post=9040"}],"curies":[{"name":"wp","href":"https:\/\/api.w.org\/{rel}","templated":true}]}}