{"id":905,"date":"2022-06-14T10:01:49","date_gmt":"2022-06-14T13:01:49","guid":{"rendered":"https:\/\/brasilnoticias.org\/site\/?p=905"},"modified":"2022-06-14T10:01:49","modified_gmt":"2022-06-14T13:01:49","slug":"ninguem-discute-se-houve-ou-nao-corrupcao-diz-gilmar-mendes-sobre-lava-jato","status":"publish","type":"post","link":"https:\/\/brasilnoticias.org\/site\/ninguem-discute-se-houve-ou-nao-corrupcao-diz-gilmar-mendes-sobre-lava-jato\/","title":{"rendered":"Ningu\u00e9m discute se houve, ou n\u00e3o, corrup\u00e7\u00e3o&#8217;, diz Gilmar Mendes sobre Lava Jato"},"content":{"rendered":"<p>O ministro Gilmar Mendes, do Supremo Tribunal Federal (STF), afirmou nesta segunda-feira (13) que &#8220;ningu\u00e9m negou&#8221; a exist\u00eancia do esquema de corrup\u00e7\u00e3o revelado pela Opera\u00e7\u00e3o Lava Jato. Contudo, disse n\u00e3o ser correto combater o &#8220;crime cometendo crime&#8221;.<\/p>\n<p>Mendes comentou, em entrevista a jornalistas no Rio de Janeiro, uma fala do tamb\u00e9m ministro do STF Luiz Fux. Na semana passada, ele disse que ningu\u00e9m poderia esquecer os esc\u00e2ndalos de corrup\u00e7\u00e3o apontados pelas investiga\u00e7\u00e3o, anuladas, de acordo com o ministro, por &#8220;quest\u00f5es formais&#8221;. &#8220;Ningu\u00e9m discute se houve, ou n\u00e3o, corrup\u00e7\u00e3o. O que se cobra \u00e9 que isso seja feito segundo o devido processo legal. N\u00e3o se combate crime cometendo crime. Se voc\u00ea usou a pris\u00e3o provis\u00f3ria alongada para obter dela\u00e7\u00e3o, isso tem outro nome na ordem jur\u00eddica. Isso se chama tortura&#8221;, disse Gilmar Mendes, ap\u00f3s palestra na Associa\u00e7\u00e3o Comercial do Rio de Janeiro.<\/p>\n<p>Mendes citou o caso de Geddel Vieira Lima, condenado no caso do bunker com R$ 51 milh\u00f5es encontrado em um apartamento em Salvador, citado por Fux na fala da semana passada. &#8220;Ningu\u00e9m negou [a exist\u00eancia de corrup\u00e7\u00e3o]. Falou-se, por exemplo, no caso Geddel. O Geddel foi condenado e cumpriu pena. Ningu\u00e9m est\u00e1 negando. Mas o combate \u00e0 criminalidade tem que ser feito dentro dos marcos legais. O Supremo Tribunal Federal n\u00e3o pode subscrever pr\u00e1ticas il\u00edcitas&#8221;, disse Mendes.<\/p>\n<p>O ministro deu as declara\u00e7\u00f5es ap\u00f3s ser questionado sobre a fala de Fux, que destacou quest\u00f5es formais como a raz\u00e3o da anula\u00e7\u00e3o de condena\u00e7\u00f5es da Lava Jato. &#8220;Ningu\u00e9m pode esquecer que ocorreu no Brasil, no mensal\u00e3o, na Lava Jato. Muito embora tenha havido uma anula\u00e7\u00e3o formal, mas aqueles R$ 50 milh\u00f5es das malas eram verdadeiros, n\u00e3o eram notas americanas falsificadas. O gerente que trabalhava na Petrobras devolveu 98 milh\u00f5es de d\u00f3lares e confessou efetivamente que tinha assim agido&#8221;, disse o ministro, durante evento na sexta-feira (10).<\/p>\n<p>&nbsp;<\/p>\n<p>&nbsp;<\/p>\n<p>&nbsp;<\/p>\n<p>&nbsp;<\/p>\n<p>Bnews<\/p>\n","protected":false},"excerpt":{"rendered":"<p>O ministro Gilmar Mendes, do Supremo Tribunal Federal (STF), afirmou nesta segunda-feira (13) que &#8220;ningu\u00e9m negou&#8221; a exist\u00eancia do esquema<\/p>\n","protected":false},"author":2,"featured_media":906,"comment_status":"open","ping_status":"open","sticky":false,"template":"","format":"standard","meta":{"colormag_page_container_layout":"default_layout","colormag_page_sidebar_layout":"default_layout","_FSMCFIC_featured_image_caption":"","_FSMCFIC_featured_image_nocaption":"","_FSMCFIC_featured_image_hide":"","footnotes":""},"categories":[5,1],"tags":[],"class_list":["post-905","post","type-post","status-publish","format-standard","has-post-thumbnail","hentry","category-politica","category-ultimas"],"yoast_head":"<!-- This site is optimized with the Yoast SEO plugin v27.1.1 - https:\/\/yoast.com\/product\/yoast-seo-wordpress\/ -->\n<title>Ningu\u00e9m discute se houve, ou n\u00e3o, corrup\u00e7\u00e3o&#039;, diz Gilmar Mendes sobre Lava Jato - Brasil not\u00edcias<\/title>\n<meta name=\"robots\" content=\"index, follow, max-snippet:-1, max-image-preview:large, max-video-preview:-1\" \/>\n<link rel=\"canonical\" href=\"https:\/\/brasilnoticias.org\/site\/ninguem-discute-se-houve-ou-nao-corrupcao-diz-gilmar-mendes-sobre-lava-jato\/\" \/>\n<meta property=\"og:locale\" content=\"pt_PT\" \/>\n<meta property=\"og:type\" content=\"article\" \/>\n<meta property=\"og:title\" content=\"Ningu\u00e9m discute se houve, ou n\u00e3o, corrup\u00e7\u00e3o&#039;, diz Gilmar Mendes sobre Lava Jato - Brasil not\u00edcias\" \/>\n<meta property=\"og:description\" content=\"O ministro Gilmar Mendes, do Supremo Tribunal Federal (STF), afirmou nesta segunda-feira (13) que &#8220;ningu\u00e9m negou&#8221; a exist\u00eancia do esquema\" \/>\n<meta property=\"og:url\" content=\"https:\/\/brasilnoticias.org\/site\/ninguem-discute-se-houve-ou-nao-corrupcao-diz-gilmar-mendes-sobre-lava-jato\/\" \/>\n<meta property=\"og:site_name\" content=\"Brasil not\u00edcias\" \/>\n<meta property=\"article:published_time\" content=\"2022-06-14T13:01:49+00:00\" \/>\n<meta property=\"og:image\" content=\"https:\/\/brasilnoticias.org\/site\/wp-content\/uploads\/2022\/06\/gilmar_mendes_widelg.jpg\" \/>\n\t<meta property=\"og:image:width\" content=\"800\" \/>\n\t<meta property=\"og:image:height\" content=\"450\" \/>\n\t<meta property=\"og:image:type\" content=\"image\/jpeg\" \/>\n<meta name=\"author\" content=\"Reda\u00e7\u00e3o\" \/>\n<meta name=\"twitter:card\" content=\"summary_large_image\" \/>\n<meta name=\"twitter:label1\" content=\"Escrito por\" \/>\n\t<meta name=\"twitter:data1\" content=\"Reda\u00e7\u00e3o\" \/>\n\t<meta name=\"twitter:label2\" content=\"Tempo estimado de leitura\" \/>\n\t<meta name=\"twitter:data2\" content=\"2 minutos\" \/>\n<script type=\"application\/ld+json\" class=\"yoast-schema-graph\">{\"@context\":\"https:\/\/schema.org\",\"@graph\":[{\"@type\":\"Article\",\"@id\":\"https:\/\/brasilnoticias.org\/site\/ninguem-discute-se-houve-ou-nao-corrupcao-diz-gilmar-mendes-sobre-lava-jato\/#article\",\"isPartOf\":{\"@id\":\"https:\/\/brasilnoticias.org\/site\/ninguem-discute-se-houve-ou-nao-corrupcao-diz-gilmar-mendes-sobre-lava-jato\/\"},\"author\":{\"name\":\"Reda\u00e7\u00e3o\",\"@id\":\"https:\/\/brasilnoticias.org\/site\/#\/schema\/person\/f609fa847b5314f1c8b983342f34c798\"},\"headline\":\"Ningu\u00e9m discute se houve, ou n\u00e3o, corrup\u00e7\u00e3o&#8217;, diz Gilmar Mendes sobre Lava Jato\",\"datePublished\":\"2022-06-14T13:01:49+00:00\",\"mainEntityOfPage\":{\"@id\":\"https:\/\/brasilnoticias.org\/site\/ninguem-discute-se-houve-ou-nao-corrupcao-diz-gilmar-mendes-sobre-lava-jato\/\"},\"wordCount\":360,\"commentCount\":0,\"publisher\":{\"@id\":\"https:\/\/brasilnoticias.org\/site\/#organization\"},\"image\":{\"@id\":\"https:\/\/brasilnoticias.org\/site\/ninguem-discute-se-houve-ou-nao-corrupcao-diz-gilmar-mendes-sobre-lava-jato\/#primaryimage\"},\"thumbnailUrl\":\"https:\/\/brasilnoticias.org\/site\/wp-content\/uploads\/2022\/06\/gilmar_mendes_widelg.jpg\",\"articleSection\":[\"Pol\u00edtica\",\"\u00daltimas\"],\"inLanguage\":\"pt-PT\",\"potentialAction\":[{\"@type\":\"CommentAction\",\"name\":\"Comment\",\"target\":[\"https:\/\/brasilnoticias.org\/site\/ninguem-discute-se-houve-ou-nao-corrupcao-diz-gilmar-mendes-sobre-lava-jato\/#respond\"]}]},{\"@type\":\"WebPage\",\"@id\":\"https:\/\/brasilnoticias.org\/site\/ninguem-discute-se-houve-ou-nao-corrupcao-diz-gilmar-mendes-sobre-lava-jato\/\",\"url\":\"https:\/\/brasilnoticias.org\/site\/ninguem-discute-se-houve-ou-nao-corrupcao-diz-gilmar-mendes-sobre-lava-jato\/\",\"name\":\"Ningu\u00e9m discute se houve, ou n\u00e3o, corrup\u00e7\u00e3o', diz Gilmar Mendes sobre Lava Jato - Brasil not\u00edcias\",\"isPartOf\":{\"@id\":\"https:\/\/brasilnoticias.org\/site\/#website\"},\"primaryImageOfPage\":{\"@id\":\"https:\/\/brasilnoticias.org\/site\/ninguem-discute-se-houve-ou-nao-corrupcao-diz-gilmar-mendes-sobre-lava-jato\/#primaryimage\"},\"image\":{\"@id\":\"https:\/\/brasilnoticias.org\/site\/ninguem-discute-se-houve-ou-nao-corrupcao-diz-gilmar-mendes-sobre-lava-jato\/#primaryimage\"},\"thumbnailUrl\":\"https:\/\/brasilnoticias.org\/site\/wp-content\/uploads\/2022\/06\/gilmar_mendes_widelg.jpg\",\"datePublished\":\"2022-06-14T13:01:49+00:00\",\"breadcrumb\":{\"@id\":\"https:\/\/brasilnoticias.org\/site\/ninguem-discute-se-houve-ou-nao-corrupcao-diz-gilmar-mendes-sobre-lava-jato\/#breadcrumb\"},\"inLanguage\":\"pt-PT\",\"potentialAction\":[{\"@type\":\"ReadAction\",\"target\":[\"https:\/\/brasilnoticias.org\/site\/ninguem-discute-se-houve-ou-nao-corrupcao-diz-gilmar-mendes-sobre-lava-jato\/\"]}]},{\"@type\":\"ImageObject\",\"inLanguage\":\"pt-PT\",\"@id\":\"https:\/\/brasilnoticias.org\/site\/ninguem-discute-se-houve-ou-nao-corrupcao-diz-gilmar-mendes-sobre-lava-jato\/#primaryimage\",\"url\":\"https:\/\/brasilnoticias.org\/site\/wp-content\/uploads\/2022\/06\/gilmar_mendes_widelg.jpg\",\"contentUrl\":\"https:\/\/brasilnoticias.org\/site\/wp-content\/uploads\/2022\/06\/gilmar_mendes_widelg.jpg\",\"width\":800,\"height\":450},{\"@type\":\"BreadcrumbList\",\"@id\":\"https:\/\/brasilnoticias.org\/site\/ninguem-discute-se-houve-ou-nao-corrupcao-diz-gilmar-mendes-sobre-lava-jato\/#breadcrumb\",\"itemListElement\":[{\"@type\":\"ListItem\",\"position\":1,\"name\":\"In\u00edcio\",\"item\":\"https:\/\/brasilnoticias.org\/site\/\"},{\"@type\":\"ListItem\",\"position\":2,\"name\":\"Ningu\u00e9m discute se houve, ou n\u00e3o, corrup\u00e7\u00e3o&#8217;, diz Gilmar Mendes sobre Lava Jato\"}]},{\"@type\":\"WebSite\",\"@id\":\"https:\/\/brasilnoticias.org\/site\/#website\",\"url\":\"https:\/\/brasilnoticias.org\/site\/\",\"name\":\"Brasil not\u00edcias\",\"description\":\"Brasil not\u00edcias\",\"publisher\":{\"@id\":\"https:\/\/brasilnoticias.org\/site\/#organization\"},\"potentialAction\":[{\"@type\":\"SearchAction\",\"target\":{\"@type\":\"EntryPoint\",\"urlTemplate\":\"https:\/\/brasilnoticias.org\/site\/?s={search_term_string}\"},\"query-input\":{\"@type\":\"PropertyValueSpecification\",\"valueRequired\":true,\"valueName\":\"search_term_string\"}}],\"inLanguage\":\"pt-PT\"},{\"@type\":\"Organization\",\"@id\":\"https:\/\/brasilnoticias.org\/site\/#organization\",\"name\":\"Brasil not\u00edcias\",\"url\":\"https:\/\/brasilnoticias.org\/site\/\",\"logo\":{\"@type\":\"ImageObject\",\"inLanguage\":\"pt-PT\",\"@id\":\"https:\/\/brasilnoticias.org\/site\/#\/schema\/logo\/image\/\",\"url\":\"https:\/\/brasilnoticias.org\/site\/wp-content\/uploads\/2022\/05\/cropped-brasilnoticias-mini.jpg\",\"contentUrl\":\"https:\/\/brasilnoticias.org\/site\/wp-content\/uploads\/2022\/05\/cropped-brasilnoticias-mini.jpg\",\"width\":314,\"height\":86,\"caption\":\"Brasil not\u00edcias\"},\"image\":{\"@id\":\"https:\/\/brasilnoticias.org\/site\/#\/schema\/logo\/image\/\"}},{\"@type\":\"Person\",\"@id\":\"https:\/\/brasilnoticias.org\/site\/#\/schema\/person\/f609fa847b5314f1c8b983342f34c798\",\"name\":\"Reda\u00e7\u00e3o\",\"image\":{\"@type\":\"ImageObject\",\"inLanguage\":\"pt-PT\",\"@id\":\"https:\/\/brasilnoticias.org\/site\/#\/schema\/person\/image\/\",\"url\":\"https:\/\/secure.gravatar.com\/avatar\/447284c06c1ad8b46465a36de9cd0d8326b73387a22799b8b1ffb1fbcff2ed0c?s=96&d=mm&r=g\",\"contentUrl\":\"https:\/\/secure.gravatar.com\/avatar\/447284c06c1ad8b46465a36de9cd0d8326b73387a22799b8b1ffb1fbcff2ed0c?s=96&d=mm&r=g\",\"caption\":\"Reda\u00e7\u00e3o\"},\"url\":\"https:\/\/brasilnoticias.org\/site\/author\/redacao\/\"}]}<\/script>\n<!-- \/ Yoast SEO plugin. -->","yoast_head_json":{"title":"Ningu\u00e9m discute se houve, ou n\u00e3o, corrup\u00e7\u00e3o', diz Gilmar Mendes sobre Lava Jato - Brasil not\u00edcias","robots":{"index":"index","follow":"follow","max-snippet":"max-snippet:-1","max-image-preview":"max-image-preview:large","max-video-preview":"max-video-preview:-1"},"canonical":"https:\/\/brasilnoticias.org\/site\/ninguem-discute-se-houve-ou-nao-corrupcao-diz-gilmar-mendes-sobre-lava-jato\/","og_locale":"pt_PT","og_type":"article","og_title":"Ningu\u00e9m discute se houve, ou n\u00e3o, corrup\u00e7\u00e3o', diz Gilmar Mendes sobre Lava Jato - Brasil not\u00edcias","og_description":"O ministro Gilmar Mendes, do Supremo Tribunal Federal (STF), afirmou nesta segunda-feira (13) que &#8220;ningu\u00e9m negou&#8221; a exist\u00eancia do esquema","og_url":"https:\/\/brasilnoticias.org\/site\/ninguem-discute-se-houve-ou-nao-corrupcao-diz-gilmar-mendes-sobre-lava-jato\/","og_site_name":"Brasil not\u00edcias","article_published_time":"2022-06-14T13:01:49+00:00","og_image":[{"width":800,"height":450,"url":"https:\/\/brasilnoticias.org\/site\/wp-content\/uploads\/2022\/06\/gilmar_mendes_widelg.jpg","type":"image\/jpeg"}],"author":"Reda\u00e7\u00e3o","twitter_card":"summary_large_image","twitter_misc":{"Escrito por":"Reda\u00e7\u00e3o","Tempo estimado de leitura":"2 minutos"},"schema":{"@context":"https:\/\/schema.org","@graph":[{"@type":"Article","@id":"https:\/\/brasilnoticias.org\/site\/ninguem-discute-se-houve-ou-nao-corrupcao-diz-gilmar-mendes-sobre-lava-jato\/#article","isPartOf":{"@id":"https:\/\/brasilnoticias.org\/site\/ninguem-discute-se-houve-ou-nao-corrupcao-diz-gilmar-mendes-sobre-lava-jato\/"},"author":{"name":"Reda\u00e7\u00e3o","@id":"https:\/\/brasilnoticias.org\/site\/#\/schema\/person\/f609fa847b5314f1c8b983342f34c798"},"headline":"Ningu\u00e9m discute se houve, ou n\u00e3o, corrup\u00e7\u00e3o&#8217;, diz Gilmar Mendes sobre Lava Jato","datePublished":"2022-06-14T13:01:49+00:00","mainEntityOfPage":{"@id":"https:\/\/brasilnoticias.org\/site\/ninguem-discute-se-houve-ou-nao-corrupcao-diz-gilmar-mendes-sobre-lava-jato\/"},"wordCount":360,"commentCount":0,"publisher":{"@id":"https:\/\/brasilnoticias.org\/site\/#organization"},"image":{"@id":"https:\/\/brasilnoticias.org\/site\/ninguem-discute-se-houve-ou-nao-corrupcao-diz-gilmar-mendes-sobre-lava-jato\/#primaryimage"},"thumbnailUrl":"https:\/\/brasilnoticias.org\/site\/wp-content\/uploads\/2022\/06\/gilmar_mendes_widelg.jpg","articleSection":["Pol\u00edtica","\u00daltimas"],"inLanguage":"pt-PT","potentialAction":[{"@type":"CommentAction","name":"Comment","target":["https:\/\/brasilnoticias.org\/site\/ninguem-discute-se-houve-ou-nao-corrupcao-diz-gilmar-mendes-sobre-lava-jato\/#respond"]}]},{"@type":"WebPage","@id":"https:\/\/brasilnoticias.org\/site\/ninguem-discute-se-houve-ou-nao-corrupcao-diz-gilmar-mendes-sobre-lava-jato\/","url":"https:\/\/brasilnoticias.org\/site\/ninguem-discute-se-houve-ou-nao-corrupcao-diz-gilmar-mendes-sobre-lava-jato\/","name":"Ningu\u00e9m discute se houve, ou n\u00e3o, corrup\u00e7\u00e3o', diz Gilmar Mendes sobre Lava Jato - Brasil not\u00edcias","isPartOf":{"@id":"https:\/\/brasilnoticias.org\/site\/#website"},"primaryImageOfPage":{"@id":"https:\/\/brasilnoticias.org\/site\/ninguem-discute-se-houve-ou-nao-corrupcao-diz-gilmar-mendes-sobre-lava-jato\/#primaryimage"},"image":{"@id":"https:\/\/brasilnoticias.org\/site\/ninguem-discute-se-houve-ou-nao-corrupcao-diz-gilmar-mendes-sobre-lava-jato\/#primaryimage"},"thumbnailUrl":"https:\/\/brasilnoticias.org\/site\/wp-content\/uploads\/2022\/06\/gilmar_mendes_widelg.jpg","datePublished":"2022-06-14T13:01:49+00:00","breadcrumb":{"@id":"https:\/\/brasilnoticias.org\/site\/ninguem-discute-se-houve-ou-nao-corrupcao-diz-gilmar-mendes-sobre-lava-jato\/#breadcrumb"},"inLanguage":"pt-PT","potentialAction":[{"@type":"ReadAction","target":["https:\/\/brasilnoticias.org\/site\/ninguem-discute-se-houve-ou-nao-corrupcao-diz-gilmar-mendes-sobre-lava-jato\/"]}]},{"@type":"ImageObject","inLanguage":"pt-PT","@id":"https:\/\/brasilnoticias.org\/site\/ninguem-discute-se-houve-ou-nao-corrupcao-diz-gilmar-mendes-sobre-lava-jato\/#primaryimage","url":"https:\/\/brasilnoticias.org\/site\/wp-content\/uploads\/2022\/06\/gilmar_mendes_widelg.jpg","contentUrl":"https:\/\/brasilnoticias.org\/site\/wp-content\/uploads\/2022\/06\/gilmar_mendes_widelg.jpg","width":800,"height":450},{"@type":"BreadcrumbList","@id":"https:\/\/brasilnoticias.org\/site\/ninguem-discute-se-houve-ou-nao-corrupcao-diz-gilmar-mendes-sobre-lava-jato\/#breadcrumb","itemListElement":[{"@type":"ListItem","position":1,"name":"In\u00edcio","item":"https:\/\/brasilnoticias.org\/site\/"},{"@type":"ListItem","position":2,"name":"Ningu\u00e9m discute se houve, ou n\u00e3o, corrup\u00e7\u00e3o&#8217;, diz Gilmar Mendes sobre Lava Jato"}]},{"@type":"WebSite","@id":"https:\/\/brasilnoticias.org\/site\/#website","url":"https:\/\/brasilnoticias.org\/site\/","name":"Brasil not\u00edcias","description":"Brasil not\u00edcias","publisher":{"@id":"https:\/\/brasilnoticias.org\/site\/#organization"},"potentialAction":[{"@type":"SearchAction","target":{"@type":"EntryPoint","urlTemplate":"https:\/\/brasilnoticias.org\/site\/?s={search_term_string}"},"query-input":{"@type":"PropertyValueSpecification","valueRequired":true,"valueName":"search_term_string"}}],"inLanguage":"pt-PT"},{"@type":"Organization","@id":"https:\/\/brasilnoticias.org\/site\/#organization","name":"Brasil not\u00edcias","url":"https:\/\/brasilnoticias.org\/site\/","logo":{"@type":"ImageObject","inLanguage":"pt-PT","@id":"https:\/\/brasilnoticias.org\/site\/#\/schema\/logo\/image\/","url":"https:\/\/brasilnoticias.org\/site\/wp-content\/uploads\/2022\/05\/cropped-brasilnoticias-mini.jpg","contentUrl":"https:\/\/brasilnoticias.org\/site\/wp-content\/uploads\/2022\/05\/cropped-brasilnoticias-mini.jpg","width":314,"height":86,"caption":"Brasil not\u00edcias"},"image":{"@id":"https:\/\/brasilnoticias.org\/site\/#\/schema\/logo\/image\/"}},{"@type":"Person","@id":"https:\/\/brasilnoticias.org\/site\/#\/schema\/person\/f609fa847b5314f1c8b983342f34c798","name":"Reda\u00e7\u00e3o","image":{"@type":"ImageObject","inLanguage":"pt-PT","@id":"https:\/\/brasilnoticias.org\/site\/#\/schema\/person\/image\/","url":"https:\/\/secure.gravatar.com\/avatar\/447284c06c1ad8b46465a36de9cd0d8326b73387a22799b8b1ffb1fbcff2ed0c?s=96&d=mm&r=g","contentUrl":"https:\/\/secure.gravatar.com\/avatar\/447284c06c1ad8b46465a36de9cd0d8326b73387a22799b8b1ffb1fbcff2ed0c?s=96&d=mm&r=g","caption":"Reda\u00e7\u00e3o"},"url":"https:\/\/brasilnoticias.org\/site\/author\/redacao\/"}]}},"_links":{"self":[{"href":"https:\/\/brasilnoticias.org\/site\/wp-json\/wp\/v2\/posts\/905","targetHints":{"allow":["GET"]}}],"collection":[{"href":"https:\/\/brasilnoticias.org\/site\/wp-json\/wp\/v2\/posts"}],"about":[{"href":"https:\/\/brasilnoticias.org\/site\/wp-json\/wp\/v2\/types\/post"}],"author":[{"embeddable":true,"href":"https:\/\/brasilnoticias.org\/site\/wp-json\/wp\/v2\/users\/2"}],"replies":[{"embeddable":true,"href":"https:\/\/brasilnoticias.org\/site\/wp-json\/wp\/v2\/comments?post=905"}],"version-history":[{"count":1,"href":"https:\/\/brasilnoticias.org\/site\/wp-json\/wp\/v2\/posts\/905\/revisions"}],"predecessor-version":[{"id":907,"href":"https:\/\/brasilnoticias.org\/site\/wp-json\/wp\/v2\/posts\/905\/revisions\/907"}],"wp:featuredmedia":[{"embeddable":true,"href":"https:\/\/brasilnoticias.org\/site\/wp-json\/wp\/v2\/media\/906"}],"wp:attachment":[{"href":"https:\/\/brasilnoticias.org\/site\/wp-json\/wp\/v2\/media?parent=905"}],"wp:term":[{"taxonomy":"category","embeddable":true,"href":"https:\/\/brasilnoticias.org\/site\/wp-json\/wp\/v2\/categories?post=905"},{"taxonomy":"post_tag","embeddable":true,"href":"https:\/\/brasilnoticias.org\/site\/wp-json\/wp\/v2\/tags?post=905"}],"curies":[{"name":"wp","href":"https:\/\/api.w.org\/{rel}","templated":true}]}}