{"id":9059,"date":"2023-09-09T10:00:35","date_gmt":"2023-09-09T13:00:35","guid":{"rendered":"https:\/\/brasilnoticias.org\/site\/?p=9059"},"modified":"2023-09-08T21:26:21","modified_gmt":"2023-09-09T00:26:21","slug":"comunidade-rural-de-itaguacu-colhe-primeira-safra-de-aipim-e-impulsiona-renda-familiar","status":"publish","type":"post","link":"https:\/\/brasilnoticias.org\/site\/comunidade-rural-de-itaguacu-colhe-primeira-safra-de-aipim-e-impulsiona-renda-familiar\/","title":{"rendered":"Comunidade rural de Itagua\u00e7u colhe primeira safra de aipim e impulsiona renda familiar"},"content":{"rendered":"<p>No Povoado Nova Cana\u00e3, localizado em Itagua\u00e7u, um grupo de fam\u00edlias agricultoras est\u00e1 colhendo os frutos de um projeto que promete revolucionar a vida dessas fam\u00edlias. Antes voltados principalmente para o cultivo de subsist\u00eancia, agricultores e agricultoras agora encontraram uma maneira de gerar renda extra a partir do plantio de aipim.<\/p>\n<p>Essa mudan\u00e7a significativa foi viabilizada pelos investimentos da Companhia de Desenvolvimento e A\u00e7\u00e3o Regional (CAR), o que possibilitou que agricultores e agricultoras plantassem uma \u00e1rea coletiva de aipim abrangendo dois hectares. O resultado dessa iniciativa foi uma colheita inicial de sete mil quilos de aipim de alta qualidade.<\/p>\n<p>A totalidade da produ\u00e7\u00e3o foi vendida por meio do Programa Nacional de Alimenta\u00e7\u00e3o Escolar (PNAE) \u00e0 Prefeitura de Itagua\u00e7u. Esse foi apenas o come\u00e7o, pois a pr\u00f3xima colheita, prevista para os pr\u00f3ximos oito meses, tem uma proje\u00e7\u00e3o de produ\u00e7\u00e3o ainda maior, estimada em oito mil quilos.<\/p>\n<p>A presidente da Associa\u00e7\u00e3o Nova Cana\u00e3, Dailma Nunes Santana, enfatiza a import\u00e2ncia dos investimentos aplicados na comunidade: \u201cT\u00ednhamos muita dificuldade de trabalho, mas com o apoio da CAR com equipamentos como placas solares, adubo, carrinho de m\u00e3o e triturador, fomos capazes de trabalhar e gerar renda para cada produtor. Al\u00e9m disso, a produ\u00e7\u00e3o de aipim n\u00e3o s\u00f3 nos fornece alimento de qualidade, mas tamb\u00e9m uma renda extra\u201d.<\/p>\n<p>Augustina Maria de Oliveira, outra benefici\u00e1ria do projeto, destaca como essa iniciativa tamb\u00e9m fortaleceu o senso de comunidade. \u201cAjudou a nos organizarmos, pois n\u00e3o t\u00ednhamos esse momento comunit\u00e1rio. O projeto foi muito significativo para todos n\u00f3s, m\u00e3es, pais e jovens que trabalham com o aipim. Nossa expectativa \u00e9 continuar crescendo. Ver as pessoas trabalhando juntas traz muita alegria\u201d.<\/p>\n<p>A agricultora Cristina Nunes Santana complementou que o projeto contribuiu com a diversifica\u00e7\u00e3o da produ\u00e7\u00e3o. \u201cFoi um grande incentivo at\u00e9 para plantar outros alimentos, como melancia, ab\u00f3bora, cenoura, coentro, milho, piment\u00e3o, cebola, maracuj\u00e1 e mam\u00e3o\u201d. Essa diversifica\u00e7\u00e3o dos cultivos aumenta a seguran\u00e7a alimentar e a oferta de produtos frescos na comunidade.<\/p>\n<p>Al\u00e9m disso, a produ\u00e7\u00e3o possibilitou que a comunidade concorresse para participar do Programa de Aquisi\u00e7\u00e3o de Alimentos (PAA) abrindo portas para novos mercados e oportunidades de renda. A iniciativa da CAR, empresa p\u00fablica vinculada \u00e0 Secretaria de Desenvolvimento Rural (SDR), em Nova Cana\u00e3 est\u00e1 reescrevendo a hist\u00f3ria dessas fam\u00edlias agricultoras, proporcionando uma fonte de renda e promovendo a uni\u00e3o comunit\u00e1ria por meio da agricultura familiar.<\/p>\n<p>Foto: Geraldo Carvalho\/CAR-GOVBA<br \/>\nFonte: Ascom\/CAR<\/p>\n","protected":false},"excerpt":{"rendered":"<p>No Povoado Nova Cana\u00e3, localizado em Itagua\u00e7u, um grupo de fam\u00edlias agricultoras est\u00e1 colhendo os frutos de um projeto que<\/p>\n","protected":false},"author":4,"featured_media":9060,"comment_status":"open","ping_status":"open","sticky":false,"template":"","format":"standard","meta":{"colormag_page_container_layout":"default_layout","colormag_page_sidebar_layout":"default_layout","_FSMCFIC_featured_image_caption":"","_FSMCFIC_featured_image_nocaption":"","_FSMCFIC_featured_image_hide":"","footnotes":""},"categories":[2,1],"tags":[],"class_list":["post-9059","post","type-post","status-publish","format-standard","has-post-thumbnail","hentry","category-noticias","category-ultimas"],"yoast_head":"<!-- This site is optimized with the Yoast SEO plugin v27.1.1 - https:\/\/yoast.com\/product\/yoast-seo-wordpress\/ -->\n<title>Comunidade rural de Itagua\u00e7u colhe primeira safra de aipim e impulsiona renda familiar - Brasil not\u00edcias<\/title>\n<meta name=\"robots\" content=\"index, follow, max-snippet:-1, max-image-preview:large, max-video-preview:-1\" \/>\n<link rel=\"canonical\" href=\"https:\/\/brasilnoticias.org\/site\/comunidade-rural-de-itaguacu-colhe-primeira-safra-de-aipim-e-impulsiona-renda-familiar\/\" \/>\n<meta property=\"og:locale\" content=\"pt_PT\" \/>\n<meta property=\"og:type\" content=\"article\" \/>\n<meta property=\"og:title\" content=\"Comunidade rural de Itagua\u00e7u colhe primeira safra de aipim e impulsiona renda familiar - Brasil not\u00edcias\" \/>\n<meta property=\"og:description\" content=\"No Povoado Nova Cana\u00e3, localizado em Itagua\u00e7u, um grupo de fam\u00edlias agricultoras est\u00e1 colhendo os frutos de um projeto que\" \/>\n<meta property=\"og:url\" content=\"https:\/\/brasilnoticias.org\/site\/comunidade-rural-de-itaguacu-colhe-primeira-safra-de-aipim-e-impulsiona-renda-familiar\/\" \/>\n<meta property=\"og:site_name\" content=\"Brasil not\u00edcias\" \/>\n<meta property=\"article:published_time\" content=\"2023-09-09T13:00:35+00:00\" \/>\n<meta property=\"og:image\" content=\"https:\/\/brasilnoticias.org\/site\/wp-content\/uploads\/2023\/09\/safra-de-aipim-e-impulsiona-renda-familiar-696x464-1.jpg\" \/>\n\t<meta property=\"og:image:width\" content=\"696\" \/>\n\t<meta property=\"og:image:height\" content=\"464\" \/>\n\t<meta property=\"og:image:type\" content=\"image\/jpeg\" \/>\n<meta name=\"author\" content=\"Reda\u00e7\u00e3o\" \/>\n<meta name=\"twitter:card\" content=\"summary_large_image\" \/>\n<meta name=\"twitter:label1\" content=\"Escrito por\" \/>\n\t<meta name=\"twitter:data1\" content=\"Reda\u00e7\u00e3o\" \/>\n<script type=\"application\/ld+json\" class=\"yoast-schema-graph\">{\"@context\":\"https:\/\/schema.org\",\"@graph\":[{\"@type\":\"Article\",\"@id\":\"https:\/\/brasilnoticias.org\/site\/comunidade-rural-de-itaguacu-colhe-primeira-safra-de-aipim-e-impulsiona-renda-familiar\/#article\",\"isPartOf\":{\"@id\":\"https:\/\/brasilnoticias.org\/site\/comunidade-rural-de-itaguacu-colhe-primeira-safra-de-aipim-e-impulsiona-renda-familiar\/\"},\"author\":{\"name\":\"Reda\u00e7\u00e3o\",\"@id\":\"https:\/\/brasilnoticias.org\/site\/#\/schema\/person\/03bbbfe6c7634ad18c26444ea39049fa\"},\"headline\":\"Comunidade rural de Itagua\u00e7u colhe primeira safra de aipim e impulsiona renda familiar\",\"datePublished\":\"2023-09-09T13:00:35+00:00\",\"mainEntityOfPage\":{\"@id\":\"https:\/\/brasilnoticias.org\/site\/comunidade-rural-de-itaguacu-colhe-primeira-safra-de-aipim-e-impulsiona-renda-familiar\/\"},\"wordCount\":448,\"commentCount\":0,\"publisher\":{\"@id\":\"https:\/\/brasilnoticias.org\/site\/#organization\"},\"image\":{\"@id\":\"https:\/\/brasilnoticias.org\/site\/comunidade-rural-de-itaguacu-colhe-primeira-safra-de-aipim-e-impulsiona-renda-familiar\/#primaryimage\"},\"thumbnailUrl\":\"https:\/\/brasilnoticias.org\/site\/wp-content\/uploads\/2023\/09\/safra-de-aipim-e-impulsiona-renda-familiar-696x464-1.jpg\",\"articleSection\":[\"Not\u00edcias\",\"\u00daltimas\"],\"inLanguage\":\"pt-PT\",\"potentialAction\":[{\"@type\":\"CommentAction\",\"name\":\"Comment\",\"target\":[\"https:\/\/brasilnoticias.org\/site\/comunidade-rural-de-itaguacu-colhe-primeira-safra-de-aipim-e-impulsiona-renda-familiar\/#respond\"]}]},{\"@type\":\"WebPage\",\"@id\":\"https:\/\/brasilnoticias.org\/site\/comunidade-rural-de-itaguacu-colhe-primeira-safra-de-aipim-e-impulsiona-renda-familiar\/\",\"url\":\"https:\/\/brasilnoticias.org\/site\/comunidade-rural-de-itaguacu-colhe-primeira-safra-de-aipim-e-impulsiona-renda-familiar\/\",\"name\":\"Comunidade rural de Itagua\u00e7u colhe primeira safra de aipim e impulsiona renda familiar - Brasil not\u00edcias\",\"isPartOf\":{\"@id\":\"https:\/\/brasilnoticias.org\/site\/#website\"},\"primaryImageOfPage\":{\"@id\":\"https:\/\/brasilnoticias.org\/site\/comunidade-rural-de-itaguacu-colhe-primeira-safra-de-aipim-e-impulsiona-renda-familiar\/#primaryimage\"},\"image\":{\"@id\":\"https:\/\/brasilnoticias.org\/site\/comunidade-rural-de-itaguacu-colhe-primeira-safra-de-aipim-e-impulsiona-renda-familiar\/#primaryimage\"},\"thumbnailUrl\":\"https:\/\/brasilnoticias.org\/site\/wp-content\/uploads\/2023\/09\/safra-de-aipim-e-impulsiona-renda-familiar-696x464-1.jpg\",\"datePublished\":\"2023-09-09T13:00:35+00:00\",\"breadcrumb\":{\"@id\":\"https:\/\/brasilnoticias.org\/site\/comunidade-rural-de-itaguacu-colhe-primeira-safra-de-aipim-e-impulsiona-renda-familiar\/#breadcrumb\"},\"inLanguage\":\"pt-PT\",\"potentialAction\":[{\"@type\":\"ReadAction\",\"target\":[\"https:\/\/brasilnoticias.org\/site\/comunidade-rural-de-itaguacu-colhe-primeira-safra-de-aipim-e-impulsiona-renda-familiar\/\"]}]},{\"@type\":\"ImageObject\",\"inLanguage\":\"pt-PT\",\"@id\":\"https:\/\/brasilnoticias.org\/site\/comunidade-rural-de-itaguacu-colhe-primeira-safra-de-aipim-e-impulsiona-renda-familiar\/#primaryimage\",\"url\":\"https:\/\/brasilnoticias.org\/site\/wp-content\/uploads\/2023\/09\/safra-de-aipim-e-impulsiona-renda-familiar-696x464-1.jpg\",\"contentUrl\":\"https:\/\/brasilnoticias.org\/site\/wp-content\/uploads\/2023\/09\/safra-de-aipim-e-impulsiona-renda-familiar-696x464-1.jpg\",\"width\":696,\"height\":464},{\"@type\":\"BreadcrumbList\",\"@id\":\"https:\/\/brasilnoticias.org\/site\/comunidade-rural-de-itaguacu-colhe-primeira-safra-de-aipim-e-impulsiona-renda-familiar\/#breadcrumb\",\"itemListElement\":[{\"@type\":\"ListItem\",\"position\":1,\"name\":\"In\u00edcio\",\"item\":\"https:\/\/brasilnoticias.org\/site\/\"},{\"@type\":\"ListItem\",\"position\":2,\"name\":\"Comunidade rural de Itagua\u00e7u colhe primeira safra de aipim e impulsiona renda familiar\"}]},{\"@type\":\"WebSite\",\"@id\":\"https:\/\/brasilnoticias.org\/site\/#website\",\"url\":\"https:\/\/brasilnoticias.org\/site\/\",\"name\":\"Brasil not\u00edcias\",\"description\":\"Brasil not\u00edcias\",\"publisher\":{\"@id\":\"https:\/\/brasilnoticias.org\/site\/#organization\"},\"potentialAction\":[{\"@type\":\"SearchAction\",\"target\":{\"@type\":\"EntryPoint\",\"urlTemplate\":\"https:\/\/brasilnoticias.org\/site\/?s={search_term_string}\"},\"query-input\":{\"@type\":\"PropertyValueSpecification\",\"valueRequired\":true,\"valueName\":\"search_term_string\"}}],\"inLanguage\":\"pt-PT\"},{\"@type\":\"Organization\",\"@id\":\"https:\/\/brasilnoticias.org\/site\/#organization\",\"name\":\"Brasil not\u00edcias\",\"url\":\"https:\/\/brasilnoticias.org\/site\/\",\"logo\":{\"@type\":\"ImageObject\",\"inLanguage\":\"pt-PT\",\"@id\":\"https:\/\/brasilnoticias.org\/site\/#\/schema\/logo\/image\/\",\"url\":\"https:\/\/brasilnoticias.org\/site\/wp-content\/uploads\/2022\/05\/cropped-brasilnoticias-mini.jpg\",\"contentUrl\":\"https:\/\/brasilnoticias.org\/site\/wp-content\/uploads\/2022\/05\/cropped-brasilnoticias-mini.jpg\",\"width\":314,\"height\":86,\"caption\":\"Brasil not\u00edcias\"},\"image\":{\"@id\":\"https:\/\/brasilnoticias.org\/site\/#\/schema\/logo\/image\/\"}},{\"@type\":\"Person\",\"@id\":\"https:\/\/brasilnoticias.org\/site\/#\/schema\/person\/03bbbfe6c7634ad18c26444ea39049fa\",\"name\":\"Reda\u00e7\u00e3o\",\"image\":{\"@type\":\"ImageObject\",\"inLanguage\":\"pt-PT\",\"@id\":\"https:\/\/brasilnoticias.org\/site\/#\/schema\/person\/image\/\",\"url\":\"https:\/\/secure.gravatar.com\/avatar\/9ecaf7327a696cb23ad926fedded5f1f04d7049de9e445375d55b48c001a6e42?s=96&d=mm&r=g\",\"contentUrl\":\"https:\/\/secure.gravatar.com\/avatar\/9ecaf7327a696cb23ad926fedded5f1f04d7049de9e445375d55b48c001a6e42?s=96&d=mm&r=g\",\"caption\":\"Reda\u00e7\u00e3o\"},\"url\":\"https:\/\/brasilnoticias.org\/site\/author\/henrique\/\"}]}<\/script>\n<!-- \/ Yoast SEO plugin. -->","yoast_head_json":{"title":"Comunidade rural de Itagua\u00e7u colhe primeira safra de aipim e impulsiona renda familiar - Brasil not\u00edcias","robots":{"index":"index","follow":"follow","max-snippet":"max-snippet:-1","max-image-preview":"max-image-preview:large","max-video-preview":"max-video-preview:-1"},"canonical":"https:\/\/brasilnoticias.org\/site\/comunidade-rural-de-itaguacu-colhe-primeira-safra-de-aipim-e-impulsiona-renda-familiar\/","og_locale":"pt_PT","og_type":"article","og_title":"Comunidade rural de Itagua\u00e7u colhe primeira safra de aipim e impulsiona renda familiar - Brasil not\u00edcias","og_description":"No Povoado Nova Cana\u00e3, localizado em Itagua\u00e7u, um grupo de fam\u00edlias agricultoras est\u00e1 colhendo os frutos de um projeto que","og_url":"https:\/\/brasilnoticias.org\/site\/comunidade-rural-de-itaguacu-colhe-primeira-safra-de-aipim-e-impulsiona-renda-familiar\/","og_site_name":"Brasil not\u00edcias","article_published_time":"2023-09-09T13:00:35+00:00","og_image":[{"width":696,"height":464,"url":"https:\/\/brasilnoticias.org\/site\/wp-content\/uploads\/2023\/09\/safra-de-aipim-e-impulsiona-renda-familiar-696x464-1.jpg","type":"image\/jpeg"}],"author":"Reda\u00e7\u00e3o","twitter_card":"summary_large_image","twitter_misc":{"Escrito por":"Reda\u00e7\u00e3o"},"schema":{"@context":"https:\/\/schema.org","@graph":[{"@type":"Article","@id":"https:\/\/brasilnoticias.org\/site\/comunidade-rural-de-itaguacu-colhe-primeira-safra-de-aipim-e-impulsiona-renda-familiar\/#article","isPartOf":{"@id":"https:\/\/brasilnoticias.org\/site\/comunidade-rural-de-itaguacu-colhe-primeira-safra-de-aipim-e-impulsiona-renda-familiar\/"},"author":{"name":"Reda\u00e7\u00e3o","@id":"https:\/\/brasilnoticias.org\/site\/#\/schema\/person\/03bbbfe6c7634ad18c26444ea39049fa"},"headline":"Comunidade rural de Itagua\u00e7u colhe primeira safra de aipim e impulsiona renda familiar","datePublished":"2023-09-09T13:00:35+00:00","mainEntityOfPage":{"@id":"https:\/\/brasilnoticias.org\/site\/comunidade-rural-de-itaguacu-colhe-primeira-safra-de-aipim-e-impulsiona-renda-familiar\/"},"wordCount":448,"commentCount":0,"publisher":{"@id":"https:\/\/brasilnoticias.org\/site\/#organization"},"image":{"@id":"https:\/\/brasilnoticias.org\/site\/comunidade-rural-de-itaguacu-colhe-primeira-safra-de-aipim-e-impulsiona-renda-familiar\/#primaryimage"},"thumbnailUrl":"https:\/\/brasilnoticias.org\/site\/wp-content\/uploads\/2023\/09\/safra-de-aipim-e-impulsiona-renda-familiar-696x464-1.jpg","articleSection":["Not\u00edcias","\u00daltimas"],"inLanguage":"pt-PT","potentialAction":[{"@type":"CommentAction","name":"Comment","target":["https:\/\/brasilnoticias.org\/site\/comunidade-rural-de-itaguacu-colhe-primeira-safra-de-aipim-e-impulsiona-renda-familiar\/#respond"]}]},{"@type":"WebPage","@id":"https:\/\/brasilnoticias.org\/site\/comunidade-rural-de-itaguacu-colhe-primeira-safra-de-aipim-e-impulsiona-renda-familiar\/","url":"https:\/\/brasilnoticias.org\/site\/comunidade-rural-de-itaguacu-colhe-primeira-safra-de-aipim-e-impulsiona-renda-familiar\/","name":"Comunidade rural de Itagua\u00e7u colhe primeira safra de aipim e impulsiona renda familiar - Brasil not\u00edcias","isPartOf":{"@id":"https:\/\/brasilnoticias.org\/site\/#website"},"primaryImageOfPage":{"@id":"https:\/\/brasilnoticias.org\/site\/comunidade-rural-de-itaguacu-colhe-primeira-safra-de-aipim-e-impulsiona-renda-familiar\/#primaryimage"},"image":{"@id":"https:\/\/brasilnoticias.org\/site\/comunidade-rural-de-itaguacu-colhe-primeira-safra-de-aipim-e-impulsiona-renda-familiar\/#primaryimage"},"thumbnailUrl":"https:\/\/brasilnoticias.org\/site\/wp-content\/uploads\/2023\/09\/safra-de-aipim-e-impulsiona-renda-familiar-696x464-1.jpg","datePublished":"2023-09-09T13:00:35+00:00","breadcrumb":{"@id":"https:\/\/brasilnoticias.org\/site\/comunidade-rural-de-itaguacu-colhe-primeira-safra-de-aipim-e-impulsiona-renda-familiar\/#breadcrumb"},"inLanguage":"pt-PT","potentialAction":[{"@type":"ReadAction","target":["https:\/\/brasilnoticias.org\/site\/comunidade-rural-de-itaguacu-colhe-primeira-safra-de-aipim-e-impulsiona-renda-familiar\/"]}]},{"@type":"ImageObject","inLanguage":"pt-PT","@id":"https:\/\/brasilnoticias.org\/site\/comunidade-rural-de-itaguacu-colhe-primeira-safra-de-aipim-e-impulsiona-renda-familiar\/#primaryimage","url":"https:\/\/brasilnoticias.org\/site\/wp-content\/uploads\/2023\/09\/safra-de-aipim-e-impulsiona-renda-familiar-696x464-1.jpg","contentUrl":"https:\/\/brasilnoticias.org\/site\/wp-content\/uploads\/2023\/09\/safra-de-aipim-e-impulsiona-renda-familiar-696x464-1.jpg","width":696,"height":464},{"@type":"BreadcrumbList","@id":"https:\/\/brasilnoticias.org\/site\/comunidade-rural-de-itaguacu-colhe-primeira-safra-de-aipim-e-impulsiona-renda-familiar\/#breadcrumb","itemListElement":[{"@type":"ListItem","position":1,"name":"In\u00edcio","item":"https:\/\/brasilnoticias.org\/site\/"},{"@type":"ListItem","position":2,"name":"Comunidade rural de Itagua\u00e7u colhe primeira safra de aipim e impulsiona renda familiar"}]},{"@type":"WebSite","@id":"https:\/\/brasilnoticias.org\/site\/#website","url":"https:\/\/brasilnoticias.org\/site\/","name":"Brasil not\u00edcias","description":"Brasil not\u00edcias","publisher":{"@id":"https:\/\/brasilnoticias.org\/site\/#organization"},"potentialAction":[{"@type":"SearchAction","target":{"@type":"EntryPoint","urlTemplate":"https:\/\/brasilnoticias.org\/site\/?s={search_term_string}"},"query-input":{"@type":"PropertyValueSpecification","valueRequired":true,"valueName":"search_term_string"}}],"inLanguage":"pt-PT"},{"@type":"Organization","@id":"https:\/\/brasilnoticias.org\/site\/#organization","name":"Brasil not\u00edcias","url":"https:\/\/brasilnoticias.org\/site\/","logo":{"@type":"ImageObject","inLanguage":"pt-PT","@id":"https:\/\/brasilnoticias.org\/site\/#\/schema\/logo\/image\/","url":"https:\/\/brasilnoticias.org\/site\/wp-content\/uploads\/2022\/05\/cropped-brasilnoticias-mini.jpg","contentUrl":"https:\/\/brasilnoticias.org\/site\/wp-content\/uploads\/2022\/05\/cropped-brasilnoticias-mini.jpg","width":314,"height":86,"caption":"Brasil not\u00edcias"},"image":{"@id":"https:\/\/brasilnoticias.org\/site\/#\/schema\/logo\/image\/"}},{"@type":"Person","@id":"https:\/\/brasilnoticias.org\/site\/#\/schema\/person\/03bbbfe6c7634ad18c26444ea39049fa","name":"Reda\u00e7\u00e3o","image":{"@type":"ImageObject","inLanguage":"pt-PT","@id":"https:\/\/brasilnoticias.org\/site\/#\/schema\/person\/image\/","url":"https:\/\/secure.gravatar.com\/avatar\/9ecaf7327a696cb23ad926fedded5f1f04d7049de9e445375d55b48c001a6e42?s=96&d=mm&r=g","contentUrl":"https:\/\/secure.gravatar.com\/avatar\/9ecaf7327a696cb23ad926fedded5f1f04d7049de9e445375d55b48c001a6e42?s=96&d=mm&r=g","caption":"Reda\u00e7\u00e3o"},"url":"https:\/\/brasilnoticias.org\/site\/author\/henrique\/"}]}},"_links":{"self":[{"href":"https:\/\/brasilnoticias.org\/site\/wp-json\/wp\/v2\/posts\/9059","targetHints":{"allow":["GET"]}}],"collection":[{"href":"https:\/\/brasilnoticias.org\/site\/wp-json\/wp\/v2\/posts"}],"about":[{"href":"https:\/\/brasilnoticias.org\/site\/wp-json\/wp\/v2\/types\/post"}],"author":[{"embeddable":true,"href":"https:\/\/brasilnoticias.org\/site\/wp-json\/wp\/v2\/users\/4"}],"replies":[{"embeddable":true,"href":"https:\/\/brasilnoticias.org\/site\/wp-json\/wp\/v2\/comments?post=9059"}],"version-history":[{"count":1,"href":"https:\/\/brasilnoticias.org\/site\/wp-json\/wp\/v2\/posts\/9059\/revisions"}],"predecessor-version":[{"id":9061,"href":"https:\/\/brasilnoticias.org\/site\/wp-json\/wp\/v2\/posts\/9059\/revisions\/9061"}],"wp:featuredmedia":[{"embeddable":true,"href":"https:\/\/brasilnoticias.org\/site\/wp-json\/wp\/v2\/media\/9060"}],"wp:attachment":[{"href":"https:\/\/brasilnoticias.org\/site\/wp-json\/wp\/v2\/media?parent=9059"}],"wp:term":[{"taxonomy":"category","embeddable":true,"href":"https:\/\/brasilnoticias.org\/site\/wp-json\/wp\/v2\/categories?post=9059"},{"taxonomy":"post_tag","embeddable":true,"href":"https:\/\/brasilnoticias.org\/site\/wp-json\/wp\/v2\/tags?post=9059"}],"curies":[{"name":"wp","href":"https:\/\/api.w.org\/{rel}","templated":true}]}}