{"id":9116,"date":"2023-09-11T07:18:24","date_gmt":"2023-09-11T10:18:24","guid":{"rendered":"https:\/\/brasilnoticias.org\/site\/?p=9116"},"modified":"2023-09-12T13:12:34","modified_gmt":"2023-09-12T16:12:34","slug":"brasileiro-fugitivo-nos-eua-muda-o-visual-e-foge-de-van","status":"publish","type":"post","link":"https:\/\/brasilnoticias.org\/site\/brasileiro-fugitivo-nos-eua-muda-o-visual-e-foge-de-van\/","title":{"rendered":"Brasileiro fugitivo nos EUA muda o visual e foge de van"},"content":{"rendered":"<p>S\u00c3O PAULO, SP (FOLHAPRESS)<\/p>\n<p>Condenado \u00e0 pris\u00e3o perp\u00e9tua nos Estados Unidos e fugitivo da pol\u00edcia, o brasileiro Danilo Cavalcante, 34. foi visto por meio de c\u00e2meras com a barba feita e vestindo blusa de moletom com capuz, bon\u00e9 preto, cal\u00e7as verdes e sapatos brancos.<\/p>\n<p>Cavalcante fugiu da pris\u00e3o na manh\u00e3 de 31 de agosto no condado de Chester, na Pensilv\u00e2nia, escalando paredes separadas por um corredor de 1,5 metro de largura.<\/p>\n<p>A fuga viralizou nas redes sociais e tamb\u00e9m deixou a popula\u00e7\u00e3o bastante preocupada, com o receio de ser v\u00edtima do brasileiro.<\/p>\n<p>Ele foi condenador por matar a ex-namorada, D\u00e9bora Brand\u00e3o, com 38 facadas diante dos dois filhos dela, de sete e quatro anos na ocasi\u00e3o, em abril de 2021.<\/p>\n<p>Neste domingo (10), a pol\u00edcia disse que o brasileiro foi visto no s\u00e1bado \u00e0 noite em Phoenixville, no norte de Chester, e dirigindo um uma van branca da Ford. O carro apresenta danos no para-lama e conta com uma unidade de refrigera\u00e7\u00e3o.<\/p>\n<p>A recompensa para quem encontrar o brasileiro, segundo a pol\u00edcia, \u00e9 de US$ 20 mil (R$ 100 mil).<\/p>\n<p>Promotora distrital do condado de Chester, Deb Ryan afirmou que a fam\u00edlia de Brand\u00e3o est\u00e1 aterrorizada e preocupada com sua seguran\u00e7a.<\/p>\n<p>\u201cEles est\u00e3o aterrorizados. N\u00e3o saem de casa e est\u00e3o barricados, muito preocupados com sua seguran\u00e7a\u201d, disse ela.<\/p>\n<p>Segundo Ryan, uma investiga\u00e7\u00e3o est\u00e1 em curso para entender como Cavalcante conseguiu fugir da pris\u00e3o.<\/p>\n<p>Cavalcante tamb\u00e9m \u00e9 procurado por um assassinato no Brasil ocorrido em Tocantins em 2017.<\/p>\n<p>Ele \u00e9 r\u00e9u no caso do homic\u00eddio em que Valter J\u00fanior Moreira dos Reis foi morto a tiros em uma pra\u00e7a em Figueir\u00f3polis.<\/p>\n<p>O motivo do crime teria sido uma briga relacionada ao conserto de um ve\u00edculo.<\/p>\n<p>Foto: Divulga\u00e7\u00e3o<br \/>\nJornal de Bras\u00edlia<\/p>\n","protected":false},"excerpt":{"rendered":"<p>S\u00c3O PAULO, SP (FOLHAPRESS) Condenado \u00e0 pris\u00e3o perp\u00e9tua nos Estados Unidos e fugitivo da pol\u00edcia, o brasileiro Danilo Cavalcante, 34.<\/p>\n","protected":false},"author":4,"featured_media":9117,"comment_status":"open","ping_status":"open","sticky":false,"template":"","format":"standard","meta":{"colormag_page_container_layout":"default_layout","colormag_page_sidebar_layout":"default_layout","_FSMCFIC_featured_image_caption":"","_FSMCFIC_featured_image_nocaption":"","_FSMCFIC_featured_image_hide":"","footnotes":""},"categories":[2,1],"tags":[],"class_list":["post-9116","post","type-post","status-publish","format-standard","has-post-thumbnail","hentry","category-noticias","category-ultimas"],"yoast_head":"<!-- This site is optimized with the Yoast SEO plugin v27.1.1 - https:\/\/yoast.com\/product\/yoast-seo-wordpress\/ -->\n<title>Brasileiro fugitivo nos EUA muda o visual e foge de van - Brasil not\u00edcias<\/title>\n<meta name=\"robots\" content=\"index, follow, max-snippet:-1, max-image-preview:large, max-video-preview:-1\" \/>\n<link rel=\"canonical\" href=\"https:\/\/brasilnoticias.org\/site\/brasileiro-fugitivo-nos-eua-muda-o-visual-e-foge-de-van\/\" \/>\n<meta property=\"og:locale\" content=\"pt_PT\" \/>\n<meta property=\"og:type\" content=\"article\" \/>\n<meta property=\"og:title\" content=\"Brasileiro fugitivo nos EUA muda o visual e foge de van - Brasil not\u00edcias\" \/>\n<meta property=\"og:description\" content=\"S\u00c3O PAULO, SP (FOLHAPRESS) Condenado \u00e0 pris\u00e3o perp\u00e9tua nos Estados Unidos e fugitivo da pol\u00edcia, o brasileiro Danilo Cavalcante, 34.\" \/>\n<meta property=\"og:url\" content=\"https:\/\/brasilnoticias.org\/site\/brasileiro-fugitivo-nos-eua-muda-o-visual-e-foge-de-van\/\" \/>\n<meta property=\"og:site_name\" content=\"Brasil not\u00edcias\" \/>\n<meta property=\"article:published_time\" content=\"2023-09-11T10:18:24+00:00\" \/>\n<meta property=\"article:modified_time\" content=\"2023-09-12T16:12:34+00:00\" \/>\n<meta property=\"og:image\" content=\"https:\/\/brasilnoticias.org\/site\/wp-content\/uploads\/2023\/09\/140788brasileiro-fugitivo-nos-eua-muda-o-visual-e-foge-de-van-3-1536x722-1.jpg\" \/>\n\t<meta property=\"og:image:width\" content=\"1536\" \/>\n\t<meta property=\"og:image:height\" content=\"722\" \/>\n\t<meta property=\"og:image:type\" content=\"image\/jpeg\" \/>\n<meta name=\"author\" content=\"Reda\u00e7\u00e3o\" \/>\n<meta name=\"twitter:card\" content=\"summary_large_image\" \/>\n<meta name=\"twitter:label1\" content=\"Escrito por\" \/>\n\t<meta name=\"twitter:data1\" content=\"Reda\u00e7\u00e3o\" \/>\n\t<meta name=\"twitter:label2\" content=\"Tempo estimado de leitura\" \/>\n\t<meta name=\"twitter:data2\" content=\"2 minutos\" \/>\n<script type=\"application\/ld+json\" class=\"yoast-schema-graph\">{\"@context\":\"https:\/\/schema.org\",\"@graph\":[{\"@type\":\"Article\",\"@id\":\"https:\/\/brasilnoticias.org\/site\/brasileiro-fugitivo-nos-eua-muda-o-visual-e-foge-de-van\/#article\",\"isPartOf\":{\"@id\":\"https:\/\/brasilnoticias.org\/site\/brasileiro-fugitivo-nos-eua-muda-o-visual-e-foge-de-van\/\"},\"author\":{\"name\":\"Reda\u00e7\u00e3o\",\"@id\":\"https:\/\/brasilnoticias.org\/site\/#\/schema\/person\/03bbbfe6c7634ad18c26444ea39049fa\"},\"headline\":\"Brasileiro fugitivo nos EUA muda o visual e foge de van\",\"datePublished\":\"2023-09-11T10:18:24+00:00\",\"dateModified\":\"2023-09-12T16:12:34+00:00\",\"mainEntityOfPage\":{\"@id\":\"https:\/\/brasilnoticias.org\/site\/brasileiro-fugitivo-nos-eua-muda-o-visual-e-foge-de-van\/\"},\"wordCount\":322,\"commentCount\":0,\"publisher\":{\"@id\":\"https:\/\/brasilnoticias.org\/site\/#organization\"},\"image\":{\"@id\":\"https:\/\/brasilnoticias.org\/site\/brasileiro-fugitivo-nos-eua-muda-o-visual-e-foge-de-van\/#primaryimage\"},\"thumbnailUrl\":\"https:\/\/brasilnoticias.org\/site\/wp-content\/uploads\/2023\/09\/140788brasileiro-fugitivo-nos-eua-muda-o-visual-e-foge-de-van-3-1536x722-1.jpg\",\"articleSection\":[\"Not\u00edcias\",\"\u00daltimas\"],\"inLanguage\":\"pt-PT\",\"potentialAction\":[{\"@type\":\"CommentAction\",\"name\":\"Comment\",\"target\":[\"https:\/\/brasilnoticias.org\/site\/brasileiro-fugitivo-nos-eua-muda-o-visual-e-foge-de-van\/#respond\"]}]},{\"@type\":\"WebPage\",\"@id\":\"https:\/\/brasilnoticias.org\/site\/brasileiro-fugitivo-nos-eua-muda-o-visual-e-foge-de-van\/\",\"url\":\"https:\/\/brasilnoticias.org\/site\/brasileiro-fugitivo-nos-eua-muda-o-visual-e-foge-de-van\/\",\"name\":\"Brasileiro fugitivo nos EUA muda o visual e foge de van - Brasil not\u00edcias\",\"isPartOf\":{\"@id\":\"https:\/\/brasilnoticias.org\/site\/#website\"},\"primaryImageOfPage\":{\"@id\":\"https:\/\/brasilnoticias.org\/site\/brasileiro-fugitivo-nos-eua-muda-o-visual-e-foge-de-van\/#primaryimage\"},\"image\":{\"@id\":\"https:\/\/brasilnoticias.org\/site\/brasileiro-fugitivo-nos-eua-muda-o-visual-e-foge-de-van\/#primaryimage\"},\"thumbnailUrl\":\"https:\/\/brasilnoticias.org\/site\/wp-content\/uploads\/2023\/09\/140788brasileiro-fugitivo-nos-eua-muda-o-visual-e-foge-de-van-3-1536x722-1.jpg\",\"datePublished\":\"2023-09-11T10:18:24+00:00\",\"dateModified\":\"2023-09-12T16:12:34+00:00\",\"breadcrumb\":{\"@id\":\"https:\/\/brasilnoticias.org\/site\/brasileiro-fugitivo-nos-eua-muda-o-visual-e-foge-de-van\/#breadcrumb\"},\"inLanguage\":\"pt-PT\",\"potentialAction\":[{\"@type\":\"ReadAction\",\"target\":[\"https:\/\/brasilnoticias.org\/site\/brasileiro-fugitivo-nos-eua-muda-o-visual-e-foge-de-van\/\"]}]},{\"@type\":\"ImageObject\",\"inLanguage\":\"pt-PT\",\"@id\":\"https:\/\/brasilnoticias.org\/site\/brasileiro-fugitivo-nos-eua-muda-o-visual-e-foge-de-van\/#primaryimage\",\"url\":\"https:\/\/brasilnoticias.org\/site\/wp-content\/uploads\/2023\/09\/140788brasileiro-fugitivo-nos-eua-muda-o-visual-e-foge-de-van-3-1536x722-1.jpg\",\"contentUrl\":\"https:\/\/brasilnoticias.org\/site\/wp-content\/uploads\/2023\/09\/140788brasileiro-fugitivo-nos-eua-muda-o-visual-e-foge-de-van-3-1536x722-1.jpg\",\"width\":1536,\"height\":722},{\"@type\":\"BreadcrumbList\",\"@id\":\"https:\/\/brasilnoticias.org\/site\/brasileiro-fugitivo-nos-eua-muda-o-visual-e-foge-de-van\/#breadcrumb\",\"itemListElement\":[{\"@type\":\"ListItem\",\"position\":1,\"name\":\"In\u00edcio\",\"item\":\"https:\/\/brasilnoticias.org\/site\/\"},{\"@type\":\"ListItem\",\"position\":2,\"name\":\"Brasileiro fugitivo nos EUA muda o visual e foge de van\"}]},{\"@type\":\"WebSite\",\"@id\":\"https:\/\/brasilnoticias.org\/site\/#website\",\"url\":\"https:\/\/brasilnoticias.org\/site\/\",\"name\":\"Brasil not\u00edcias\",\"description\":\"Brasil not\u00edcias\",\"publisher\":{\"@id\":\"https:\/\/brasilnoticias.org\/site\/#organization\"},\"potentialAction\":[{\"@type\":\"SearchAction\",\"target\":{\"@type\":\"EntryPoint\",\"urlTemplate\":\"https:\/\/brasilnoticias.org\/site\/?s={search_term_string}\"},\"query-input\":{\"@type\":\"PropertyValueSpecification\",\"valueRequired\":true,\"valueName\":\"search_term_string\"}}],\"inLanguage\":\"pt-PT\"},{\"@type\":\"Organization\",\"@id\":\"https:\/\/brasilnoticias.org\/site\/#organization\",\"name\":\"Brasil not\u00edcias\",\"url\":\"https:\/\/brasilnoticias.org\/site\/\",\"logo\":{\"@type\":\"ImageObject\",\"inLanguage\":\"pt-PT\",\"@id\":\"https:\/\/brasilnoticias.org\/site\/#\/schema\/logo\/image\/\",\"url\":\"https:\/\/brasilnoticias.org\/site\/wp-content\/uploads\/2022\/05\/cropped-brasilnoticias-mini.jpg\",\"contentUrl\":\"https:\/\/brasilnoticias.org\/site\/wp-content\/uploads\/2022\/05\/cropped-brasilnoticias-mini.jpg\",\"width\":314,\"height\":86,\"caption\":\"Brasil not\u00edcias\"},\"image\":{\"@id\":\"https:\/\/brasilnoticias.org\/site\/#\/schema\/logo\/image\/\"}},{\"@type\":\"Person\",\"@id\":\"https:\/\/brasilnoticias.org\/site\/#\/schema\/person\/03bbbfe6c7634ad18c26444ea39049fa\",\"name\":\"Reda\u00e7\u00e3o\",\"image\":{\"@type\":\"ImageObject\",\"inLanguage\":\"pt-PT\",\"@id\":\"https:\/\/brasilnoticias.org\/site\/#\/schema\/person\/image\/\",\"url\":\"https:\/\/secure.gravatar.com\/avatar\/9ecaf7327a696cb23ad926fedded5f1f04d7049de9e445375d55b48c001a6e42?s=96&d=mm&r=g\",\"contentUrl\":\"https:\/\/secure.gravatar.com\/avatar\/9ecaf7327a696cb23ad926fedded5f1f04d7049de9e445375d55b48c001a6e42?s=96&d=mm&r=g\",\"caption\":\"Reda\u00e7\u00e3o\"},\"url\":\"https:\/\/brasilnoticias.org\/site\/author\/henrique\/\"}]}<\/script>\n<!-- \/ Yoast SEO plugin. -->","yoast_head_json":{"title":"Brasileiro fugitivo nos EUA muda o visual e foge de van - Brasil not\u00edcias","robots":{"index":"index","follow":"follow","max-snippet":"max-snippet:-1","max-image-preview":"max-image-preview:large","max-video-preview":"max-video-preview:-1"},"canonical":"https:\/\/brasilnoticias.org\/site\/brasileiro-fugitivo-nos-eua-muda-o-visual-e-foge-de-van\/","og_locale":"pt_PT","og_type":"article","og_title":"Brasileiro fugitivo nos EUA muda o visual e foge de van - Brasil not\u00edcias","og_description":"S\u00c3O PAULO, SP (FOLHAPRESS) Condenado \u00e0 pris\u00e3o perp\u00e9tua nos Estados Unidos e fugitivo da pol\u00edcia, o brasileiro Danilo Cavalcante, 34.","og_url":"https:\/\/brasilnoticias.org\/site\/brasileiro-fugitivo-nos-eua-muda-o-visual-e-foge-de-van\/","og_site_name":"Brasil not\u00edcias","article_published_time":"2023-09-11T10:18:24+00:00","article_modified_time":"2023-09-12T16:12:34+00:00","og_image":[{"width":1536,"height":722,"url":"https:\/\/brasilnoticias.org\/site\/wp-content\/uploads\/2023\/09\/140788brasileiro-fugitivo-nos-eua-muda-o-visual-e-foge-de-van-3-1536x722-1.jpg","type":"image\/jpeg"}],"author":"Reda\u00e7\u00e3o","twitter_card":"summary_large_image","twitter_misc":{"Escrito por":"Reda\u00e7\u00e3o","Tempo estimado de leitura":"2 minutos"},"schema":{"@context":"https:\/\/schema.org","@graph":[{"@type":"Article","@id":"https:\/\/brasilnoticias.org\/site\/brasileiro-fugitivo-nos-eua-muda-o-visual-e-foge-de-van\/#article","isPartOf":{"@id":"https:\/\/brasilnoticias.org\/site\/brasileiro-fugitivo-nos-eua-muda-o-visual-e-foge-de-van\/"},"author":{"name":"Reda\u00e7\u00e3o","@id":"https:\/\/brasilnoticias.org\/site\/#\/schema\/person\/03bbbfe6c7634ad18c26444ea39049fa"},"headline":"Brasileiro fugitivo nos EUA muda o visual e foge de van","datePublished":"2023-09-11T10:18:24+00:00","dateModified":"2023-09-12T16:12:34+00:00","mainEntityOfPage":{"@id":"https:\/\/brasilnoticias.org\/site\/brasileiro-fugitivo-nos-eua-muda-o-visual-e-foge-de-van\/"},"wordCount":322,"commentCount":0,"publisher":{"@id":"https:\/\/brasilnoticias.org\/site\/#organization"},"image":{"@id":"https:\/\/brasilnoticias.org\/site\/brasileiro-fugitivo-nos-eua-muda-o-visual-e-foge-de-van\/#primaryimage"},"thumbnailUrl":"https:\/\/brasilnoticias.org\/site\/wp-content\/uploads\/2023\/09\/140788brasileiro-fugitivo-nos-eua-muda-o-visual-e-foge-de-van-3-1536x722-1.jpg","articleSection":["Not\u00edcias","\u00daltimas"],"inLanguage":"pt-PT","potentialAction":[{"@type":"CommentAction","name":"Comment","target":["https:\/\/brasilnoticias.org\/site\/brasileiro-fugitivo-nos-eua-muda-o-visual-e-foge-de-van\/#respond"]}]},{"@type":"WebPage","@id":"https:\/\/brasilnoticias.org\/site\/brasileiro-fugitivo-nos-eua-muda-o-visual-e-foge-de-van\/","url":"https:\/\/brasilnoticias.org\/site\/brasileiro-fugitivo-nos-eua-muda-o-visual-e-foge-de-van\/","name":"Brasileiro fugitivo nos EUA muda o visual e foge de van - Brasil not\u00edcias","isPartOf":{"@id":"https:\/\/brasilnoticias.org\/site\/#website"},"primaryImageOfPage":{"@id":"https:\/\/brasilnoticias.org\/site\/brasileiro-fugitivo-nos-eua-muda-o-visual-e-foge-de-van\/#primaryimage"},"image":{"@id":"https:\/\/brasilnoticias.org\/site\/brasileiro-fugitivo-nos-eua-muda-o-visual-e-foge-de-van\/#primaryimage"},"thumbnailUrl":"https:\/\/brasilnoticias.org\/site\/wp-content\/uploads\/2023\/09\/140788brasileiro-fugitivo-nos-eua-muda-o-visual-e-foge-de-van-3-1536x722-1.jpg","datePublished":"2023-09-11T10:18:24+00:00","dateModified":"2023-09-12T16:12:34+00:00","breadcrumb":{"@id":"https:\/\/brasilnoticias.org\/site\/brasileiro-fugitivo-nos-eua-muda-o-visual-e-foge-de-van\/#breadcrumb"},"inLanguage":"pt-PT","potentialAction":[{"@type":"ReadAction","target":["https:\/\/brasilnoticias.org\/site\/brasileiro-fugitivo-nos-eua-muda-o-visual-e-foge-de-van\/"]}]},{"@type":"ImageObject","inLanguage":"pt-PT","@id":"https:\/\/brasilnoticias.org\/site\/brasileiro-fugitivo-nos-eua-muda-o-visual-e-foge-de-van\/#primaryimage","url":"https:\/\/brasilnoticias.org\/site\/wp-content\/uploads\/2023\/09\/140788brasileiro-fugitivo-nos-eua-muda-o-visual-e-foge-de-van-3-1536x722-1.jpg","contentUrl":"https:\/\/brasilnoticias.org\/site\/wp-content\/uploads\/2023\/09\/140788brasileiro-fugitivo-nos-eua-muda-o-visual-e-foge-de-van-3-1536x722-1.jpg","width":1536,"height":722},{"@type":"BreadcrumbList","@id":"https:\/\/brasilnoticias.org\/site\/brasileiro-fugitivo-nos-eua-muda-o-visual-e-foge-de-van\/#breadcrumb","itemListElement":[{"@type":"ListItem","position":1,"name":"In\u00edcio","item":"https:\/\/brasilnoticias.org\/site\/"},{"@type":"ListItem","position":2,"name":"Brasileiro fugitivo nos EUA muda o visual e foge de van"}]},{"@type":"WebSite","@id":"https:\/\/brasilnoticias.org\/site\/#website","url":"https:\/\/brasilnoticias.org\/site\/","name":"Brasil not\u00edcias","description":"Brasil not\u00edcias","publisher":{"@id":"https:\/\/brasilnoticias.org\/site\/#organization"},"potentialAction":[{"@type":"SearchAction","target":{"@type":"EntryPoint","urlTemplate":"https:\/\/brasilnoticias.org\/site\/?s={search_term_string}"},"query-input":{"@type":"PropertyValueSpecification","valueRequired":true,"valueName":"search_term_string"}}],"inLanguage":"pt-PT"},{"@type":"Organization","@id":"https:\/\/brasilnoticias.org\/site\/#organization","name":"Brasil not\u00edcias","url":"https:\/\/brasilnoticias.org\/site\/","logo":{"@type":"ImageObject","inLanguage":"pt-PT","@id":"https:\/\/brasilnoticias.org\/site\/#\/schema\/logo\/image\/","url":"https:\/\/brasilnoticias.org\/site\/wp-content\/uploads\/2022\/05\/cropped-brasilnoticias-mini.jpg","contentUrl":"https:\/\/brasilnoticias.org\/site\/wp-content\/uploads\/2022\/05\/cropped-brasilnoticias-mini.jpg","width":314,"height":86,"caption":"Brasil not\u00edcias"},"image":{"@id":"https:\/\/brasilnoticias.org\/site\/#\/schema\/logo\/image\/"}},{"@type":"Person","@id":"https:\/\/brasilnoticias.org\/site\/#\/schema\/person\/03bbbfe6c7634ad18c26444ea39049fa","name":"Reda\u00e7\u00e3o","image":{"@type":"ImageObject","inLanguage":"pt-PT","@id":"https:\/\/brasilnoticias.org\/site\/#\/schema\/person\/image\/","url":"https:\/\/secure.gravatar.com\/avatar\/9ecaf7327a696cb23ad926fedded5f1f04d7049de9e445375d55b48c001a6e42?s=96&d=mm&r=g","contentUrl":"https:\/\/secure.gravatar.com\/avatar\/9ecaf7327a696cb23ad926fedded5f1f04d7049de9e445375d55b48c001a6e42?s=96&d=mm&r=g","caption":"Reda\u00e7\u00e3o"},"url":"https:\/\/brasilnoticias.org\/site\/author\/henrique\/"}]}},"_links":{"self":[{"href":"https:\/\/brasilnoticias.org\/site\/wp-json\/wp\/v2\/posts\/9116","targetHints":{"allow":["GET"]}}],"collection":[{"href":"https:\/\/brasilnoticias.org\/site\/wp-json\/wp\/v2\/posts"}],"about":[{"href":"https:\/\/brasilnoticias.org\/site\/wp-json\/wp\/v2\/types\/post"}],"author":[{"embeddable":true,"href":"https:\/\/brasilnoticias.org\/site\/wp-json\/wp\/v2\/users\/4"}],"replies":[{"embeddable":true,"href":"https:\/\/brasilnoticias.org\/site\/wp-json\/wp\/v2\/comments?post=9116"}],"version-history":[{"count":1,"href":"https:\/\/brasilnoticias.org\/site\/wp-json\/wp\/v2\/posts\/9116\/revisions"}],"predecessor-version":[{"id":9118,"href":"https:\/\/brasilnoticias.org\/site\/wp-json\/wp\/v2\/posts\/9116\/revisions\/9118"}],"wp:featuredmedia":[{"embeddable":true,"href":"https:\/\/brasilnoticias.org\/site\/wp-json\/wp\/v2\/media\/9117"}],"wp:attachment":[{"href":"https:\/\/brasilnoticias.org\/site\/wp-json\/wp\/v2\/media?parent=9116"}],"wp:term":[{"taxonomy":"category","embeddable":true,"href":"https:\/\/brasilnoticias.org\/site\/wp-json\/wp\/v2\/categories?post=9116"},{"taxonomy":"post_tag","embeddable":true,"href":"https:\/\/brasilnoticias.org\/site\/wp-json\/wp\/v2\/tags?post=9116"}],"curies":[{"name":"wp","href":"https:\/\/api.w.org\/{rel}","templated":true}]}}