{"id":9122,"date":"2023-09-11T09:00:32","date_gmt":"2023-09-11T12:00:32","guid":{"rendered":"https:\/\/brasilnoticias.org\/site\/?p=9122"},"modified":"2023-09-12T13:13:01","modified_gmt":"2023-09-12T16:13:01","slug":"travessia-salvador-mar-grande-tem-previsao-de-movimento-intenso-na-tarde-deste-domingo","status":"publish","type":"post","link":"https:\/\/brasilnoticias.org\/site\/travessia-salvador-mar-grande-tem-previsao-de-movimento-intenso-na-tarde-deste-domingo\/","title":{"rendered":"Travessia Salvador-Mar Grande tem previs\u00e3o de movimento intenso na tarde deste domingo"},"content":{"rendered":"<p>Ainda conforme a Astramab, podem ocorrer durante o dia altera\u00e7\u00f5es nos hor\u00e1rios e opera\u00e7\u00f5es das travessias em decorr\u00eancia das condi\u00e7\u00f5es do tempo<\/p>\n<p>A volta para Salvador, com embarque no terminal de Vera Cruz, deve apresentar grande movimento no fim da tarde deste s\u00e1bado (10\/9). A informa\u00e7\u00e3o \u00e9 confirmada pela Associa\u00e7\u00e3o dos Transportadores Mar\u00edtimos da Bahia (Astramab), empresa respons\u00e1vel pelo translado.<\/p>\n<p>Por meio de nota, a empresa informou que durante \u00e0 tarde o movimento deve ser intenso de embarque no Terminal de Vera Cruz, por conta do retorno de passageiros do feriad\u00e3o na Ilha de Itaparica. Nas primeiras horas da manh\u00e3 deste domingo, a travessia ainda estava tranquila no sentido Salvador \u2013 Mar Grande, com sa\u00eddas   de meia em meia hora nos terminais.<\/p>\n<p>Desde \u00e0s 5h a travessia conta com seis embarca\u00e7\u00f5es \u00e0 disposi\u00e7\u00e3o do tr\u00e1fego e outras duas em reserva.  As condi\u00e7\u00f5es de navega\u00e7\u00e3o na Ba\u00eda de Todos \u2013 os \u2013 Santos s\u00e3o boas nesta manh\u00e3. O percurso entre Salvador e Mar Grande \u00e9 feito em tempo m\u00e9dio de 40 minutos. De Mar Grande, a \u00faltima sa\u00edda do dia est\u00e1 programada para as 18h. J\u00e1 de Salvador, a \u00faltima embarca\u00e7\u00e3o deixar\u00e1 o Terminal N\u00e1utico  \u00e0s 19h30.<\/p>\n<p>Ainda conforme a Astramab, podem ocorrer durante o dia altera\u00e7\u00f5es  nos hor\u00e1rios e opera\u00e7\u00f5es das travessias em decorr\u00eancia das condi\u00e7\u00f5es do tempo.<\/p>\n<p>Travessia Salvador-Morro de S\u00e3o Paulo<\/p>\n<p>A linha Salvador-Morro de S\u00e3o Paulo tem movimento tranquilo de embarque no Terminal N\u00e1utico da Bahia. Os catamar\u00e3s ter\u00e3o procura maior no Terminal de Morro de S\u00e3o Paulo devido ao retorno de turistas que se deslocaram para o local no final de semana.<\/p>\n<p>Do Terminal N\u00e1utico, de onde   o primeiro catamar\u00e3 vai sair \u00e0s 9h, ocorrem hoje  mais tr\u00eas hor\u00e1rios com destino ao Morro de S\u00e3o Paulo:  10h30, 13h e  14h30. No sentido inverso, os hor\u00e1rios saindo do Terminal de Morro de S\u00e3o Paulo s\u00e3o \u00e0s 9h, 11h30,   13h30 e 15h.<\/p>\n<p>A passagem custa R$ 151, 31 no sentido Salvador-Morro de S\u00e3o Paulo e R$ 138,61 no sentido inverso.<\/p>\n<p>Tarifas<\/p>\n<p>Os valores das tarifas da Travessia Salvador-Mar Grande, de segunda-feira a s\u00e1bado, de Salvador para Mar Grande \u2013 R$ 9,30 e aos domingos e feriados, R$ 11,80. De Mar Grande para Salvador, de segunda-feira a s\u00e1bado: R$ 7,50. Domingos e feriados: R$ 10.<\/p>\n<p>Escunas de Turismo \u2013 O movimento  de embarque no Terminal N\u00e1utico \u00e9  muito  bom  neste domingo  para as escunas de turismo que fazem o passeio pelas ilhas da Ba\u00eda de Todos os Santos. As escunas come\u00e7am a deixar o terminal  \u00e0s 8h e s\u00f3 retornam \u00e0s 17h30. O passeio inclui paradas na  Ilha dos Frades e em Itaparica e t\u00eam tarifa de R$ 100 por pessoa.<\/p>\n<p>Foto: Reprodu\u00e7\u00e3o<br \/>\nAratu On<\/p>\n","protected":false},"excerpt":{"rendered":"<p>Ainda conforme a Astramab, podem ocorrer durante o dia altera\u00e7\u00f5es nos hor\u00e1rios e opera\u00e7\u00f5es das travessias em decorr\u00eancia das condi\u00e7\u00f5es<\/p>\n","protected":false},"author":4,"featured_media":9123,"comment_status":"open","ping_status":"open","sticky":false,"template":"","format":"standard","meta":{"colormag_page_container_layout":"default_layout","colormag_page_sidebar_layout":"default_layout","_FSMCFIC_featured_image_caption":"","_FSMCFIC_featured_image_nocaption":"","_FSMCFIC_featured_image_hide":"","footnotes":""},"categories":[2,1],"tags":[],"class_list":["post-9122","post","type-post","status-publish","format-standard","has-post-thumbnail","hentry","category-noticias","category-ultimas"],"yoast_head":"<!-- This site is optimized with the Yoast SEO plugin v27.1.1 - https:\/\/yoast.com\/product\/yoast-seo-wordpress\/ -->\n<title>Travessia Salvador-Mar Grande tem previs\u00e3o de movimento intenso na tarde deste domingo - Brasil not\u00edcias<\/title>\n<meta name=\"robots\" content=\"index, follow, max-snippet:-1, max-image-preview:large, max-video-preview:-1\" \/>\n<link rel=\"canonical\" href=\"https:\/\/brasilnoticias.org\/site\/travessia-salvador-mar-grande-tem-previsao-de-movimento-intenso-na-tarde-deste-domingo\/\" \/>\n<meta property=\"og:locale\" content=\"pt_PT\" \/>\n<meta property=\"og:type\" content=\"article\" \/>\n<meta property=\"og:title\" content=\"Travessia Salvador-Mar Grande tem previs\u00e3o de movimento intenso na tarde deste domingo - Brasil not\u00edcias\" \/>\n<meta property=\"og:description\" content=\"Ainda conforme a Astramab, podem ocorrer durante o dia altera\u00e7\u00f5es nos hor\u00e1rios e opera\u00e7\u00f5es das travessias em decorr\u00eancia das condi\u00e7\u00f5es\" \/>\n<meta property=\"og:url\" content=\"https:\/\/brasilnoticias.org\/site\/travessia-salvador-mar-grande-tem-previsao-de-movimento-intenso-na-tarde-deste-domingo\/\" \/>\n<meta property=\"og:site_name\" content=\"Brasil not\u00edcias\" \/>\n<meta property=\"article:published_time\" content=\"2023-09-11T12:00:32+00:00\" \/>\n<meta property=\"article:modified_time\" content=\"2023-09-12T16:13:01+00:00\" \/>\n<meta property=\"og:image\" content=\"https:\/\/brasilnoticias.org\/site\/wp-content\/uploads\/2023\/09\/imagem-destacada-travessias-para-itaparica-tem-movimento-tranquilo-nesta-manha-f-740x470-1.jpg\" \/>\n\t<meta property=\"og:image:width\" content=\"740\" \/>\n\t<meta property=\"og:image:height\" content=\"470\" \/>\n\t<meta property=\"og:image:type\" content=\"image\/jpeg\" \/>\n<meta name=\"author\" content=\"Reda\u00e7\u00e3o\" \/>\n<meta name=\"twitter:card\" content=\"summary_large_image\" \/>\n<meta name=\"twitter:label1\" content=\"Escrito por\" \/>\n\t<meta name=\"twitter:data1\" content=\"Reda\u00e7\u00e3o\" \/>\n\t<meta name=\"twitter:label2\" content=\"Tempo estimado de leitura\" \/>\n\t<meta name=\"twitter:data2\" content=\"3 minutos\" \/>\n<script type=\"application\/ld+json\" class=\"yoast-schema-graph\">{\"@context\":\"https:\/\/schema.org\",\"@graph\":[{\"@type\":\"Article\",\"@id\":\"https:\/\/brasilnoticias.org\/site\/travessia-salvador-mar-grande-tem-previsao-de-movimento-intenso-na-tarde-deste-domingo\/#article\",\"isPartOf\":{\"@id\":\"https:\/\/brasilnoticias.org\/site\/travessia-salvador-mar-grande-tem-previsao-de-movimento-intenso-na-tarde-deste-domingo\/\"},\"author\":{\"name\":\"Reda\u00e7\u00e3o\",\"@id\":\"https:\/\/brasilnoticias.org\/site\/#\/schema\/person\/03bbbfe6c7634ad18c26444ea39049fa\"},\"headline\":\"Travessia Salvador-Mar Grande tem previs\u00e3o de movimento intenso na tarde deste domingo\",\"datePublished\":\"2023-09-11T12:00:32+00:00\",\"dateModified\":\"2023-09-12T16:13:01+00:00\",\"mainEntityOfPage\":{\"@id\":\"https:\/\/brasilnoticias.org\/site\/travessia-salvador-mar-grande-tem-previsao-de-movimento-intenso-na-tarde-deste-domingo\/\"},\"wordCount\":488,\"commentCount\":0,\"publisher\":{\"@id\":\"https:\/\/brasilnoticias.org\/site\/#organization\"},\"image\":{\"@id\":\"https:\/\/brasilnoticias.org\/site\/travessia-salvador-mar-grande-tem-previsao-de-movimento-intenso-na-tarde-deste-domingo\/#primaryimage\"},\"thumbnailUrl\":\"https:\/\/brasilnoticias.org\/site\/wp-content\/uploads\/2023\/09\/imagem-destacada-travessias-para-itaparica-tem-movimento-tranquilo-nesta-manha-f-740x470-1.jpg\",\"articleSection\":[\"Not\u00edcias\",\"\u00daltimas\"],\"inLanguage\":\"pt-PT\",\"potentialAction\":[{\"@type\":\"CommentAction\",\"name\":\"Comment\",\"target\":[\"https:\/\/brasilnoticias.org\/site\/travessia-salvador-mar-grande-tem-previsao-de-movimento-intenso-na-tarde-deste-domingo\/#respond\"]}]},{\"@type\":\"WebPage\",\"@id\":\"https:\/\/brasilnoticias.org\/site\/travessia-salvador-mar-grande-tem-previsao-de-movimento-intenso-na-tarde-deste-domingo\/\",\"url\":\"https:\/\/brasilnoticias.org\/site\/travessia-salvador-mar-grande-tem-previsao-de-movimento-intenso-na-tarde-deste-domingo\/\",\"name\":\"Travessia Salvador-Mar Grande tem previs\u00e3o de movimento intenso na tarde deste domingo - Brasil not\u00edcias\",\"isPartOf\":{\"@id\":\"https:\/\/brasilnoticias.org\/site\/#website\"},\"primaryImageOfPage\":{\"@id\":\"https:\/\/brasilnoticias.org\/site\/travessia-salvador-mar-grande-tem-previsao-de-movimento-intenso-na-tarde-deste-domingo\/#primaryimage\"},\"image\":{\"@id\":\"https:\/\/brasilnoticias.org\/site\/travessia-salvador-mar-grande-tem-previsao-de-movimento-intenso-na-tarde-deste-domingo\/#primaryimage\"},\"thumbnailUrl\":\"https:\/\/brasilnoticias.org\/site\/wp-content\/uploads\/2023\/09\/imagem-destacada-travessias-para-itaparica-tem-movimento-tranquilo-nesta-manha-f-740x470-1.jpg\",\"datePublished\":\"2023-09-11T12:00:32+00:00\",\"dateModified\":\"2023-09-12T16:13:01+00:00\",\"breadcrumb\":{\"@id\":\"https:\/\/brasilnoticias.org\/site\/travessia-salvador-mar-grande-tem-previsao-de-movimento-intenso-na-tarde-deste-domingo\/#breadcrumb\"},\"inLanguage\":\"pt-PT\",\"potentialAction\":[{\"@type\":\"ReadAction\",\"target\":[\"https:\/\/brasilnoticias.org\/site\/travessia-salvador-mar-grande-tem-previsao-de-movimento-intenso-na-tarde-deste-domingo\/\"]}]},{\"@type\":\"ImageObject\",\"inLanguage\":\"pt-PT\",\"@id\":\"https:\/\/brasilnoticias.org\/site\/travessia-salvador-mar-grande-tem-previsao-de-movimento-intenso-na-tarde-deste-domingo\/#primaryimage\",\"url\":\"https:\/\/brasilnoticias.org\/site\/wp-content\/uploads\/2023\/09\/imagem-destacada-travessias-para-itaparica-tem-movimento-tranquilo-nesta-manha-f-740x470-1.jpg\",\"contentUrl\":\"https:\/\/brasilnoticias.org\/site\/wp-content\/uploads\/2023\/09\/imagem-destacada-travessias-para-itaparica-tem-movimento-tranquilo-nesta-manha-f-740x470-1.jpg\",\"width\":740,\"height\":470},{\"@type\":\"BreadcrumbList\",\"@id\":\"https:\/\/brasilnoticias.org\/site\/travessia-salvador-mar-grande-tem-previsao-de-movimento-intenso-na-tarde-deste-domingo\/#breadcrumb\",\"itemListElement\":[{\"@type\":\"ListItem\",\"position\":1,\"name\":\"In\u00edcio\",\"item\":\"https:\/\/brasilnoticias.org\/site\/\"},{\"@type\":\"ListItem\",\"position\":2,\"name\":\"Travessia Salvador-Mar Grande tem previs\u00e3o de movimento intenso na tarde deste domingo\"}]},{\"@type\":\"WebSite\",\"@id\":\"https:\/\/brasilnoticias.org\/site\/#website\",\"url\":\"https:\/\/brasilnoticias.org\/site\/\",\"name\":\"Brasil not\u00edcias\",\"description\":\"Brasil not\u00edcias\",\"publisher\":{\"@id\":\"https:\/\/brasilnoticias.org\/site\/#organization\"},\"potentialAction\":[{\"@type\":\"SearchAction\",\"target\":{\"@type\":\"EntryPoint\",\"urlTemplate\":\"https:\/\/brasilnoticias.org\/site\/?s={search_term_string}\"},\"query-input\":{\"@type\":\"PropertyValueSpecification\",\"valueRequired\":true,\"valueName\":\"search_term_string\"}}],\"inLanguage\":\"pt-PT\"},{\"@type\":\"Organization\",\"@id\":\"https:\/\/brasilnoticias.org\/site\/#organization\",\"name\":\"Brasil not\u00edcias\",\"url\":\"https:\/\/brasilnoticias.org\/site\/\",\"logo\":{\"@type\":\"ImageObject\",\"inLanguage\":\"pt-PT\",\"@id\":\"https:\/\/brasilnoticias.org\/site\/#\/schema\/logo\/image\/\",\"url\":\"https:\/\/brasilnoticias.org\/site\/wp-content\/uploads\/2022\/05\/cropped-brasilnoticias-mini.jpg\",\"contentUrl\":\"https:\/\/brasilnoticias.org\/site\/wp-content\/uploads\/2022\/05\/cropped-brasilnoticias-mini.jpg\",\"width\":314,\"height\":86,\"caption\":\"Brasil not\u00edcias\"},\"image\":{\"@id\":\"https:\/\/brasilnoticias.org\/site\/#\/schema\/logo\/image\/\"}},{\"@type\":\"Person\",\"@id\":\"https:\/\/brasilnoticias.org\/site\/#\/schema\/person\/03bbbfe6c7634ad18c26444ea39049fa\",\"name\":\"Reda\u00e7\u00e3o\",\"image\":{\"@type\":\"ImageObject\",\"inLanguage\":\"pt-PT\",\"@id\":\"https:\/\/brasilnoticias.org\/site\/#\/schema\/person\/image\/\",\"url\":\"https:\/\/secure.gravatar.com\/avatar\/9ecaf7327a696cb23ad926fedded5f1f04d7049de9e445375d55b48c001a6e42?s=96&d=mm&r=g\",\"contentUrl\":\"https:\/\/secure.gravatar.com\/avatar\/9ecaf7327a696cb23ad926fedded5f1f04d7049de9e445375d55b48c001a6e42?s=96&d=mm&r=g\",\"caption\":\"Reda\u00e7\u00e3o\"},\"url\":\"https:\/\/brasilnoticias.org\/site\/author\/henrique\/\"}]}<\/script>\n<!-- \/ Yoast SEO plugin. -->","yoast_head_json":{"title":"Travessia Salvador-Mar Grande tem previs\u00e3o de movimento intenso na tarde deste domingo - Brasil not\u00edcias","robots":{"index":"index","follow":"follow","max-snippet":"max-snippet:-1","max-image-preview":"max-image-preview:large","max-video-preview":"max-video-preview:-1"},"canonical":"https:\/\/brasilnoticias.org\/site\/travessia-salvador-mar-grande-tem-previsao-de-movimento-intenso-na-tarde-deste-domingo\/","og_locale":"pt_PT","og_type":"article","og_title":"Travessia Salvador-Mar Grande tem previs\u00e3o de movimento intenso na tarde deste domingo - Brasil not\u00edcias","og_description":"Ainda conforme a Astramab, podem ocorrer durante o dia altera\u00e7\u00f5es nos hor\u00e1rios e opera\u00e7\u00f5es das travessias em decorr\u00eancia das condi\u00e7\u00f5es","og_url":"https:\/\/brasilnoticias.org\/site\/travessia-salvador-mar-grande-tem-previsao-de-movimento-intenso-na-tarde-deste-domingo\/","og_site_name":"Brasil not\u00edcias","article_published_time":"2023-09-11T12:00:32+00:00","article_modified_time":"2023-09-12T16:13:01+00:00","og_image":[{"width":740,"height":470,"url":"https:\/\/brasilnoticias.org\/site\/wp-content\/uploads\/2023\/09\/imagem-destacada-travessias-para-itaparica-tem-movimento-tranquilo-nesta-manha-f-740x470-1.jpg","type":"image\/jpeg"}],"author":"Reda\u00e7\u00e3o","twitter_card":"summary_large_image","twitter_misc":{"Escrito por":"Reda\u00e7\u00e3o","Tempo estimado de leitura":"3 minutos"},"schema":{"@context":"https:\/\/schema.org","@graph":[{"@type":"Article","@id":"https:\/\/brasilnoticias.org\/site\/travessia-salvador-mar-grande-tem-previsao-de-movimento-intenso-na-tarde-deste-domingo\/#article","isPartOf":{"@id":"https:\/\/brasilnoticias.org\/site\/travessia-salvador-mar-grande-tem-previsao-de-movimento-intenso-na-tarde-deste-domingo\/"},"author":{"name":"Reda\u00e7\u00e3o","@id":"https:\/\/brasilnoticias.org\/site\/#\/schema\/person\/03bbbfe6c7634ad18c26444ea39049fa"},"headline":"Travessia Salvador-Mar Grande tem previs\u00e3o de movimento intenso na tarde deste domingo","datePublished":"2023-09-11T12:00:32+00:00","dateModified":"2023-09-12T16:13:01+00:00","mainEntityOfPage":{"@id":"https:\/\/brasilnoticias.org\/site\/travessia-salvador-mar-grande-tem-previsao-de-movimento-intenso-na-tarde-deste-domingo\/"},"wordCount":488,"commentCount":0,"publisher":{"@id":"https:\/\/brasilnoticias.org\/site\/#organization"},"image":{"@id":"https:\/\/brasilnoticias.org\/site\/travessia-salvador-mar-grande-tem-previsao-de-movimento-intenso-na-tarde-deste-domingo\/#primaryimage"},"thumbnailUrl":"https:\/\/brasilnoticias.org\/site\/wp-content\/uploads\/2023\/09\/imagem-destacada-travessias-para-itaparica-tem-movimento-tranquilo-nesta-manha-f-740x470-1.jpg","articleSection":["Not\u00edcias","\u00daltimas"],"inLanguage":"pt-PT","potentialAction":[{"@type":"CommentAction","name":"Comment","target":["https:\/\/brasilnoticias.org\/site\/travessia-salvador-mar-grande-tem-previsao-de-movimento-intenso-na-tarde-deste-domingo\/#respond"]}]},{"@type":"WebPage","@id":"https:\/\/brasilnoticias.org\/site\/travessia-salvador-mar-grande-tem-previsao-de-movimento-intenso-na-tarde-deste-domingo\/","url":"https:\/\/brasilnoticias.org\/site\/travessia-salvador-mar-grande-tem-previsao-de-movimento-intenso-na-tarde-deste-domingo\/","name":"Travessia Salvador-Mar Grande tem previs\u00e3o de movimento intenso na tarde deste domingo - Brasil not\u00edcias","isPartOf":{"@id":"https:\/\/brasilnoticias.org\/site\/#website"},"primaryImageOfPage":{"@id":"https:\/\/brasilnoticias.org\/site\/travessia-salvador-mar-grande-tem-previsao-de-movimento-intenso-na-tarde-deste-domingo\/#primaryimage"},"image":{"@id":"https:\/\/brasilnoticias.org\/site\/travessia-salvador-mar-grande-tem-previsao-de-movimento-intenso-na-tarde-deste-domingo\/#primaryimage"},"thumbnailUrl":"https:\/\/brasilnoticias.org\/site\/wp-content\/uploads\/2023\/09\/imagem-destacada-travessias-para-itaparica-tem-movimento-tranquilo-nesta-manha-f-740x470-1.jpg","datePublished":"2023-09-11T12:00:32+00:00","dateModified":"2023-09-12T16:13:01+00:00","breadcrumb":{"@id":"https:\/\/brasilnoticias.org\/site\/travessia-salvador-mar-grande-tem-previsao-de-movimento-intenso-na-tarde-deste-domingo\/#breadcrumb"},"inLanguage":"pt-PT","potentialAction":[{"@type":"ReadAction","target":["https:\/\/brasilnoticias.org\/site\/travessia-salvador-mar-grande-tem-previsao-de-movimento-intenso-na-tarde-deste-domingo\/"]}]},{"@type":"ImageObject","inLanguage":"pt-PT","@id":"https:\/\/brasilnoticias.org\/site\/travessia-salvador-mar-grande-tem-previsao-de-movimento-intenso-na-tarde-deste-domingo\/#primaryimage","url":"https:\/\/brasilnoticias.org\/site\/wp-content\/uploads\/2023\/09\/imagem-destacada-travessias-para-itaparica-tem-movimento-tranquilo-nesta-manha-f-740x470-1.jpg","contentUrl":"https:\/\/brasilnoticias.org\/site\/wp-content\/uploads\/2023\/09\/imagem-destacada-travessias-para-itaparica-tem-movimento-tranquilo-nesta-manha-f-740x470-1.jpg","width":740,"height":470},{"@type":"BreadcrumbList","@id":"https:\/\/brasilnoticias.org\/site\/travessia-salvador-mar-grande-tem-previsao-de-movimento-intenso-na-tarde-deste-domingo\/#breadcrumb","itemListElement":[{"@type":"ListItem","position":1,"name":"In\u00edcio","item":"https:\/\/brasilnoticias.org\/site\/"},{"@type":"ListItem","position":2,"name":"Travessia Salvador-Mar Grande tem previs\u00e3o de movimento intenso na tarde deste domingo"}]},{"@type":"WebSite","@id":"https:\/\/brasilnoticias.org\/site\/#website","url":"https:\/\/brasilnoticias.org\/site\/","name":"Brasil not\u00edcias","description":"Brasil not\u00edcias","publisher":{"@id":"https:\/\/brasilnoticias.org\/site\/#organization"},"potentialAction":[{"@type":"SearchAction","target":{"@type":"EntryPoint","urlTemplate":"https:\/\/brasilnoticias.org\/site\/?s={search_term_string}"},"query-input":{"@type":"PropertyValueSpecification","valueRequired":true,"valueName":"search_term_string"}}],"inLanguage":"pt-PT"},{"@type":"Organization","@id":"https:\/\/brasilnoticias.org\/site\/#organization","name":"Brasil not\u00edcias","url":"https:\/\/brasilnoticias.org\/site\/","logo":{"@type":"ImageObject","inLanguage":"pt-PT","@id":"https:\/\/brasilnoticias.org\/site\/#\/schema\/logo\/image\/","url":"https:\/\/brasilnoticias.org\/site\/wp-content\/uploads\/2022\/05\/cropped-brasilnoticias-mini.jpg","contentUrl":"https:\/\/brasilnoticias.org\/site\/wp-content\/uploads\/2022\/05\/cropped-brasilnoticias-mini.jpg","width":314,"height":86,"caption":"Brasil not\u00edcias"},"image":{"@id":"https:\/\/brasilnoticias.org\/site\/#\/schema\/logo\/image\/"}},{"@type":"Person","@id":"https:\/\/brasilnoticias.org\/site\/#\/schema\/person\/03bbbfe6c7634ad18c26444ea39049fa","name":"Reda\u00e7\u00e3o","image":{"@type":"ImageObject","inLanguage":"pt-PT","@id":"https:\/\/brasilnoticias.org\/site\/#\/schema\/person\/image\/","url":"https:\/\/secure.gravatar.com\/avatar\/9ecaf7327a696cb23ad926fedded5f1f04d7049de9e445375d55b48c001a6e42?s=96&d=mm&r=g","contentUrl":"https:\/\/secure.gravatar.com\/avatar\/9ecaf7327a696cb23ad926fedded5f1f04d7049de9e445375d55b48c001a6e42?s=96&d=mm&r=g","caption":"Reda\u00e7\u00e3o"},"url":"https:\/\/brasilnoticias.org\/site\/author\/henrique\/"}]}},"_links":{"self":[{"href":"https:\/\/brasilnoticias.org\/site\/wp-json\/wp\/v2\/posts\/9122","targetHints":{"allow":["GET"]}}],"collection":[{"href":"https:\/\/brasilnoticias.org\/site\/wp-json\/wp\/v2\/posts"}],"about":[{"href":"https:\/\/brasilnoticias.org\/site\/wp-json\/wp\/v2\/types\/post"}],"author":[{"embeddable":true,"href":"https:\/\/brasilnoticias.org\/site\/wp-json\/wp\/v2\/users\/4"}],"replies":[{"embeddable":true,"href":"https:\/\/brasilnoticias.org\/site\/wp-json\/wp\/v2\/comments?post=9122"}],"version-history":[{"count":1,"href":"https:\/\/brasilnoticias.org\/site\/wp-json\/wp\/v2\/posts\/9122\/revisions"}],"predecessor-version":[{"id":9124,"href":"https:\/\/brasilnoticias.org\/site\/wp-json\/wp\/v2\/posts\/9122\/revisions\/9124"}],"wp:featuredmedia":[{"embeddable":true,"href":"https:\/\/brasilnoticias.org\/site\/wp-json\/wp\/v2\/media\/9123"}],"wp:attachment":[{"href":"https:\/\/brasilnoticias.org\/site\/wp-json\/wp\/v2\/media?parent=9122"}],"wp:term":[{"taxonomy":"category","embeddable":true,"href":"https:\/\/brasilnoticias.org\/site\/wp-json\/wp\/v2\/categories?post=9122"},{"taxonomy":"post_tag","embeddable":true,"href":"https:\/\/brasilnoticias.org\/site\/wp-json\/wp\/v2\/tags?post=9122"}],"curies":[{"name":"wp","href":"https:\/\/api.w.org\/{rel}","templated":true}]}}