{"id":9165,"date":"2023-09-12T22:32:25","date_gmt":"2023-09-13T01:32:25","guid":{"rendered":"https:\/\/brasilnoticias.org\/site\/?p=9165"},"modified":"2023-09-12T22:32:25","modified_gmt":"2023-09-13T01:32:25","slug":"inflacao-acelera-para-023-em-agosto-aponta-ibge","status":"publish","type":"post","link":"https:\/\/brasilnoticias.org\/site\/inflacao-acelera-para-023-em-agosto-aponta-ibge\/","title":{"rendered":"Infla\u00e7\u00e3o acelera para 0,23% em agosto, aponta IBGE"},"content":{"rendered":"<p>O aumento est\u00e1 ligado diretamente com a alta da energia el\u00e9trica registrada no \u00faltimo m\u00eas<\/p>\n<p>Em agosto, a infla\u00e7\u00e3o oficial do Brasil voltou a acelerar e subiu para 0,23%, de acordo com o levantamento feito pelo \u00cdndice Nacional de Pre\u00e7os ao Consumidor Amplo (IPCA). A informa\u00e7\u00e3o foi divulgada, nesta ter\u00e7a-feira (12), pelo Instituto Brasileiro de Geografia e Estat\u00edstica (IBGE).<\/p>\n<p>O aumento est\u00e1 ligado diretamente com a alta da energia el\u00e9trica registrada no \u00faltimo m\u00eas. Como ponto positivo, teve a redu\u00e7\u00e3o de pre\u00e7os em diversos produtos no setor de alimenta\u00e7\u00e3o e bebidas, com a terceira queda consecutiva.<\/p>\n<p>Apesar de ter sofrido a acelera\u00e7\u00e3o, o IPCA de agosto ainda assim ficou abaixo da mediana que havia sido prevista pelo mercado financeiro, j\u00e1 que analistas consultados pela ag\u00eancia Bloomberg, por exemplo, projetavam uma varia\u00e7\u00e3o de 0,28%.<\/p>\n<p>Foto: T\u00e2nia R\u00eago\/Ag\u00eancia Brasil<br \/>\nMetro1 <\/p>\n","protected":false},"excerpt":{"rendered":"<p>O aumento est\u00e1 ligado diretamente com a alta da energia el\u00e9trica registrada no \u00faltimo m\u00eas Em agosto, a infla\u00e7\u00e3o oficial<\/p>\n","protected":false},"author":4,"featured_media":9166,"comment_status":"open","ping_status":"open","sticky":false,"template":"","format":"standard","meta":{"colormag_page_container_layout":"default_layout","colormag_page_sidebar_layout":"default_layout","_FSMCFIC_featured_image_caption":"","_FSMCFIC_featured_image_nocaption":"","_FSMCFIC_featured_image_hide":"","footnotes":""},"categories":[2,1],"tags":[],"class_list":["post-9165","post","type-post","status-publish","format-standard","has-post-thumbnail","hentry","category-noticias","category-ultimas"],"yoast_head":"<!-- This site is optimized with the Yoast SEO plugin v27.1.1 - https:\/\/yoast.com\/product\/yoast-seo-wordpress\/ -->\n<title>Infla\u00e7\u00e3o acelera para 0,23% em agosto, aponta IBGE - Brasil not\u00edcias<\/title>\n<meta name=\"robots\" content=\"index, follow, max-snippet:-1, max-image-preview:large, max-video-preview:-1\" \/>\n<link rel=\"canonical\" href=\"https:\/\/brasilnoticias.org\/site\/inflacao-acelera-para-023-em-agosto-aponta-ibge\/\" \/>\n<meta property=\"og:locale\" content=\"pt_PT\" \/>\n<meta property=\"og:type\" content=\"article\" \/>\n<meta property=\"og:title\" content=\"Infla\u00e7\u00e3o acelera para 0,23% em agosto, aponta IBGE - Brasil not\u00edcias\" \/>\n<meta property=\"og:description\" content=\"O aumento est\u00e1 ligado diretamente com a alta da energia el\u00e9trica registrada no \u00faltimo m\u00eas Em agosto, a infla\u00e7\u00e3o oficial\" \/>\n<meta property=\"og:url\" content=\"https:\/\/brasilnoticias.org\/site\/inflacao-acelera-para-023-em-agosto-aponta-ibge\/\" \/>\n<meta property=\"og:site_name\" content=\"Brasil not\u00edcias\" \/>\n<meta property=\"article:published_time\" content=\"2023-09-13T01:32:25+00:00\" \/>\n<meta property=\"og:image\" content=\"https:\/\/brasilnoticias.org\/site\/wp-content\/uploads\/2023\/09\/140871inflacao-acelera-para-023-em-agosto-aponta-ibge-3.jpg\" \/>\n\t<meta property=\"og:image:width\" content=\"1600\" \/>\n\t<meta property=\"og:image:height\" content=\"752\" \/>\n\t<meta property=\"og:image:type\" content=\"image\/jpeg\" \/>\n<meta name=\"author\" content=\"Reda\u00e7\u00e3o\" \/>\n<meta name=\"twitter:card\" content=\"summary_large_image\" \/>\n<meta name=\"twitter:label1\" content=\"Escrito por\" \/>\n\t<meta name=\"twitter:data1\" content=\"Reda\u00e7\u00e3o\" \/>\n<script type=\"application\/ld+json\" class=\"yoast-schema-graph\">{\"@context\":\"https:\/\/schema.org\",\"@graph\":[{\"@type\":\"Article\",\"@id\":\"https:\/\/brasilnoticias.org\/site\/inflacao-acelera-para-023-em-agosto-aponta-ibge\/#article\",\"isPartOf\":{\"@id\":\"https:\/\/brasilnoticias.org\/site\/inflacao-acelera-para-023-em-agosto-aponta-ibge\/\"},\"author\":{\"name\":\"Reda\u00e7\u00e3o\",\"@id\":\"https:\/\/brasilnoticias.org\/site\/#\/schema\/person\/03bbbfe6c7634ad18c26444ea39049fa\"},\"headline\":\"Infla\u00e7\u00e3o acelera para 0,23% em agosto, aponta IBGE\",\"datePublished\":\"2023-09-13T01:32:25+00:00\",\"mainEntityOfPage\":{\"@id\":\"https:\/\/brasilnoticias.org\/site\/inflacao-acelera-para-023-em-agosto-aponta-ibge\/\"},\"wordCount\":162,\"commentCount\":0,\"publisher\":{\"@id\":\"https:\/\/brasilnoticias.org\/site\/#organization\"},\"image\":{\"@id\":\"https:\/\/brasilnoticias.org\/site\/inflacao-acelera-para-023-em-agosto-aponta-ibge\/#primaryimage\"},\"thumbnailUrl\":\"https:\/\/brasilnoticias.org\/site\/wp-content\/uploads\/2023\/09\/140871inflacao-acelera-para-023-em-agosto-aponta-ibge-3.jpg\",\"articleSection\":[\"Not\u00edcias\",\"\u00daltimas\"],\"inLanguage\":\"pt-PT\",\"potentialAction\":[{\"@type\":\"CommentAction\",\"name\":\"Comment\",\"target\":[\"https:\/\/brasilnoticias.org\/site\/inflacao-acelera-para-023-em-agosto-aponta-ibge\/#respond\"]}]},{\"@type\":\"WebPage\",\"@id\":\"https:\/\/brasilnoticias.org\/site\/inflacao-acelera-para-023-em-agosto-aponta-ibge\/\",\"url\":\"https:\/\/brasilnoticias.org\/site\/inflacao-acelera-para-023-em-agosto-aponta-ibge\/\",\"name\":\"Infla\u00e7\u00e3o acelera para 0,23% em agosto, aponta IBGE - Brasil not\u00edcias\",\"isPartOf\":{\"@id\":\"https:\/\/brasilnoticias.org\/site\/#website\"},\"primaryImageOfPage\":{\"@id\":\"https:\/\/brasilnoticias.org\/site\/inflacao-acelera-para-023-em-agosto-aponta-ibge\/#primaryimage\"},\"image\":{\"@id\":\"https:\/\/brasilnoticias.org\/site\/inflacao-acelera-para-023-em-agosto-aponta-ibge\/#primaryimage\"},\"thumbnailUrl\":\"https:\/\/brasilnoticias.org\/site\/wp-content\/uploads\/2023\/09\/140871inflacao-acelera-para-023-em-agosto-aponta-ibge-3.jpg\",\"datePublished\":\"2023-09-13T01:32:25+00:00\",\"breadcrumb\":{\"@id\":\"https:\/\/brasilnoticias.org\/site\/inflacao-acelera-para-023-em-agosto-aponta-ibge\/#breadcrumb\"},\"inLanguage\":\"pt-PT\",\"potentialAction\":[{\"@type\":\"ReadAction\",\"target\":[\"https:\/\/brasilnoticias.org\/site\/inflacao-acelera-para-023-em-agosto-aponta-ibge\/\"]}]},{\"@type\":\"ImageObject\",\"inLanguage\":\"pt-PT\",\"@id\":\"https:\/\/brasilnoticias.org\/site\/inflacao-acelera-para-023-em-agosto-aponta-ibge\/#primaryimage\",\"url\":\"https:\/\/brasilnoticias.org\/site\/wp-content\/uploads\/2023\/09\/140871inflacao-acelera-para-023-em-agosto-aponta-ibge-3.jpg\",\"contentUrl\":\"https:\/\/brasilnoticias.org\/site\/wp-content\/uploads\/2023\/09\/140871inflacao-acelera-para-023-em-agosto-aponta-ibge-3.jpg\",\"width\":1600,\"height\":752},{\"@type\":\"BreadcrumbList\",\"@id\":\"https:\/\/brasilnoticias.org\/site\/inflacao-acelera-para-023-em-agosto-aponta-ibge\/#breadcrumb\",\"itemListElement\":[{\"@type\":\"ListItem\",\"position\":1,\"name\":\"In\u00edcio\",\"item\":\"https:\/\/brasilnoticias.org\/site\/\"},{\"@type\":\"ListItem\",\"position\":2,\"name\":\"Infla\u00e7\u00e3o acelera para 0,23% em agosto, aponta IBGE\"}]},{\"@type\":\"WebSite\",\"@id\":\"https:\/\/brasilnoticias.org\/site\/#website\",\"url\":\"https:\/\/brasilnoticias.org\/site\/\",\"name\":\"Brasil not\u00edcias\",\"description\":\"Brasil not\u00edcias\",\"publisher\":{\"@id\":\"https:\/\/brasilnoticias.org\/site\/#organization\"},\"potentialAction\":[{\"@type\":\"SearchAction\",\"target\":{\"@type\":\"EntryPoint\",\"urlTemplate\":\"https:\/\/brasilnoticias.org\/site\/?s={search_term_string}\"},\"query-input\":{\"@type\":\"PropertyValueSpecification\",\"valueRequired\":true,\"valueName\":\"search_term_string\"}}],\"inLanguage\":\"pt-PT\"},{\"@type\":\"Organization\",\"@id\":\"https:\/\/brasilnoticias.org\/site\/#organization\",\"name\":\"Brasil not\u00edcias\",\"url\":\"https:\/\/brasilnoticias.org\/site\/\",\"logo\":{\"@type\":\"ImageObject\",\"inLanguage\":\"pt-PT\",\"@id\":\"https:\/\/brasilnoticias.org\/site\/#\/schema\/logo\/image\/\",\"url\":\"https:\/\/brasilnoticias.org\/site\/wp-content\/uploads\/2022\/05\/cropped-brasilnoticias-mini.jpg\",\"contentUrl\":\"https:\/\/brasilnoticias.org\/site\/wp-content\/uploads\/2022\/05\/cropped-brasilnoticias-mini.jpg\",\"width\":314,\"height\":86,\"caption\":\"Brasil not\u00edcias\"},\"image\":{\"@id\":\"https:\/\/brasilnoticias.org\/site\/#\/schema\/logo\/image\/\"}},{\"@type\":\"Person\",\"@id\":\"https:\/\/brasilnoticias.org\/site\/#\/schema\/person\/03bbbfe6c7634ad18c26444ea39049fa\",\"name\":\"Reda\u00e7\u00e3o\",\"image\":{\"@type\":\"ImageObject\",\"inLanguage\":\"pt-PT\",\"@id\":\"https:\/\/brasilnoticias.org\/site\/#\/schema\/person\/image\/\",\"url\":\"https:\/\/secure.gravatar.com\/avatar\/9ecaf7327a696cb23ad926fedded5f1f04d7049de9e445375d55b48c001a6e42?s=96&d=mm&r=g\",\"contentUrl\":\"https:\/\/secure.gravatar.com\/avatar\/9ecaf7327a696cb23ad926fedded5f1f04d7049de9e445375d55b48c001a6e42?s=96&d=mm&r=g\",\"caption\":\"Reda\u00e7\u00e3o\"},\"url\":\"https:\/\/brasilnoticias.org\/site\/author\/henrique\/\"}]}<\/script>\n<!-- \/ Yoast SEO plugin. -->","yoast_head_json":{"title":"Infla\u00e7\u00e3o acelera para 0,23% em agosto, aponta IBGE - Brasil not\u00edcias","robots":{"index":"index","follow":"follow","max-snippet":"max-snippet:-1","max-image-preview":"max-image-preview:large","max-video-preview":"max-video-preview:-1"},"canonical":"https:\/\/brasilnoticias.org\/site\/inflacao-acelera-para-023-em-agosto-aponta-ibge\/","og_locale":"pt_PT","og_type":"article","og_title":"Infla\u00e7\u00e3o acelera para 0,23% em agosto, aponta IBGE - Brasil not\u00edcias","og_description":"O aumento est\u00e1 ligado diretamente com a alta da energia el\u00e9trica registrada no \u00faltimo m\u00eas Em agosto, a infla\u00e7\u00e3o oficial","og_url":"https:\/\/brasilnoticias.org\/site\/inflacao-acelera-para-023-em-agosto-aponta-ibge\/","og_site_name":"Brasil not\u00edcias","article_published_time":"2023-09-13T01:32:25+00:00","og_image":[{"width":1600,"height":752,"url":"https:\/\/brasilnoticias.org\/site\/wp-content\/uploads\/2023\/09\/140871inflacao-acelera-para-023-em-agosto-aponta-ibge-3.jpg","type":"image\/jpeg"}],"author":"Reda\u00e7\u00e3o","twitter_card":"summary_large_image","twitter_misc":{"Escrito por":"Reda\u00e7\u00e3o"},"schema":{"@context":"https:\/\/schema.org","@graph":[{"@type":"Article","@id":"https:\/\/brasilnoticias.org\/site\/inflacao-acelera-para-023-em-agosto-aponta-ibge\/#article","isPartOf":{"@id":"https:\/\/brasilnoticias.org\/site\/inflacao-acelera-para-023-em-agosto-aponta-ibge\/"},"author":{"name":"Reda\u00e7\u00e3o","@id":"https:\/\/brasilnoticias.org\/site\/#\/schema\/person\/03bbbfe6c7634ad18c26444ea39049fa"},"headline":"Infla\u00e7\u00e3o acelera para 0,23% em agosto, aponta IBGE","datePublished":"2023-09-13T01:32:25+00:00","mainEntityOfPage":{"@id":"https:\/\/brasilnoticias.org\/site\/inflacao-acelera-para-023-em-agosto-aponta-ibge\/"},"wordCount":162,"commentCount":0,"publisher":{"@id":"https:\/\/brasilnoticias.org\/site\/#organization"},"image":{"@id":"https:\/\/brasilnoticias.org\/site\/inflacao-acelera-para-023-em-agosto-aponta-ibge\/#primaryimage"},"thumbnailUrl":"https:\/\/brasilnoticias.org\/site\/wp-content\/uploads\/2023\/09\/140871inflacao-acelera-para-023-em-agosto-aponta-ibge-3.jpg","articleSection":["Not\u00edcias","\u00daltimas"],"inLanguage":"pt-PT","potentialAction":[{"@type":"CommentAction","name":"Comment","target":["https:\/\/brasilnoticias.org\/site\/inflacao-acelera-para-023-em-agosto-aponta-ibge\/#respond"]}]},{"@type":"WebPage","@id":"https:\/\/brasilnoticias.org\/site\/inflacao-acelera-para-023-em-agosto-aponta-ibge\/","url":"https:\/\/brasilnoticias.org\/site\/inflacao-acelera-para-023-em-agosto-aponta-ibge\/","name":"Infla\u00e7\u00e3o acelera para 0,23% em agosto, aponta IBGE - Brasil not\u00edcias","isPartOf":{"@id":"https:\/\/brasilnoticias.org\/site\/#website"},"primaryImageOfPage":{"@id":"https:\/\/brasilnoticias.org\/site\/inflacao-acelera-para-023-em-agosto-aponta-ibge\/#primaryimage"},"image":{"@id":"https:\/\/brasilnoticias.org\/site\/inflacao-acelera-para-023-em-agosto-aponta-ibge\/#primaryimage"},"thumbnailUrl":"https:\/\/brasilnoticias.org\/site\/wp-content\/uploads\/2023\/09\/140871inflacao-acelera-para-023-em-agosto-aponta-ibge-3.jpg","datePublished":"2023-09-13T01:32:25+00:00","breadcrumb":{"@id":"https:\/\/brasilnoticias.org\/site\/inflacao-acelera-para-023-em-agosto-aponta-ibge\/#breadcrumb"},"inLanguage":"pt-PT","potentialAction":[{"@type":"ReadAction","target":["https:\/\/brasilnoticias.org\/site\/inflacao-acelera-para-023-em-agosto-aponta-ibge\/"]}]},{"@type":"ImageObject","inLanguage":"pt-PT","@id":"https:\/\/brasilnoticias.org\/site\/inflacao-acelera-para-023-em-agosto-aponta-ibge\/#primaryimage","url":"https:\/\/brasilnoticias.org\/site\/wp-content\/uploads\/2023\/09\/140871inflacao-acelera-para-023-em-agosto-aponta-ibge-3.jpg","contentUrl":"https:\/\/brasilnoticias.org\/site\/wp-content\/uploads\/2023\/09\/140871inflacao-acelera-para-023-em-agosto-aponta-ibge-3.jpg","width":1600,"height":752},{"@type":"BreadcrumbList","@id":"https:\/\/brasilnoticias.org\/site\/inflacao-acelera-para-023-em-agosto-aponta-ibge\/#breadcrumb","itemListElement":[{"@type":"ListItem","position":1,"name":"In\u00edcio","item":"https:\/\/brasilnoticias.org\/site\/"},{"@type":"ListItem","position":2,"name":"Infla\u00e7\u00e3o acelera para 0,23% em agosto, aponta IBGE"}]},{"@type":"WebSite","@id":"https:\/\/brasilnoticias.org\/site\/#website","url":"https:\/\/brasilnoticias.org\/site\/","name":"Brasil not\u00edcias","description":"Brasil not\u00edcias","publisher":{"@id":"https:\/\/brasilnoticias.org\/site\/#organization"},"potentialAction":[{"@type":"SearchAction","target":{"@type":"EntryPoint","urlTemplate":"https:\/\/brasilnoticias.org\/site\/?s={search_term_string}"},"query-input":{"@type":"PropertyValueSpecification","valueRequired":true,"valueName":"search_term_string"}}],"inLanguage":"pt-PT"},{"@type":"Organization","@id":"https:\/\/brasilnoticias.org\/site\/#organization","name":"Brasil not\u00edcias","url":"https:\/\/brasilnoticias.org\/site\/","logo":{"@type":"ImageObject","inLanguage":"pt-PT","@id":"https:\/\/brasilnoticias.org\/site\/#\/schema\/logo\/image\/","url":"https:\/\/brasilnoticias.org\/site\/wp-content\/uploads\/2022\/05\/cropped-brasilnoticias-mini.jpg","contentUrl":"https:\/\/brasilnoticias.org\/site\/wp-content\/uploads\/2022\/05\/cropped-brasilnoticias-mini.jpg","width":314,"height":86,"caption":"Brasil not\u00edcias"},"image":{"@id":"https:\/\/brasilnoticias.org\/site\/#\/schema\/logo\/image\/"}},{"@type":"Person","@id":"https:\/\/brasilnoticias.org\/site\/#\/schema\/person\/03bbbfe6c7634ad18c26444ea39049fa","name":"Reda\u00e7\u00e3o","image":{"@type":"ImageObject","inLanguage":"pt-PT","@id":"https:\/\/brasilnoticias.org\/site\/#\/schema\/person\/image\/","url":"https:\/\/secure.gravatar.com\/avatar\/9ecaf7327a696cb23ad926fedded5f1f04d7049de9e445375d55b48c001a6e42?s=96&d=mm&r=g","contentUrl":"https:\/\/secure.gravatar.com\/avatar\/9ecaf7327a696cb23ad926fedded5f1f04d7049de9e445375d55b48c001a6e42?s=96&d=mm&r=g","caption":"Reda\u00e7\u00e3o"},"url":"https:\/\/brasilnoticias.org\/site\/author\/henrique\/"}]}},"_links":{"self":[{"href":"https:\/\/brasilnoticias.org\/site\/wp-json\/wp\/v2\/posts\/9165","targetHints":{"allow":["GET"]}}],"collection":[{"href":"https:\/\/brasilnoticias.org\/site\/wp-json\/wp\/v2\/posts"}],"about":[{"href":"https:\/\/brasilnoticias.org\/site\/wp-json\/wp\/v2\/types\/post"}],"author":[{"embeddable":true,"href":"https:\/\/brasilnoticias.org\/site\/wp-json\/wp\/v2\/users\/4"}],"replies":[{"embeddable":true,"href":"https:\/\/brasilnoticias.org\/site\/wp-json\/wp\/v2\/comments?post=9165"}],"version-history":[{"count":1,"href":"https:\/\/brasilnoticias.org\/site\/wp-json\/wp\/v2\/posts\/9165\/revisions"}],"predecessor-version":[{"id":9167,"href":"https:\/\/brasilnoticias.org\/site\/wp-json\/wp\/v2\/posts\/9165\/revisions\/9167"}],"wp:featuredmedia":[{"embeddable":true,"href":"https:\/\/brasilnoticias.org\/site\/wp-json\/wp\/v2\/media\/9166"}],"wp:attachment":[{"href":"https:\/\/brasilnoticias.org\/site\/wp-json\/wp\/v2\/media?parent=9165"}],"wp:term":[{"taxonomy":"category","embeddable":true,"href":"https:\/\/brasilnoticias.org\/site\/wp-json\/wp\/v2\/categories?post=9165"},{"taxonomy":"post_tag","embeddable":true,"href":"https:\/\/brasilnoticias.org\/site\/wp-json\/wp\/v2\/tags?post=9165"}],"curies":[{"name":"wp","href":"https:\/\/api.w.org\/{rel}","templated":true}]}}