{"id":9168,"date":"2023-09-12T22:33:43","date_gmt":"2023-09-13T01:33:43","guid":{"rendered":"https:\/\/brasilnoticias.org\/site\/?p=9168"},"modified":"2023-09-12T22:33:43","modified_gmt":"2023-09-13T01:33:43","slug":"mais-de-100-mil-familias-podem-perder-tarifa-social-da-energia-eletrica-saiba-como-evitar","status":"publish","type":"post","link":"https:\/\/brasilnoticias.org\/site\/mais-de-100-mil-familias-podem-perder-tarifa-social-da-energia-eletrica-saiba-como-evitar\/","title":{"rendered":"Mais de 100 mil fam\u00edlias podem perder tarifa social da energia el\u00e9trica; saiba como evitar"},"content":{"rendered":"<p>\u00c9 preciso atualizar o cadastro para que o benef\u00edcio n\u00e3o seja cancelado<\/p>\n<p>O n\u00famero de fam\u00edlias que correm o risco de perder o benef\u00edcio da Tarifa Social de Energia El\u00e9trica (TSEE) na Bahia se aproxima de 100 mil, de acordo com levantamento feito pela Neoenergia Coelba. As cidades de Salvador, Feira de Santana, Itabuna, Vit\u00f3ria da Conquista e Jequi\u00e9 s\u00e3o, respectivamente, as que possuem o maior n\u00famero de pessoas que podem perder o benef\u00edcio.<\/p>\n<p>A TSEE \u00e9 concedida pelo Governo Federal e isenta em at\u00e9 100% o valor da conta de luz para quilombolas e ind\u00edgenas e em at\u00e9 65% para consumidores de baixa renda inscritos no Cadastro \u00danico (Cad\u00danico) ou no Benef\u00edcio de Presta\u00e7\u00e3o Continuada (BPC).<\/p>\n<p>A Neoenergia Coelba cadastrou mais de 100 mil fam\u00edlias proativamente no programa em 2023, por\u00e9m, essas pessoas precisam manter os dados atualizados para n\u00e3o perderem o benef\u00edcio. A indica\u00e7\u00e3o das fam\u00edlias que podem perder o benef\u00edcio \u00e9 realizada pelo Minist\u00e9rio da Cidadania e a Ag\u00eancia Nacional de Energia El\u00e9trica (Aneel). Os clientes que est\u00e3o ou estar\u00e3o pass\u00edveis de perder o benef\u00edcio recebem uma mensagem da Neoenergia Coelba na fatura de energia, indicando que regularizem sua situa\u00e7\u00e3o. Em caso de d\u00favidas, o consumidor tem \u00e0 disposi\u00e7\u00e3o o telefone 121, do Minist\u00e9rio da Cidadania.<\/p>\n<p>Caso tenha sido convocado, o cliente deve se dirigir ao Centro de Refer\u00eancia de Assist\u00eancia Social (Cras) do seu munic\u00edpio. Al\u00e9m das fam\u00edlias que podem perder o benef\u00edcio, a Neoenergia Coelba estima que mais de 1,2 milh\u00e3o de fam\u00edlias t\u00eam direito \u00e0 TSEE, por\u00e9m muitos que possuem o NIS n\u00e3o s\u00e3o titulares da conta de energia el\u00e9trica, o que impede o cadastramento de forma autom\u00e1tica pela empresa ao cruzar informa\u00e7\u00f5es com os dados do Cad\u00danico.<\/p>\n<p>COMO SE CADASTRAR<\/p>\n<p>Para ter acesso ao desconto da Tarifa Social na conta de energia, o cliente deve estar inscrito no Cad\u00danico. As fam\u00edlias de baixa renda devem obter o NIS diretamente em um Cras do munic\u00edpio onde reside.<\/p>\n<p>Os usu\u00e1rios cadastrados, com renda mensal por pessoa menor ou igual a meio sal\u00e1rio-m\u00ednimo nacional, tamb\u00e9m podem fazer a inscri\u00e7\u00e3o da Tarifa Social aqui no site da concession\u00e1ria. \u00c9 muito simples, basta informar o n\u00famero da conta contrato com a Neoenergia Coelba (localiz\u00e1vel no canto superior direito da fatura) e o NIS. A distribuidora de energia far\u00e1 a confirma\u00e7\u00e3o no banco de dados do Governo Federal. Ap\u00f3s a checagem dos dados, o prazo para inclus\u00e3o na Tarifa Social \u00e9 de cinco dias \u00fateis e o cliente passa a ter o benef\u00edcio na pr\u00f3xima conta. O mesmo procedimento deve ser adotado para os clientes cadastrados no Benef\u00edcio de Presta\u00e7\u00e3o Continuada (BPC), que possuem o N\u00famero do Benef\u00edcio (NB).<\/p>\n<p>Para o benefici\u00e1rio que n\u00e3o \u00e9 o titular da conta contrato da Neoenergia Coelba, ser\u00e1 necess\u00e1rio a inclus\u00e3o do CPF e do RG do portador do NIS. Neste caso, a solicita\u00e7\u00e3o tamb\u00e9m poder\u00e1 ser realizada aqui no site da distribuidora.<\/p>\n<p>Foto: divulga\u00e7\u00e3o\/Neoenergia<br \/>\nAratu On <\/p>\n","protected":false},"excerpt":{"rendered":"<p>\u00c9 preciso atualizar o cadastro para que o benef\u00edcio n\u00e3o seja cancelado O n\u00famero de fam\u00edlias que correm o risco<\/p>\n","protected":false},"author":4,"featured_media":9169,"comment_status":"open","ping_status":"open","sticky":false,"template":"","format":"standard","meta":{"colormag_page_container_layout":"default_layout","colormag_page_sidebar_layout":"default_layout","_FSMCFIC_featured_image_caption":"","_FSMCFIC_featured_image_nocaption":"","_FSMCFIC_featured_image_hide":"","footnotes":""},"categories":[2,1],"tags":[],"class_list":["post-9168","post","type-post","status-publish","format-standard","has-post-thumbnail","hentry","category-noticias","category-ultimas"],"yoast_head":"<!-- This site is optimized with the Yoast SEO plugin v27.1.1 - https:\/\/yoast.com\/product\/yoast-seo-wordpress\/ -->\n<title>Mais de 100 mil fam\u00edlias podem perder tarifa social da energia el\u00e9trica; saiba como evitar - Brasil not\u00edcias<\/title>\n<meta name=\"robots\" content=\"index, follow, max-snippet:-1, max-image-preview:large, max-video-preview:-1\" \/>\n<link rel=\"canonical\" href=\"https:\/\/brasilnoticias.org\/site\/mais-de-100-mil-familias-podem-perder-tarifa-social-da-energia-eletrica-saiba-como-evitar\/\" \/>\n<meta property=\"og:locale\" content=\"pt_PT\" \/>\n<meta property=\"og:type\" content=\"article\" \/>\n<meta property=\"og:title\" content=\"Mais de 100 mil fam\u00edlias podem perder tarifa social da energia el\u00e9trica; saiba como evitar - Brasil not\u00edcias\" \/>\n<meta property=\"og:description\" content=\"\u00c9 preciso atualizar o cadastro para que o benef\u00edcio n\u00e3o seja cancelado O n\u00famero de fam\u00edlias que correm o risco\" \/>\n<meta property=\"og:url\" content=\"https:\/\/brasilnoticias.org\/site\/mais-de-100-mil-familias-podem-perder-tarifa-social-da-energia-eletrica-saiba-como-evitar\/\" \/>\n<meta property=\"og:site_name\" content=\"Brasil not\u00edcias\" \/>\n<meta property=\"article:published_time\" content=\"2023-09-13T01:33:43+00:00\" \/>\n<meta property=\"og:image\" content=\"https:\/\/brasilnoticias.org\/site\/wp-content\/uploads\/2023\/09\/conta-energia.jpg\" \/>\n\t<meta property=\"og:image:width\" content=\"740\" \/>\n\t<meta property=\"og:image:height\" content=\"414\" \/>\n\t<meta property=\"og:image:type\" content=\"image\/jpeg\" \/>\n<meta name=\"author\" content=\"Reda\u00e7\u00e3o\" \/>\n<meta name=\"twitter:card\" content=\"summary_large_image\" \/>\n<meta name=\"twitter:label1\" content=\"Escrito por\" \/>\n\t<meta name=\"twitter:data1\" content=\"Reda\u00e7\u00e3o\" \/>\n<script type=\"application\/ld+json\" class=\"yoast-schema-graph\">{\"@context\":\"https:\/\/schema.org\",\"@graph\":[{\"@type\":\"Article\",\"@id\":\"https:\/\/brasilnoticias.org\/site\/mais-de-100-mil-familias-podem-perder-tarifa-social-da-energia-eletrica-saiba-como-evitar\/#article\",\"isPartOf\":{\"@id\":\"https:\/\/brasilnoticias.org\/site\/mais-de-100-mil-familias-podem-perder-tarifa-social-da-energia-eletrica-saiba-como-evitar\/\"},\"author\":{\"name\":\"Reda\u00e7\u00e3o\",\"@id\":\"https:\/\/brasilnoticias.org\/site\/#\/schema\/person\/03bbbfe6c7634ad18c26444ea39049fa\"},\"headline\":\"Mais de 100 mil fam\u00edlias podem perder tarifa social da energia el\u00e9trica; saiba como evitar\",\"datePublished\":\"2023-09-13T01:33:43+00:00\",\"mainEntityOfPage\":{\"@id\":\"https:\/\/brasilnoticias.org\/site\/mais-de-100-mil-familias-podem-perder-tarifa-social-da-energia-eletrica-saiba-como-evitar\/\"},\"wordCount\":561,\"commentCount\":0,\"publisher\":{\"@id\":\"https:\/\/brasilnoticias.org\/site\/#organization\"},\"image\":{\"@id\":\"https:\/\/brasilnoticias.org\/site\/mais-de-100-mil-familias-podem-perder-tarifa-social-da-energia-eletrica-saiba-como-evitar\/#primaryimage\"},\"thumbnailUrl\":\"https:\/\/brasilnoticias.org\/site\/wp-content\/uploads\/2023\/09\/conta-energia.jpg\",\"articleSection\":[\"Not\u00edcias\",\"\u00daltimas\"],\"inLanguage\":\"pt-PT\",\"potentialAction\":[{\"@type\":\"CommentAction\",\"name\":\"Comment\",\"target\":[\"https:\/\/brasilnoticias.org\/site\/mais-de-100-mil-familias-podem-perder-tarifa-social-da-energia-eletrica-saiba-como-evitar\/#respond\"]}]},{\"@type\":\"WebPage\",\"@id\":\"https:\/\/brasilnoticias.org\/site\/mais-de-100-mil-familias-podem-perder-tarifa-social-da-energia-eletrica-saiba-como-evitar\/\",\"url\":\"https:\/\/brasilnoticias.org\/site\/mais-de-100-mil-familias-podem-perder-tarifa-social-da-energia-eletrica-saiba-como-evitar\/\",\"name\":\"Mais de 100 mil fam\u00edlias podem perder tarifa social da energia el\u00e9trica; saiba como evitar - Brasil not\u00edcias\",\"isPartOf\":{\"@id\":\"https:\/\/brasilnoticias.org\/site\/#website\"},\"primaryImageOfPage\":{\"@id\":\"https:\/\/brasilnoticias.org\/site\/mais-de-100-mil-familias-podem-perder-tarifa-social-da-energia-eletrica-saiba-como-evitar\/#primaryimage\"},\"image\":{\"@id\":\"https:\/\/brasilnoticias.org\/site\/mais-de-100-mil-familias-podem-perder-tarifa-social-da-energia-eletrica-saiba-como-evitar\/#primaryimage\"},\"thumbnailUrl\":\"https:\/\/brasilnoticias.org\/site\/wp-content\/uploads\/2023\/09\/conta-energia.jpg\",\"datePublished\":\"2023-09-13T01:33:43+00:00\",\"breadcrumb\":{\"@id\":\"https:\/\/brasilnoticias.org\/site\/mais-de-100-mil-familias-podem-perder-tarifa-social-da-energia-eletrica-saiba-como-evitar\/#breadcrumb\"},\"inLanguage\":\"pt-PT\",\"potentialAction\":[{\"@type\":\"ReadAction\",\"target\":[\"https:\/\/brasilnoticias.org\/site\/mais-de-100-mil-familias-podem-perder-tarifa-social-da-energia-eletrica-saiba-como-evitar\/\"]}]},{\"@type\":\"ImageObject\",\"inLanguage\":\"pt-PT\",\"@id\":\"https:\/\/brasilnoticias.org\/site\/mais-de-100-mil-familias-podem-perder-tarifa-social-da-energia-eletrica-saiba-como-evitar\/#primaryimage\",\"url\":\"https:\/\/brasilnoticias.org\/site\/wp-content\/uploads\/2023\/09\/conta-energia.jpg\",\"contentUrl\":\"https:\/\/brasilnoticias.org\/site\/wp-content\/uploads\/2023\/09\/conta-energia.jpg\",\"width\":740,\"height\":414},{\"@type\":\"BreadcrumbList\",\"@id\":\"https:\/\/brasilnoticias.org\/site\/mais-de-100-mil-familias-podem-perder-tarifa-social-da-energia-eletrica-saiba-como-evitar\/#breadcrumb\",\"itemListElement\":[{\"@type\":\"ListItem\",\"position\":1,\"name\":\"In\u00edcio\",\"item\":\"https:\/\/brasilnoticias.org\/site\/\"},{\"@type\":\"ListItem\",\"position\":2,\"name\":\"Mais de 100 mil fam\u00edlias podem perder tarifa social da energia el\u00e9trica; saiba como evitar\"}]},{\"@type\":\"WebSite\",\"@id\":\"https:\/\/brasilnoticias.org\/site\/#website\",\"url\":\"https:\/\/brasilnoticias.org\/site\/\",\"name\":\"Brasil not\u00edcias\",\"description\":\"Brasil not\u00edcias\",\"publisher\":{\"@id\":\"https:\/\/brasilnoticias.org\/site\/#organization\"},\"potentialAction\":[{\"@type\":\"SearchAction\",\"target\":{\"@type\":\"EntryPoint\",\"urlTemplate\":\"https:\/\/brasilnoticias.org\/site\/?s={search_term_string}\"},\"query-input\":{\"@type\":\"PropertyValueSpecification\",\"valueRequired\":true,\"valueName\":\"search_term_string\"}}],\"inLanguage\":\"pt-PT\"},{\"@type\":\"Organization\",\"@id\":\"https:\/\/brasilnoticias.org\/site\/#organization\",\"name\":\"Brasil not\u00edcias\",\"url\":\"https:\/\/brasilnoticias.org\/site\/\",\"logo\":{\"@type\":\"ImageObject\",\"inLanguage\":\"pt-PT\",\"@id\":\"https:\/\/brasilnoticias.org\/site\/#\/schema\/logo\/image\/\",\"url\":\"https:\/\/brasilnoticias.org\/site\/wp-content\/uploads\/2022\/05\/cropped-brasilnoticias-mini.jpg\",\"contentUrl\":\"https:\/\/brasilnoticias.org\/site\/wp-content\/uploads\/2022\/05\/cropped-brasilnoticias-mini.jpg\",\"width\":314,\"height\":86,\"caption\":\"Brasil not\u00edcias\"},\"image\":{\"@id\":\"https:\/\/brasilnoticias.org\/site\/#\/schema\/logo\/image\/\"}},{\"@type\":\"Person\",\"@id\":\"https:\/\/brasilnoticias.org\/site\/#\/schema\/person\/03bbbfe6c7634ad18c26444ea39049fa\",\"name\":\"Reda\u00e7\u00e3o\",\"image\":{\"@type\":\"ImageObject\",\"inLanguage\":\"pt-PT\",\"@id\":\"https:\/\/brasilnoticias.org\/site\/#\/schema\/person\/image\/\",\"url\":\"https:\/\/secure.gravatar.com\/avatar\/9ecaf7327a696cb23ad926fedded5f1f04d7049de9e445375d55b48c001a6e42?s=96&d=mm&r=g\",\"contentUrl\":\"https:\/\/secure.gravatar.com\/avatar\/9ecaf7327a696cb23ad926fedded5f1f04d7049de9e445375d55b48c001a6e42?s=96&d=mm&r=g\",\"caption\":\"Reda\u00e7\u00e3o\"},\"url\":\"https:\/\/brasilnoticias.org\/site\/author\/henrique\/\"}]}<\/script>\n<!-- \/ Yoast SEO plugin. -->","yoast_head_json":{"title":"Mais de 100 mil fam\u00edlias podem perder tarifa social da energia el\u00e9trica; saiba como evitar - Brasil not\u00edcias","robots":{"index":"index","follow":"follow","max-snippet":"max-snippet:-1","max-image-preview":"max-image-preview:large","max-video-preview":"max-video-preview:-1"},"canonical":"https:\/\/brasilnoticias.org\/site\/mais-de-100-mil-familias-podem-perder-tarifa-social-da-energia-eletrica-saiba-como-evitar\/","og_locale":"pt_PT","og_type":"article","og_title":"Mais de 100 mil fam\u00edlias podem perder tarifa social da energia el\u00e9trica; saiba como evitar - Brasil not\u00edcias","og_description":"\u00c9 preciso atualizar o cadastro para que o benef\u00edcio n\u00e3o seja cancelado O n\u00famero de fam\u00edlias que correm o risco","og_url":"https:\/\/brasilnoticias.org\/site\/mais-de-100-mil-familias-podem-perder-tarifa-social-da-energia-eletrica-saiba-como-evitar\/","og_site_name":"Brasil not\u00edcias","article_published_time":"2023-09-13T01:33:43+00:00","og_image":[{"width":740,"height":414,"url":"https:\/\/brasilnoticias.org\/site\/wp-content\/uploads\/2023\/09\/conta-energia.jpg","type":"image\/jpeg"}],"author":"Reda\u00e7\u00e3o","twitter_card":"summary_large_image","twitter_misc":{"Escrito por":"Reda\u00e7\u00e3o"},"schema":{"@context":"https:\/\/schema.org","@graph":[{"@type":"Article","@id":"https:\/\/brasilnoticias.org\/site\/mais-de-100-mil-familias-podem-perder-tarifa-social-da-energia-eletrica-saiba-como-evitar\/#article","isPartOf":{"@id":"https:\/\/brasilnoticias.org\/site\/mais-de-100-mil-familias-podem-perder-tarifa-social-da-energia-eletrica-saiba-como-evitar\/"},"author":{"name":"Reda\u00e7\u00e3o","@id":"https:\/\/brasilnoticias.org\/site\/#\/schema\/person\/03bbbfe6c7634ad18c26444ea39049fa"},"headline":"Mais de 100 mil fam\u00edlias podem perder tarifa social da energia el\u00e9trica; saiba como evitar","datePublished":"2023-09-13T01:33:43+00:00","mainEntityOfPage":{"@id":"https:\/\/brasilnoticias.org\/site\/mais-de-100-mil-familias-podem-perder-tarifa-social-da-energia-eletrica-saiba-como-evitar\/"},"wordCount":561,"commentCount":0,"publisher":{"@id":"https:\/\/brasilnoticias.org\/site\/#organization"},"image":{"@id":"https:\/\/brasilnoticias.org\/site\/mais-de-100-mil-familias-podem-perder-tarifa-social-da-energia-eletrica-saiba-como-evitar\/#primaryimage"},"thumbnailUrl":"https:\/\/brasilnoticias.org\/site\/wp-content\/uploads\/2023\/09\/conta-energia.jpg","articleSection":["Not\u00edcias","\u00daltimas"],"inLanguage":"pt-PT","potentialAction":[{"@type":"CommentAction","name":"Comment","target":["https:\/\/brasilnoticias.org\/site\/mais-de-100-mil-familias-podem-perder-tarifa-social-da-energia-eletrica-saiba-como-evitar\/#respond"]}]},{"@type":"WebPage","@id":"https:\/\/brasilnoticias.org\/site\/mais-de-100-mil-familias-podem-perder-tarifa-social-da-energia-eletrica-saiba-como-evitar\/","url":"https:\/\/brasilnoticias.org\/site\/mais-de-100-mil-familias-podem-perder-tarifa-social-da-energia-eletrica-saiba-como-evitar\/","name":"Mais de 100 mil fam\u00edlias podem perder tarifa social da energia el\u00e9trica; saiba como evitar - Brasil not\u00edcias","isPartOf":{"@id":"https:\/\/brasilnoticias.org\/site\/#website"},"primaryImageOfPage":{"@id":"https:\/\/brasilnoticias.org\/site\/mais-de-100-mil-familias-podem-perder-tarifa-social-da-energia-eletrica-saiba-como-evitar\/#primaryimage"},"image":{"@id":"https:\/\/brasilnoticias.org\/site\/mais-de-100-mil-familias-podem-perder-tarifa-social-da-energia-eletrica-saiba-como-evitar\/#primaryimage"},"thumbnailUrl":"https:\/\/brasilnoticias.org\/site\/wp-content\/uploads\/2023\/09\/conta-energia.jpg","datePublished":"2023-09-13T01:33:43+00:00","breadcrumb":{"@id":"https:\/\/brasilnoticias.org\/site\/mais-de-100-mil-familias-podem-perder-tarifa-social-da-energia-eletrica-saiba-como-evitar\/#breadcrumb"},"inLanguage":"pt-PT","potentialAction":[{"@type":"ReadAction","target":["https:\/\/brasilnoticias.org\/site\/mais-de-100-mil-familias-podem-perder-tarifa-social-da-energia-eletrica-saiba-como-evitar\/"]}]},{"@type":"ImageObject","inLanguage":"pt-PT","@id":"https:\/\/brasilnoticias.org\/site\/mais-de-100-mil-familias-podem-perder-tarifa-social-da-energia-eletrica-saiba-como-evitar\/#primaryimage","url":"https:\/\/brasilnoticias.org\/site\/wp-content\/uploads\/2023\/09\/conta-energia.jpg","contentUrl":"https:\/\/brasilnoticias.org\/site\/wp-content\/uploads\/2023\/09\/conta-energia.jpg","width":740,"height":414},{"@type":"BreadcrumbList","@id":"https:\/\/brasilnoticias.org\/site\/mais-de-100-mil-familias-podem-perder-tarifa-social-da-energia-eletrica-saiba-como-evitar\/#breadcrumb","itemListElement":[{"@type":"ListItem","position":1,"name":"In\u00edcio","item":"https:\/\/brasilnoticias.org\/site\/"},{"@type":"ListItem","position":2,"name":"Mais de 100 mil fam\u00edlias podem perder tarifa social da energia el\u00e9trica; saiba como evitar"}]},{"@type":"WebSite","@id":"https:\/\/brasilnoticias.org\/site\/#website","url":"https:\/\/brasilnoticias.org\/site\/","name":"Brasil not\u00edcias","description":"Brasil not\u00edcias","publisher":{"@id":"https:\/\/brasilnoticias.org\/site\/#organization"},"potentialAction":[{"@type":"SearchAction","target":{"@type":"EntryPoint","urlTemplate":"https:\/\/brasilnoticias.org\/site\/?s={search_term_string}"},"query-input":{"@type":"PropertyValueSpecification","valueRequired":true,"valueName":"search_term_string"}}],"inLanguage":"pt-PT"},{"@type":"Organization","@id":"https:\/\/brasilnoticias.org\/site\/#organization","name":"Brasil not\u00edcias","url":"https:\/\/brasilnoticias.org\/site\/","logo":{"@type":"ImageObject","inLanguage":"pt-PT","@id":"https:\/\/brasilnoticias.org\/site\/#\/schema\/logo\/image\/","url":"https:\/\/brasilnoticias.org\/site\/wp-content\/uploads\/2022\/05\/cropped-brasilnoticias-mini.jpg","contentUrl":"https:\/\/brasilnoticias.org\/site\/wp-content\/uploads\/2022\/05\/cropped-brasilnoticias-mini.jpg","width":314,"height":86,"caption":"Brasil not\u00edcias"},"image":{"@id":"https:\/\/brasilnoticias.org\/site\/#\/schema\/logo\/image\/"}},{"@type":"Person","@id":"https:\/\/brasilnoticias.org\/site\/#\/schema\/person\/03bbbfe6c7634ad18c26444ea39049fa","name":"Reda\u00e7\u00e3o","image":{"@type":"ImageObject","inLanguage":"pt-PT","@id":"https:\/\/brasilnoticias.org\/site\/#\/schema\/person\/image\/","url":"https:\/\/secure.gravatar.com\/avatar\/9ecaf7327a696cb23ad926fedded5f1f04d7049de9e445375d55b48c001a6e42?s=96&d=mm&r=g","contentUrl":"https:\/\/secure.gravatar.com\/avatar\/9ecaf7327a696cb23ad926fedded5f1f04d7049de9e445375d55b48c001a6e42?s=96&d=mm&r=g","caption":"Reda\u00e7\u00e3o"},"url":"https:\/\/brasilnoticias.org\/site\/author\/henrique\/"}]}},"_links":{"self":[{"href":"https:\/\/brasilnoticias.org\/site\/wp-json\/wp\/v2\/posts\/9168","targetHints":{"allow":["GET"]}}],"collection":[{"href":"https:\/\/brasilnoticias.org\/site\/wp-json\/wp\/v2\/posts"}],"about":[{"href":"https:\/\/brasilnoticias.org\/site\/wp-json\/wp\/v2\/types\/post"}],"author":[{"embeddable":true,"href":"https:\/\/brasilnoticias.org\/site\/wp-json\/wp\/v2\/users\/4"}],"replies":[{"embeddable":true,"href":"https:\/\/brasilnoticias.org\/site\/wp-json\/wp\/v2\/comments?post=9168"}],"version-history":[{"count":1,"href":"https:\/\/brasilnoticias.org\/site\/wp-json\/wp\/v2\/posts\/9168\/revisions"}],"predecessor-version":[{"id":9170,"href":"https:\/\/brasilnoticias.org\/site\/wp-json\/wp\/v2\/posts\/9168\/revisions\/9170"}],"wp:featuredmedia":[{"embeddable":true,"href":"https:\/\/brasilnoticias.org\/site\/wp-json\/wp\/v2\/media\/9169"}],"wp:attachment":[{"href":"https:\/\/brasilnoticias.org\/site\/wp-json\/wp\/v2\/media?parent=9168"}],"wp:term":[{"taxonomy":"category","embeddable":true,"href":"https:\/\/brasilnoticias.org\/site\/wp-json\/wp\/v2\/categories?post=9168"},{"taxonomy":"post_tag","embeddable":true,"href":"https:\/\/brasilnoticias.org\/site\/wp-json\/wp\/v2\/tags?post=9168"}],"curies":[{"name":"wp","href":"https:\/\/api.w.org\/{rel}","templated":true}]}}