{"id":9180,"date":"2023-09-13T08:00:42","date_gmt":"2023-09-13T11:00:42","guid":{"rendered":"https:\/\/brasilnoticias.org\/site\/?p=9180"},"modified":"2023-09-12T22:41:46","modified_gmt":"2023-09-13T01:41:46","slug":"briga-entre-vizinhos-no-corredor-da-vitoria-termina-com-carro-de-r-800-mil-vandalizado","status":"publish","type":"post","link":"https:\/\/brasilnoticias.org\/site\/briga-entre-vizinhos-no-corredor-da-vitoria-termina-com-carro-de-r-800-mil-vandalizado\/","title":{"rendered":"Briga entre vizinhos no Corredor da Vit\u00f3ria termina com carro de R$ 800 mil vandalizado"},"content":{"rendered":"<p>Diverg\u00eancia entre empres\u00e1rio e advogado teve in\u00edcio em uma reuni\u00e3o de condom\u00ednio<\/p>\n<p>Uma diverg\u00eancia ap\u00f3s uma reuni\u00e3o de condom\u00ednio terminou com um carro de R$ 800 mil vandalizado, no Corredor da Vit\u00f3ria, um dos bairros mais nobres de Salvador. No \u00faltimo dia 26 de agosto, o dono do ve\u00edculo, um advogado que preferiu n\u00e3o se identificar, acordou com a not\u00edcia de que seu ve\u00edculo, uma BMW X5, estava todo arranhado.<\/p>\n<p>O propriet\u00e1rio acusa um vizinho do Edif\u00edcio Porto Vit\u00f3ria de ter cometido o ato. O homem \u00e9 um empres\u00e1rio que mora no pr\u00e9dio e foi gravado pelas c\u00e2meras de seguran\u00e7a da garagem do edif\u00edcio mudando a posi\u00e7\u00e3o das c\u00e2meras do estacionamento, na noite em que o ve\u00edculo foi vandalizado.<\/p>\n<p>Segundo o dono da BMW, tudo come\u00e7ou por causa de uma assembleia geral do condom\u00ednio, onde foi estipulada uma taxa extra de R$ 3 mil por m\u00eas, durante quatro meses. O valor equivale a 80% da mensalidade do edif\u00edcio (R$ 3.750). Na ocasi\u00e3o, o empres\u00e1rio foi contra a decis\u00e3o e o advogado, ent\u00e3o, teria entrado em contato com ele, posteriormente.<\/p>\n<p>\u201cTentei falar com ele que eram quest\u00f5es que envolviam a seguranca do edif\u00edcio. Ele me destratou, ofendeu minha esposa\u2026 Disse que eu viajava muito e que ia sobrar pra ela\u201c, contou ao Aratu On. Com a amea\u00e7a, a mulher decidiu sair de Salvador. \u201cEst\u00e1 com muito medo e preocupada. Ele [suspeito] \u00e9 uma pessoa muito desequilibrada\u201d, acrescentou.<\/p>\n<p>De acordo com o advogado, o empres\u00e1rio \u00e9 \u201creincidente\u201d em confus\u00f5es no condom\u00ednio, j\u00e1 tendo quebrado as c\u00e2meras de outro morador, em setembro do ano passado. O suspeito tamb\u00e9m j\u00e1 foi condenado em um caso mais grave. Em 2014, foi preso pela Interpol ap\u00f3s condena\u00e7\u00e3o a quatro anos de pris\u00e3o por les\u00e3o corporal e amea\u00e7a contra uma ex-namorada. Ele ficou em pris\u00e3o domiciliar no pr\u00f3prio Edif\u00edcio Porto Vit\u00f3ria.<\/p>\n<p>O ato de vandalismo aconteceu na madrugada de um s\u00e1bado. Na segunda-feira seguinte, o dono da BMW prestou queixa na 14\u00aa Delegacia Territorial (DT\/Barra), que apura o caso. \u201cEspero que a delegada pe\u00e7a medida protetiva contra ele\u201d, completou o advogado.<\/p>\n<p>As partes envolvidas n\u00e3o tiveram mais contato ap\u00f3s o ocorrido. O Aratu On tamb\u00e9m tentou entrar em contato com o empres\u00e1rio suspeito, mas n\u00e3o obteve retorno at\u00e9 a publica\u00e7\u00e3o desta mat\u00e9ria.<\/p>\n<p>O conserto do carro custou R$ 18 mil ao propriet\u00e1rio.<\/p>\n<p>PENALIDADE<\/p>\n<p>A v\u00edtima disse, ainda, que uma nova assembleia deve ser marcada para avaliar uma poss\u00edvel expuls\u00e3o do suspeito do condom\u00ednio. Para entender se isso pode ocorrer, o Aratu On conversou com a advogada condominial Andr\u00e9a Resque, L\u00edder da Comunidade Experts em Condom\u00ednios (CEX).<\/p>\n<p>Ela explicou que \u201cqualquer possuidor responde por condutas antissociais\u201d, sendo ou n\u00e3o cond\u00f4mino. \u201cEle pode ter uma conduta antissocial e ser multado por isso, em um primeiro ato. O ideal \u00e9 que o condom\u00ednio j\u00e1 tenha aplicado uma advert\u00eancia da primeira infra\u00e7\u00e3o, mas, se n\u00e3o fez, nada impede que fa\u00e7a dessa segunda\u201d, afirmou.<\/p>\n<p>Em uma futura assembleia, pode ser aprovada uma majora\u00e7\u00e3o dessa penalidade. \u201cPara que a assembleia delibere sobre uma poss\u00edvel expuls\u00e3o, primeiro precisa ter esse enquadramento de uma conduta antissocial, reiterada com essa progress\u00e3o de aplica\u00e7\u00e3o de penalidade. Dentro dessa jornada, se ele continuar as pr\u00e1ticas, a assembleia pode, sim, deliberar sobre a distribui\u00e7\u00e3o de um processo judicial pela sua expuls\u00e3o\u201d, refor\u00e7ou.<\/p>\n<p>Andr\u00e9a salienta, por\u00e9m, que para qualquer aplica\u00e7\u00e3o de penalidade no condom\u00ednio \u00e9 importante que seja respeitado, sempre, o contradit\u00f3rio e a ampla defesa, que \u00e9 o direito de recurso do suspeito. \u201cSe a multa ou outras penalidades n\u00e3o surtirem efeito, a assembleia pode analisar, com um qu\u00f3rum bastante especial de 3\/4 dos cond\u00f4minos restantes, a expuls\u00e3o desse possuidor, que ficar\u00e1 impedido de usar a propriedade dos seus pais\u201d, concluiu a especialista.<\/p>\n<p>CRIME<\/p>\n<p>O artigo 163 do C\u00f3digo Penal prev\u00ea como crime \u201cdestruir, inutilizar ou deteriorar coisa alheia\u201d, sujeito \u00e0 deten\u00e7\u00e3o de um a seis meses, ou multa.<\/p>\n<p>Foto: Divulga\u00e7\u00e3o<br \/>\nAratu On<\/p>\n","protected":false},"excerpt":{"rendered":"<p>Diverg\u00eancia entre empres\u00e1rio e advogado teve in\u00edcio em uma reuni\u00e3o de condom\u00ednio Uma diverg\u00eancia ap\u00f3s uma reuni\u00e3o de condom\u00ednio terminou<\/p>\n","protected":false},"author":4,"featured_media":9181,"comment_status":"open","ping_status":"open","sticky":false,"template":"","format":"standard","meta":{"colormag_page_container_layout":"default_layout","colormag_page_sidebar_layout":"default_layout","_FSMCFIC_featured_image_caption":"","_FSMCFIC_featured_image_nocaption":"","_FSMCFIC_featured_image_hide":"","footnotes":""},"categories":[2,1],"tags":[],"class_list":["post-9180","post","type-post","status-publish","format-standard","has-post-thumbnail","hentry","category-noticias","category-ultimas"],"yoast_head":"<!-- This site is optimized with the Yoast SEO plugin v27.1.1 - https:\/\/yoast.com\/product\/yoast-seo-wordpress\/ -->\n<title>Briga entre vizinhos no Corredor da Vit\u00f3ria termina com carro de R$ 800 mil vandalizado - Brasil not\u00edcias<\/title>\n<meta name=\"robots\" content=\"index, follow, max-snippet:-1, max-image-preview:large, max-video-preview:-1\" \/>\n<link rel=\"canonical\" href=\"https:\/\/brasilnoticias.org\/site\/briga-entre-vizinhos-no-corredor-da-vitoria-termina-com-carro-de-r-800-mil-vandalizado\/\" \/>\n<meta property=\"og:locale\" content=\"pt_PT\" \/>\n<meta property=\"og:type\" content=\"article\" \/>\n<meta property=\"og:title\" content=\"Briga entre vizinhos no Corredor da Vit\u00f3ria termina com carro de R$ 800 mil vandalizado - Brasil not\u00edcias\" \/>\n<meta property=\"og:description\" content=\"Diverg\u00eancia entre empres\u00e1rio e advogado teve in\u00edcio em uma reuni\u00e3o de condom\u00ednio Uma diverg\u00eancia ap\u00f3s uma reuni\u00e3o de condom\u00ednio terminou\" \/>\n<meta property=\"og:url\" content=\"https:\/\/brasilnoticias.org\/site\/briga-entre-vizinhos-no-corredor-da-vitoria-termina-com-carro-de-r-800-mil-vandalizado\/\" \/>\n<meta property=\"og:site_name\" content=\"Brasil not\u00edcias\" \/>\n<meta property=\"article:published_time\" content=\"2023-09-13T11:00:42+00:00\" \/>\n<meta property=\"og:image\" content=\"https:\/\/brasilnoticias.org\/site\/wp-content\/uploads\/2023\/09\/garagem-bmw-riscada.jpg\" \/>\n\t<meta property=\"og:image:width\" content=\"740\" \/>\n\t<meta property=\"og:image:height\" content=\"470\" \/>\n\t<meta property=\"og:image:type\" content=\"image\/jpeg\" \/>\n<meta name=\"author\" content=\"Reda\u00e7\u00e3o\" \/>\n<meta name=\"twitter:card\" content=\"summary_large_image\" \/>\n<meta name=\"twitter:label1\" content=\"Escrito por\" \/>\n\t<meta name=\"twitter:data1\" content=\"Reda\u00e7\u00e3o\" \/>\n<script type=\"application\/ld+json\" class=\"yoast-schema-graph\">{\"@context\":\"https:\/\/schema.org\",\"@graph\":[{\"@type\":\"Article\",\"@id\":\"https:\/\/brasilnoticias.org\/site\/briga-entre-vizinhos-no-corredor-da-vitoria-termina-com-carro-de-r-800-mil-vandalizado\/#article\",\"isPartOf\":{\"@id\":\"https:\/\/brasilnoticias.org\/site\/briga-entre-vizinhos-no-corredor-da-vitoria-termina-com-carro-de-r-800-mil-vandalizado\/\"},\"author\":{\"name\":\"Reda\u00e7\u00e3o\",\"@id\":\"https:\/\/brasilnoticias.org\/site\/#\/schema\/person\/03bbbfe6c7634ad18c26444ea39049fa\"},\"headline\":\"Briga entre vizinhos no Corredor da Vit\u00f3ria termina com carro de R$ 800 mil vandalizado\",\"datePublished\":\"2023-09-13T11:00:42+00:00\",\"mainEntityOfPage\":{\"@id\":\"https:\/\/brasilnoticias.org\/site\/briga-entre-vizinhos-no-corredor-da-vitoria-termina-com-carro-de-r-800-mil-vandalizado\/\"},\"wordCount\":738,\"commentCount\":0,\"publisher\":{\"@id\":\"https:\/\/brasilnoticias.org\/site\/#organization\"},\"image\":{\"@id\":\"https:\/\/brasilnoticias.org\/site\/briga-entre-vizinhos-no-corredor-da-vitoria-termina-com-carro-de-r-800-mil-vandalizado\/#primaryimage\"},\"thumbnailUrl\":\"https:\/\/brasilnoticias.org\/site\/wp-content\/uploads\/2023\/09\/garagem-bmw-riscada.jpg\",\"articleSection\":[\"Not\u00edcias\",\"\u00daltimas\"],\"inLanguage\":\"pt-PT\",\"potentialAction\":[{\"@type\":\"CommentAction\",\"name\":\"Comment\",\"target\":[\"https:\/\/brasilnoticias.org\/site\/briga-entre-vizinhos-no-corredor-da-vitoria-termina-com-carro-de-r-800-mil-vandalizado\/#respond\"]}]},{\"@type\":\"WebPage\",\"@id\":\"https:\/\/brasilnoticias.org\/site\/briga-entre-vizinhos-no-corredor-da-vitoria-termina-com-carro-de-r-800-mil-vandalizado\/\",\"url\":\"https:\/\/brasilnoticias.org\/site\/briga-entre-vizinhos-no-corredor-da-vitoria-termina-com-carro-de-r-800-mil-vandalizado\/\",\"name\":\"Briga entre vizinhos no Corredor da Vit\u00f3ria termina com carro de R$ 800 mil vandalizado - Brasil not\u00edcias\",\"isPartOf\":{\"@id\":\"https:\/\/brasilnoticias.org\/site\/#website\"},\"primaryImageOfPage\":{\"@id\":\"https:\/\/brasilnoticias.org\/site\/briga-entre-vizinhos-no-corredor-da-vitoria-termina-com-carro-de-r-800-mil-vandalizado\/#primaryimage\"},\"image\":{\"@id\":\"https:\/\/brasilnoticias.org\/site\/briga-entre-vizinhos-no-corredor-da-vitoria-termina-com-carro-de-r-800-mil-vandalizado\/#primaryimage\"},\"thumbnailUrl\":\"https:\/\/brasilnoticias.org\/site\/wp-content\/uploads\/2023\/09\/garagem-bmw-riscada.jpg\",\"datePublished\":\"2023-09-13T11:00:42+00:00\",\"breadcrumb\":{\"@id\":\"https:\/\/brasilnoticias.org\/site\/briga-entre-vizinhos-no-corredor-da-vitoria-termina-com-carro-de-r-800-mil-vandalizado\/#breadcrumb\"},\"inLanguage\":\"pt-PT\",\"potentialAction\":[{\"@type\":\"ReadAction\",\"target\":[\"https:\/\/brasilnoticias.org\/site\/briga-entre-vizinhos-no-corredor-da-vitoria-termina-com-carro-de-r-800-mil-vandalizado\/\"]}]},{\"@type\":\"ImageObject\",\"inLanguage\":\"pt-PT\",\"@id\":\"https:\/\/brasilnoticias.org\/site\/briga-entre-vizinhos-no-corredor-da-vitoria-termina-com-carro-de-r-800-mil-vandalizado\/#primaryimage\",\"url\":\"https:\/\/brasilnoticias.org\/site\/wp-content\/uploads\/2023\/09\/garagem-bmw-riscada.jpg\",\"contentUrl\":\"https:\/\/brasilnoticias.org\/site\/wp-content\/uploads\/2023\/09\/garagem-bmw-riscada.jpg\",\"width\":740,\"height\":470},{\"@type\":\"BreadcrumbList\",\"@id\":\"https:\/\/brasilnoticias.org\/site\/briga-entre-vizinhos-no-corredor-da-vitoria-termina-com-carro-de-r-800-mil-vandalizado\/#breadcrumb\",\"itemListElement\":[{\"@type\":\"ListItem\",\"position\":1,\"name\":\"In\u00edcio\",\"item\":\"https:\/\/brasilnoticias.org\/site\/\"},{\"@type\":\"ListItem\",\"position\":2,\"name\":\"Briga entre vizinhos no Corredor da Vit\u00f3ria termina com carro de R$ 800 mil vandalizado\"}]},{\"@type\":\"WebSite\",\"@id\":\"https:\/\/brasilnoticias.org\/site\/#website\",\"url\":\"https:\/\/brasilnoticias.org\/site\/\",\"name\":\"Brasil not\u00edcias\",\"description\":\"Brasil not\u00edcias\",\"publisher\":{\"@id\":\"https:\/\/brasilnoticias.org\/site\/#organization\"},\"potentialAction\":[{\"@type\":\"SearchAction\",\"target\":{\"@type\":\"EntryPoint\",\"urlTemplate\":\"https:\/\/brasilnoticias.org\/site\/?s={search_term_string}\"},\"query-input\":{\"@type\":\"PropertyValueSpecification\",\"valueRequired\":true,\"valueName\":\"search_term_string\"}}],\"inLanguage\":\"pt-PT\"},{\"@type\":\"Organization\",\"@id\":\"https:\/\/brasilnoticias.org\/site\/#organization\",\"name\":\"Brasil not\u00edcias\",\"url\":\"https:\/\/brasilnoticias.org\/site\/\",\"logo\":{\"@type\":\"ImageObject\",\"inLanguage\":\"pt-PT\",\"@id\":\"https:\/\/brasilnoticias.org\/site\/#\/schema\/logo\/image\/\",\"url\":\"https:\/\/brasilnoticias.org\/site\/wp-content\/uploads\/2022\/05\/cropped-brasilnoticias-mini.jpg\",\"contentUrl\":\"https:\/\/brasilnoticias.org\/site\/wp-content\/uploads\/2022\/05\/cropped-brasilnoticias-mini.jpg\",\"width\":314,\"height\":86,\"caption\":\"Brasil not\u00edcias\"},\"image\":{\"@id\":\"https:\/\/brasilnoticias.org\/site\/#\/schema\/logo\/image\/\"}},{\"@type\":\"Person\",\"@id\":\"https:\/\/brasilnoticias.org\/site\/#\/schema\/person\/03bbbfe6c7634ad18c26444ea39049fa\",\"name\":\"Reda\u00e7\u00e3o\",\"image\":{\"@type\":\"ImageObject\",\"inLanguage\":\"pt-PT\",\"@id\":\"https:\/\/brasilnoticias.org\/site\/#\/schema\/person\/image\/\",\"url\":\"https:\/\/secure.gravatar.com\/avatar\/9ecaf7327a696cb23ad926fedded5f1f04d7049de9e445375d55b48c001a6e42?s=96&d=mm&r=g\",\"contentUrl\":\"https:\/\/secure.gravatar.com\/avatar\/9ecaf7327a696cb23ad926fedded5f1f04d7049de9e445375d55b48c001a6e42?s=96&d=mm&r=g\",\"caption\":\"Reda\u00e7\u00e3o\"},\"url\":\"https:\/\/brasilnoticias.org\/site\/author\/henrique\/\"}]}<\/script>\n<!-- \/ Yoast SEO plugin. -->","yoast_head_json":{"title":"Briga entre vizinhos no Corredor da Vit\u00f3ria termina com carro de R$ 800 mil vandalizado - Brasil not\u00edcias","robots":{"index":"index","follow":"follow","max-snippet":"max-snippet:-1","max-image-preview":"max-image-preview:large","max-video-preview":"max-video-preview:-1"},"canonical":"https:\/\/brasilnoticias.org\/site\/briga-entre-vizinhos-no-corredor-da-vitoria-termina-com-carro-de-r-800-mil-vandalizado\/","og_locale":"pt_PT","og_type":"article","og_title":"Briga entre vizinhos no Corredor da Vit\u00f3ria termina com carro de R$ 800 mil vandalizado - Brasil not\u00edcias","og_description":"Diverg\u00eancia entre empres\u00e1rio e advogado teve in\u00edcio em uma reuni\u00e3o de condom\u00ednio Uma diverg\u00eancia ap\u00f3s uma reuni\u00e3o de condom\u00ednio terminou","og_url":"https:\/\/brasilnoticias.org\/site\/briga-entre-vizinhos-no-corredor-da-vitoria-termina-com-carro-de-r-800-mil-vandalizado\/","og_site_name":"Brasil not\u00edcias","article_published_time":"2023-09-13T11:00:42+00:00","og_image":[{"width":740,"height":470,"url":"https:\/\/brasilnoticias.org\/site\/wp-content\/uploads\/2023\/09\/garagem-bmw-riscada.jpg","type":"image\/jpeg"}],"author":"Reda\u00e7\u00e3o","twitter_card":"summary_large_image","twitter_misc":{"Escrito por":"Reda\u00e7\u00e3o"},"schema":{"@context":"https:\/\/schema.org","@graph":[{"@type":"Article","@id":"https:\/\/brasilnoticias.org\/site\/briga-entre-vizinhos-no-corredor-da-vitoria-termina-com-carro-de-r-800-mil-vandalizado\/#article","isPartOf":{"@id":"https:\/\/brasilnoticias.org\/site\/briga-entre-vizinhos-no-corredor-da-vitoria-termina-com-carro-de-r-800-mil-vandalizado\/"},"author":{"name":"Reda\u00e7\u00e3o","@id":"https:\/\/brasilnoticias.org\/site\/#\/schema\/person\/03bbbfe6c7634ad18c26444ea39049fa"},"headline":"Briga entre vizinhos no Corredor da Vit\u00f3ria termina com carro de R$ 800 mil vandalizado","datePublished":"2023-09-13T11:00:42+00:00","mainEntityOfPage":{"@id":"https:\/\/brasilnoticias.org\/site\/briga-entre-vizinhos-no-corredor-da-vitoria-termina-com-carro-de-r-800-mil-vandalizado\/"},"wordCount":738,"commentCount":0,"publisher":{"@id":"https:\/\/brasilnoticias.org\/site\/#organization"},"image":{"@id":"https:\/\/brasilnoticias.org\/site\/briga-entre-vizinhos-no-corredor-da-vitoria-termina-com-carro-de-r-800-mil-vandalizado\/#primaryimage"},"thumbnailUrl":"https:\/\/brasilnoticias.org\/site\/wp-content\/uploads\/2023\/09\/garagem-bmw-riscada.jpg","articleSection":["Not\u00edcias","\u00daltimas"],"inLanguage":"pt-PT","potentialAction":[{"@type":"CommentAction","name":"Comment","target":["https:\/\/brasilnoticias.org\/site\/briga-entre-vizinhos-no-corredor-da-vitoria-termina-com-carro-de-r-800-mil-vandalizado\/#respond"]}]},{"@type":"WebPage","@id":"https:\/\/brasilnoticias.org\/site\/briga-entre-vizinhos-no-corredor-da-vitoria-termina-com-carro-de-r-800-mil-vandalizado\/","url":"https:\/\/brasilnoticias.org\/site\/briga-entre-vizinhos-no-corredor-da-vitoria-termina-com-carro-de-r-800-mil-vandalizado\/","name":"Briga entre vizinhos no Corredor da Vit\u00f3ria termina com carro de R$ 800 mil vandalizado - Brasil not\u00edcias","isPartOf":{"@id":"https:\/\/brasilnoticias.org\/site\/#website"},"primaryImageOfPage":{"@id":"https:\/\/brasilnoticias.org\/site\/briga-entre-vizinhos-no-corredor-da-vitoria-termina-com-carro-de-r-800-mil-vandalizado\/#primaryimage"},"image":{"@id":"https:\/\/brasilnoticias.org\/site\/briga-entre-vizinhos-no-corredor-da-vitoria-termina-com-carro-de-r-800-mil-vandalizado\/#primaryimage"},"thumbnailUrl":"https:\/\/brasilnoticias.org\/site\/wp-content\/uploads\/2023\/09\/garagem-bmw-riscada.jpg","datePublished":"2023-09-13T11:00:42+00:00","breadcrumb":{"@id":"https:\/\/brasilnoticias.org\/site\/briga-entre-vizinhos-no-corredor-da-vitoria-termina-com-carro-de-r-800-mil-vandalizado\/#breadcrumb"},"inLanguage":"pt-PT","potentialAction":[{"@type":"ReadAction","target":["https:\/\/brasilnoticias.org\/site\/briga-entre-vizinhos-no-corredor-da-vitoria-termina-com-carro-de-r-800-mil-vandalizado\/"]}]},{"@type":"ImageObject","inLanguage":"pt-PT","@id":"https:\/\/brasilnoticias.org\/site\/briga-entre-vizinhos-no-corredor-da-vitoria-termina-com-carro-de-r-800-mil-vandalizado\/#primaryimage","url":"https:\/\/brasilnoticias.org\/site\/wp-content\/uploads\/2023\/09\/garagem-bmw-riscada.jpg","contentUrl":"https:\/\/brasilnoticias.org\/site\/wp-content\/uploads\/2023\/09\/garagem-bmw-riscada.jpg","width":740,"height":470},{"@type":"BreadcrumbList","@id":"https:\/\/brasilnoticias.org\/site\/briga-entre-vizinhos-no-corredor-da-vitoria-termina-com-carro-de-r-800-mil-vandalizado\/#breadcrumb","itemListElement":[{"@type":"ListItem","position":1,"name":"In\u00edcio","item":"https:\/\/brasilnoticias.org\/site\/"},{"@type":"ListItem","position":2,"name":"Briga entre vizinhos no Corredor da Vit\u00f3ria termina com carro de R$ 800 mil vandalizado"}]},{"@type":"WebSite","@id":"https:\/\/brasilnoticias.org\/site\/#website","url":"https:\/\/brasilnoticias.org\/site\/","name":"Brasil not\u00edcias","description":"Brasil not\u00edcias","publisher":{"@id":"https:\/\/brasilnoticias.org\/site\/#organization"},"potentialAction":[{"@type":"SearchAction","target":{"@type":"EntryPoint","urlTemplate":"https:\/\/brasilnoticias.org\/site\/?s={search_term_string}"},"query-input":{"@type":"PropertyValueSpecification","valueRequired":true,"valueName":"search_term_string"}}],"inLanguage":"pt-PT"},{"@type":"Organization","@id":"https:\/\/brasilnoticias.org\/site\/#organization","name":"Brasil not\u00edcias","url":"https:\/\/brasilnoticias.org\/site\/","logo":{"@type":"ImageObject","inLanguage":"pt-PT","@id":"https:\/\/brasilnoticias.org\/site\/#\/schema\/logo\/image\/","url":"https:\/\/brasilnoticias.org\/site\/wp-content\/uploads\/2022\/05\/cropped-brasilnoticias-mini.jpg","contentUrl":"https:\/\/brasilnoticias.org\/site\/wp-content\/uploads\/2022\/05\/cropped-brasilnoticias-mini.jpg","width":314,"height":86,"caption":"Brasil not\u00edcias"},"image":{"@id":"https:\/\/brasilnoticias.org\/site\/#\/schema\/logo\/image\/"}},{"@type":"Person","@id":"https:\/\/brasilnoticias.org\/site\/#\/schema\/person\/03bbbfe6c7634ad18c26444ea39049fa","name":"Reda\u00e7\u00e3o","image":{"@type":"ImageObject","inLanguage":"pt-PT","@id":"https:\/\/brasilnoticias.org\/site\/#\/schema\/person\/image\/","url":"https:\/\/secure.gravatar.com\/avatar\/9ecaf7327a696cb23ad926fedded5f1f04d7049de9e445375d55b48c001a6e42?s=96&d=mm&r=g","contentUrl":"https:\/\/secure.gravatar.com\/avatar\/9ecaf7327a696cb23ad926fedded5f1f04d7049de9e445375d55b48c001a6e42?s=96&d=mm&r=g","caption":"Reda\u00e7\u00e3o"},"url":"https:\/\/brasilnoticias.org\/site\/author\/henrique\/"}]}},"_links":{"self":[{"href":"https:\/\/brasilnoticias.org\/site\/wp-json\/wp\/v2\/posts\/9180","targetHints":{"allow":["GET"]}}],"collection":[{"href":"https:\/\/brasilnoticias.org\/site\/wp-json\/wp\/v2\/posts"}],"about":[{"href":"https:\/\/brasilnoticias.org\/site\/wp-json\/wp\/v2\/types\/post"}],"author":[{"embeddable":true,"href":"https:\/\/brasilnoticias.org\/site\/wp-json\/wp\/v2\/users\/4"}],"replies":[{"embeddable":true,"href":"https:\/\/brasilnoticias.org\/site\/wp-json\/wp\/v2\/comments?post=9180"}],"version-history":[{"count":1,"href":"https:\/\/brasilnoticias.org\/site\/wp-json\/wp\/v2\/posts\/9180\/revisions"}],"predecessor-version":[{"id":9182,"href":"https:\/\/brasilnoticias.org\/site\/wp-json\/wp\/v2\/posts\/9180\/revisions\/9182"}],"wp:featuredmedia":[{"embeddable":true,"href":"https:\/\/brasilnoticias.org\/site\/wp-json\/wp\/v2\/media\/9181"}],"wp:attachment":[{"href":"https:\/\/brasilnoticias.org\/site\/wp-json\/wp\/v2\/media?parent=9180"}],"wp:term":[{"taxonomy":"category","embeddable":true,"href":"https:\/\/brasilnoticias.org\/site\/wp-json\/wp\/v2\/categories?post=9180"},{"taxonomy":"post_tag","embeddable":true,"href":"https:\/\/brasilnoticias.org\/site\/wp-json\/wp\/v2\/tags?post=9180"}],"curies":[{"name":"wp","href":"https:\/\/api.w.org\/{rel}","templated":true}]}}