{"id":9186,"date":"2023-09-13T10:00:18","date_gmt":"2023-09-13T13:00:18","guid":{"rendered":"https:\/\/brasilnoticias.org\/site\/?p=9186"},"modified":"2023-09-12T22:44:20","modified_gmt":"2023-09-13T01:44:20","slug":"apos-operacao-da-pf-bolsonaristas-temem-danos-a-candidatura-de-braga-netto-a-prefeitura-do-rio","status":"publish","type":"post","link":"https:\/\/brasilnoticias.org\/site\/apos-operacao-da-pf-bolsonaristas-temem-danos-a-candidatura-de-braga-netto-a-prefeitura-do-rio\/","title":{"rendered":"Ap\u00f3s opera\u00e7\u00e3o da PF, bolsonaristas temem danos \u00e0 candidatura de Braga Netto a prefeitura do Rio"},"content":{"rendered":"<p>Bolsonaristas avaliam que discurso de combate \u00e0 corru\u00e7\u00e3o do general contra Eduardo Paes pode ter perdido efeito<\/p>\n<p>O entorno do ex-presidente Jair Bolsonaro (PL) avalia que a opera\u00e7\u00e3o da Pol\u00edcia Federal, que apura suspeitas de fraude na interven\u00e7\u00e3o federal ocorrida na seguran\u00e7a do Rio de Janeiro, pode prejudicar a eventual candidatura do general Walter Braga Netto \u00e0 prefeitura da capital fluminense. <\/p>\n<p>Segundo o jornal O Globo, nos planos bolsonaristas, a candidatura do general giraria em torno de um discurso de combate \u00e0 corrup\u00e7\u00e3o, associando o atual prefeito do Rio Eduardo Paes (PSD) &#8211; que deve ser candidato \u00e0 reelei\u00e7\u00e3o &#8211; a antigas opera\u00e7\u00f5es policiais, dela\u00e7\u00f5es e \u00e0 antiga parceria com o ex-governador S\u00e9rgio Cabral (MDB).<\/p>\n<p>Com a opera\u00e7\u00e3o desta ter\u00e7a, dizem pessoas que integram a c\u00fapula do PL, cria-se uma esp\u00e9cie de &#8220;ant\u00eddoto&#8221; ao mote da campanha. Nos \u00faltimos dias, o pr\u00f3prio Braga Netto informou ao partido que preferia disputar um cargo em \u00e2mbito federal, em 2026. Os bolsonaristas, entretanto, defendem o plano municipal. Entre os motivos desta escolha, estariam justamente os poss\u00edveis ataques que sofreria durante uma corrida eleitoral de car\u00e1ter nacional.<\/p>\n<p>Foto: Marcos Corr\u00eaa\/PR<br \/>\nMetro1<\/p>\n","protected":false},"excerpt":{"rendered":"<p>Bolsonaristas avaliam que discurso de combate \u00e0 corru\u00e7\u00e3o do general contra Eduardo Paes pode ter perdido efeito O entorno do<\/p>\n","protected":false},"author":4,"featured_media":9187,"comment_status":"open","ping_status":"open","sticky":false,"template":"","format":"standard","meta":{"colormag_page_container_layout":"default_layout","colormag_page_sidebar_layout":"default_layout","_FSMCFIC_featured_image_caption":"","_FSMCFIC_featured_image_nocaption":"","_FSMCFIC_featured_image_hide":"","footnotes":""},"categories":[5,1],"tags":[],"class_list":["post-9186","post","type-post","status-publish","format-standard","has-post-thumbnail","hentry","category-politica","category-ultimas"],"yoast_head":"<!-- This site is optimized with the Yoast SEO plugin v27.1.1 - https:\/\/yoast.com\/product\/yoast-seo-wordpress\/ -->\n<title>Ap\u00f3s opera\u00e7\u00e3o da PF, bolsonaristas temem danos \u00e0 candidatura de Braga Netto a prefeitura do Rio - Brasil not\u00edcias<\/title>\n<meta name=\"robots\" content=\"index, follow, max-snippet:-1, max-image-preview:large, max-video-preview:-1\" \/>\n<link rel=\"canonical\" href=\"https:\/\/brasilnoticias.org\/site\/apos-operacao-da-pf-bolsonaristas-temem-danos-a-candidatura-de-braga-netto-a-prefeitura-do-rio\/\" \/>\n<meta property=\"og:locale\" content=\"pt_PT\" \/>\n<meta property=\"og:type\" content=\"article\" \/>\n<meta property=\"og:title\" content=\"Ap\u00f3s opera\u00e7\u00e3o da PF, bolsonaristas temem danos \u00e0 candidatura de Braga Netto a prefeitura do Rio - Brasil not\u00edcias\" \/>\n<meta property=\"og:description\" content=\"Bolsonaristas avaliam que discurso de combate \u00e0 corru\u00e7\u00e3o do general contra Eduardo Paes pode ter perdido efeito O entorno do\" \/>\n<meta property=\"og:url\" content=\"https:\/\/brasilnoticias.org\/site\/apos-operacao-da-pf-bolsonaristas-temem-danos-a-candidatura-de-braga-netto-a-prefeitura-do-rio\/\" \/>\n<meta property=\"og:site_name\" content=\"Brasil not\u00edcias\" \/>\n<meta property=\"article:published_time\" content=\"2023-09-13T13:00:18+00:00\" \/>\n<meta property=\"og:image\" content=\"https:\/\/brasilnoticias.org\/site\/wp-content\/uploads\/2023\/09\/140869apos-operacao-da-pf-bolsonaristas-temem-danos-a-candidatura-de-braga-netto-a-prefeitura-do-rio-3.jpg\" \/>\n\t<meta property=\"og:image:width\" content=\"1600\" \/>\n\t<meta property=\"og:image:height\" content=\"752\" \/>\n\t<meta property=\"og:image:type\" content=\"image\/jpeg\" \/>\n<meta name=\"author\" content=\"Reda\u00e7\u00e3o\" \/>\n<meta name=\"twitter:card\" content=\"summary_large_image\" \/>\n<meta name=\"twitter:label1\" content=\"Escrito por\" \/>\n\t<meta name=\"twitter:data1\" content=\"Reda\u00e7\u00e3o\" \/>\n<script type=\"application\/ld+json\" class=\"yoast-schema-graph\">{\"@context\":\"https:\/\/schema.org\",\"@graph\":[{\"@type\":\"Article\",\"@id\":\"https:\/\/brasilnoticias.org\/site\/apos-operacao-da-pf-bolsonaristas-temem-danos-a-candidatura-de-braga-netto-a-prefeitura-do-rio\/#article\",\"isPartOf\":{\"@id\":\"https:\/\/brasilnoticias.org\/site\/apos-operacao-da-pf-bolsonaristas-temem-danos-a-candidatura-de-braga-netto-a-prefeitura-do-rio\/\"},\"author\":{\"name\":\"Reda\u00e7\u00e3o\",\"@id\":\"https:\/\/brasilnoticias.org\/site\/#\/schema\/person\/03bbbfe6c7634ad18c26444ea39049fa\"},\"headline\":\"Ap\u00f3s opera\u00e7\u00e3o da PF, bolsonaristas temem danos \u00e0 candidatura de Braga Netto a prefeitura do Rio\",\"datePublished\":\"2023-09-13T13:00:18+00:00\",\"mainEntityOfPage\":{\"@id\":\"https:\/\/brasilnoticias.org\/site\/apos-operacao-da-pf-bolsonaristas-temem-danos-a-candidatura-de-braga-netto-a-prefeitura-do-rio\/\"},\"wordCount\":218,\"commentCount\":0,\"publisher\":{\"@id\":\"https:\/\/brasilnoticias.org\/site\/#organization\"},\"image\":{\"@id\":\"https:\/\/brasilnoticias.org\/site\/apos-operacao-da-pf-bolsonaristas-temem-danos-a-candidatura-de-braga-netto-a-prefeitura-do-rio\/#primaryimage\"},\"thumbnailUrl\":\"https:\/\/brasilnoticias.org\/site\/wp-content\/uploads\/2023\/09\/140869apos-operacao-da-pf-bolsonaristas-temem-danos-a-candidatura-de-braga-netto-a-prefeitura-do-rio-3.jpg\",\"articleSection\":[\"Pol\u00edtica\",\"\u00daltimas\"],\"inLanguage\":\"pt-PT\",\"potentialAction\":[{\"@type\":\"CommentAction\",\"name\":\"Comment\",\"target\":[\"https:\/\/brasilnoticias.org\/site\/apos-operacao-da-pf-bolsonaristas-temem-danos-a-candidatura-de-braga-netto-a-prefeitura-do-rio\/#respond\"]}]},{\"@type\":\"WebPage\",\"@id\":\"https:\/\/brasilnoticias.org\/site\/apos-operacao-da-pf-bolsonaristas-temem-danos-a-candidatura-de-braga-netto-a-prefeitura-do-rio\/\",\"url\":\"https:\/\/brasilnoticias.org\/site\/apos-operacao-da-pf-bolsonaristas-temem-danos-a-candidatura-de-braga-netto-a-prefeitura-do-rio\/\",\"name\":\"Ap\u00f3s opera\u00e7\u00e3o da PF, bolsonaristas temem danos \u00e0 candidatura de Braga Netto a prefeitura do Rio - Brasil not\u00edcias\",\"isPartOf\":{\"@id\":\"https:\/\/brasilnoticias.org\/site\/#website\"},\"primaryImageOfPage\":{\"@id\":\"https:\/\/brasilnoticias.org\/site\/apos-operacao-da-pf-bolsonaristas-temem-danos-a-candidatura-de-braga-netto-a-prefeitura-do-rio\/#primaryimage\"},\"image\":{\"@id\":\"https:\/\/brasilnoticias.org\/site\/apos-operacao-da-pf-bolsonaristas-temem-danos-a-candidatura-de-braga-netto-a-prefeitura-do-rio\/#primaryimage\"},\"thumbnailUrl\":\"https:\/\/brasilnoticias.org\/site\/wp-content\/uploads\/2023\/09\/140869apos-operacao-da-pf-bolsonaristas-temem-danos-a-candidatura-de-braga-netto-a-prefeitura-do-rio-3.jpg\",\"datePublished\":\"2023-09-13T13:00:18+00:00\",\"breadcrumb\":{\"@id\":\"https:\/\/brasilnoticias.org\/site\/apos-operacao-da-pf-bolsonaristas-temem-danos-a-candidatura-de-braga-netto-a-prefeitura-do-rio\/#breadcrumb\"},\"inLanguage\":\"pt-PT\",\"potentialAction\":[{\"@type\":\"ReadAction\",\"target\":[\"https:\/\/brasilnoticias.org\/site\/apos-operacao-da-pf-bolsonaristas-temem-danos-a-candidatura-de-braga-netto-a-prefeitura-do-rio\/\"]}]},{\"@type\":\"ImageObject\",\"inLanguage\":\"pt-PT\",\"@id\":\"https:\/\/brasilnoticias.org\/site\/apos-operacao-da-pf-bolsonaristas-temem-danos-a-candidatura-de-braga-netto-a-prefeitura-do-rio\/#primaryimage\",\"url\":\"https:\/\/brasilnoticias.org\/site\/wp-content\/uploads\/2023\/09\/140869apos-operacao-da-pf-bolsonaristas-temem-danos-a-candidatura-de-braga-netto-a-prefeitura-do-rio-3.jpg\",\"contentUrl\":\"https:\/\/brasilnoticias.org\/site\/wp-content\/uploads\/2023\/09\/140869apos-operacao-da-pf-bolsonaristas-temem-danos-a-candidatura-de-braga-netto-a-prefeitura-do-rio-3.jpg\",\"width\":1600,\"height\":752},{\"@type\":\"BreadcrumbList\",\"@id\":\"https:\/\/brasilnoticias.org\/site\/apos-operacao-da-pf-bolsonaristas-temem-danos-a-candidatura-de-braga-netto-a-prefeitura-do-rio\/#breadcrumb\",\"itemListElement\":[{\"@type\":\"ListItem\",\"position\":1,\"name\":\"In\u00edcio\",\"item\":\"https:\/\/brasilnoticias.org\/site\/\"},{\"@type\":\"ListItem\",\"position\":2,\"name\":\"Ap\u00f3s opera\u00e7\u00e3o da PF, bolsonaristas temem danos \u00e0 candidatura de Braga Netto a prefeitura do Rio\"}]},{\"@type\":\"WebSite\",\"@id\":\"https:\/\/brasilnoticias.org\/site\/#website\",\"url\":\"https:\/\/brasilnoticias.org\/site\/\",\"name\":\"Brasil not\u00edcias\",\"description\":\"Brasil not\u00edcias\",\"publisher\":{\"@id\":\"https:\/\/brasilnoticias.org\/site\/#organization\"},\"potentialAction\":[{\"@type\":\"SearchAction\",\"target\":{\"@type\":\"EntryPoint\",\"urlTemplate\":\"https:\/\/brasilnoticias.org\/site\/?s={search_term_string}\"},\"query-input\":{\"@type\":\"PropertyValueSpecification\",\"valueRequired\":true,\"valueName\":\"search_term_string\"}}],\"inLanguage\":\"pt-PT\"},{\"@type\":\"Organization\",\"@id\":\"https:\/\/brasilnoticias.org\/site\/#organization\",\"name\":\"Brasil not\u00edcias\",\"url\":\"https:\/\/brasilnoticias.org\/site\/\",\"logo\":{\"@type\":\"ImageObject\",\"inLanguage\":\"pt-PT\",\"@id\":\"https:\/\/brasilnoticias.org\/site\/#\/schema\/logo\/image\/\",\"url\":\"https:\/\/brasilnoticias.org\/site\/wp-content\/uploads\/2022\/05\/cropped-brasilnoticias-mini.jpg\",\"contentUrl\":\"https:\/\/brasilnoticias.org\/site\/wp-content\/uploads\/2022\/05\/cropped-brasilnoticias-mini.jpg\",\"width\":314,\"height\":86,\"caption\":\"Brasil not\u00edcias\"},\"image\":{\"@id\":\"https:\/\/brasilnoticias.org\/site\/#\/schema\/logo\/image\/\"}},{\"@type\":\"Person\",\"@id\":\"https:\/\/brasilnoticias.org\/site\/#\/schema\/person\/03bbbfe6c7634ad18c26444ea39049fa\",\"name\":\"Reda\u00e7\u00e3o\",\"image\":{\"@type\":\"ImageObject\",\"inLanguage\":\"pt-PT\",\"@id\":\"https:\/\/brasilnoticias.org\/site\/#\/schema\/person\/image\/\",\"url\":\"https:\/\/secure.gravatar.com\/avatar\/9ecaf7327a696cb23ad926fedded5f1f04d7049de9e445375d55b48c001a6e42?s=96&d=mm&r=g\",\"contentUrl\":\"https:\/\/secure.gravatar.com\/avatar\/9ecaf7327a696cb23ad926fedded5f1f04d7049de9e445375d55b48c001a6e42?s=96&d=mm&r=g\",\"caption\":\"Reda\u00e7\u00e3o\"},\"url\":\"https:\/\/brasilnoticias.org\/site\/author\/henrique\/\"}]}<\/script>\n<!-- \/ Yoast SEO plugin. -->","yoast_head_json":{"title":"Ap\u00f3s opera\u00e7\u00e3o da PF, bolsonaristas temem danos \u00e0 candidatura de Braga Netto a prefeitura do Rio - Brasil not\u00edcias","robots":{"index":"index","follow":"follow","max-snippet":"max-snippet:-1","max-image-preview":"max-image-preview:large","max-video-preview":"max-video-preview:-1"},"canonical":"https:\/\/brasilnoticias.org\/site\/apos-operacao-da-pf-bolsonaristas-temem-danos-a-candidatura-de-braga-netto-a-prefeitura-do-rio\/","og_locale":"pt_PT","og_type":"article","og_title":"Ap\u00f3s opera\u00e7\u00e3o da PF, bolsonaristas temem danos \u00e0 candidatura de Braga Netto a prefeitura do Rio - Brasil not\u00edcias","og_description":"Bolsonaristas avaliam que discurso de combate \u00e0 corru\u00e7\u00e3o do general contra Eduardo Paes pode ter perdido efeito O entorno do","og_url":"https:\/\/brasilnoticias.org\/site\/apos-operacao-da-pf-bolsonaristas-temem-danos-a-candidatura-de-braga-netto-a-prefeitura-do-rio\/","og_site_name":"Brasil not\u00edcias","article_published_time":"2023-09-13T13:00:18+00:00","og_image":[{"width":1600,"height":752,"url":"https:\/\/brasilnoticias.org\/site\/wp-content\/uploads\/2023\/09\/140869apos-operacao-da-pf-bolsonaristas-temem-danos-a-candidatura-de-braga-netto-a-prefeitura-do-rio-3.jpg","type":"image\/jpeg"}],"author":"Reda\u00e7\u00e3o","twitter_card":"summary_large_image","twitter_misc":{"Escrito por":"Reda\u00e7\u00e3o"},"schema":{"@context":"https:\/\/schema.org","@graph":[{"@type":"Article","@id":"https:\/\/brasilnoticias.org\/site\/apos-operacao-da-pf-bolsonaristas-temem-danos-a-candidatura-de-braga-netto-a-prefeitura-do-rio\/#article","isPartOf":{"@id":"https:\/\/brasilnoticias.org\/site\/apos-operacao-da-pf-bolsonaristas-temem-danos-a-candidatura-de-braga-netto-a-prefeitura-do-rio\/"},"author":{"name":"Reda\u00e7\u00e3o","@id":"https:\/\/brasilnoticias.org\/site\/#\/schema\/person\/03bbbfe6c7634ad18c26444ea39049fa"},"headline":"Ap\u00f3s opera\u00e7\u00e3o da PF, bolsonaristas temem danos \u00e0 candidatura de Braga Netto a prefeitura do Rio","datePublished":"2023-09-13T13:00:18+00:00","mainEntityOfPage":{"@id":"https:\/\/brasilnoticias.org\/site\/apos-operacao-da-pf-bolsonaristas-temem-danos-a-candidatura-de-braga-netto-a-prefeitura-do-rio\/"},"wordCount":218,"commentCount":0,"publisher":{"@id":"https:\/\/brasilnoticias.org\/site\/#organization"},"image":{"@id":"https:\/\/brasilnoticias.org\/site\/apos-operacao-da-pf-bolsonaristas-temem-danos-a-candidatura-de-braga-netto-a-prefeitura-do-rio\/#primaryimage"},"thumbnailUrl":"https:\/\/brasilnoticias.org\/site\/wp-content\/uploads\/2023\/09\/140869apos-operacao-da-pf-bolsonaristas-temem-danos-a-candidatura-de-braga-netto-a-prefeitura-do-rio-3.jpg","articleSection":["Pol\u00edtica","\u00daltimas"],"inLanguage":"pt-PT","potentialAction":[{"@type":"CommentAction","name":"Comment","target":["https:\/\/brasilnoticias.org\/site\/apos-operacao-da-pf-bolsonaristas-temem-danos-a-candidatura-de-braga-netto-a-prefeitura-do-rio\/#respond"]}]},{"@type":"WebPage","@id":"https:\/\/brasilnoticias.org\/site\/apos-operacao-da-pf-bolsonaristas-temem-danos-a-candidatura-de-braga-netto-a-prefeitura-do-rio\/","url":"https:\/\/brasilnoticias.org\/site\/apos-operacao-da-pf-bolsonaristas-temem-danos-a-candidatura-de-braga-netto-a-prefeitura-do-rio\/","name":"Ap\u00f3s opera\u00e7\u00e3o da PF, bolsonaristas temem danos \u00e0 candidatura de Braga Netto a prefeitura do Rio - Brasil not\u00edcias","isPartOf":{"@id":"https:\/\/brasilnoticias.org\/site\/#website"},"primaryImageOfPage":{"@id":"https:\/\/brasilnoticias.org\/site\/apos-operacao-da-pf-bolsonaristas-temem-danos-a-candidatura-de-braga-netto-a-prefeitura-do-rio\/#primaryimage"},"image":{"@id":"https:\/\/brasilnoticias.org\/site\/apos-operacao-da-pf-bolsonaristas-temem-danos-a-candidatura-de-braga-netto-a-prefeitura-do-rio\/#primaryimage"},"thumbnailUrl":"https:\/\/brasilnoticias.org\/site\/wp-content\/uploads\/2023\/09\/140869apos-operacao-da-pf-bolsonaristas-temem-danos-a-candidatura-de-braga-netto-a-prefeitura-do-rio-3.jpg","datePublished":"2023-09-13T13:00:18+00:00","breadcrumb":{"@id":"https:\/\/brasilnoticias.org\/site\/apos-operacao-da-pf-bolsonaristas-temem-danos-a-candidatura-de-braga-netto-a-prefeitura-do-rio\/#breadcrumb"},"inLanguage":"pt-PT","potentialAction":[{"@type":"ReadAction","target":["https:\/\/brasilnoticias.org\/site\/apos-operacao-da-pf-bolsonaristas-temem-danos-a-candidatura-de-braga-netto-a-prefeitura-do-rio\/"]}]},{"@type":"ImageObject","inLanguage":"pt-PT","@id":"https:\/\/brasilnoticias.org\/site\/apos-operacao-da-pf-bolsonaristas-temem-danos-a-candidatura-de-braga-netto-a-prefeitura-do-rio\/#primaryimage","url":"https:\/\/brasilnoticias.org\/site\/wp-content\/uploads\/2023\/09\/140869apos-operacao-da-pf-bolsonaristas-temem-danos-a-candidatura-de-braga-netto-a-prefeitura-do-rio-3.jpg","contentUrl":"https:\/\/brasilnoticias.org\/site\/wp-content\/uploads\/2023\/09\/140869apos-operacao-da-pf-bolsonaristas-temem-danos-a-candidatura-de-braga-netto-a-prefeitura-do-rio-3.jpg","width":1600,"height":752},{"@type":"BreadcrumbList","@id":"https:\/\/brasilnoticias.org\/site\/apos-operacao-da-pf-bolsonaristas-temem-danos-a-candidatura-de-braga-netto-a-prefeitura-do-rio\/#breadcrumb","itemListElement":[{"@type":"ListItem","position":1,"name":"In\u00edcio","item":"https:\/\/brasilnoticias.org\/site\/"},{"@type":"ListItem","position":2,"name":"Ap\u00f3s opera\u00e7\u00e3o da PF, bolsonaristas temem danos \u00e0 candidatura de Braga Netto a prefeitura do Rio"}]},{"@type":"WebSite","@id":"https:\/\/brasilnoticias.org\/site\/#website","url":"https:\/\/brasilnoticias.org\/site\/","name":"Brasil not\u00edcias","description":"Brasil not\u00edcias","publisher":{"@id":"https:\/\/brasilnoticias.org\/site\/#organization"},"potentialAction":[{"@type":"SearchAction","target":{"@type":"EntryPoint","urlTemplate":"https:\/\/brasilnoticias.org\/site\/?s={search_term_string}"},"query-input":{"@type":"PropertyValueSpecification","valueRequired":true,"valueName":"search_term_string"}}],"inLanguage":"pt-PT"},{"@type":"Organization","@id":"https:\/\/brasilnoticias.org\/site\/#organization","name":"Brasil not\u00edcias","url":"https:\/\/brasilnoticias.org\/site\/","logo":{"@type":"ImageObject","inLanguage":"pt-PT","@id":"https:\/\/brasilnoticias.org\/site\/#\/schema\/logo\/image\/","url":"https:\/\/brasilnoticias.org\/site\/wp-content\/uploads\/2022\/05\/cropped-brasilnoticias-mini.jpg","contentUrl":"https:\/\/brasilnoticias.org\/site\/wp-content\/uploads\/2022\/05\/cropped-brasilnoticias-mini.jpg","width":314,"height":86,"caption":"Brasil not\u00edcias"},"image":{"@id":"https:\/\/brasilnoticias.org\/site\/#\/schema\/logo\/image\/"}},{"@type":"Person","@id":"https:\/\/brasilnoticias.org\/site\/#\/schema\/person\/03bbbfe6c7634ad18c26444ea39049fa","name":"Reda\u00e7\u00e3o","image":{"@type":"ImageObject","inLanguage":"pt-PT","@id":"https:\/\/brasilnoticias.org\/site\/#\/schema\/person\/image\/","url":"https:\/\/secure.gravatar.com\/avatar\/9ecaf7327a696cb23ad926fedded5f1f04d7049de9e445375d55b48c001a6e42?s=96&d=mm&r=g","contentUrl":"https:\/\/secure.gravatar.com\/avatar\/9ecaf7327a696cb23ad926fedded5f1f04d7049de9e445375d55b48c001a6e42?s=96&d=mm&r=g","caption":"Reda\u00e7\u00e3o"},"url":"https:\/\/brasilnoticias.org\/site\/author\/henrique\/"}]}},"_links":{"self":[{"href":"https:\/\/brasilnoticias.org\/site\/wp-json\/wp\/v2\/posts\/9186","targetHints":{"allow":["GET"]}}],"collection":[{"href":"https:\/\/brasilnoticias.org\/site\/wp-json\/wp\/v2\/posts"}],"about":[{"href":"https:\/\/brasilnoticias.org\/site\/wp-json\/wp\/v2\/types\/post"}],"author":[{"embeddable":true,"href":"https:\/\/brasilnoticias.org\/site\/wp-json\/wp\/v2\/users\/4"}],"replies":[{"embeddable":true,"href":"https:\/\/brasilnoticias.org\/site\/wp-json\/wp\/v2\/comments?post=9186"}],"version-history":[{"count":1,"href":"https:\/\/brasilnoticias.org\/site\/wp-json\/wp\/v2\/posts\/9186\/revisions"}],"predecessor-version":[{"id":9188,"href":"https:\/\/brasilnoticias.org\/site\/wp-json\/wp\/v2\/posts\/9186\/revisions\/9188"}],"wp:featuredmedia":[{"embeddable":true,"href":"https:\/\/brasilnoticias.org\/site\/wp-json\/wp\/v2\/media\/9187"}],"wp:attachment":[{"href":"https:\/\/brasilnoticias.org\/site\/wp-json\/wp\/v2\/media?parent=9186"}],"wp:term":[{"taxonomy":"category","embeddable":true,"href":"https:\/\/brasilnoticias.org\/site\/wp-json\/wp\/v2\/categories?post=9186"},{"taxonomy":"post_tag","embeddable":true,"href":"https:\/\/brasilnoticias.org\/site\/wp-json\/wp\/v2\/tags?post=9186"}],"curies":[{"name":"wp","href":"https:\/\/api.w.org\/{rel}","templated":true}]}}