{"id":9190,"date":"2023-09-13T19:29:46","date_gmt":"2023-09-13T22:29:46","guid":{"rendered":"https:\/\/brasilnoticias.org\/site\/?p=9190"},"modified":"2023-09-13T19:29:46","modified_gmt":"2023-09-13T22:29:46","slug":"brasileiro-foragido-e-capturado-pela-policia-da-pensilvania-nos-eua","status":"publish","type":"post","link":"https:\/\/brasilnoticias.org\/site\/brasileiro-foragido-e-capturado-pela-policia-da-pensilvania-nos-eua\/","title":{"rendered":"Brasileiro foragido \u00e9 capturado pela pol\u00edcia da Pensilv\u00e2nia nos EUA"},"content":{"rendered":"<p>Danilo Cavalcante foi preso duas semanas ap\u00f3s fuga de pris\u00e3o; brasileiro foi condenado por assassinar a ex-namorada<\/p>\n<p>O brasileiro Danilo Cavalcante, que fugiu de um pres\u00eddio na Pensilv\u00e2nia, Estados Unidos, foi capturado nesta quarta-feira (13) pela pol\u00edcia do estado norte-americano. Ele estava foragido desde 31 de agosto e era considerado \u201cextremamente perigoso\u201d.<\/p>\n<p>O governador da Pensilv\u00e2nia, Josh Shapiro, afirmou que a pris\u00e3o foi realizada \u201csem tiros\u201d. \u201cPouco depois das 8h00, o nosso suspeito foi capturado\u201d, disse o governador numa coletiva de imprensa nesta quarta-feira.<\/p>\n<p>Logo ap\u00f3s a captura, Danilo teve a camisa rasgada pelos policiais.<\/p>\n<p>\u201cQuero dizer, em primeiro lugar, que gra\u00e7as a Deus n\u00e3o houve feridos nas autoridades ou no p\u00fablico. Obviamente ficamos profundamente preocupados depois que o suspeito conseguiu roubar uma arma\u201d.<\/p>\n<p>As escolas foram fechadas e os moradores foram colocados em alerta enquanto a pol\u00edcia procurava o fugitivo de 34 anos na \u00e1rea cerca de 32 quil\u00f4metros ao norte da pris\u00e3o da qual ele fugiu h\u00e1 duas semanas. Autoridades chegaram a oferecer uma recompensa de US$ 25 mil por informa\u00e7\u00f5es que levassem \u00e0 sua captura.<\/p>\n<p>No domingo (10), a pol\u00edcia divulgou novas imagens de c\u00e2meras de seguran\u00e7a de Danilo e informou que ele estava com um \u201cnovo visual\u201d, barbeado e usando um moletom verde com capuz e sapatos brancos.<\/p>\n<p>Na noite de segunda-feira (11), a Pol\u00edcia Estadual da Pensilv\u00e2nia recebeu um chamado de um morador relatando que um homem que se encaixa na descri\u00e7\u00e3o de Cavalcante invadiu sua casa e roubou um rifle de calibre .22 de sua garagem.<\/p>\n<p>O morador tamb\u00e9m disse que sacou uma pistola e come\u00e7ou a atirar no invasor, mas a pol\u00edcia afirma n\u00e3o ter \u201cnenhuma raz\u00e3o para acreditar\u201d que ele tenha sido atingido ou ferido.<\/p>\n<p>Irm\u00e3 presa<br \/>\nNo domingo (10), a Pol\u00edcia da Pensilv\u00e2nia prendeu a irm\u00e3 do fugitivo, Eleni Cavalcante, segundo Bivens. Ele disse que a mulher foi presa na alf\u00e2ndega dos EUA.<\/p>\n<p>Ela n\u00e3o colaborou com a pol\u00edcia e, como estava com o visto vencido, deve ser deportada em breve para o Brasil, seguindo a lei americana.<\/p>\n<p>Eleni foi uma das testemunhas do julgamento que condenou seu irm\u00e3o \u00e0 pris\u00e3o perp\u00e9tua.<\/p>\n<p>Relembre o caso<\/p>\n<p>Danilo Cavalcante, 34, fugiu da pris\u00e3o da cidade de Chester, na Pensilv\u00e2nia, Estados Unidos, no dia 31 de agosto. Ele escalou entre duas paredes que formavam um corredor estreito no p\u00e1tio da cadeia e subiuno telhado.<\/p>\n<p>O brasileiro havia sido condenado \u00e0 pris\u00e3o perp\u00e9tua sem liberdade condicional em 16 de agosto por esfaquear e matar sua ex-namorada em 2021.<\/p>\n<p>O governo local emitiu um comunicado informando a fuga, que teria ocorrido no turno da manh\u00e3 e que Cavalcante estava vestindo shorts cinza, camisa e t\u00eanis brancos.<\/p>\n<p>As autoridades ofereceram recompensa de US$ 10 mil (R$ 49,5 mil) por informa\u00e7\u00f5es que as levem ao foragido. O valor foi atualizado posteriormente para US$ 20 mil (R$ 99,5 mil).<\/p>\n<p>O Minist\u00e9rio P\u00fablico da cidade definiu Cavalcante como \u201cum homem extremamente perigoso\u201d.<\/p>\n<p>No Brasil, ele tamb\u00e9m \u00e9 procurado por um homic\u00eddio de 2017, motivo pelo qual ele fugiu do pa\u00eds, segundo Robert Clark, vice-supervisor do US Marshals Service.<\/p>\n<p>Foto: CBS News Philadelphia<br \/>\nCNN<\/p>\n","protected":false},"excerpt":{"rendered":"<p>Danilo Cavalcante foi preso duas semanas ap\u00f3s fuga de pris\u00e3o; brasileiro foi condenado por assassinar a ex-namorada O brasileiro Danilo<\/p>\n","protected":false},"author":4,"featured_media":9191,"comment_status":"open","ping_status":"open","sticky":false,"template":"","format":"standard","meta":{"colormag_page_container_layout":"default_layout","colormag_page_sidebar_layout":"default_layout","_FSMCFIC_featured_image_caption":"","_FSMCFIC_featured_image_nocaption":"","_FSMCFIC_featured_image_hide":"","footnotes":""},"categories":[3,1],"tags":[],"class_list":["post-9190","post","type-post","status-publish","format-standard","has-post-thumbnail","hentry","category-policia","category-ultimas"],"yoast_head":"<!-- This site is optimized with the Yoast SEO plugin v27.1.1 - https:\/\/yoast.com\/product\/yoast-seo-wordpress\/ -->\n<title>Brasileiro foragido \u00e9 capturado pela pol\u00edcia da Pensilv\u00e2nia nos EUA - Brasil not\u00edcias<\/title>\n<meta name=\"robots\" content=\"index, follow, max-snippet:-1, max-image-preview:large, max-video-preview:-1\" \/>\n<link rel=\"canonical\" href=\"https:\/\/brasilnoticias.org\/site\/brasileiro-foragido-e-capturado-pela-policia-da-pensilvania-nos-eua\/\" \/>\n<meta property=\"og:locale\" content=\"pt_PT\" \/>\n<meta property=\"og:type\" content=\"article\" \/>\n<meta property=\"og:title\" content=\"Brasileiro foragido \u00e9 capturado pela pol\u00edcia da Pensilv\u00e2nia nos EUA - Brasil not\u00edcias\" \/>\n<meta property=\"og:description\" content=\"Danilo Cavalcante foi preso duas semanas ap\u00f3s fuga de pris\u00e3o; brasileiro foi condenado por assassinar a ex-namorada O brasileiro Danilo\" \/>\n<meta property=\"og:url\" content=\"https:\/\/brasilnoticias.org\/site\/brasileiro-foragido-e-capturado-pela-policia-da-pensilvania-nos-eua\/\" \/>\n<meta property=\"og:site_name\" content=\"Brasil not\u00edcias\" \/>\n<meta property=\"article:published_time\" content=\"2023-09-13T22:29:46+00:00\" \/>\n<meta property=\"og:image\" content=\"https:\/\/brasilnoticias.org\/site\/wp-content\/uploads\/2023\/09\/e71b2c10-67b1-4f5c-a7c2-790e7b49b1bf.webp\" \/>\n\t<meta property=\"og:image:width\" content=\"732\" \/>\n\t<meta property=\"og:image:height\" content=\"412\" \/>\n\t<meta property=\"og:image:type\" content=\"image\/webp\" \/>\n<meta name=\"author\" content=\"Reda\u00e7\u00e3o\" \/>\n<meta name=\"twitter:card\" content=\"summary_large_image\" \/>\n<meta name=\"twitter:label1\" content=\"Escrito por\" \/>\n\t<meta name=\"twitter:data1\" content=\"Reda\u00e7\u00e3o\" \/>\n<script type=\"application\/ld+json\" class=\"yoast-schema-graph\">{\"@context\":\"https:\/\/schema.org\",\"@graph\":[{\"@type\":\"Article\",\"@id\":\"https:\/\/brasilnoticias.org\/site\/brasileiro-foragido-e-capturado-pela-policia-da-pensilvania-nos-eua\/#article\",\"isPartOf\":{\"@id\":\"https:\/\/brasilnoticias.org\/site\/brasileiro-foragido-e-capturado-pela-policia-da-pensilvania-nos-eua\/\"},\"author\":{\"name\":\"Reda\u00e7\u00e3o\",\"@id\":\"https:\/\/brasilnoticias.org\/site\/#\/schema\/person\/03bbbfe6c7634ad18c26444ea39049fa\"},\"headline\":\"Brasileiro foragido \u00e9 capturado pela pol\u00edcia da Pensilv\u00e2nia nos EUA\",\"datePublished\":\"2023-09-13T22:29:46+00:00\",\"mainEntityOfPage\":{\"@id\":\"https:\/\/brasilnoticias.org\/site\/brasileiro-foragido-e-capturado-pela-policia-da-pensilvania-nos-eua\/\"},\"wordCount\":548,\"commentCount\":0,\"publisher\":{\"@id\":\"https:\/\/brasilnoticias.org\/site\/#organization\"},\"image\":{\"@id\":\"https:\/\/brasilnoticias.org\/site\/brasileiro-foragido-e-capturado-pela-policia-da-pensilvania-nos-eua\/#primaryimage\"},\"thumbnailUrl\":\"https:\/\/brasilnoticias.org\/site\/wp-content\/uploads\/2023\/09\/e71b2c10-67b1-4f5c-a7c2-790e7b49b1bf.webp\",\"articleSection\":[\"Pol\u00edcia\",\"\u00daltimas\"],\"inLanguage\":\"pt-PT\",\"potentialAction\":[{\"@type\":\"CommentAction\",\"name\":\"Comment\",\"target\":[\"https:\/\/brasilnoticias.org\/site\/brasileiro-foragido-e-capturado-pela-policia-da-pensilvania-nos-eua\/#respond\"]}]},{\"@type\":\"WebPage\",\"@id\":\"https:\/\/brasilnoticias.org\/site\/brasileiro-foragido-e-capturado-pela-policia-da-pensilvania-nos-eua\/\",\"url\":\"https:\/\/brasilnoticias.org\/site\/brasileiro-foragido-e-capturado-pela-policia-da-pensilvania-nos-eua\/\",\"name\":\"Brasileiro foragido \u00e9 capturado pela pol\u00edcia da Pensilv\u00e2nia nos EUA - Brasil not\u00edcias\",\"isPartOf\":{\"@id\":\"https:\/\/brasilnoticias.org\/site\/#website\"},\"primaryImageOfPage\":{\"@id\":\"https:\/\/brasilnoticias.org\/site\/brasileiro-foragido-e-capturado-pela-policia-da-pensilvania-nos-eua\/#primaryimage\"},\"image\":{\"@id\":\"https:\/\/brasilnoticias.org\/site\/brasileiro-foragido-e-capturado-pela-policia-da-pensilvania-nos-eua\/#primaryimage\"},\"thumbnailUrl\":\"https:\/\/brasilnoticias.org\/site\/wp-content\/uploads\/2023\/09\/e71b2c10-67b1-4f5c-a7c2-790e7b49b1bf.webp\",\"datePublished\":\"2023-09-13T22:29:46+00:00\",\"breadcrumb\":{\"@id\":\"https:\/\/brasilnoticias.org\/site\/brasileiro-foragido-e-capturado-pela-policia-da-pensilvania-nos-eua\/#breadcrumb\"},\"inLanguage\":\"pt-PT\",\"potentialAction\":[{\"@type\":\"ReadAction\",\"target\":[\"https:\/\/brasilnoticias.org\/site\/brasileiro-foragido-e-capturado-pela-policia-da-pensilvania-nos-eua\/\"]}]},{\"@type\":\"ImageObject\",\"inLanguage\":\"pt-PT\",\"@id\":\"https:\/\/brasilnoticias.org\/site\/brasileiro-foragido-e-capturado-pela-policia-da-pensilvania-nos-eua\/#primaryimage\",\"url\":\"https:\/\/brasilnoticias.org\/site\/wp-content\/uploads\/2023\/09\/e71b2c10-67b1-4f5c-a7c2-790e7b49b1bf.webp\",\"contentUrl\":\"https:\/\/brasilnoticias.org\/site\/wp-content\/uploads\/2023\/09\/e71b2c10-67b1-4f5c-a7c2-790e7b49b1bf.webp\",\"width\":732,\"height\":412},{\"@type\":\"BreadcrumbList\",\"@id\":\"https:\/\/brasilnoticias.org\/site\/brasileiro-foragido-e-capturado-pela-policia-da-pensilvania-nos-eua\/#breadcrumb\",\"itemListElement\":[{\"@type\":\"ListItem\",\"position\":1,\"name\":\"In\u00edcio\",\"item\":\"https:\/\/brasilnoticias.org\/site\/\"},{\"@type\":\"ListItem\",\"position\":2,\"name\":\"Brasileiro foragido \u00e9 capturado pela pol\u00edcia da Pensilv\u00e2nia nos EUA\"}]},{\"@type\":\"WebSite\",\"@id\":\"https:\/\/brasilnoticias.org\/site\/#website\",\"url\":\"https:\/\/brasilnoticias.org\/site\/\",\"name\":\"Brasil not\u00edcias\",\"description\":\"Brasil not\u00edcias\",\"publisher\":{\"@id\":\"https:\/\/brasilnoticias.org\/site\/#organization\"},\"potentialAction\":[{\"@type\":\"SearchAction\",\"target\":{\"@type\":\"EntryPoint\",\"urlTemplate\":\"https:\/\/brasilnoticias.org\/site\/?s={search_term_string}\"},\"query-input\":{\"@type\":\"PropertyValueSpecification\",\"valueRequired\":true,\"valueName\":\"search_term_string\"}}],\"inLanguage\":\"pt-PT\"},{\"@type\":\"Organization\",\"@id\":\"https:\/\/brasilnoticias.org\/site\/#organization\",\"name\":\"Brasil not\u00edcias\",\"url\":\"https:\/\/brasilnoticias.org\/site\/\",\"logo\":{\"@type\":\"ImageObject\",\"inLanguage\":\"pt-PT\",\"@id\":\"https:\/\/brasilnoticias.org\/site\/#\/schema\/logo\/image\/\",\"url\":\"https:\/\/brasilnoticias.org\/site\/wp-content\/uploads\/2022\/05\/cropped-brasilnoticias-mini.jpg\",\"contentUrl\":\"https:\/\/brasilnoticias.org\/site\/wp-content\/uploads\/2022\/05\/cropped-brasilnoticias-mini.jpg\",\"width\":314,\"height\":86,\"caption\":\"Brasil not\u00edcias\"},\"image\":{\"@id\":\"https:\/\/brasilnoticias.org\/site\/#\/schema\/logo\/image\/\"}},{\"@type\":\"Person\",\"@id\":\"https:\/\/brasilnoticias.org\/site\/#\/schema\/person\/03bbbfe6c7634ad18c26444ea39049fa\",\"name\":\"Reda\u00e7\u00e3o\",\"image\":{\"@type\":\"ImageObject\",\"inLanguage\":\"pt-PT\",\"@id\":\"https:\/\/brasilnoticias.org\/site\/#\/schema\/person\/image\/\",\"url\":\"https:\/\/secure.gravatar.com\/avatar\/9ecaf7327a696cb23ad926fedded5f1f04d7049de9e445375d55b48c001a6e42?s=96&d=mm&r=g\",\"contentUrl\":\"https:\/\/secure.gravatar.com\/avatar\/9ecaf7327a696cb23ad926fedded5f1f04d7049de9e445375d55b48c001a6e42?s=96&d=mm&r=g\",\"caption\":\"Reda\u00e7\u00e3o\"},\"url\":\"https:\/\/brasilnoticias.org\/site\/author\/henrique\/\"}]}<\/script>\n<!-- \/ Yoast SEO plugin. -->","yoast_head_json":{"title":"Brasileiro foragido \u00e9 capturado pela pol\u00edcia da Pensilv\u00e2nia nos EUA - Brasil not\u00edcias","robots":{"index":"index","follow":"follow","max-snippet":"max-snippet:-1","max-image-preview":"max-image-preview:large","max-video-preview":"max-video-preview:-1"},"canonical":"https:\/\/brasilnoticias.org\/site\/brasileiro-foragido-e-capturado-pela-policia-da-pensilvania-nos-eua\/","og_locale":"pt_PT","og_type":"article","og_title":"Brasileiro foragido \u00e9 capturado pela pol\u00edcia da Pensilv\u00e2nia nos EUA - Brasil not\u00edcias","og_description":"Danilo Cavalcante foi preso duas semanas ap\u00f3s fuga de pris\u00e3o; brasileiro foi condenado por assassinar a ex-namorada O brasileiro Danilo","og_url":"https:\/\/brasilnoticias.org\/site\/brasileiro-foragido-e-capturado-pela-policia-da-pensilvania-nos-eua\/","og_site_name":"Brasil not\u00edcias","article_published_time":"2023-09-13T22:29:46+00:00","og_image":[{"width":732,"height":412,"url":"https:\/\/brasilnoticias.org\/site\/wp-content\/uploads\/2023\/09\/e71b2c10-67b1-4f5c-a7c2-790e7b49b1bf.webp","type":"image\/webp"}],"author":"Reda\u00e7\u00e3o","twitter_card":"summary_large_image","twitter_misc":{"Escrito por":"Reda\u00e7\u00e3o"},"schema":{"@context":"https:\/\/schema.org","@graph":[{"@type":"Article","@id":"https:\/\/brasilnoticias.org\/site\/brasileiro-foragido-e-capturado-pela-policia-da-pensilvania-nos-eua\/#article","isPartOf":{"@id":"https:\/\/brasilnoticias.org\/site\/brasileiro-foragido-e-capturado-pela-policia-da-pensilvania-nos-eua\/"},"author":{"name":"Reda\u00e7\u00e3o","@id":"https:\/\/brasilnoticias.org\/site\/#\/schema\/person\/03bbbfe6c7634ad18c26444ea39049fa"},"headline":"Brasileiro foragido \u00e9 capturado pela pol\u00edcia da Pensilv\u00e2nia nos EUA","datePublished":"2023-09-13T22:29:46+00:00","mainEntityOfPage":{"@id":"https:\/\/brasilnoticias.org\/site\/brasileiro-foragido-e-capturado-pela-policia-da-pensilvania-nos-eua\/"},"wordCount":548,"commentCount":0,"publisher":{"@id":"https:\/\/brasilnoticias.org\/site\/#organization"},"image":{"@id":"https:\/\/brasilnoticias.org\/site\/brasileiro-foragido-e-capturado-pela-policia-da-pensilvania-nos-eua\/#primaryimage"},"thumbnailUrl":"https:\/\/brasilnoticias.org\/site\/wp-content\/uploads\/2023\/09\/e71b2c10-67b1-4f5c-a7c2-790e7b49b1bf.webp","articleSection":["Pol\u00edcia","\u00daltimas"],"inLanguage":"pt-PT","potentialAction":[{"@type":"CommentAction","name":"Comment","target":["https:\/\/brasilnoticias.org\/site\/brasileiro-foragido-e-capturado-pela-policia-da-pensilvania-nos-eua\/#respond"]}]},{"@type":"WebPage","@id":"https:\/\/brasilnoticias.org\/site\/brasileiro-foragido-e-capturado-pela-policia-da-pensilvania-nos-eua\/","url":"https:\/\/brasilnoticias.org\/site\/brasileiro-foragido-e-capturado-pela-policia-da-pensilvania-nos-eua\/","name":"Brasileiro foragido \u00e9 capturado pela pol\u00edcia da Pensilv\u00e2nia nos EUA - Brasil not\u00edcias","isPartOf":{"@id":"https:\/\/brasilnoticias.org\/site\/#website"},"primaryImageOfPage":{"@id":"https:\/\/brasilnoticias.org\/site\/brasileiro-foragido-e-capturado-pela-policia-da-pensilvania-nos-eua\/#primaryimage"},"image":{"@id":"https:\/\/brasilnoticias.org\/site\/brasileiro-foragido-e-capturado-pela-policia-da-pensilvania-nos-eua\/#primaryimage"},"thumbnailUrl":"https:\/\/brasilnoticias.org\/site\/wp-content\/uploads\/2023\/09\/e71b2c10-67b1-4f5c-a7c2-790e7b49b1bf.webp","datePublished":"2023-09-13T22:29:46+00:00","breadcrumb":{"@id":"https:\/\/brasilnoticias.org\/site\/brasileiro-foragido-e-capturado-pela-policia-da-pensilvania-nos-eua\/#breadcrumb"},"inLanguage":"pt-PT","potentialAction":[{"@type":"ReadAction","target":["https:\/\/brasilnoticias.org\/site\/brasileiro-foragido-e-capturado-pela-policia-da-pensilvania-nos-eua\/"]}]},{"@type":"ImageObject","inLanguage":"pt-PT","@id":"https:\/\/brasilnoticias.org\/site\/brasileiro-foragido-e-capturado-pela-policia-da-pensilvania-nos-eua\/#primaryimage","url":"https:\/\/brasilnoticias.org\/site\/wp-content\/uploads\/2023\/09\/e71b2c10-67b1-4f5c-a7c2-790e7b49b1bf.webp","contentUrl":"https:\/\/brasilnoticias.org\/site\/wp-content\/uploads\/2023\/09\/e71b2c10-67b1-4f5c-a7c2-790e7b49b1bf.webp","width":732,"height":412},{"@type":"BreadcrumbList","@id":"https:\/\/brasilnoticias.org\/site\/brasileiro-foragido-e-capturado-pela-policia-da-pensilvania-nos-eua\/#breadcrumb","itemListElement":[{"@type":"ListItem","position":1,"name":"In\u00edcio","item":"https:\/\/brasilnoticias.org\/site\/"},{"@type":"ListItem","position":2,"name":"Brasileiro foragido \u00e9 capturado pela pol\u00edcia da Pensilv\u00e2nia nos EUA"}]},{"@type":"WebSite","@id":"https:\/\/brasilnoticias.org\/site\/#website","url":"https:\/\/brasilnoticias.org\/site\/","name":"Brasil not\u00edcias","description":"Brasil not\u00edcias","publisher":{"@id":"https:\/\/brasilnoticias.org\/site\/#organization"},"potentialAction":[{"@type":"SearchAction","target":{"@type":"EntryPoint","urlTemplate":"https:\/\/brasilnoticias.org\/site\/?s={search_term_string}"},"query-input":{"@type":"PropertyValueSpecification","valueRequired":true,"valueName":"search_term_string"}}],"inLanguage":"pt-PT"},{"@type":"Organization","@id":"https:\/\/brasilnoticias.org\/site\/#organization","name":"Brasil not\u00edcias","url":"https:\/\/brasilnoticias.org\/site\/","logo":{"@type":"ImageObject","inLanguage":"pt-PT","@id":"https:\/\/brasilnoticias.org\/site\/#\/schema\/logo\/image\/","url":"https:\/\/brasilnoticias.org\/site\/wp-content\/uploads\/2022\/05\/cropped-brasilnoticias-mini.jpg","contentUrl":"https:\/\/brasilnoticias.org\/site\/wp-content\/uploads\/2022\/05\/cropped-brasilnoticias-mini.jpg","width":314,"height":86,"caption":"Brasil not\u00edcias"},"image":{"@id":"https:\/\/brasilnoticias.org\/site\/#\/schema\/logo\/image\/"}},{"@type":"Person","@id":"https:\/\/brasilnoticias.org\/site\/#\/schema\/person\/03bbbfe6c7634ad18c26444ea39049fa","name":"Reda\u00e7\u00e3o","image":{"@type":"ImageObject","inLanguage":"pt-PT","@id":"https:\/\/brasilnoticias.org\/site\/#\/schema\/person\/image\/","url":"https:\/\/secure.gravatar.com\/avatar\/9ecaf7327a696cb23ad926fedded5f1f04d7049de9e445375d55b48c001a6e42?s=96&d=mm&r=g","contentUrl":"https:\/\/secure.gravatar.com\/avatar\/9ecaf7327a696cb23ad926fedded5f1f04d7049de9e445375d55b48c001a6e42?s=96&d=mm&r=g","caption":"Reda\u00e7\u00e3o"},"url":"https:\/\/brasilnoticias.org\/site\/author\/henrique\/"}]}},"_links":{"self":[{"href":"https:\/\/brasilnoticias.org\/site\/wp-json\/wp\/v2\/posts\/9190","targetHints":{"allow":["GET"]}}],"collection":[{"href":"https:\/\/brasilnoticias.org\/site\/wp-json\/wp\/v2\/posts"}],"about":[{"href":"https:\/\/brasilnoticias.org\/site\/wp-json\/wp\/v2\/types\/post"}],"author":[{"embeddable":true,"href":"https:\/\/brasilnoticias.org\/site\/wp-json\/wp\/v2\/users\/4"}],"replies":[{"embeddable":true,"href":"https:\/\/brasilnoticias.org\/site\/wp-json\/wp\/v2\/comments?post=9190"}],"version-history":[{"count":1,"href":"https:\/\/brasilnoticias.org\/site\/wp-json\/wp\/v2\/posts\/9190\/revisions"}],"predecessor-version":[{"id":9192,"href":"https:\/\/brasilnoticias.org\/site\/wp-json\/wp\/v2\/posts\/9190\/revisions\/9192"}],"wp:featuredmedia":[{"embeddable":true,"href":"https:\/\/brasilnoticias.org\/site\/wp-json\/wp\/v2\/media\/9191"}],"wp:attachment":[{"href":"https:\/\/brasilnoticias.org\/site\/wp-json\/wp\/v2\/media?parent=9190"}],"wp:term":[{"taxonomy":"category","embeddable":true,"href":"https:\/\/brasilnoticias.org\/site\/wp-json\/wp\/v2\/categories?post=9190"},{"taxonomy":"post_tag","embeddable":true,"href":"https:\/\/brasilnoticias.org\/site\/wp-json\/wp\/v2\/tags?post=9190"}],"curies":[{"name":"wp","href":"https:\/\/api.w.org\/{rel}","templated":true}]}}