{"id":9199,"date":"2023-09-13T19:38:31","date_gmt":"2023-09-13T22:38:31","guid":{"rendered":"https:\/\/brasilnoticias.org\/site\/?p=9199"},"modified":"2023-09-13T19:38:31","modified_gmt":"2023-09-13T22:38:31","slug":"lula-avalia-oferecer-cargo-no-ministerio-da-educacao-para-ana-moser-dizem-assessores","status":"publish","type":"post","link":"https:\/\/brasilnoticias.org\/site\/lula-avalia-oferecer-cargo-no-ministerio-da-educacao-para-ana-moser-dizem-assessores\/","title":{"rendered":"Lula avalia oferecer cargo no Minist\u00e9rio da Educa\u00e7\u00e3o para Ana Moser, dizem assessores"},"content":{"rendered":"<p>Com a resist\u00eancia da esportista em assumir posto de autoridade ol\u00edmpica, presidente j\u00e1 considera um plano B<\/p>\n<p>Com a resist\u00eancia de Ana Moser em assumir novo posto, o presidente Luiz In\u00e1cio Lula da Silva (PT) avalia um plano B para a ex-ministra do Esporte.<\/p>\n<p>Inicialmente, a ideia era que Moser assumisse um cargo de autoridade ol\u00edmpica, que ajudaria a organizar a comitiva brasileira para as Olimp\u00edadas de Paris, em 2024. Moser, no entanto, tem resistido \u00e0 proposta.<\/p>\n<p>E o petista, segundo assessores do governo, considera oferecer um cargo para a atleta no Minist\u00e9rio da Educa\u00e7\u00e3o.<\/p>\n<p>A ideia seria uma secretaria ou uma funda\u00e7\u00e3o focada na educa\u00e7\u00e3o esportiva, uma \u00e1rea de atua\u00e7\u00e3o que agradaria Moser.<\/p>\n<p>A ex-ministra ficou magoada com a maneira como foi retirada da pasta. Para arrefecer a tens\u00e3o, a primeira-dama Ros\u00e2ngela Silva, a Janja, chegou a telefonar para ela.<\/p>\n<p>A expectativa \u00e9 de que Lula e Moser tratem sobre o assunto at\u00e9 sexta-feira (15), quando o petista deve viajar para Cuba e Estados Unidos.<\/p>\n<p>A cerim\u00f4nia de posse de Andr\u00e9 Fufuca (PP-MA) no pr\u00e9dio do Minist\u00e9rio do Esporte, prevista para as 18h30 desta quarta-feira (13), n\u00e3o ter\u00e1 a presen\u00e7a de Moser.<\/p>\n<p>Al\u00e9m de um cargo para Moser, Lula pretende criar uma secretaria de transpar\u00eancia no Minist\u00e9rio do Esporte para fiscalizar recursos e iniciativas.<\/p>\n<p>Foto: Divulga\u00e7\u00e3o<br \/>\nCNN<\/p>\n","protected":false},"excerpt":{"rendered":"<p>Com a resist\u00eancia da esportista em assumir posto de autoridade ol\u00edmpica, presidente j\u00e1 considera um plano B Com a resist\u00eancia<\/p>\n","protected":false},"author":4,"featured_media":9200,"comment_status":"open","ping_status":"open","sticky":false,"template":"","format":"standard","meta":{"colormag_page_container_layout":"default_layout","colormag_page_sidebar_layout":"default_layout","_FSMCFIC_featured_image_caption":"","_FSMCFIC_featured_image_nocaption":"","_FSMCFIC_featured_image_hide":"","footnotes":""},"categories":[5,1],"tags":[],"class_list":["post-9199","post","type-post","status-publish","format-standard","has-post-thumbnail","hentry","category-politica","category-ultimas"],"yoast_head":"<!-- This site is optimized with the Yoast SEO plugin v27.1.1 - https:\/\/yoast.com\/product\/yoast-seo-wordpress\/ -->\n<title>Lula avalia oferecer cargo no Minist\u00e9rio da Educa\u00e7\u00e3o para Ana Moser, dizem assessores - Brasil not\u00edcias<\/title>\n<meta name=\"robots\" content=\"index, follow, max-snippet:-1, max-image-preview:large, max-video-preview:-1\" \/>\n<link rel=\"canonical\" href=\"https:\/\/brasilnoticias.org\/site\/lula-avalia-oferecer-cargo-no-ministerio-da-educacao-para-ana-moser-dizem-assessores\/\" \/>\n<meta property=\"og:locale\" content=\"pt_PT\" \/>\n<meta property=\"og:type\" content=\"article\" \/>\n<meta property=\"og:title\" content=\"Lula avalia oferecer cargo no Minist\u00e9rio da Educa\u00e7\u00e3o para Ana Moser, dizem assessores - Brasil not\u00edcias\" \/>\n<meta property=\"og:description\" content=\"Com a resist\u00eancia da esportista em assumir posto de autoridade ol\u00edmpica, presidente j\u00e1 considera um plano B Com a resist\u00eancia\" \/>\n<meta property=\"og:url\" content=\"https:\/\/brasilnoticias.org\/site\/lula-avalia-oferecer-cargo-no-ministerio-da-educacao-para-ana-moser-dizem-assessores\/\" \/>\n<meta property=\"og:site_name\" content=\"Brasil not\u00edcias\" \/>\n<meta property=\"article:published_time\" content=\"2023-09-13T22:38:31+00:00\" \/>\n<meta property=\"og:image\" content=\"https:\/\/brasilnoticias.org\/site\/wp-content\/uploads\/2023\/09\/140903lula-deve-oferecer-cargo-no-ministerio-da-educacao-para-ana-moser-3.jpg\" \/>\n\t<meta property=\"og:image:width\" content=\"1600\" \/>\n\t<meta property=\"og:image:height\" content=\"752\" \/>\n\t<meta property=\"og:image:type\" content=\"image\/jpeg\" \/>\n<meta name=\"author\" content=\"Reda\u00e7\u00e3o\" \/>\n<meta name=\"twitter:card\" content=\"summary_large_image\" \/>\n<meta name=\"twitter:label1\" content=\"Escrito por\" \/>\n\t<meta name=\"twitter:data1\" content=\"Reda\u00e7\u00e3o\" \/>\n<script type=\"application\/ld+json\" class=\"yoast-schema-graph\">{\"@context\":\"https:\/\/schema.org\",\"@graph\":[{\"@type\":\"Article\",\"@id\":\"https:\/\/brasilnoticias.org\/site\/lula-avalia-oferecer-cargo-no-ministerio-da-educacao-para-ana-moser-dizem-assessores\/#article\",\"isPartOf\":{\"@id\":\"https:\/\/brasilnoticias.org\/site\/lula-avalia-oferecer-cargo-no-ministerio-da-educacao-para-ana-moser-dizem-assessores\/\"},\"author\":{\"name\":\"Reda\u00e7\u00e3o\",\"@id\":\"https:\/\/brasilnoticias.org\/site\/#\/schema\/person\/03bbbfe6c7634ad18c26444ea39049fa\"},\"headline\":\"Lula avalia oferecer cargo no Minist\u00e9rio da Educa\u00e7\u00e3o para Ana Moser, dizem assessores\",\"datePublished\":\"2023-09-13T22:38:31+00:00\",\"mainEntityOfPage\":{\"@id\":\"https:\/\/brasilnoticias.org\/site\/lula-avalia-oferecer-cargo-no-ministerio-da-educacao-para-ana-moser-dizem-assessores\/\"},\"wordCount\":250,\"commentCount\":0,\"publisher\":{\"@id\":\"https:\/\/brasilnoticias.org\/site\/#organization\"},\"image\":{\"@id\":\"https:\/\/brasilnoticias.org\/site\/lula-avalia-oferecer-cargo-no-ministerio-da-educacao-para-ana-moser-dizem-assessores\/#primaryimage\"},\"thumbnailUrl\":\"https:\/\/brasilnoticias.org\/site\/wp-content\/uploads\/2023\/09\/140903lula-deve-oferecer-cargo-no-ministerio-da-educacao-para-ana-moser-3.jpg\",\"articleSection\":[\"Pol\u00edtica\",\"\u00daltimas\"],\"inLanguage\":\"pt-PT\",\"potentialAction\":[{\"@type\":\"CommentAction\",\"name\":\"Comment\",\"target\":[\"https:\/\/brasilnoticias.org\/site\/lula-avalia-oferecer-cargo-no-ministerio-da-educacao-para-ana-moser-dizem-assessores\/#respond\"]}]},{\"@type\":\"WebPage\",\"@id\":\"https:\/\/brasilnoticias.org\/site\/lula-avalia-oferecer-cargo-no-ministerio-da-educacao-para-ana-moser-dizem-assessores\/\",\"url\":\"https:\/\/brasilnoticias.org\/site\/lula-avalia-oferecer-cargo-no-ministerio-da-educacao-para-ana-moser-dizem-assessores\/\",\"name\":\"Lula avalia oferecer cargo no Minist\u00e9rio da Educa\u00e7\u00e3o para Ana Moser, dizem assessores - Brasil not\u00edcias\",\"isPartOf\":{\"@id\":\"https:\/\/brasilnoticias.org\/site\/#website\"},\"primaryImageOfPage\":{\"@id\":\"https:\/\/brasilnoticias.org\/site\/lula-avalia-oferecer-cargo-no-ministerio-da-educacao-para-ana-moser-dizem-assessores\/#primaryimage\"},\"image\":{\"@id\":\"https:\/\/brasilnoticias.org\/site\/lula-avalia-oferecer-cargo-no-ministerio-da-educacao-para-ana-moser-dizem-assessores\/#primaryimage\"},\"thumbnailUrl\":\"https:\/\/brasilnoticias.org\/site\/wp-content\/uploads\/2023\/09\/140903lula-deve-oferecer-cargo-no-ministerio-da-educacao-para-ana-moser-3.jpg\",\"datePublished\":\"2023-09-13T22:38:31+00:00\",\"breadcrumb\":{\"@id\":\"https:\/\/brasilnoticias.org\/site\/lula-avalia-oferecer-cargo-no-ministerio-da-educacao-para-ana-moser-dizem-assessores\/#breadcrumb\"},\"inLanguage\":\"pt-PT\",\"potentialAction\":[{\"@type\":\"ReadAction\",\"target\":[\"https:\/\/brasilnoticias.org\/site\/lula-avalia-oferecer-cargo-no-ministerio-da-educacao-para-ana-moser-dizem-assessores\/\"]}]},{\"@type\":\"ImageObject\",\"inLanguage\":\"pt-PT\",\"@id\":\"https:\/\/brasilnoticias.org\/site\/lula-avalia-oferecer-cargo-no-ministerio-da-educacao-para-ana-moser-dizem-assessores\/#primaryimage\",\"url\":\"https:\/\/brasilnoticias.org\/site\/wp-content\/uploads\/2023\/09\/140903lula-deve-oferecer-cargo-no-ministerio-da-educacao-para-ana-moser-3.jpg\",\"contentUrl\":\"https:\/\/brasilnoticias.org\/site\/wp-content\/uploads\/2023\/09\/140903lula-deve-oferecer-cargo-no-ministerio-da-educacao-para-ana-moser-3.jpg\",\"width\":1600,\"height\":752},{\"@type\":\"BreadcrumbList\",\"@id\":\"https:\/\/brasilnoticias.org\/site\/lula-avalia-oferecer-cargo-no-ministerio-da-educacao-para-ana-moser-dizem-assessores\/#breadcrumb\",\"itemListElement\":[{\"@type\":\"ListItem\",\"position\":1,\"name\":\"In\u00edcio\",\"item\":\"https:\/\/brasilnoticias.org\/site\/\"},{\"@type\":\"ListItem\",\"position\":2,\"name\":\"Lula avalia oferecer cargo no Minist\u00e9rio da Educa\u00e7\u00e3o para Ana Moser, dizem assessores\"}]},{\"@type\":\"WebSite\",\"@id\":\"https:\/\/brasilnoticias.org\/site\/#website\",\"url\":\"https:\/\/brasilnoticias.org\/site\/\",\"name\":\"Brasil not\u00edcias\",\"description\":\"Brasil not\u00edcias\",\"publisher\":{\"@id\":\"https:\/\/brasilnoticias.org\/site\/#organization\"},\"potentialAction\":[{\"@type\":\"SearchAction\",\"target\":{\"@type\":\"EntryPoint\",\"urlTemplate\":\"https:\/\/brasilnoticias.org\/site\/?s={search_term_string}\"},\"query-input\":{\"@type\":\"PropertyValueSpecification\",\"valueRequired\":true,\"valueName\":\"search_term_string\"}}],\"inLanguage\":\"pt-PT\"},{\"@type\":\"Organization\",\"@id\":\"https:\/\/brasilnoticias.org\/site\/#organization\",\"name\":\"Brasil not\u00edcias\",\"url\":\"https:\/\/brasilnoticias.org\/site\/\",\"logo\":{\"@type\":\"ImageObject\",\"inLanguage\":\"pt-PT\",\"@id\":\"https:\/\/brasilnoticias.org\/site\/#\/schema\/logo\/image\/\",\"url\":\"https:\/\/brasilnoticias.org\/site\/wp-content\/uploads\/2022\/05\/cropped-brasilnoticias-mini.jpg\",\"contentUrl\":\"https:\/\/brasilnoticias.org\/site\/wp-content\/uploads\/2022\/05\/cropped-brasilnoticias-mini.jpg\",\"width\":314,\"height\":86,\"caption\":\"Brasil not\u00edcias\"},\"image\":{\"@id\":\"https:\/\/brasilnoticias.org\/site\/#\/schema\/logo\/image\/\"}},{\"@type\":\"Person\",\"@id\":\"https:\/\/brasilnoticias.org\/site\/#\/schema\/person\/03bbbfe6c7634ad18c26444ea39049fa\",\"name\":\"Reda\u00e7\u00e3o\",\"image\":{\"@type\":\"ImageObject\",\"inLanguage\":\"pt-PT\",\"@id\":\"https:\/\/brasilnoticias.org\/site\/#\/schema\/person\/image\/\",\"url\":\"https:\/\/secure.gravatar.com\/avatar\/9ecaf7327a696cb23ad926fedded5f1f04d7049de9e445375d55b48c001a6e42?s=96&d=mm&r=g\",\"contentUrl\":\"https:\/\/secure.gravatar.com\/avatar\/9ecaf7327a696cb23ad926fedded5f1f04d7049de9e445375d55b48c001a6e42?s=96&d=mm&r=g\",\"caption\":\"Reda\u00e7\u00e3o\"},\"url\":\"https:\/\/brasilnoticias.org\/site\/author\/henrique\/\"}]}<\/script>\n<!-- \/ Yoast SEO plugin. -->","yoast_head_json":{"title":"Lula avalia oferecer cargo no Minist\u00e9rio da Educa\u00e7\u00e3o para Ana Moser, dizem assessores - Brasil not\u00edcias","robots":{"index":"index","follow":"follow","max-snippet":"max-snippet:-1","max-image-preview":"max-image-preview:large","max-video-preview":"max-video-preview:-1"},"canonical":"https:\/\/brasilnoticias.org\/site\/lula-avalia-oferecer-cargo-no-ministerio-da-educacao-para-ana-moser-dizem-assessores\/","og_locale":"pt_PT","og_type":"article","og_title":"Lula avalia oferecer cargo no Minist\u00e9rio da Educa\u00e7\u00e3o para Ana Moser, dizem assessores - Brasil not\u00edcias","og_description":"Com a resist\u00eancia da esportista em assumir posto de autoridade ol\u00edmpica, presidente j\u00e1 considera um plano B Com a resist\u00eancia","og_url":"https:\/\/brasilnoticias.org\/site\/lula-avalia-oferecer-cargo-no-ministerio-da-educacao-para-ana-moser-dizem-assessores\/","og_site_name":"Brasil not\u00edcias","article_published_time":"2023-09-13T22:38:31+00:00","og_image":[{"width":1600,"height":752,"url":"https:\/\/brasilnoticias.org\/site\/wp-content\/uploads\/2023\/09\/140903lula-deve-oferecer-cargo-no-ministerio-da-educacao-para-ana-moser-3.jpg","type":"image\/jpeg"}],"author":"Reda\u00e7\u00e3o","twitter_card":"summary_large_image","twitter_misc":{"Escrito por":"Reda\u00e7\u00e3o"},"schema":{"@context":"https:\/\/schema.org","@graph":[{"@type":"Article","@id":"https:\/\/brasilnoticias.org\/site\/lula-avalia-oferecer-cargo-no-ministerio-da-educacao-para-ana-moser-dizem-assessores\/#article","isPartOf":{"@id":"https:\/\/brasilnoticias.org\/site\/lula-avalia-oferecer-cargo-no-ministerio-da-educacao-para-ana-moser-dizem-assessores\/"},"author":{"name":"Reda\u00e7\u00e3o","@id":"https:\/\/brasilnoticias.org\/site\/#\/schema\/person\/03bbbfe6c7634ad18c26444ea39049fa"},"headline":"Lula avalia oferecer cargo no Minist\u00e9rio da Educa\u00e7\u00e3o para Ana Moser, dizem assessores","datePublished":"2023-09-13T22:38:31+00:00","mainEntityOfPage":{"@id":"https:\/\/brasilnoticias.org\/site\/lula-avalia-oferecer-cargo-no-ministerio-da-educacao-para-ana-moser-dizem-assessores\/"},"wordCount":250,"commentCount":0,"publisher":{"@id":"https:\/\/brasilnoticias.org\/site\/#organization"},"image":{"@id":"https:\/\/brasilnoticias.org\/site\/lula-avalia-oferecer-cargo-no-ministerio-da-educacao-para-ana-moser-dizem-assessores\/#primaryimage"},"thumbnailUrl":"https:\/\/brasilnoticias.org\/site\/wp-content\/uploads\/2023\/09\/140903lula-deve-oferecer-cargo-no-ministerio-da-educacao-para-ana-moser-3.jpg","articleSection":["Pol\u00edtica","\u00daltimas"],"inLanguage":"pt-PT","potentialAction":[{"@type":"CommentAction","name":"Comment","target":["https:\/\/brasilnoticias.org\/site\/lula-avalia-oferecer-cargo-no-ministerio-da-educacao-para-ana-moser-dizem-assessores\/#respond"]}]},{"@type":"WebPage","@id":"https:\/\/brasilnoticias.org\/site\/lula-avalia-oferecer-cargo-no-ministerio-da-educacao-para-ana-moser-dizem-assessores\/","url":"https:\/\/brasilnoticias.org\/site\/lula-avalia-oferecer-cargo-no-ministerio-da-educacao-para-ana-moser-dizem-assessores\/","name":"Lula avalia oferecer cargo no Minist\u00e9rio da Educa\u00e7\u00e3o para Ana Moser, dizem assessores - Brasil not\u00edcias","isPartOf":{"@id":"https:\/\/brasilnoticias.org\/site\/#website"},"primaryImageOfPage":{"@id":"https:\/\/brasilnoticias.org\/site\/lula-avalia-oferecer-cargo-no-ministerio-da-educacao-para-ana-moser-dizem-assessores\/#primaryimage"},"image":{"@id":"https:\/\/brasilnoticias.org\/site\/lula-avalia-oferecer-cargo-no-ministerio-da-educacao-para-ana-moser-dizem-assessores\/#primaryimage"},"thumbnailUrl":"https:\/\/brasilnoticias.org\/site\/wp-content\/uploads\/2023\/09\/140903lula-deve-oferecer-cargo-no-ministerio-da-educacao-para-ana-moser-3.jpg","datePublished":"2023-09-13T22:38:31+00:00","breadcrumb":{"@id":"https:\/\/brasilnoticias.org\/site\/lula-avalia-oferecer-cargo-no-ministerio-da-educacao-para-ana-moser-dizem-assessores\/#breadcrumb"},"inLanguage":"pt-PT","potentialAction":[{"@type":"ReadAction","target":["https:\/\/brasilnoticias.org\/site\/lula-avalia-oferecer-cargo-no-ministerio-da-educacao-para-ana-moser-dizem-assessores\/"]}]},{"@type":"ImageObject","inLanguage":"pt-PT","@id":"https:\/\/brasilnoticias.org\/site\/lula-avalia-oferecer-cargo-no-ministerio-da-educacao-para-ana-moser-dizem-assessores\/#primaryimage","url":"https:\/\/brasilnoticias.org\/site\/wp-content\/uploads\/2023\/09\/140903lula-deve-oferecer-cargo-no-ministerio-da-educacao-para-ana-moser-3.jpg","contentUrl":"https:\/\/brasilnoticias.org\/site\/wp-content\/uploads\/2023\/09\/140903lula-deve-oferecer-cargo-no-ministerio-da-educacao-para-ana-moser-3.jpg","width":1600,"height":752},{"@type":"BreadcrumbList","@id":"https:\/\/brasilnoticias.org\/site\/lula-avalia-oferecer-cargo-no-ministerio-da-educacao-para-ana-moser-dizem-assessores\/#breadcrumb","itemListElement":[{"@type":"ListItem","position":1,"name":"In\u00edcio","item":"https:\/\/brasilnoticias.org\/site\/"},{"@type":"ListItem","position":2,"name":"Lula avalia oferecer cargo no Minist\u00e9rio da Educa\u00e7\u00e3o para Ana Moser, dizem assessores"}]},{"@type":"WebSite","@id":"https:\/\/brasilnoticias.org\/site\/#website","url":"https:\/\/brasilnoticias.org\/site\/","name":"Brasil not\u00edcias","description":"Brasil not\u00edcias","publisher":{"@id":"https:\/\/brasilnoticias.org\/site\/#organization"},"potentialAction":[{"@type":"SearchAction","target":{"@type":"EntryPoint","urlTemplate":"https:\/\/brasilnoticias.org\/site\/?s={search_term_string}"},"query-input":{"@type":"PropertyValueSpecification","valueRequired":true,"valueName":"search_term_string"}}],"inLanguage":"pt-PT"},{"@type":"Organization","@id":"https:\/\/brasilnoticias.org\/site\/#organization","name":"Brasil not\u00edcias","url":"https:\/\/brasilnoticias.org\/site\/","logo":{"@type":"ImageObject","inLanguage":"pt-PT","@id":"https:\/\/brasilnoticias.org\/site\/#\/schema\/logo\/image\/","url":"https:\/\/brasilnoticias.org\/site\/wp-content\/uploads\/2022\/05\/cropped-brasilnoticias-mini.jpg","contentUrl":"https:\/\/brasilnoticias.org\/site\/wp-content\/uploads\/2022\/05\/cropped-brasilnoticias-mini.jpg","width":314,"height":86,"caption":"Brasil not\u00edcias"},"image":{"@id":"https:\/\/brasilnoticias.org\/site\/#\/schema\/logo\/image\/"}},{"@type":"Person","@id":"https:\/\/brasilnoticias.org\/site\/#\/schema\/person\/03bbbfe6c7634ad18c26444ea39049fa","name":"Reda\u00e7\u00e3o","image":{"@type":"ImageObject","inLanguage":"pt-PT","@id":"https:\/\/brasilnoticias.org\/site\/#\/schema\/person\/image\/","url":"https:\/\/secure.gravatar.com\/avatar\/9ecaf7327a696cb23ad926fedded5f1f04d7049de9e445375d55b48c001a6e42?s=96&d=mm&r=g","contentUrl":"https:\/\/secure.gravatar.com\/avatar\/9ecaf7327a696cb23ad926fedded5f1f04d7049de9e445375d55b48c001a6e42?s=96&d=mm&r=g","caption":"Reda\u00e7\u00e3o"},"url":"https:\/\/brasilnoticias.org\/site\/author\/henrique\/"}]}},"_links":{"self":[{"href":"https:\/\/brasilnoticias.org\/site\/wp-json\/wp\/v2\/posts\/9199","targetHints":{"allow":["GET"]}}],"collection":[{"href":"https:\/\/brasilnoticias.org\/site\/wp-json\/wp\/v2\/posts"}],"about":[{"href":"https:\/\/brasilnoticias.org\/site\/wp-json\/wp\/v2\/types\/post"}],"author":[{"embeddable":true,"href":"https:\/\/brasilnoticias.org\/site\/wp-json\/wp\/v2\/users\/4"}],"replies":[{"embeddable":true,"href":"https:\/\/brasilnoticias.org\/site\/wp-json\/wp\/v2\/comments?post=9199"}],"version-history":[{"count":1,"href":"https:\/\/brasilnoticias.org\/site\/wp-json\/wp\/v2\/posts\/9199\/revisions"}],"predecessor-version":[{"id":9201,"href":"https:\/\/brasilnoticias.org\/site\/wp-json\/wp\/v2\/posts\/9199\/revisions\/9201"}],"wp:featuredmedia":[{"embeddable":true,"href":"https:\/\/brasilnoticias.org\/site\/wp-json\/wp\/v2\/media\/9200"}],"wp:attachment":[{"href":"https:\/\/brasilnoticias.org\/site\/wp-json\/wp\/v2\/media?parent=9199"}],"wp:term":[{"taxonomy":"category","embeddable":true,"href":"https:\/\/brasilnoticias.org\/site\/wp-json\/wp\/v2\/categories?post=9199"},{"taxonomy":"post_tag","embeddable":true,"href":"https:\/\/brasilnoticias.org\/site\/wp-json\/wp\/v2\/tags?post=9199"}],"curies":[{"name":"wp","href":"https:\/\/api.w.org\/{rel}","templated":true}]}}