{"id":9202,"date":"2023-09-13T19:41:17","date_gmt":"2023-09-13T22:41:17","guid":{"rendered":"https:\/\/brasilnoticias.org\/site\/?p=9202"},"modified":"2023-09-13T19:41:17","modified_gmt":"2023-09-13T22:41:17","slug":"aluna-da-ufba-acusa-professora-de-transfobia-e-racismo-universidade-vai-apurar-a-denuncia","status":"publish","type":"post","link":"https:\/\/brasilnoticias.org\/site\/aluna-da-ufba-acusa-professora-de-transfobia-e-racismo-universidade-vai-apurar-a-denuncia\/","title":{"rendered":"Aluna da UFBA acusa professora de transfobia e racismo; universidade vai apurar a den\u00fancia"},"content":{"rendered":"<p>Em nota, a UFBA informou que a situa\u00e7\u00e3o ser\u00e1 &#8220;rigorosamente&#8221; apurada e, caso as acusa\u00e7\u00f5es sejam comprovadas, medidas ser\u00e3o tomadas<\/p>\n<p>Uma estudante trans, aluna da Faculdade de Comunica\u00e7\u00e3o (Facom), da Universidade Federal da Bahia (UFBA), denunciou uma professora da institui\u00e7\u00e3o por racismo e transfobia. O caso aconteceu nesta ter\u00e7a-feira (12\/9), durante uma aula do curso de Produ\u00e7\u00e3o Cultural.<\/p>\n<p>Uma peti\u00e7\u00e3o p\u00fablica, j\u00e1 assinada por mais de 800 pessoas, informa que a estudante Luisa Liz dos Reis registrou um Boletim de Ocorr\u00eancia contra a professora Jan Alyne Barbosa, respons\u00e1vel pela disciplina \u201cProdu\u00e7\u00e3o e Circula\u00e7\u00e3o de Conte\u00fados em M\u00eddias Digitais\u201d. A peti\u00e7\u00e3o pede que a UFBA abra um processo administrativo e afaste a docente das atividades.<\/p>\n<p>Segundo o relato de Luisa, ela estava \u201cparticipando da aula de maneira ativa, totalmente coerente e condizente com o assunto proposto pela professora e a mesma, de maneira racista\/transf\u00f3bica, e muito c\u00ednica, refutava Liz com a justificativa da aluna estar fora do conte\u00fado proposto\u201d.<\/p>\n<p>No texto publicado na peti\u00e7\u00e3o, a estudante tamb\u00e9m afirma que a professora a questionou por ter faltado diversas aulas, mas ela defende que estava em viagem de trabalho como cantora l\u00edrica, e que as faltas foram justificadas previamente por e-mail.<\/p>\n<p>\u201cAl\u00e9m de ignorar todos os coment\u00e1rios da aluna, [a professora] n\u00e3o lhe dava direito de participa\u00e7\u00e3o e de tecer cr\u00edticas como constru\u00e7\u00e3o de um sentido pedag\u00f3gico, nem sequer a olhava ou se direcionava para ela. Al\u00e9m disso, a professora perguntou o nome da aluna e, ainda assim, a tratou com pronomes masculinos mais de uma vez\u201d, diz o texto.<\/p>\n<p>Na sequ\u00eancia, a docente teria alegado que Luisa estava atrapalhando a aula, e pediu a ajuda de um servidor t\u00e9cnico da universidade para retir\u00e1-la da sala. \u201cEla se retirou da sala e voltou com um servidor t\u00e9cnico, que veio com deboche corroborando com o racismo\/transfobia generalizado, destituiu a imagem da mesma a chamando de \u2018figura\u2019, e que estava em \u2018surto psic\u00f3tico\u2019 pela rea\u00e7\u00e3o a viol\u00eancia expressada de forma vis\u00edvel\u201d.<\/p>\n<p>Ao G1, a estudante contou que, ap\u00f3s sair da sala, gritou pelos corredores da Facom que estava sendo v\u00edtima de racismo e transfobia. Em seguida, ela se dirigiu ao colegiado da institui\u00e7\u00e3o para registrar uma den\u00fancia.<\/p>\n<p>A reportagem do Aratu On entrou em contato com a professora Jan Alyne Barbosa, mas, at\u00e9 a publica\u00e7\u00e3o desta mat\u00e9ria, ainda n\u00e3o havia obtido resposta. Caso a docente envie um posicionamento, o texto ser\u00e1 atualizado.<\/p>\n<p>O QUE DIZ A UFBA<\/p>\n<p>Em nota enviada \u00e0 equipe da TV Aratu, a Universidade Federal da Bahia informou que a situa\u00e7\u00e3o ser\u00e1 \u201crigorosamente\u201d apurada e, caso as acusa\u00e7\u00f5es sejam comprovadas, medidas ser\u00e3o tomadas. \u201cSeguindo os procedimentos legalmente estabelecidos para apura\u00e7\u00e3o, o caso ser\u00e1 encaminhado para processo investigativo\u201d.<\/p>\n<p>Ainda de acordo com a institui\u00e7\u00e3o, a aluna foi acolhida por C\u00e1ssia Maciel, pr\u00f3-reitora de A\u00e7\u00f5es Afirmativas e Assist\u00eancia Estudantil da universidade, \u201cque a ouviu, atendeu e orientou-a quanto aos procedimentos necess\u00e1rios\u201d, e que a estudante j\u00e1 \u201cregistrou queixa junto \u00e0 Ouvidoria da UFBA\u201d. Confira a nota na \u00edntegra:<\/p>\n<p>A Universidade Federal da Bahia \u00e9 reconhecidamente inclusiva, diversa e predominantemente negra, jovem e feminina. Este novo perfil de comunidade \u2013 em que tr\u00eas a cada quatro estudantes de gradua\u00e7\u00e3o da UFBA s\u00e3o negros e em vulnerabilidade socioecon\u00f4mica \u2013 \u00e9 o resultado de uma d\u00e9cada e meia de a\u00e7\u00f5es afirmativas protagonizadas pela institui\u00e7\u00e3o, que a norteiam. A cria\u00e7\u00e3o de cotas para pessoas trans, em vagas supranumer\u00e1rias, \u00e9 uma das a\u00e7\u00f5es de inclus\u00e3o criadas por esta universidade.<\/p>\n<p>Sendo assim, qualquer forma de ass\u00e9dio \u00e9 considerada n\u00e3o apenas uma agress\u00e3o aos que foram vitimados, mas ao pr\u00f3prio esp\u00edrito da universidade, devendo ser rigorosamente apurados e, uma vez devidamente comprovadas as acusa\u00e7\u00f5es, punidos conforme as leis do pa\u00eds e os regulamentos da Universidade Federal da Bahia.<\/p>\n<p>Quaisquer den\u00fancias devem ser encaminhadas atrav\u00e9s dos canais institucionais, ou seja, \u00e0 dire\u00e7\u00e3o da unidade ou diretamente \u00e0 ouvidoria da UFBA aos quais cabe dar prosseguimento ao processo investigativo, que ser\u00e1 conduzido pela Unidade Seccional de Correi\u00e7\u00e3o, unidade vinculada \u00e0 reitoria de UFBA.<\/p>\n<p>A sua miss\u00e3o est\u00e1 intrinsecamente ligada \u00e0s atividades relacionadas \u00e0 preven\u00e7\u00e3o e apura\u00e7\u00e3o de irregularidades, no \u00e2mbito da universidade, atrav\u00e9s do acompanhamento de procedimentos correcionais. As den\u00fancias s\u00e3o apuradas e os processos transcorrem de modo a assegurar o amplo direito de defesa dos acusados, assim como se preservando as partes envolvidas, at\u00e9 o final do devido processo legal.<\/p>\n<p>Em rela\u00e7\u00e3o ao caso levantado pela reportagem, a UFBA informa que a estudante foi acolhida pela pr\u00f3-reitora de A\u00e7\u00f5es Afirmativas e Assist\u00eancia Estudantil C\u00e1ssia Maciel, que a ouviu, atendeu e orientou-a quanto aos procedimentos necess\u00e1rios. A estudante registrou queixa junto \u00e0 Ouvidoria da UFBA. Seguindo os procedimentos legalmente estabelecidos para apura\u00e7\u00e3o, o caso ser\u00e1 encaminhado para processo investigativo, transcorrendo conforme descrito no par\u00e1grafo anterior.<\/p>\n<p>Foto: Divulga\u00e7\u00e3o\/UFBA<br \/>\nAratu On<\/p>\n","protected":false},"excerpt":{"rendered":"<p>Em nota, a UFBA informou que a situa\u00e7\u00e3o ser\u00e1 &#8220;rigorosamente&#8221; apurada e, caso as acusa\u00e7\u00f5es sejam comprovadas, medidas ser\u00e3o tomadas<\/p>\n","protected":false},"author":4,"featured_media":9203,"comment_status":"open","ping_status":"open","sticky":false,"template":"","format":"standard","meta":{"colormag_page_container_layout":"default_layout","colormag_page_sidebar_layout":"default_layout","_FSMCFIC_featured_image_caption":"","_FSMCFIC_featured_image_nocaption":"","_FSMCFIC_featured_image_hide":"","footnotes":""},"categories":[2,1],"tags":[],"class_list":["post-9202","post","type-post","status-publish","format-standard","has-post-thumbnail","hentry","category-noticias","category-ultimas"],"yoast_head":"<!-- This site is optimized with the Yoast SEO plugin v27.1.1 - https:\/\/yoast.com\/product\/yoast-seo-wordpress\/ -->\n<title>Aluna da UFBA acusa professora de transfobia e racismo; universidade vai apurar a den\u00fancia - Brasil not\u00edcias<\/title>\n<meta name=\"robots\" content=\"index, follow, max-snippet:-1, max-image-preview:large, max-video-preview:-1\" \/>\n<link rel=\"canonical\" href=\"https:\/\/brasilnoticias.org\/site\/aluna-da-ufba-acusa-professora-de-transfobia-e-racismo-universidade-vai-apurar-a-denuncia\/\" \/>\n<meta property=\"og:locale\" content=\"pt_PT\" \/>\n<meta property=\"og:type\" content=\"article\" \/>\n<meta property=\"og:title\" content=\"Aluna da UFBA acusa professora de transfobia e racismo; universidade vai apurar a den\u00fancia - Brasil not\u00edcias\" \/>\n<meta property=\"og:description\" content=\"Em nota, a UFBA informou que a situa\u00e7\u00e3o ser\u00e1 &#8220;rigorosamente&#8221; apurada e, caso as acusa\u00e7\u00f5es sejam comprovadas, medidas ser\u00e3o tomadas\" \/>\n<meta property=\"og:url\" content=\"https:\/\/brasilnoticias.org\/site\/aluna-da-ufba-acusa-professora-de-transfobia-e-racismo-universidade-vai-apurar-a-denuncia\/\" \/>\n<meta property=\"og:site_name\" content=\"Brasil not\u00edcias\" \/>\n<meta property=\"article:published_time\" content=\"2023-09-13T22:41:17+00:00\" \/>\n<meta property=\"og:image\" content=\"https:\/\/brasilnoticias.org\/site\/wp-content\/uploads\/2023\/09\/textos-2.jpg\" \/>\n\t<meta property=\"og:image:width\" content=\"740\" \/>\n\t<meta property=\"og:image:height\" content=\"470\" \/>\n\t<meta property=\"og:image:type\" content=\"image\/jpeg\" \/>\n<meta name=\"author\" content=\"Reda\u00e7\u00e3o\" \/>\n<meta name=\"twitter:card\" content=\"summary_large_image\" \/>\n<meta name=\"twitter:label1\" content=\"Escrito por\" \/>\n\t<meta name=\"twitter:data1\" content=\"Reda\u00e7\u00e3o\" \/>\n<script type=\"application\/ld+json\" class=\"yoast-schema-graph\">{\"@context\":\"https:\/\/schema.org\",\"@graph\":[{\"@type\":\"Article\",\"@id\":\"https:\/\/brasilnoticias.org\/site\/aluna-da-ufba-acusa-professora-de-transfobia-e-racismo-universidade-vai-apurar-a-denuncia\/#article\",\"isPartOf\":{\"@id\":\"https:\/\/brasilnoticias.org\/site\/aluna-da-ufba-acusa-professora-de-transfobia-e-racismo-universidade-vai-apurar-a-denuncia\/\"},\"author\":{\"name\":\"Reda\u00e7\u00e3o\",\"@id\":\"https:\/\/brasilnoticias.org\/site\/#\/schema\/person\/03bbbfe6c7634ad18c26444ea39049fa\"},\"headline\":\"Aluna da UFBA acusa professora de transfobia e racismo; universidade vai apurar a den\u00fancia\",\"datePublished\":\"2023-09-13T22:41:17+00:00\",\"mainEntityOfPage\":{\"@id\":\"https:\/\/brasilnoticias.org\/site\/aluna-da-ufba-acusa-professora-de-transfobia-e-racismo-universidade-vai-apurar-a-denuncia\/\"},\"wordCount\":881,\"commentCount\":0,\"publisher\":{\"@id\":\"https:\/\/brasilnoticias.org\/site\/#organization\"},\"image\":{\"@id\":\"https:\/\/brasilnoticias.org\/site\/aluna-da-ufba-acusa-professora-de-transfobia-e-racismo-universidade-vai-apurar-a-denuncia\/#primaryimage\"},\"thumbnailUrl\":\"https:\/\/brasilnoticias.org\/site\/wp-content\/uploads\/2023\/09\/textos-2.jpg\",\"articleSection\":[\"Not\u00edcias\",\"\u00daltimas\"],\"inLanguage\":\"pt-PT\",\"potentialAction\":[{\"@type\":\"CommentAction\",\"name\":\"Comment\",\"target\":[\"https:\/\/brasilnoticias.org\/site\/aluna-da-ufba-acusa-professora-de-transfobia-e-racismo-universidade-vai-apurar-a-denuncia\/#respond\"]}]},{\"@type\":\"WebPage\",\"@id\":\"https:\/\/brasilnoticias.org\/site\/aluna-da-ufba-acusa-professora-de-transfobia-e-racismo-universidade-vai-apurar-a-denuncia\/\",\"url\":\"https:\/\/brasilnoticias.org\/site\/aluna-da-ufba-acusa-professora-de-transfobia-e-racismo-universidade-vai-apurar-a-denuncia\/\",\"name\":\"Aluna da UFBA acusa professora de transfobia e racismo; universidade vai apurar a den\u00fancia - Brasil not\u00edcias\",\"isPartOf\":{\"@id\":\"https:\/\/brasilnoticias.org\/site\/#website\"},\"primaryImageOfPage\":{\"@id\":\"https:\/\/brasilnoticias.org\/site\/aluna-da-ufba-acusa-professora-de-transfobia-e-racismo-universidade-vai-apurar-a-denuncia\/#primaryimage\"},\"image\":{\"@id\":\"https:\/\/brasilnoticias.org\/site\/aluna-da-ufba-acusa-professora-de-transfobia-e-racismo-universidade-vai-apurar-a-denuncia\/#primaryimage\"},\"thumbnailUrl\":\"https:\/\/brasilnoticias.org\/site\/wp-content\/uploads\/2023\/09\/textos-2.jpg\",\"datePublished\":\"2023-09-13T22:41:17+00:00\",\"breadcrumb\":{\"@id\":\"https:\/\/brasilnoticias.org\/site\/aluna-da-ufba-acusa-professora-de-transfobia-e-racismo-universidade-vai-apurar-a-denuncia\/#breadcrumb\"},\"inLanguage\":\"pt-PT\",\"potentialAction\":[{\"@type\":\"ReadAction\",\"target\":[\"https:\/\/brasilnoticias.org\/site\/aluna-da-ufba-acusa-professora-de-transfobia-e-racismo-universidade-vai-apurar-a-denuncia\/\"]}]},{\"@type\":\"ImageObject\",\"inLanguage\":\"pt-PT\",\"@id\":\"https:\/\/brasilnoticias.org\/site\/aluna-da-ufba-acusa-professora-de-transfobia-e-racismo-universidade-vai-apurar-a-denuncia\/#primaryimage\",\"url\":\"https:\/\/brasilnoticias.org\/site\/wp-content\/uploads\/2023\/09\/textos-2.jpg\",\"contentUrl\":\"https:\/\/brasilnoticias.org\/site\/wp-content\/uploads\/2023\/09\/textos-2.jpg\",\"width\":740,\"height\":470},{\"@type\":\"BreadcrumbList\",\"@id\":\"https:\/\/brasilnoticias.org\/site\/aluna-da-ufba-acusa-professora-de-transfobia-e-racismo-universidade-vai-apurar-a-denuncia\/#breadcrumb\",\"itemListElement\":[{\"@type\":\"ListItem\",\"position\":1,\"name\":\"In\u00edcio\",\"item\":\"https:\/\/brasilnoticias.org\/site\/\"},{\"@type\":\"ListItem\",\"position\":2,\"name\":\"Aluna da UFBA acusa professora de transfobia e racismo; universidade vai apurar a den\u00fancia\"}]},{\"@type\":\"WebSite\",\"@id\":\"https:\/\/brasilnoticias.org\/site\/#website\",\"url\":\"https:\/\/brasilnoticias.org\/site\/\",\"name\":\"Brasil not\u00edcias\",\"description\":\"Brasil not\u00edcias\",\"publisher\":{\"@id\":\"https:\/\/brasilnoticias.org\/site\/#organization\"},\"potentialAction\":[{\"@type\":\"SearchAction\",\"target\":{\"@type\":\"EntryPoint\",\"urlTemplate\":\"https:\/\/brasilnoticias.org\/site\/?s={search_term_string}\"},\"query-input\":{\"@type\":\"PropertyValueSpecification\",\"valueRequired\":true,\"valueName\":\"search_term_string\"}}],\"inLanguage\":\"pt-PT\"},{\"@type\":\"Organization\",\"@id\":\"https:\/\/brasilnoticias.org\/site\/#organization\",\"name\":\"Brasil not\u00edcias\",\"url\":\"https:\/\/brasilnoticias.org\/site\/\",\"logo\":{\"@type\":\"ImageObject\",\"inLanguage\":\"pt-PT\",\"@id\":\"https:\/\/brasilnoticias.org\/site\/#\/schema\/logo\/image\/\",\"url\":\"https:\/\/brasilnoticias.org\/site\/wp-content\/uploads\/2022\/05\/cropped-brasilnoticias-mini.jpg\",\"contentUrl\":\"https:\/\/brasilnoticias.org\/site\/wp-content\/uploads\/2022\/05\/cropped-brasilnoticias-mini.jpg\",\"width\":314,\"height\":86,\"caption\":\"Brasil not\u00edcias\"},\"image\":{\"@id\":\"https:\/\/brasilnoticias.org\/site\/#\/schema\/logo\/image\/\"}},{\"@type\":\"Person\",\"@id\":\"https:\/\/brasilnoticias.org\/site\/#\/schema\/person\/03bbbfe6c7634ad18c26444ea39049fa\",\"name\":\"Reda\u00e7\u00e3o\",\"image\":{\"@type\":\"ImageObject\",\"inLanguage\":\"pt-PT\",\"@id\":\"https:\/\/brasilnoticias.org\/site\/#\/schema\/person\/image\/\",\"url\":\"https:\/\/secure.gravatar.com\/avatar\/9ecaf7327a696cb23ad926fedded5f1f04d7049de9e445375d55b48c001a6e42?s=96&d=mm&r=g\",\"contentUrl\":\"https:\/\/secure.gravatar.com\/avatar\/9ecaf7327a696cb23ad926fedded5f1f04d7049de9e445375d55b48c001a6e42?s=96&d=mm&r=g\",\"caption\":\"Reda\u00e7\u00e3o\"},\"url\":\"https:\/\/brasilnoticias.org\/site\/author\/henrique\/\"}]}<\/script>\n<!-- \/ Yoast SEO plugin. -->","yoast_head_json":{"title":"Aluna da UFBA acusa professora de transfobia e racismo; universidade vai apurar a den\u00fancia - Brasil not\u00edcias","robots":{"index":"index","follow":"follow","max-snippet":"max-snippet:-1","max-image-preview":"max-image-preview:large","max-video-preview":"max-video-preview:-1"},"canonical":"https:\/\/brasilnoticias.org\/site\/aluna-da-ufba-acusa-professora-de-transfobia-e-racismo-universidade-vai-apurar-a-denuncia\/","og_locale":"pt_PT","og_type":"article","og_title":"Aluna da UFBA acusa professora de transfobia e racismo; universidade vai apurar a den\u00fancia - Brasil not\u00edcias","og_description":"Em nota, a UFBA informou que a situa\u00e7\u00e3o ser\u00e1 &#8220;rigorosamente&#8221; apurada e, caso as acusa\u00e7\u00f5es sejam comprovadas, medidas ser\u00e3o tomadas","og_url":"https:\/\/brasilnoticias.org\/site\/aluna-da-ufba-acusa-professora-de-transfobia-e-racismo-universidade-vai-apurar-a-denuncia\/","og_site_name":"Brasil not\u00edcias","article_published_time":"2023-09-13T22:41:17+00:00","og_image":[{"width":740,"height":470,"url":"https:\/\/brasilnoticias.org\/site\/wp-content\/uploads\/2023\/09\/textos-2.jpg","type":"image\/jpeg"}],"author":"Reda\u00e7\u00e3o","twitter_card":"summary_large_image","twitter_misc":{"Escrito por":"Reda\u00e7\u00e3o"},"schema":{"@context":"https:\/\/schema.org","@graph":[{"@type":"Article","@id":"https:\/\/brasilnoticias.org\/site\/aluna-da-ufba-acusa-professora-de-transfobia-e-racismo-universidade-vai-apurar-a-denuncia\/#article","isPartOf":{"@id":"https:\/\/brasilnoticias.org\/site\/aluna-da-ufba-acusa-professora-de-transfobia-e-racismo-universidade-vai-apurar-a-denuncia\/"},"author":{"name":"Reda\u00e7\u00e3o","@id":"https:\/\/brasilnoticias.org\/site\/#\/schema\/person\/03bbbfe6c7634ad18c26444ea39049fa"},"headline":"Aluna da UFBA acusa professora de transfobia e racismo; universidade vai apurar a den\u00fancia","datePublished":"2023-09-13T22:41:17+00:00","mainEntityOfPage":{"@id":"https:\/\/brasilnoticias.org\/site\/aluna-da-ufba-acusa-professora-de-transfobia-e-racismo-universidade-vai-apurar-a-denuncia\/"},"wordCount":881,"commentCount":0,"publisher":{"@id":"https:\/\/brasilnoticias.org\/site\/#organization"},"image":{"@id":"https:\/\/brasilnoticias.org\/site\/aluna-da-ufba-acusa-professora-de-transfobia-e-racismo-universidade-vai-apurar-a-denuncia\/#primaryimage"},"thumbnailUrl":"https:\/\/brasilnoticias.org\/site\/wp-content\/uploads\/2023\/09\/textos-2.jpg","articleSection":["Not\u00edcias","\u00daltimas"],"inLanguage":"pt-PT","potentialAction":[{"@type":"CommentAction","name":"Comment","target":["https:\/\/brasilnoticias.org\/site\/aluna-da-ufba-acusa-professora-de-transfobia-e-racismo-universidade-vai-apurar-a-denuncia\/#respond"]}]},{"@type":"WebPage","@id":"https:\/\/brasilnoticias.org\/site\/aluna-da-ufba-acusa-professora-de-transfobia-e-racismo-universidade-vai-apurar-a-denuncia\/","url":"https:\/\/brasilnoticias.org\/site\/aluna-da-ufba-acusa-professora-de-transfobia-e-racismo-universidade-vai-apurar-a-denuncia\/","name":"Aluna da UFBA acusa professora de transfobia e racismo; universidade vai apurar a den\u00fancia - Brasil not\u00edcias","isPartOf":{"@id":"https:\/\/brasilnoticias.org\/site\/#website"},"primaryImageOfPage":{"@id":"https:\/\/brasilnoticias.org\/site\/aluna-da-ufba-acusa-professora-de-transfobia-e-racismo-universidade-vai-apurar-a-denuncia\/#primaryimage"},"image":{"@id":"https:\/\/brasilnoticias.org\/site\/aluna-da-ufba-acusa-professora-de-transfobia-e-racismo-universidade-vai-apurar-a-denuncia\/#primaryimage"},"thumbnailUrl":"https:\/\/brasilnoticias.org\/site\/wp-content\/uploads\/2023\/09\/textos-2.jpg","datePublished":"2023-09-13T22:41:17+00:00","breadcrumb":{"@id":"https:\/\/brasilnoticias.org\/site\/aluna-da-ufba-acusa-professora-de-transfobia-e-racismo-universidade-vai-apurar-a-denuncia\/#breadcrumb"},"inLanguage":"pt-PT","potentialAction":[{"@type":"ReadAction","target":["https:\/\/brasilnoticias.org\/site\/aluna-da-ufba-acusa-professora-de-transfobia-e-racismo-universidade-vai-apurar-a-denuncia\/"]}]},{"@type":"ImageObject","inLanguage":"pt-PT","@id":"https:\/\/brasilnoticias.org\/site\/aluna-da-ufba-acusa-professora-de-transfobia-e-racismo-universidade-vai-apurar-a-denuncia\/#primaryimage","url":"https:\/\/brasilnoticias.org\/site\/wp-content\/uploads\/2023\/09\/textos-2.jpg","contentUrl":"https:\/\/brasilnoticias.org\/site\/wp-content\/uploads\/2023\/09\/textos-2.jpg","width":740,"height":470},{"@type":"BreadcrumbList","@id":"https:\/\/brasilnoticias.org\/site\/aluna-da-ufba-acusa-professora-de-transfobia-e-racismo-universidade-vai-apurar-a-denuncia\/#breadcrumb","itemListElement":[{"@type":"ListItem","position":1,"name":"In\u00edcio","item":"https:\/\/brasilnoticias.org\/site\/"},{"@type":"ListItem","position":2,"name":"Aluna da UFBA acusa professora de transfobia e racismo; universidade vai apurar a den\u00fancia"}]},{"@type":"WebSite","@id":"https:\/\/brasilnoticias.org\/site\/#website","url":"https:\/\/brasilnoticias.org\/site\/","name":"Brasil not\u00edcias","description":"Brasil not\u00edcias","publisher":{"@id":"https:\/\/brasilnoticias.org\/site\/#organization"},"potentialAction":[{"@type":"SearchAction","target":{"@type":"EntryPoint","urlTemplate":"https:\/\/brasilnoticias.org\/site\/?s={search_term_string}"},"query-input":{"@type":"PropertyValueSpecification","valueRequired":true,"valueName":"search_term_string"}}],"inLanguage":"pt-PT"},{"@type":"Organization","@id":"https:\/\/brasilnoticias.org\/site\/#organization","name":"Brasil not\u00edcias","url":"https:\/\/brasilnoticias.org\/site\/","logo":{"@type":"ImageObject","inLanguage":"pt-PT","@id":"https:\/\/brasilnoticias.org\/site\/#\/schema\/logo\/image\/","url":"https:\/\/brasilnoticias.org\/site\/wp-content\/uploads\/2022\/05\/cropped-brasilnoticias-mini.jpg","contentUrl":"https:\/\/brasilnoticias.org\/site\/wp-content\/uploads\/2022\/05\/cropped-brasilnoticias-mini.jpg","width":314,"height":86,"caption":"Brasil not\u00edcias"},"image":{"@id":"https:\/\/brasilnoticias.org\/site\/#\/schema\/logo\/image\/"}},{"@type":"Person","@id":"https:\/\/brasilnoticias.org\/site\/#\/schema\/person\/03bbbfe6c7634ad18c26444ea39049fa","name":"Reda\u00e7\u00e3o","image":{"@type":"ImageObject","inLanguage":"pt-PT","@id":"https:\/\/brasilnoticias.org\/site\/#\/schema\/person\/image\/","url":"https:\/\/secure.gravatar.com\/avatar\/9ecaf7327a696cb23ad926fedded5f1f04d7049de9e445375d55b48c001a6e42?s=96&d=mm&r=g","contentUrl":"https:\/\/secure.gravatar.com\/avatar\/9ecaf7327a696cb23ad926fedded5f1f04d7049de9e445375d55b48c001a6e42?s=96&d=mm&r=g","caption":"Reda\u00e7\u00e3o"},"url":"https:\/\/brasilnoticias.org\/site\/author\/henrique\/"}]}},"_links":{"self":[{"href":"https:\/\/brasilnoticias.org\/site\/wp-json\/wp\/v2\/posts\/9202","targetHints":{"allow":["GET"]}}],"collection":[{"href":"https:\/\/brasilnoticias.org\/site\/wp-json\/wp\/v2\/posts"}],"about":[{"href":"https:\/\/brasilnoticias.org\/site\/wp-json\/wp\/v2\/types\/post"}],"author":[{"embeddable":true,"href":"https:\/\/brasilnoticias.org\/site\/wp-json\/wp\/v2\/users\/4"}],"replies":[{"embeddable":true,"href":"https:\/\/brasilnoticias.org\/site\/wp-json\/wp\/v2\/comments?post=9202"}],"version-history":[{"count":1,"href":"https:\/\/brasilnoticias.org\/site\/wp-json\/wp\/v2\/posts\/9202\/revisions"}],"predecessor-version":[{"id":9204,"href":"https:\/\/brasilnoticias.org\/site\/wp-json\/wp\/v2\/posts\/9202\/revisions\/9204"}],"wp:featuredmedia":[{"embeddable":true,"href":"https:\/\/brasilnoticias.org\/site\/wp-json\/wp\/v2\/media\/9203"}],"wp:attachment":[{"href":"https:\/\/brasilnoticias.org\/site\/wp-json\/wp\/v2\/media?parent=9202"}],"wp:term":[{"taxonomy":"category","embeddable":true,"href":"https:\/\/brasilnoticias.org\/site\/wp-json\/wp\/v2\/categories?post=9202"},{"taxonomy":"post_tag","embeddable":true,"href":"https:\/\/brasilnoticias.org\/site\/wp-json\/wp\/v2\/tags?post=9202"}],"curies":[{"name":"wp","href":"https:\/\/api.w.org\/{rel}","templated":true}]}}