{"id":9223,"date":"2023-09-14T17:39:04","date_gmt":"2023-09-14T20:39:04","guid":{"rendered":"https:\/\/brasilnoticias.org\/site\/?p=9223"},"modified":"2023-09-14T17:39:04","modified_gmt":"2023-09-14T20:39:04","slug":"quatro-jogadores-do-real-madrid-sao-presos-por-divulgacao-de-video-sexual-com-menor-de-idade","status":"publish","type":"post","link":"https:\/\/brasilnoticias.org\/site\/quatro-jogadores-do-real-madrid-sao-presos-por-divulgacao-de-video-sexual-com-menor-de-idade\/","title":{"rendered":"Quatro jogadores do Real Madrid s\u00e3o presos por divulga\u00e7\u00e3o de v\u00eddeo sexual com menor de idade"},"content":{"rendered":"<p>Os atletas foram detidos, nesta quinta-feira (14), no Centro de Treinamentos do Real Madrid<\/p>\n<p>A pol\u00edcia espanhola prendeu, nesta quinta-feira (14), quatro jogadores da base do Real Madrid por supostamente terem divulgado um v\u00eddeo \u00edntimo com uma menor de idade. Todos os detidos pertencem a categorias inferiores do time, tr\u00eas s\u00e3o jogadores do Real C e o quarto \u00e9 do Real Madrid Castilla, a equipe B do clube.<\/p>\n<p>A investiga\u00e7\u00e3o dos atletas, n\u00e3o identificados at\u00e9 o momento, foi iniciada ap\u00f3s uma den\u00fancia feita em 6 de setembro, nas Ilhas Can\u00e1rias, pela m\u00e3e da suposta v\u00edtima, que tem apenas 16 anos. A informa\u00e7\u00e3o foi confirmada por um porta-voz da pol\u00edcia para o jornal espanhol El Confidencial.<\/p>\n<p>O principal investigado \u00e9 um jogador do Real Madrid C, acusado de ter tido rela\u00e7\u00f5es sexuais com a v\u00edtima, gravado o ato e compartilhado as imagens no WhatsApp. As autoridades suspeitam que, posteriormente, o v\u00eddeo circulou por diferentes grupos de atletas do Real Madrid.<\/p>\n<p>Em nota, o Real Madrid comunicou que tomou conhecimento sobre a situa\u00e7\u00e3o e que espera por mais detalhes para \u201ctomar as medidas cab\u00edveis\u201d. \u201cO Real Madrid anuncia que tem conhecimento de que um jogador do Castilla e tr\u00eas jogadores do Real Madrid C prestaram depoimento \u00e0 Guarda Civil sobre uma den\u00fancia pela suposta divulga\u00e7\u00e3o de um v\u00eddeo privado no WhatsApp. Quando o clube tiver conhecimento detalhado dos fatos, adotar\u00e1 medidas cab\u00edveis\u201d, diz o texto na \u00edntegra.<\/p>\n<p>Foto: Simon Reza\/Unsplash<br \/>\nMetro<\/p>\n","protected":false},"excerpt":{"rendered":"<p>Os atletas foram detidos, nesta quinta-feira (14), no Centro de Treinamentos do Real Madrid A pol\u00edcia espanhola prendeu, nesta quinta-feira<\/p>\n","protected":false},"author":4,"featured_media":9224,"comment_status":"open","ping_status":"open","sticky":false,"template":"","format":"standard","meta":{"colormag_page_container_layout":"default_layout","colormag_page_sidebar_layout":"default_layout","_FSMCFIC_featured_image_caption":"","_FSMCFIC_featured_image_nocaption":"","_FSMCFIC_featured_image_hide":"","footnotes":""},"categories":[4,1],"tags":[],"class_list":["post-9223","post","type-post","status-publish","format-standard","has-post-thumbnail","hentry","category-esporte","category-ultimas"],"yoast_head":"<!-- This site is optimized with the Yoast SEO plugin v27.1.1 - https:\/\/yoast.com\/product\/yoast-seo-wordpress\/ -->\n<title>Quatro jogadores do Real Madrid s\u00e3o presos por divulga\u00e7\u00e3o de v\u00eddeo sexual com menor de idade - Brasil not\u00edcias<\/title>\n<meta name=\"robots\" content=\"index, follow, max-snippet:-1, max-image-preview:large, max-video-preview:-1\" \/>\n<link rel=\"canonical\" href=\"https:\/\/brasilnoticias.org\/site\/quatro-jogadores-do-real-madrid-sao-presos-por-divulgacao-de-video-sexual-com-menor-de-idade\/\" \/>\n<meta property=\"og:locale\" content=\"pt_PT\" \/>\n<meta property=\"og:type\" content=\"article\" \/>\n<meta property=\"og:title\" content=\"Quatro jogadores do Real Madrid s\u00e3o presos por divulga\u00e7\u00e3o de v\u00eddeo sexual com menor de idade - Brasil not\u00edcias\" \/>\n<meta property=\"og:description\" content=\"Os atletas foram detidos, nesta quinta-feira (14), no Centro de Treinamentos do Real Madrid A pol\u00edcia espanhola prendeu, nesta quinta-feira\" \/>\n<meta property=\"og:url\" content=\"https:\/\/brasilnoticias.org\/site\/quatro-jogadores-do-real-madrid-sao-presos-por-divulgacao-de-video-sexual-com-menor-de-idade\/\" \/>\n<meta property=\"og:site_name\" content=\"Brasil not\u00edcias\" \/>\n<meta property=\"article:published_time\" content=\"2023-09-14T20:39:04+00:00\" \/>\n<meta property=\"og:image\" content=\"https:\/\/brasilnoticias.org\/site\/wp-content\/uploads\/2023\/09\/140945quatro-jogadores-do-real-madrid-sao-presos-por-divulgacao-de-video-sexual-com-menor-de-idade-3.jpg\" \/>\n\t<meta property=\"og:image:width\" content=\"1600\" \/>\n\t<meta property=\"og:image:height\" content=\"752\" \/>\n\t<meta property=\"og:image:type\" content=\"image\/jpeg\" \/>\n<meta name=\"author\" content=\"Reda\u00e7\u00e3o\" \/>\n<meta name=\"twitter:card\" content=\"summary_large_image\" \/>\n<meta name=\"twitter:label1\" content=\"Escrito por\" \/>\n\t<meta name=\"twitter:data1\" content=\"Reda\u00e7\u00e3o\" \/>\n<script type=\"application\/ld+json\" class=\"yoast-schema-graph\">{\"@context\":\"https:\/\/schema.org\",\"@graph\":[{\"@type\":\"Article\",\"@id\":\"https:\/\/brasilnoticias.org\/site\/quatro-jogadores-do-real-madrid-sao-presos-por-divulgacao-de-video-sexual-com-menor-de-idade\/#article\",\"isPartOf\":{\"@id\":\"https:\/\/brasilnoticias.org\/site\/quatro-jogadores-do-real-madrid-sao-presos-por-divulgacao-de-video-sexual-com-menor-de-idade\/\"},\"author\":{\"name\":\"Reda\u00e7\u00e3o\",\"@id\":\"https:\/\/brasilnoticias.org\/site\/#\/schema\/person\/03bbbfe6c7634ad18c26444ea39049fa\"},\"headline\":\"Quatro jogadores do Real Madrid s\u00e3o presos por divulga\u00e7\u00e3o de v\u00eddeo sexual com menor de idade\",\"datePublished\":\"2023-09-14T20:39:04+00:00\",\"mainEntityOfPage\":{\"@id\":\"https:\/\/brasilnoticias.org\/site\/quatro-jogadores-do-real-madrid-sao-presos-por-divulgacao-de-video-sexual-com-menor-de-idade\/\"},\"wordCount\":275,\"commentCount\":0,\"publisher\":{\"@id\":\"https:\/\/brasilnoticias.org\/site\/#organization\"},\"image\":{\"@id\":\"https:\/\/brasilnoticias.org\/site\/quatro-jogadores-do-real-madrid-sao-presos-por-divulgacao-de-video-sexual-com-menor-de-idade\/#primaryimage\"},\"thumbnailUrl\":\"https:\/\/brasilnoticias.org\/site\/wp-content\/uploads\/2023\/09\/140945quatro-jogadores-do-real-madrid-sao-presos-por-divulgacao-de-video-sexual-com-menor-de-idade-3.jpg\",\"articleSection\":[\"Esporte\",\"\u00daltimas\"],\"inLanguage\":\"pt-PT\",\"potentialAction\":[{\"@type\":\"CommentAction\",\"name\":\"Comment\",\"target\":[\"https:\/\/brasilnoticias.org\/site\/quatro-jogadores-do-real-madrid-sao-presos-por-divulgacao-de-video-sexual-com-menor-de-idade\/#respond\"]}]},{\"@type\":\"WebPage\",\"@id\":\"https:\/\/brasilnoticias.org\/site\/quatro-jogadores-do-real-madrid-sao-presos-por-divulgacao-de-video-sexual-com-menor-de-idade\/\",\"url\":\"https:\/\/brasilnoticias.org\/site\/quatro-jogadores-do-real-madrid-sao-presos-por-divulgacao-de-video-sexual-com-menor-de-idade\/\",\"name\":\"Quatro jogadores do Real Madrid s\u00e3o presos por divulga\u00e7\u00e3o de v\u00eddeo sexual com menor de idade - Brasil not\u00edcias\",\"isPartOf\":{\"@id\":\"https:\/\/brasilnoticias.org\/site\/#website\"},\"primaryImageOfPage\":{\"@id\":\"https:\/\/brasilnoticias.org\/site\/quatro-jogadores-do-real-madrid-sao-presos-por-divulgacao-de-video-sexual-com-menor-de-idade\/#primaryimage\"},\"image\":{\"@id\":\"https:\/\/brasilnoticias.org\/site\/quatro-jogadores-do-real-madrid-sao-presos-por-divulgacao-de-video-sexual-com-menor-de-idade\/#primaryimage\"},\"thumbnailUrl\":\"https:\/\/brasilnoticias.org\/site\/wp-content\/uploads\/2023\/09\/140945quatro-jogadores-do-real-madrid-sao-presos-por-divulgacao-de-video-sexual-com-menor-de-idade-3.jpg\",\"datePublished\":\"2023-09-14T20:39:04+00:00\",\"breadcrumb\":{\"@id\":\"https:\/\/brasilnoticias.org\/site\/quatro-jogadores-do-real-madrid-sao-presos-por-divulgacao-de-video-sexual-com-menor-de-idade\/#breadcrumb\"},\"inLanguage\":\"pt-PT\",\"potentialAction\":[{\"@type\":\"ReadAction\",\"target\":[\"https:\/\/brasilnoticias.org\/site\/quatro-jogadores-do-real-madrid-sao-presos-por-divulgacao-de-video-sexual-com-menor-de-idade\/\"]}]},{\"@type\":\"ImageObject\",\"inLanguage\":\"pt-PT\",\"@id\":\"https:\/\/brasilnoticias.org\/site\/quatro-jogadores-do-real-madrid-sao-presos-por-divulgacao-de-video-sexual-com-menor-de-idade\/#primaryimage\",\"url\":\"https:\/\/brasilnoticias.org\/site\/wp-content\/uploads\/2023\/09\/140945quatro-jogadores-do-real-madrid-sao-presos-por-divulgacao-de-video-sexual-com-menor-de-idade-3.jpg\",\"contentUrl\":\"https:\/\/brasilnoticias.org\/site\/wp-content\/uploads\/2023\/09\/140945quatro-jogadores-do-real-madrid-sao-presos-por-divulgacao-de-video-sexual-com-menor-de-idade-3.jpg\",\"width\":1600,\"height\":752},{\"@type\":\"BreadcrumbList\",\"@id\":\"https:\/\/brasilnoticias.org\/site\/quatro-jogadores-do-real-madrid-sao-presos-por-divulgacao-de-video-sexual-com-menor-de-idade\/#breadcrumb\",\"itemListElement\":[{\"@type\":\"ListItem\",\"position\":1,\"name\":\"In\u00edcio\",\"item\":\"https:\/\/brasilnoticias.org\/site\/\"},{\"@type\":\"ListItem\",\"position\":2,\"name\":\"Quatro jogadores do Real Madrid s\u00e3o presos por divulga\u00e7\u00e3o de v\u00eddeo sexual com menor de idade\"}]},{\"@type\":\"WebSite\",\"@id\":\"https:\/\/brasilnoticias.org\/site\/#website\",\"url\":\"https:\/\/brasilnoticias.org\/site\/\",\"name\":\"Brasil not\u00edcias\",\"description\":\"Brasil not\u00edcias\",\"publisher\":{\"@id\":\"https:\/\/brasilnoticias.org\/site\/#organization\"},\"potentialAction\":[{\"@type\":\"SearchAction\",\"target\":{\"@type\":\"EntryPoint\",\"urlTemplate\":\"https:\/\/brasilnoticias.org\/site\/?s={search_term_string}\"},\"query-input\":{\"@type\":\"PropertyValueSpecification\",\"valueRequired\":true,\"valueName\":\"search_term_string\"}}],\"inLanguage\":\"pt-PT\"},{\"@type\":\"Organization\",\"@id\":\"https:\/\/brasilnoticias.org\/site\/#organization\",\"name\":\"Brasil not\u00edcias\",\"url\":\"https:\/\/brasilnoticias.org\/site\/\",\"logo\":{\"@type\":\"ImageObject\",\"inLanguage\":\"pt-PT\",\"@id\":\"https:\/\/brasilnoticias.org\/site\/#\/schema\/logo\/image\/\",\"url\":\"https:\/\/brasilnoticias.org\/site\/wp-content\/uploads\/2022\/05\/cropped-brasilnoticias-mini.jpg\",\"contentUrl\":\"https:\/\/brasilnoticias.org\/site\/wp-content\/uploads\/2022\/05\/cropped-brasilnoticias-mini.jpg\",\"width\":314,\"height\":86,\"caption\":\"Brasil not\u00edcias\"},\"image\":{\"@id\":\"https:\/\/brasilnoticias.org\/site\/#\/schema\/logo\/image\/\"}},{\"@type\":\"Person\",\"@id\":\"https:\/\/brasilnoticias.org\/site\/#\/schema\/person\/03bbbfe6c7634ad18c26444ea39049fa\",\"name\":\"Reda\u00e7\u00e3o\",\"image\":{\"@type\":\"ImageObject\",\"inLanguage\":\"pt-PT\",\"@id\":\"https:\/\/brasilnoticias.org\/site\/#\/schema\/person\/image\/\",\"url\":\"https:\/\/secure.gravatar.com\/avatar\/9ecaf7327a696cb23ad926fedded5f1f04d7049de9e445375d55b48c001a6e42?s=96&d=mm&r=g\",\"contentUrl\":\"https:\/\/secure.gravatar.com\/avatar\/9ecaf7327a696cb23ad926fedded5f1f04d7049de9e445375d55b48c001a6e42?s=96&d=mm&r=g\",\"caption\":\"Reda\u00e7\u00e3o\"},\"url\":\"https:\/\/brasilnoticias.org\/site\/author\/henrique\/\"}]}<\/script>\n<!-- \/ Yoast SEO plugin. -->","yoast_head_json":{"title":"Quatro jogadores do Real Madrid s\u00e3o presos por divulga\u00e7\u00e3o de v\u00eddeo sexual com menor de idade - Brasil not\u00edcias","robots":{"index":"index","follow":"follow","max-snippet":"max-snippet:-1","max-image-preview":"max-image-preview:large","max-video-preview":"max-video-preview:-1"},"canonical":"https:\/\/brasilnoticias.org\/site\/quatro-jogadores-do-real-madrid-sao-presos-por-divulgacao-de-video-sexual-com-menor-de-idade\/","og_locale":"pt_PT","og_type":"article","og_title":"Quatro jogadores do Real Madrid s\u00e3o presos por divulga\u00e7\u00e3o de v\u00eddeo sexual com menor de idade - Brasil not\u00edcias","og_description":"Os atletas foram detidos, nesta quinta-feira (14), no Centro de Treinamentos do Real Madrid A pol\u00edcia espanhola prendeu, nesta quinta-feira","og_url":"https:\/\/brasilnoticias.org\/site\/quatro-jogadores-do-real-madrid-sao-presos-por-divulgacao-de-video-sexual-com-menor-de-idade\/","og_site_name":"Brasil not\u00edcias","article_published_time":"2023-09-14T20:39:04+00:00","og_image":[{"width":1600,"height":752,"url":"https:\/\/brasilnoticias.org\/site\/wp-content\/uploads\/2023\/09\/140945quatro-jogadores-do-real-madrid-sao-presos-por-divulgacao-de-video-sexual-com-menor-de-idade-3.jpg","type":"image\/jpeg"}],"author":"Reda\u00e7\u00e3o","twitter_card":"summary_large_image","twitter_misc":{"Escrito por":"Reda\u00e7\u00e3o"},"schema":{"@context":"https:\/\/schema.org","@graph":[{"@type":"Article","@id":"https:\/\/brasilnoticias.org\/site\/quatro-jogadores-do-real-madrid-sao-presos-por-divulgacao-de-video-sexual-com-menor-de-idade\/#article","isPartOf":{"@id":"https:\/\/brasilnoticias.org\/site\/quatro-jogadores-do-real-madrid-sao-presos-por-divulgacao-de-video-sexual-com-menor-de-idade\/"},"author":{"name":"Reda\u00e7\u00e3o","@id":"https:\/\/brasilnoticias.org\/site\/#\/schema\/person\/03bbbfe6c7634ad18c26444ea39049fa"},"headline":"Quatro jogadores do Real Madrid s\u00e3o presos por divulga\u00e7\u00e3o de v\u00eddeo sexual com menor de idade","datePublished":"2023-09-14T20:39:04+00:00","mainEntityOfPage":{"@id":"https:\/\/brasilnoticias.org\/site\/quatro-jogadores-do-real-madrid-sao-presos-por-divulgacao-de-video-sexual-com-menor-de-idade\/"},"wordCount":275,"commentCount":0,"publisher":{"@id":"https:\/\/brasilnoticias.org\/site\/#organization"},"image":{"@id":"https:\/\/brasilnoticias.org\/site\/quatro-jogadores-do-real-madrid-sao-presos-por-divulgacao-de-video-sexual-com-menor-de-idade\/#primaryimage"},"thumbnailUrl":"https:\/\/brasilnoticias.org\/site\/wp-content\/uploads\/2023\/09\/140945quatro-jogadores-do-real-madrid-sao-presos-por-divulgacao-de-video-sexual-com-menor-de-idade-3.jpg","articleSection":["Esporte","\u00daltimas"],"inLanguage":"pt-PT","potentialAction":[{"@type":"CommentAction","name":"Comment","target":["https:\/\/brasilnoticias.org\/site\/quatro-jogadores-do-real-madrid-sao-presos-por-divulgacao-de-video-sexual-com-menor-de-idade\/#respond"]}]},{"@type":"WebPage","@id":"https:\/\/brasilnoticias.org\/site\/quatro-jogadores-do-real-madrid-sao-presos-por-divulgacao-de-video-sexual-com-menor-de-idade\/","url":"https:\/\/brasilnoticias.org\/site\/quatro-jogadores-do-real-madrid-sao-presos-por-divulgacao-de-video-sexual-com-menor-de-idade\/","name":"Quatro jogadores do Real Madrid s\u00e3o presos por divulga\u00e7\u00e3o de v\u00eddeo sexual com menor de idade - Brasil not\u00edcias","isPartOf":{"@id":"https:\/\/brasilnoticias.org\/site\/#website"},"primaryImageOfPage":{"@id":"https:\/\/brasilnoticias.org\/site\/quatro-jogadores-do-real-madrid-sao-presos-por-divulgacao-de-video-sexual-com-menor-de-idade\/#primaryimage"},"image":{"@id":"https:\/\/brasilnoticias.org\/site\/quatro-jogadores-do-real-madrid-sao-presos-por-divulgacao-de-video-sexual-com-menor-de-idade\/#primaryimage"},"thumbnailUrl":"https:\/\/brasilnoticias.org\/site\/wp-content\/uploads\/2023\/09\/140945quatro-jogadores-do-real-madrid-sao-presos-por-divulgacao-de-video-sexual-com-menor-de-idade-3.jpg","datePublished":"2023-09-14T20:39:04+00:00","breadcrumb":{"@id":"https:\/\/brasilnoticias.org\/site\/quatro-jogadores-do-real-madrid-sao-presos-por-divulgacao-de-video-sexual-com-menor-de-idade\/#breadcrumb"},"inLanguage":"pt-PT","potentialAction":[{"@type":"ReadAction","target":["https:\/\/brasilnoticias.org\/site\/quatro-jogadores-do-real-madrid-sao-presos-por-divulgacao-de-video-sexual-com-menor-de-idade\/"]}]},{"@type":"ImageObject","inLanguage":"pt-PT","@id":"https:\/\/brasilnoticias.org\/site\/quatro-jogadores-do-real-madrid-sao-presos-por-divulgacao-de-video-sexual-com-menor-de-idade\/#primaryimage","url":"https:\/\/brasilnoticias.org\/site\/wp-content\/uploads\/2023\/09\/140945quatro-jogadores-do-real-madrid-sao-presos-por-divulgacao-de-video-sexual-com-menor-de-idade-3.jpg","contentUrl":"https:\/\/brasilnoticias.org\/site\/wp-content\/uploads\/2023\/09\/140945quatro-jogadores-do-real-madrid-sao-presos-por-divulgacao-de-video-sexual-com-menor-de-idade-3.jpg","width":1600,"height":752},{"@type":"BreadcrumbList","@id":"https:\/\/brasilnoticias.org\/site\/quatro-jogadores-do-real-madrid-sao-presos-por-divulgacao-de-video-sexual-com-menor-de-idade\/#breadcrumb","itemListElement":[{"@type":"ListItem","position":1,"name":"In\u00edcio","item":"https:\/\/brasilnoticias.org\/site\/"},{"@type":"ListItem","position":2,"name":"Quatro jogadores do Real Madrid s\u00e3o presos por divulga\u00e7\u00e3o de v\u00eddeo sexual com menor de idade"}]},{"@type":"WebSite","@id":"https:\/\/brasilnoticias.org\/site\/#website","url":"https:\/\/brasilnoticias.org\/site\/","name":"Brasil not\u00edcias","description":"Brasil not\u00edcias","publisher":{"@id":"https:\/\/brasilnoticias.org\/site\/#organization"},"potentialAction":[{"@type":"SearchAction","target":{"@type":"EntryPoint","urlTemplate":"https:\/\/brasilnoticias.org\/site\/?s={search_term_string}"},"query-input":{"@type":"PropertyValueSpecification","valueRequired":true,"valueName":"search_term_string"}}],"inLanguage":"pt-PT"},{"@type":"Organization","@id":"https:\/\/brasilnoticias.org\/site\/#organization","name":"Brasil not\u00edcias","url":"https:\/\/brasilnoticias.org\/site\/","logo":{"@type":"ImageObject","inLanguage":"pt-PT","@id":"https:\/\/brasilnoticias.org\/site\/#\/schema\/logo\/image\/","url":"https:\/\/brasilnoticias.org\/site\/wp-content\/uploads\/2022\/05\/cropped-brasilnoticias-mini.jpg","contentUrl":"https:\/\/brasilnoticias.org\/site\/wp-content\/uploads\/2022\/05\/cropped-brasilnoticias-mini.jpg","width":314,"height":86,"caption":"Brasil not\u00edcias"},"image":{"@id":"https:\/\/brasilnoticias.org\/site\/#\/schema\/logo\/image\/"}},{"@type":"Person","@id":"https:\/\/brasilnoticias.org\/site\/#\/schema\/person\/03bbbfe6c7634ad18c26444ea39049fa","name":"Reda\u00e7\u00e3o","image":{"@type":"ImageObject","inLanguage":"pt-PT","@id":"https:\/\/brasilnoticias.org\/site\/#\/schema\/person\/image\/","url":"https:\/\/secure.gravatar.com\/avatar\/9ecaf7327a696cb23ad926fedded5f1f04d7049de9e445375d55b48c001a6e42?s=96&d=mm&r=g","contentUrl":"https:\/\/secure.gravatar.com\/avatar\/9ecaf7327a696cb23ad926fedded5f1f04d7049de9e445375d55b48c001a6e42?s=96&d=mm&r=g","caption":"Reda\u00e7\u00e3o"},"url":"https:\/\/brasilnoticias.org\/site\/author\/henrique\/"}]}},"_links":{"self":[{"href":"https:\/\/brasilnoticias.org\/site\/wp-json\/wp\/v2\/posts\/9223","targetHints":{"allow":["GET"]}}],"collection":[{"href":"https:\/\/brasilnoticias.org\/site\/wp-json\/wp\/v2\/posts"}],"about":[{"href":"https:\/\/brasilnoticias.org\/site\/wp-json\/wp\/v2\/types\/post"}],"author":[{"embeddable":true,"href":"https:\/\/brasilnoticias.org\/site\/wp-json\/wp\/v2\/users\/4"}],"replies":[{"embeddable":true,"href":"https:\/\/brasilnoticias.org\/site\/wp-json\/wp\/v2\/comments?post=9223"}],"version-history":[{"count":1,"href":"https:\/\/brasilnoticias.org\/site\/wp-json\/wp\/v2\/posts\/9223\/revisions"}],"predecessor-version":[{"id":9225,"href":"https:\/\/brasilnoticias.org\/site\/wp-json\/wp\/v2\/posts\/9223\/revisions\/9225"}],"wp:featuredmedia":[{"embeddable":true,"href":"https:\/\/brasilnoticias.org\/site\/wp-json\/wp\/v2\/media\/9224"}],"wp:attachment":[{"href":"https:\/\/brasilnoticias.org\/site\/wp-json\/wp\/v2\/media?parent=9223"}],"wp:term":[{"taxonomy":"category","embeddable":true,"href":"https:\/\/brasilnoticias.org\/site\/wp-json\/wp\/v2\/categories?post=9223"},{"taxonomy":"post_tag","embeddable":true,"href":"https:\/\/brasilnoticias.org\/site\/wp-json\/wp\/v2\/tags?post=9223"}],"curies":[{"name":"wp","href":"https:\/\/api.w.org\/{rel}","templated":true}]}}