{"id":9238,"date":"2023-09-15T07:00:33","date_gmt":"2023-09-15T10:00:33","guid":{"rendered":"https:\/\/brasilnoticias.org\/site\/?p=9238"},"modified":"2023-09-14T21:56:24","modified_gmt":"2023-09-15T00:56:24","slug":"entusiasmado-com-goleada-sobre-o-vitoria-torcedor-do-crb-faz-tatuagem-com-placar-historico","status":"publish","type":"post","link":"https:\/\/brasilnoticias.org\/site\/entusiasmado-com-goleada-sobre-o-vitoria-torcedor-do-crb-faz-tatuagem-com-placar-historico\/","title":{"rendered":"Entusiasmado com goleada sobre o Vit\u00f3ria, torcedor do CRB faz tatuagem com placar hist\u00f3rico"},"content":{"rendered":"<p>A foto mostra o placar do jogo, escudos dos times e nome dos jogadores que constru\u00edram os 6 a 0, al\u00e9m das &#8220;minutagens&#8221; de cada gol. <\/p>\n<p>Empolgado com a goleada imposta, no \u00faltimo domingo (10\/9), por seu time, um torcedor do CRB tomou uma atitude inusitada. Sem medo de ser feliz, o amante do time de Macei\u00f3 resolveu tatuar o corpo com uma homenagem ao placar el\u00e1stico de 6 a 0, conquistado sobre o Esporte Clube Vit\u00f3ria.<\/p>\n<p>A euforia teve seu motivo: o placar do jogo, muito inesperado, desbancou a equipe baiana, l\u00edder isolada da s\u00e9rie B do Brasileir\u00e3o, competi\u00e7\u00e3o v\u00e1lida nesta partida.<\/p>\n<p>A foto mostra o placar do jogo, escudos dos times e nome dos jogadores que constru\u00edram os 6 a 0, al\u00e9m das \u201cminutagens\u201d de cada gol.  A atitude n\u00e3o demorou muito para repercutir em redes sociais e gerou muitos coment\u00e1rios entre torcedores do CRB e outros times do Brasil.<\/p>\n<p>Foto: Reprodu\u00e7\u00e3o \/ Twitter: @crboficial<br \/>\nAratu On<\/p>\n","protected":false},"excerpt":{"rendered":"<p>A foto mostra o placar do jogo, escudos dos times e nome dos jogadores que constru\u00edram os 6 a 0,<\/p>\n","protected":false},"author":4,"featured_media":9239,"comment_status":"open","ping_status":"open","sticky":false,"template":"","format":"standard","meta":{"colormag_page_container_layout":"default_layout","colormag_page_sidebar_layout":"default_layout","_FSMCFIC_featured_image_caption":"","_FSMCFIC_featured_image_nocaption":"","_FSMCFIC_featured_image_hide":"","footnotes":""},"categories":[4,1],"tags":[],"class_list":["post-9238","post","type-post","status-publish","format-standard","has-post-thumbnail","hentry","category-esporte","category-ultimas"],"yoast_head":"<!-- This site is optimized with the Yoast SEO plugin v27.1.1 - https:\/\/yoast.com\/product\/yoast-seo-wordpress\/ -->\n<title>Entusiasmado com goleada sobre o Vit\u00f3ria, torcedor do CRB faz tatuagem com placar hist\u00f3rico - Brasil not\u00edcias<\/title>\n<meta name=\"robots\" content=\"index, follow, max-snippet:-1, max-image-preview:large, max-video-preview:-1\" \/>\n<link rel=\"canonical\" href=\"https:\/\/brasilnoticias.org\/site\/entusiasmado-com-goleada-sobre-o-vitoria-torcedor-do-crb-faz-tatuagem-com-placar-historico\/\" \/>\n<meta property=\"og:locale\" content=\"pt_PT\" \/>\n<meta property=\"og:type\" content=\"article\" \/>\n<meta property=\"og:title\" content=\"Entusiasmado com goleada sobre o Vit\u00f3ria, torcedor do CRB faz tatuagem com placar hist\u00f3rico - Brasil not\u00edcias\" \/>\n<meta property=\"og:description\" content=\"A foto mostra o placar do jogo, escudos dos times e nome dos jogadores que constru\u00edram os 6 a 0,\" \/>\n<meta property=\"og:url\" content=\"https:\/\/brasilnoticias.org\/site\/entusiasmado-com-goleada-sobre-o-vitoria-torcedor-do-crb-faz-tatuagem-com-placar-historico\/\" \/>\n<meta property=\"og:site_name\" content=\"Brasil not\u00edcias\" \/>\n<meta property=\"article:published_time\" content=\"2023-09-15T10:00:33+00:00\" \/>\n<meta property=\"og:image\" content=\"https:\/\/brasilnoticias.org\/site\/wp-content\/uploads\/2023\/09\/torcedor-do-crb-faz-tatuagem-inusitada_widelg.jpg\" \/>\n\t<meta property=\"og:image:width\" content=\"740\" \/>\n\t<meta property=\"og:image:height\" content=\"470\" \/>\n\t<meta property=\"og:image:type\" content=\"image\/jpeg\" \/>\n<meta name=\"author\" content=\"Reda\u00e7\u00e3o\" \/>\n<meta name=\"twitter:card\" content=\"summary_large_image\" \/>\n<meta name=\"twitter:label1\" content=\"Escrito por\" \/>\n\t<meta name=\"twitter:data1\" content=\"Reda\u00e7\u00e3o\" \/>\n<script type=\"application\/ld+json\" class=\"yoast-schema-graph\">{\"@context\":\"https:\/\/schema.org\",\"@graph\":[{\"@type\":\"Article\",\"@id\":\"https:\/\/brasilnoticias.org\/site\/entusiasmado-com-goleada-sobre-o-vitoria-torcedor-do-crb-faz-tatuagem-com-placar-historico\/#article\",\"isPartOf\":{\"@id\":\"https:\/\/brasilnoticias.org\/site\/entusiasmado-com-goleada-sobre-o-vitoria-torcedor-do-crb-faz-tatuagem-com-placar-historico\/\"},\"author\":{\"name\":\"Reda\u00e7\u00e3o\",\"@id\":\"https:\/\/brasilnoticias.org\/site\/#\/schema\/person\/03bbbfe6c7634ad18c26444ea39049fa\"},\"headline\":\"Entusiasmado com goleada sobre o Vit\u00f3ria, torcedor do CRB faz tatuagem com placar hist\u00f3rico\",\"datePublished\":\"2023-09-15T10:00:33+00:00\",\"mainEntityOfPage\":{\"@id\":\"https:\/\/brasilnoticias.org\/site\/entusiasmado-com-goleada-sobre-o-vitoria-torcedor-do-crb-faz-tatuagem-com-placar-historico\/\"},\"wordCount\":181,\"commentCount\":0,\"publisher\":{\"@id\":\"https:\/\/brasilnoticias.org\/site\/#organization\"},\"image\":{\"@id\":\"https:\/\/brasilnoticias.org\/site\/entusiasmado-com-goleada-sobre-o-vitoria-torcedor-do-crb-faz-tatuagem-com-placar-historico\/#primaryimage\"},\"thumbnailUrl\":\"https:\/\/brasilnoticias.org\/site\/wp-content\/uploads\/2023\/09\/torcedor-do-crb-faz-tatuagem-inusitada_widelg.jpg\",\"articleSection\":[\"Esporte\",\"\u00daltimas\"],\"inLanguage\":\"pt-PT\",\"potentialAction\":[{\"@type\":\"CommentAction\",\"name\":\"Comment\",\"target\":[\"https:\/\/brasilnoticias.org\/site\/entusiasmado-com-goleada-sobre-o-vitoria-torcedor-do-crb-faz-tatuagem-com-placar-historico\/#respond\"]}]},{\"@type\":\"WebPage\",\"@id\":\"https:\/\/brasilnoticias.org\/site\/entusiasmado-com-goleada-sobre-o-vitoria-torcedor-do-crb-faz-tatuagem-com-placar-historico\/\",\"url\":\"https:\/\/brasilnoticias.org\/site\/entusiasmado-com-goleada-sobre-o-vitoria-torcedor-do-crb-faz-tatuagem-com-placar-historico\/\",\"name\":\"Entusiasmado com goleada sobre o Vit\u00f3ria, torcedor do CRB faz tatuagem com placar hist\u00f3rico - Brasil not\u00edcias\",\"isPartOf\":{\"@id\":\"https:\/\/brasilnoticias.org\/site\/#website\"},\"primaryImageOfPage\":{\"@id\":\"https:\/\/brasilnoticias.org\/site\/entusiasmado-com-goleada-sobre-o-vitoria-torcedor-do-crb-faz-tatuagem-com-placar-historico\/#primaryimage\"},\"image\":{\"@id\":\"https:\/\/brasilnoticias.org\/site\/entusiasmado-com-goleada-sobre-o-vitoria-torcedor-do-crb-faz-tatuagem-com-placar-historico\/#primaryimage\"},\"thumbnailUrl\":\"https:\/\/brasilnoticias.org\/site\/wp-content\/uploads\/2023\/09\/torcedor-do-crb-faz-tatuagem-inusitada_widelg.jpg\",\"datePublished\":\"2023-09-15T10:00:33+00:00\",\"breadcrumb\":{\"@id\":\"https:\/\/brasilnoticias.org\/site\/entusiasmado-com-goleada-sobre-o-vitoria-torcedor-do-crb-faz-tatuagem-com-placar-historico\/#breadcrumb\"},\"inLanguage\":\"pt-PT\",\"potentialAction\":[{\"@type\":\"ReadAction\",\"target\":[\"https:\/\/brasilnoticias.org\/site\/entusiasmado-com-goleada-sobre-o-vitoria-torcedor-do-crb-faz-tatuagem-com-placar-historico\/\"]}]},{\"@type\":\"ImageObject\",\"inLanguage\":\"pt-PT\",\"@id\":\"https:\/\/brasilnoticias.org\/site\/entusiasmado-com-goleada-sobre-o-vitoria-torcedor-do-crb-faz-tatuagem-com-placar-historico\/#primaryimage\",\"url\":\"https:\/\/brasilnoticias.org\/site\/wp-content\/uploads\/2023\/09\/torcedor-do-crb-faz-tatuagem-inusitada_widelg.jpg\",\"contentUrl\":\"https:\/\/brasilnoticias.org\/site\/wp-content\/uploads\/2023\/09\/torcedor-do-crb-faz-tatuagem-inusitada_widelg.jpg\",\"width\":740,\"height\":470},{\"@type\":\"BreadcrumbList\",\"@id\":\"https:\/\/brasilnoticias.org\/site\/entusiasmado-com-goleada-sobre-o-vitoria-torcedor-do-crb-faz-tatuagem-com-placar-historico\/#breadcrumb\",\"itemListElement\":[{\"@type\":\"ListItem\",\"position\":1,\"name\":\"In\u00edcio\",\"item\":\"https:\/\/brasilnoticias.org\/site\/\"},{\"@type\":\"ListItem\",\"position\":2,\"name\":\"Entusiasmado com goleada sobre o Vit\u00f3ria, torcedor do CRB faz tatuagem com placar hist\u00f3rico\"}]},{\"@type\":\"WebSite\",\"@id\":\"https:\/\/brasilnoticias.org\/site\/#website\",\"url\":\"https:\/\/brasilnoticias.org\/site\/\",\"name\":\"Brasil not\u00edcias\",\"description\":\"Brasil not\u00edcias\",\"publisher\":{\"@id\":\"https:\/\/brasilnoticias.org\/site\/#organization\"},\"potentialAction\":[{\"@type\":\"SearchAction\",\"target\":{\"@type\":\"EntryPoint\",\"urlTemplate\":\"https:\/\/brasilnoticias.org\/site\/?s={search_term_string}\"},\"query-input\":{\"@type\":\"PropertyValueSpecification\",\"valueRequired\":true,\"valueName\":\"search_term_string\"}}],\"inLanguage\":\"pt-PT\"},{\"@type\":\"Organization\",\"@id\":\"https:\/\/brasilnoticias.org\/site\/#organization\",\"name\":\"Brasil not\u00edcias\",\"url\":\"https:\/\/brasilnoticias.org\/site\/\",\"logo\":{\"@type\":\"ImageObject\",\"inLanguage\":\"pt-PT\",\"@id\":\"https:\/\/brasilnoticias.org\/site\/#\/schema\/logo\/image\/\",\"url\":\"https:\/\/brasilnoticias.org\/site\/wp-content\/uploads\/2022\/05\/cropped-brasilnoticias-mini.jpg\",\"contentUrl\":\"https:\/\/brasilnoticias.org\/site\/wp-content\/uploads\/2022\/05\/cropped-brasilnoticias-mini.jpg\",\"width\":314,\"height\":86,\"caption\":\"Brasil not\u00edcias\"},\"image\":{\"@id\":\"https:\/\/brasilnoticias.org\/site\/#\/schema\/logo\/image\/\"}},{\"@type\":\"Person\",\"@id\":\"https:\/\/brasilnoticias.org\/site\/#\/schema\/person\/03bbbfe6c7634ad18c26444ea39049fa\",\"name\":\"Reda\u00e7\u00e3o\",\"image\":{\"@type\":\"ImageObject\",\"inLanguage\":\"pt-PT\",\"@id\":\"https:\/\/brasilnoticias.org\/site\/#\/schema\/person\/image\/\",\"url\":\"https:\/\/secure.gravatar.com\/avatar\/9ecaf7327a696cb23ad926fedded5f1f04d7049de9e445375d55b48c001a6e42?s=96&d=mm&r=g\",\"contentUrl\":\"https:\/\/secure.gravatar.com\/avatar\/9ecaf7327a696cb23ad926fedded5f1f04d7049de9e445375d55b48c001a6e42?s=96&d=mm&r=g\",\"caption\":\"Reda\u00e7\u00e3o\"},\"url\":\"https:\/\/brasilnoticias.org\/site\/author\/henrique\/\"}]}<\/script>\n<!-- \/ Yoast SEO plugin. -->","yoast_head_json":{"title":"Entusiasmado com goleada sobre o Vit\u00f3ria, torcedor do CRB faz tatuagem com placar hist\u00f3rico - Brasil not\u00edcias","robots":{"index":"index","follow":"follow","max-snippet":"max-snippet:-1","max-image-preview":"max-image-preview:large","max-video-preview":"max-video-preview:-1"},"canonical":"https:\/\/brasilnoticias.org\/site\/entusiasmado-com-goleada-sobre-o-vitoria-torcedor-do-crb-faz-tatuagem-com-placar-historico\/","og_locale":"pt_PT","og_type":"article","og_title":"Entusiasmado com goleada sobre o Vit\u00f3ria, torcedor do CRB faz tatuagem com placar hist\u00f3rico - Brasil not\u00edcias","og_description":"A foto mostra o placar do jogo, escudos dos times e nome dos jogadores que constru\u00edram os 6 a 0,","og_url":"https:\/\/brasilnoticias.org\/site\/entusiasmado-com-goleada-sobre-o-vitoria-torcedor-do-crb-faz-tatuagem-com-placar-historico\/","og_site_name":"Brasil not\u00edcias","article_published_time":"2023-09-15T10:00:33+00:00","og_image":[{"width":740,"height":470,"url":"https:\/\/brasilnoticias.org\/site\/wp-content\/uploads\/2023\/09\/torcedor-do-crb-faz-tatuagem-inusitada_widelg.jpg","type":"image\/jpeg"}],"author":"Reda\u00e7\u00e3o","twitter_card":"summary_large_image","twitter_misc":{"Escrito por":"Reda\u00e7\u00e3o"},"schema":{"@context":"https:\/\/schema.org","@graph":[{"@type":"Article","@id":"https:\/\/brasilnoticias.org\/site\/entusiasmado-com-goleada-sobre-o-vitoria-torcedor-do-crb-faz-tatuagem-com-placar-historico\/#article","isPartOf":{"@id":"https:\/\/brasilnoticias.org\/site\/entusiasmado-com-goleada-sobre-o-vitoria-torcedor-do-crb-faz-tatuagem-com-placar-historico\/"},"author":{"name":"Reda\u00e7\u00e3o","@id":"https:\/\/brasilnoticias.org\/site\/#\/schema\/person\/03bbbfe6c7634ad18c26444ea39049fa"},"headline":"Entusiasmado com goleada sobre o Vit\u00f3ria, torcedor do CRB faz tatuagem com placar hist\u00f3rico","datePublished":"2023-09-15T10:00:33+00:00","mainEntityOfPage":{"@id":"https:\/\/brasilnoticias.org\/site\/entusiasmado-com-goleada-sobre-o-vitoria-torcedor-do-crb-faz-tatuagem-com-placar-historico\/"},"wordCount":181,"commentCount":0,"publisher":{"@id":"https:\/\/brasilnoticias.org\/site\/#organization"},"image":{"@id":"https:\/\/brasilnoticias.org\/site\/entusiasmado-com-goleada-sobre-o-vitoria-torcedor-do-crb-faz-tatuagem-com-placar-historico\/#primaryimage"},"thumbnailUrl":"https:\/\/brasilnoticias.org\/site\/wp-content\/uploads\/2023\/09\/torcedor-do-crb-faz-tatuagem-inusitada_widelg.jpg","articleSection":["Esporte","\u00daltimas"],"inLanguage":"pt-PT","potentialAction":[{"@type":"CommentAction","name":"Comment","target":["https:\/\/brasilnoticias.org\/site\/entusiasmado-com-goleada-sobre-o-vitoria-torcedor-do-crb-faz-tatuagem-com-placar-historico\/#respond"]}]},{"@type":"WebPage","@id":"https:\/\/brasilnoticias.org\/site\/entusiasmado-com-goleada-sobre-o-vitoria-torcedor-do-crb-faz-tatuagem-com-placar-historico\/","url":"https:\/\/brasilnoticias.org\/site\/entusiasmado-com-goleada-sobre-o-vitoria-torcedor-do-crb-faz-tatuagem-com-placar-historico\/","name":"Entusiasmado com goleada sobre o Vit\u00f3ria, torcedor do CRB faz tatuagem com placar hist\u00f3rico - Brasil not\u00edcias","isPartOf":{"@id":"https:\/\/brasilnoticias.org\/site\/#website"},"primaryImageOfPage":{"@id":"https:\/\/brasilnoticias.org\/site\/entusiasmado-com-goleada-sobre-o-vitoria-torcedor-do-crb-faz-tatuagem-com-placar-historico\/#primaryimage"},"image":{"@id":"https:\/\/brasilnoticias.org\/site\/entusiasmado-com-goleada-sobre-o-vitoria-torcedor-do-crb-faz-tatuagem-com-placar-historico\/#primaryimage"},"thumbnailUrl":"https:\/\/brasilnoticias.org\/site\/wp-content\/uploads\/2023\/09\/torcedor-do-crb-faz-tatuagem-inusitada_widelg.jpg","datePublished":"2023-09-15T10:00:33+00:00","breadcrumb":{"@id":"https:\/\/brasilnoticias.org\/site\/entusiasmado-com-goleada-sobre-o-vitoria-torcedor-do-crb-faz-tatuagem-com-placar-historico\/#breadcrumb"},"inLanguage":"pt-PT","potentialAction":[{"@type":"ReadAction","target":["https:\/\/brasilnoticias.org\/site\/entusiasmado-com-goleada-sobre-o-vitoria-torcedor-do-crb-faz-tatuagem-com-placar-historico\/"]}]},{"@type":"ImageObject","inLanguage":"pt-PT","@id":"https:\/\/brasilnoticias.org\/site\/entusiasmado-com-goleada-sobre-o-vitoria-torcedor-do-crb-faz-tatuagem-com-placar-historico\/#primaryimage","url":"https:\/\/brasilnoticias.org\/site\/wp-content\/uploads\/2023\/09\/torcedor-do-crb-faz-tatuagem-inusitada_widelg.jpg","contentUrl":"https:\/\/brasilnoticias.org\/site\/wp-content\/uploads\/2023\/09\/torcedor-do-crb-faz-tatuagem-inusitada_widelg.jpg","width":740,"height":470},{"@type":"BreadcrumbList","@id":"https:\/\/brasilnoticias.org\/site\/entusiasmado-com-goleada-sobre-o-vitoria-torcedor-do-crb-faz-tatuagem-com-placar-historico\/#breadcrumb","itemListElement":[{"@type":"ListItem","position":1,"name":"In\u00edcio","item":"https:\/\/brasilnoticias.org\/site\/"},{"@type":"ListItem","position":2,"name":"Entusiasmado com goleada sobre o Vit\u00f3ria, torcedor do CRB faz tatuagem com placar hist\u00f3rico"}]},{"@type":"WebSite","@id":"https:\/\/brasilnoticias.org\/site\/#website","url":"https:\/\/brasilnoticias.org\/site\/","name":"Brasil not\u00edcias","description":"Brasil not\u00edcias","publisher":{"@id":"https:\/\/brasilnoticias.org\/site\/#organization"},"potentialAction":[{"@type":"SearchAction","target":{"@type":"EntryPoint","urlTemplate":"https:\/\/brasilnoticias.org\/site\/?s={search_term_string}"},"query-input":{"@type":"PropertyValueSpecification","valueRequired":true,"valueName":"search_term_string"}}],"inLanguage":"pt-PT"},{"@type":"Organization","@id":"https:\/\/brasilnoticias.org\/site\/#organization","name":"Brasil not\u00edcias","url":"https:\/\/brasilnoticias.org\/site\/","logo":{"@type":"ImageObject","inLanguage":"pt-PT","@id":"https:\/\/brasilnoticias.org\/site\/#\/schema\/logo\/image\/","url":"https:\/\/brasilnoticias.org\/site\/wp-content\/uploads\/2022\/05\/cropped-brasilnoticias-mini.jpg","contentUrl":"https:\/\/brasilnoticias.org\/site\/wp-content\/uploads\/2022\/05\/cropped-brasilnoticias-mini.jpg","width":314,"height":86,"caption":"Brasil not\u00edcias"},"image":{"@id":"https:\/\/brasilnoticias.org\/site\/#\/schema\/logo\/image\/"}},{"@type":"Person","@id":"https:\/\/brasilnoticias.org\/site\/#\/schema\/person\/03bbbfe6c7634ad18c26444ea39049fa","name":"Reda\u00e7\u00e3o","image":{"@type":"ImageObject","inLanguage":"pt-PT","@id":"https:\/\/brasilnoticias.org\/site\/#\/schema\/person\/image\/","url":"https:\/\/secure.gravatar.com\/avatar\/9ecaf7327a696cb23ad926fedded5f1f04d7049de9e445375d55b48c001a6e42?s=96&d=mm&r=g","contentUrl":"https:\/\/secure.gravatar.com\/avatar\/9ecaf7327a696cb23ad926fedded5f1f04d7049de9e445375d55b48c001a6e42?s=96&d=mm&r=g","caption":"Reda\u00e7\u00e3o"},"url":"https:\/\/brasilnoticias.org\/site\/author\/henrique\/"}]}},"_links":{"self":[{"href":"https:\/\/brasilnoticias.org\/site\/wp-json\/wp\/v2\/posts\/9238","targetHints":{"allow":["GET"]}}],"collection":[{"href":"https:\/\/brasilnoticias.org\/site\/wp-json\/wp\/v2\/posts"}],"about":[{"href":"https:\/\/brasilnoticias.org\/site\/wp-json\/wp\/v2\/types\/post"}],"author":[{"embeddable":true,"href":"https:\/\/brasilnoticias.org\/site\/wp-json\/wp\/v2\/users\/4"}],"replies":[{"embeddable":true,"href":"https:\/\/brasilnoticias.org\/site\/wp-json\/wp\/v2\/comments?post=9238"}],"version-history":[{"count":1,"href":"https:\/\/brasilnoticias.org\/site\/wp-json\/wp\/v2\/posts\/9238\/revisions"}],"predecessor-version":[{"id":9240,"href":"https:\/\/brasilnoticias.org\/site\/wp-json\/wp\/v2\/posts\/9238\/revisions\/9240"}],"wp:featuredmedia":[{"embeddable":true,"href":"https:\/\/brasilnoticias.org\/site\/wp-json\/wp\/v2\/media\/9239"}],"wp:attachment":[{"href":"https:\/\/brasilnoticias.org\/site\/wp-json\/wp\/v2\/media?parent=9238"}],"wp:term":[{"taxonomy":"category","embeddable":true,"href":"https:\/\/brasilnoticias.org\/site\/wp-json\/wp\/v2\/categories?post=9238"},{"taxonomy":"post_tag","embeddable":true,"href":"https:\/\/brasilnoticias.org\/site\/wp-json\/wp\/v2\/tags?post=9238"}],"curies":[{"name":"wp","href":"https:\/\/api.w.org\/{rel}","templated":true}]}}