{"id":9260,"date":"2023-09-15T18:59:00","date_gmt":"2023-09-15T21:59:00","guid":{"rendered":"https:\/\/brasilnoticias.org\/site\/?p=9260"},"modified":"2023-09-15T18:59:00","modified_gmt":"2023-09-15T21:59:00","slug":"justica-condena-uber-a-pagar-multa-de-r-1-bilhao-e-registrar-todos-os-motoristas","status":"publish","type":"post","link":"https:\/\/brasilnoticias.org\/site\/justica-condena-uber-a-pagar-multa-de-r-1-bilhao-e-registrar-todos-os-motoristas\/","title":{"rendered":"Justi\u00e7a condena Uber a pagar multa de R$ 1 bilh\u00e3o e registrar todos os motoristas"},"content":{"rendered":"<p>O juiz da a\u00e7\u00e3o entendeu que a empresa causou danos morais coletivos ao infringir direitos constitucionais e legais m\u00ednimos<\/p>\n<p>Ap\u00f3s receber uma den\u00fancia da Associa\u00e7\u00e3o dos Motoristas Aut\u00f4nomos de Aplicativos (AMAA) sobre as condi\u00e7\u00f5es de trabalho oferecidas pela Uber, a Justi\u00e7a condenou a empresa de transporte privado a pagar uma multa de R$ 1 bilh\u00e3o por danos morais coletivos, assim como estabeleceu que ela deve assinar as carteiras de trabalho de todos os motoristas cadastrados em sua plataforma. <\/p>\n<p>Para o juiz da a\u00e7\u00e3o, Maur\u00edcio Mauro Pereira, a Uber foi respons\u00e1vel por causar danos morais coletivos ao infringir direitos constitucionais e legais m\u00ednimos da rela\u00e7\u00e3o de emprego, al\u00e9m de n\u00e3o considerar os motoristas cadastrados na plataforma como funcion\u00e1rios registrados.<\/p>\n<p>\u201cOutros elementos constitucionais m\u00ednimos foram ofendidos na esfera coletiva, como o meio ambiente do trabalho e sua preven\u00e7\u00e3o e precau\u00e7\u00e3o, a seguridade social, a sa\u00fade, a assist\u00eancia, o m\u00ednimo de dignidade e de preserva\u00e7\u00e3o dos seres humanos em face da valoriza\u00e7\u00e3o social do trabalho\u201d, acrescentou o magistrado, ao justificar sua decis\u00e3o.<\/p>\n<p>Em nota, a Uber afirmou que vai recorrer da decis\u00e3o e n\u00e3o pretende adotar nenhuma das medidas estabelecidas at\u00e9 que os recursos da empresa sejam esgotados. Ela tamb\u00e9m alegou que a determina\u00e7\u00e3o &#8220;representa um entendimento isolado e contr\u00e1rio \u00e0 jurisprud\u00eancia que vem sendo estabelecida pela segunda inst\u00e2ncia do pr\u00f3prio Tribunal Regional de S\u00e3o Paulo&#8221;. <\/p>\n<p>Foto: Austin Distel\/Unsplash<br \/>\nMetro1 <\/p>\n","protected":false},"excerpt":{"rendered":"<p>O juiz da a\u00e7\u00e3o entendeu que a empresa causou danos morais coletivos ao infringir direitos constitucionais e legais m\u00ednimos Ap\u00f3s<\/p>\n","protected":false},"author":4,"featured_media":9261,"comment_status":"open","ping_status":"open","sticky":false,"template":"","format":"standard","meta":{"colormag_page_container_layout":"default_layout","colormag_page_sidebar_layout":"default_layout","_FSMCFIC_featured_image_caption":"","_FSMCFIC_featured_image_nocaption":"","_FSMCFIC_featured_image_hide":"","footnotes":""},"categories":[7,1],"tags":[],"class_list":["post-9260","post","type-post","status-publish","format-standard","has-post-thumbnail","hentry","category-justica","category-ultimas"],"yoast_head":"<!-- This site is optimized with the Yoast SEO plugin v27.1.1 - https:\/\/yoast.com\/product\/yoast-seo-wordpress\/ -->\n<title>Justi\u00e7a condena Uber a pagar multa de R$ 1 bilh\u00e3o e registrar todos os motoristas - Brasil not\u00edcias<\/title>\n<meta name=\"robots\" content=\"index, follow, max-snippet:-1, max-image-preview:large, max-video-preview:-1\" \/>\n<link rel=\"canonical\" href=\"https:\/\/brasilnoticias.org\/site\/justica-condena-uber-a-pagar-multa-de-r-1-bilhao-e-registrar-todos-os-motoristas\/\" \/>\n<meta property=\"og:locale\" content=\"pt_PT\" \/>\n<meta property=\"og:type\" content=\"article\" \/>\n<meta property=\"og:title\" content=\"Justi\u00e7a condena Uber a pagar multa de R$ 1 bilh\u00e3o e registrar todos os motoristas - Brasil not\u00edcias\" \/>\n<meta property=\"og:description\" content=\"O juiz da a\u00e7\u00e3o entendeu que a empresa causou danos morais coletivos ao infringir direitos constitucionais e legais m\u00ednimos Ap\u00f3s\" \/>\n<meta property=\"og:url\" content=\"https:\/\/brasilnoticias.org\/site\/justica-condena-uber-a-pagar-multa-de-r-1-bilhao-e-registrar-todos-os-motoristas\/\" \/>\n<meta property=\"og:site_name\" content=\"Brasil not\u00edcias\" \/>\n<meta property=\"article:published_time\" content=\"2023-09-15T21:59:00+00:00\" \/>\n<meta property=\"og:image\" content=\"https:\/\/brasilnoticias.org\/site\/wp-content\/uploads\/2023\/09\/140988justica-condena-uber-a-pagar-multa-de-r-1-bilhao-e-registrar-todos-os-motoristas-3.jpg\" \/>\n\t<meta property=\"og:image:width\" content=\"1600\" \/>\n\t<meta property=\"og:image:height\" content=\"752\" \/>\n\t<meta property=\"og:image:type\" content=\"image\/jpeg\" \/>\n<meta name=\"author\" content=\"Reda\u00e7\u00e3o\" \/>\n<meta name=\"twitter:card\" content=\"summary_large_image\" \/>\n<meta name=\"twitter:label1\" content=\"Escrito por\" \/>\n\t<meta name=\"twitter:data1\" content=\"Reda\u00e7\u00e3o\" \/>\n<script type=\"application\/ld+json\" class=\"yoast-schema-graph\">{\"@context\":\"https:\/\/schema.org\",\"@graph\":[{\"@type\":\"Article\",\"@id\":\"https:\/\/brasilnoticias.org\/site\/justica-condena-uber-a-pagar-multa-de-r-1-bilhao-e-registrar-todos-os-motoristas\/#article\",\"isPartOf\":{\"@id\":\"https:\/\/brasilnoticias.org\/site\/justica-condena-uber-a-pagar-multa-de-r-1-bilhao-e-registrar-todos-os-motoristas\/\"},\"author\":{\"name\":\"Reda\u00e7\u00e3o\",\"@id\":\"https:\/\/brasilnoticias.org\/site\/#\/schema\/person\/03bbbfe6c7634ad18c26444ea39049fa\"},\"headline\":\"Justi\u00e7a condena Uber a pagar multa de R$ 1 bilh\u00e3o e registrar todos os motoristas\",\"datePublished\":\"2023-09-15T21:59:00+00:00\",\"mainEntityOfPage\":{\"@id\":\"https:\/\/brasilnoticias.org\/site\/justica-condena-uber-a-pagar-multa-de-r-1-bilhao-e-registrar-todos-os-motoristas\/\"},\"wordCount\":277,\"commentCount\":0,\"publisher\":{\"@id\":\"https:\/\/brasilnoticias.org\/site\/#organization\"},\"image\":{\"@id\":\"https:\/\/brasilnoticias.org\/site\/justica-condena-uber-a-pagar-multa-de-r-1-bilhao-e-registrar-todos-os-motoristas\/#primaryimage\"},\"thumbnailUrl\":\"https:\/\/brasilnoticias.org\/site\/wp-content\/uploads\/2023\/09\/140988justica-condena-uber-a-pagar-multa-de-r-1-bilhao-e-registrar-todos-os-motoristas-3.jpg\",\"articleSection\":[\"Justi\u00e7a\",\"\u00daltimas\"],\"inLanguage\":\"pt-PT\",\"potentialAction\":[{\"@type\":\"CommentAction\",\"name\":\"Comment\",\"target\":[\"https:\/\/brasilnoticias.org\/site\/justica-condena-uber-a-pagar-multa-de-r-1-bilhao-e-registrar-todos-os-motoristas\/#respond\"]}]},{\"@type\":\"WebPage\",\"@id\":\"https:\/\/brasilnoticias.org\/site\/justica-condena-uber-a-pagar-multa-de-r-1-bilhao-e-registrar-todos-os-motoristas\/\",\"url\":\"https:\/\/brasilnoticias.org\/site\/justica-condena-uber-a-pagar-multa-de-r-1-bilhao-e-registrar-todos-os-motoristas\/\",\"name\":\"Justi\u00e7a condena Uber a pagar multa de R$ 1 bilh\u00e3o e registrar todos os motoristas - Brasil not\u00edcias\",\"isPartOf\":{\"@id\":\"https:\/\/brasilnoticias.org\/site\/#website\"},\"primaryImageOfPage\":{\"@id\":\"https:\/\/brasilnoticias.org\/site\/justica-condena-uber-a-pagar-multa-de-r-1-bilhao-e-registrar-todos-os-motoristas\/#primaryimage\"},\"image\":{\"@id\":\"https:\/\/brasilnoticias.org\/site\/justica-condena-uber-a-pagar-multa-de-r-1-bilhao-e-registrar-todos-os-motoristas\/#primaryimage\"},\"thumbnailUrl\":\"https:\/\/brasilnoticias.org\/site\/wp-content\/uploads\/2023\/09\/140988justica-condena-uber-a-pagar-multa-de-r-1-bilhao-e-registrar-todos-os-motoristas-3.jpg\",\"datePublished\":\"2023-09-15T21:59:00+00:00\",\"breadcrumb\":{\"@id\":\"https:\/\/brasilnoticias.org\/site\/justica-condena-uber-a-pagar-multa-de-r-1-bilhao-e-registrar-todos-os-motoristas\/#breadcrumb\"},\"inLanguage\":\"pt-PT\",\"potentialAction\":[{\"@type\":\"ReadAction\",\"target\":[\"https:\/\/brasilnoticias.org\/site\/justica-condena-uber-a-pagar-multa-de-r-1-bilhao-e-registrar-todos-os-motoristas\/\"]}]},{\"@type\":\"ImageObject\",\"inLanguage\":\"pt-PT\",\"@id\":\"https:\/\/brasilnoticias.org\/site\/justica-condena-uber-a-pagar-multa-de-r-1-bilhao-e-registrar-todos-os-motoristas\/#primaryimage\",\"url\":\"https:\/\/brasilnoticias.org\/site\/wp-content\/uploads\/2023\/09\/140988justica-condena-uber-a-pagar-multa-de-r-1-bilhao-e-registrar-todos-os-motoristas-3.jpg\",\"contentUrl\":\"https:\/\/brasilnoticias.org\/site\/wp-content\/uploads\/2023\/09\/140988justica-condena-uber-a-pagar-multa-de-r-1-bilhao-e-registrar-todos-os-motoristas-3.jpg\",\"width\":1600,\"height\":752},{\"@type\":\"BreadcrumbList\",\"@id\":\"https:\/\/brasilnoticias.org\/site\/justica-condena-uber-a-pagar-multa-de-r-1-bilhao-e-registrar-todos-os-motoristas\/#breadcrumb\",\"itemListElement\":[{\"@type\":\"ListItem\",\"position\":1,\"name\":\"In\u00edcio\",\"item\":\"https:\/\/brasilnoticias.org\/site\/\"},{\"@type\":\"ListItem\",\"position\":2,\"name\":\"Justi\u00e7a condena Uber a pagar multa de R$ 1 bilh\u00e3o e registrar todos os motoristas\"}]},{\"@type\":\"WebSite\",\"@id\":\"https:\/\/brasilnoticias.org\/site\/#website\",\"url\":\"https:\/\/brasilnoticias.org\/site\/\",\"name\":\"Brasil not\u00edcias\",\"description\":\"Brasil not\u00edcias\",\"publisher\":{\"@id\":\"https:\/\/brasilnoticias.org\/site\/#organization\"},\"potentialAction\":[{\"@type\":\"SearchAction\",\"target\":{\"@type\":\"EntryPoint\",\"urlTemplate\":\"https:\/\/brasilnoticias.org\/site\/?s={search_term_string}\"},\"query-input\":{\"@type\":\"PropertyValueSpecification\",\"valueRequired\":true,\"valueName\":\"search_term_string\"}}],\"inLanguage\":\"pt-PT\"},{\"@type\":\"Organization\",\"@id\":\"https:\/\/brasilnoticias.org\/site\/#organization\",\"name\":\"Brasil not\u00edcias\",\"url\":\"https:\/\/brasilnoticias.org\/site\/\",\"logo\":{\"@type\":\"ImageObject\",\"inLanguage\":\"pt-PT\",\"@id\":\"https:\/\/brasilnoticias.org\/site\/#\/schema\/logo\/image\/\",\"url\":\"https:\/\/brasilnoticias.org\/site\/wp-content\/uploads\/2022\/05\/cropped-brasilnoticias-mini.jpg\",\"contentUrl\":\"https:\/\/brasilnoticias.org\/site\/wp-content\/uploads\/2022\/05\/cropped-brasilnoticias-mini.jpg\",\"width\":314,\"height\":86,\"caption\":\"Brasil not\u00edcias\"},\"image\":{\"@id\":\"https:\/\/brasilnoticias.org\/site\/#\/schema\/logo\/image\/\"}},{\"@type\":\"Person\",\"@id\":\"https:\/\/brasilnoticias.org\/site\/#\/schema\/person\/03bbbfe6c7634ad18c26444ea39049fa\",\"name\":\"Reda\u00e7\u00e3o\",\"image\":{\"@type\":\"ImageObject\",\"inLanguage\":\"pt-PT\",\"@id\":\"https:\/\/brasilnoticias.org\/site\/#\/schema\/person\/image\/\",\"url\":\"https:\/\/secure.gravatar.com\/avatar\/9ecaf7327a696cb23ad926fedded5f1f04d7049de9e445375d55b48c001a6e42?s=96&d=mm&r=g\",\"contentUrl\":\"https:\/\/secure.gravatar.com\/avatar\/9ecaf7327a696cb23ad926fedded5f1f04d7049de9e445375d55b48c001a6e42?s=96&d=mm&r=g\",\"caption\":\"Reda\u00e7\u00e3o\"},\"url\":\"https:\/\/brasilnoticias.org\/site\/author\/henrique\/\"}]}<\/script>\n<!-- \/ Yoast SEO plugin. -->","yoast_head_json":{"title":"Justi\u00e7a condena Uber a pagar multa de R$ 1 bilh\u00e3o e registrar todos os motoristas - Brasil not\u00edcias","robots":{"index":"index","follow":"follow","max-snippet":"max-snippet:-1","max-image-preview":"max-image-preview:large","max-video-preview":"max-video-preview:-1"},"canonical":"https:\/\/brasilnoticias.org\/site\/justica-condena-uber-a-pagar-multa-de-r-1-bilhao-e-registrar-todos-os-motoristas\/","og_locale":"pt_PT","og_type":"article","og_title":"Justi\u00e7a condena Uber a pagar multa de R$ 1 bilh\u00e3o e registrar todos os motoristas - Brasil not\u00edcias","og_description":"O juiz da a\u00e7\u00e3o entendeu que a empresa causou danos morais coletivos ao infringir direitos constitucionais e legais m\u00ednimos Ap\u00f3s","og_url":"https:\/\/brasilnoticias.org\/site\/justica-condena-uber-a-pagar-multa-de-r-1-bilhao-e-registrar-todos-os-motoristas\/","og_site_name":"Brasil not\u00edcias","article_published_time":"2023-09-15T21:59:00+00:00","og_image":[{"width":1600,"height":752,"url":"https:\/\/brasilnoticias.org\/site\/wp-content\/uploads\/2023\/09\/140988justica-condena-uber-a-pagar-multa-de-r-1-bilhao-e-registrar-todos-os-motoristas-3.jpg","type":"image\/jpeg"}],"author":"Reda\u00e7\u00e3o","twitter_card":"summary_large_image","twitter_misc":{"Escrito por":"Reda\u00e7\u00e3o"},"schema":{"@context":"https:\/\/schema.org","@graph":[{"@type":"Article","@id":"https:\/\/brasilnoticias.org\/site\/justica-condena-uber-a-pagar-multa-de-r-1-bilhao-e-registrar-todos-os-motoristas\/#article","isPartOf":{"@id":"https:\/\/brasilnoticias.org\/site\/justica-condena-uber-a-pagar-multa-de-r-1-bilhao-e-registrar-todos-os-motoristas\/"},"author":{"name":"Reda\u00e7\u00e3o","@id":"https:\/\/brasilnoticias.org\/site\/#\/schema\/person\/03bbbfe6c7634ad18c26444ea39049fa"},"headline":"Justi\u00e7a condena Uber a pagar multa de R$ 1 bilh\u00e3o e registrar todos os motoristas","datePublished":"2023-09-15T21:59:00+00:00","mainEntityOfPage":{"@id":"https:\/\/brasilnoticias.org\/site\/justica-condena-uber-a-pagar-multa-de-r-1-bilhao-e-registrar-todos-os-motoristas\/"},"wordCount":277,"commentCount":0,"publisher":{"@id":"https:\/\/brasilnoticias.org\/site\/#organization"},"image":{"@id":"https:\/\/brasilnoticias.org\/site\/justica-condena-uber-a-pagar-multa-de-r-1-bilhao-e-registrar-todos-os-motoristas\/#primaryimage"},"thumbnailUrl":"https:\/\/brasilnoticias.org\/site\/wp-content\/uploads\/2023\/09\/140988justica-condena-uber-a-pagar-multa-de-r-1-bilhao-e-registrar-todos-os-motoristas-3.jpg","articleSection":["Justi\u00e7a","\u00daltimas"],"inLanguage":"pt-PT","potentialAction":[{"@type":"CommentAction","name":"Comment","target":["https:\/\/brasilnoticias.org\/site\/justica-condena-uber-a-pagar-multa-de-r-1-bilhao-e-registrar-todos-os-motoristas\/#respond"]}]},{"@type":"WebPage","@id":"https:\/\/brasilnoticias.org\/site\/justica-condena-uber-a-pagar-multa-de-r-1-bilhao-e-registrar-todos-os-motoristas\/","url":"https:\/\/brasilnoticias.org\/site\/justica-condena-uber-a-pagar-multa-de-r-1-bilhao-e-registrar-todos-os-motoristas\/","name":"Justi\u00e7a condena Uber a pagar multa de R$ 1 bilh\u00e3o e registrar todos os motoristas - Brasil not\u00edcias","isPartOf":{"@id":"https:\/\/brasilnoticias.org\/site\/#website"},"primaryImageOfPage":{"@id":"https:\/\/brasilnoticias.org\/site\/justica-condena-uber-a-pagar-multa-de-r-1-bilhao-e-registrar-todos-os-motoristas\/#primaryimage"},"image":{"@id":"https:\/\/brasilnoticias.org\/site\/justica-condena-uber-a-pagar-multa-de-r-1-bilhao-e-registrar-todos-os-motoristas\/#primaryimage"},"thumbnailUrl":"https:\/\/brasilnoticias.org\/site\/wp-content\/uploads\/2023\/09\/140988justica-condena-uber-a-pagar-multa-de-r-1-bilhao-e-registrar-todos-os-motoristas-3.jpg","datePublished":"2023-09-15T21:59:00+00:00","breadcrumb":{"@id":"https:\/\/brasilnoticias.org\/site\/justica-condena-uber-a-pagar-multa-de-r-1-bilhao-e-registrar-todos-os-motoristas\/#breadcrumb"},"inLanguage":"pt-PT","potentialAction":[{"@type":"ReadAction","target":["https:\/\/brasilnoticias.org\/site\/justica-condena-uber-a-pagar-multa-de-r-1-bilhao-e-registrar-todos-os-motoristas\/"]}]},{"@type":"ImageObject","inLanguage":"pt-PT","@id":"https:\/\/brasilnoticias.org\/site\/justica-condena-uber-a-pagar-multa-de-r-1-bilhao-e-registrar-todos-os-motoristas\/#primaryimage","url":"https:\/\/brasilnoticias.org\/site\/wp-content\/uploads\/2023\/09\/140988justica-condena-uber-a-pagar-multa-de-r-1-bilhao-e-registrar-todos-os-motoristas-3.jpg","contentUrl":"https:\/\/brasilnoticias.org\/site\/wp-content\/uploads\/2023\/09\/140988justica-condena-uber-a-pagar-multa-de-r-1-bilhao-e-registrar-todos-os-motoristas-3.jpg","width":1600,"height":752},{"@type":"BreadcrumbList","@id":"https:\/\/brasilnoticias.org\/site\/justica-condena-uber-a-pagar-multa-de-r-1-bilhao-e-registrar-todos-os-motoristas\/#breadcrumb","itemListElement":[{"@type":"ListItem","position":1,"name":"In\u00edcio","item":"https:\/\/brasilnoticias.org\/site\/"},{"@type":"ListItem","position":2,"name":"Justi\u00e7a condena Uber a pagar multa de R$ 1 bilh\u00e3o e registrar todos os motoristas"}]},{"@type":"WebSite","@id":"https:\/\/brasilnoticias.org\/site\/#website","url":"https:\/\/brasilnoticias.org\/site\/","name":"Brasil not\u00edcias","description":"Brasil not\u00edcias","publisher":{"@id":"https:\/\/brasilnoticias.org\/site\/#organization"},"potentialAction":[{"@type":"SearchAction","target":{"@type":"EntryPoint","urlTemplate":"https:\/\/brasilnoticias.org\/site\/?s={search_term_string}"},"query-input":{"@type":"PropertyValueSpecification","valueRequired":true,"valueName":"search_term_string"}}],"inLanguage":"pt-PT"},{"@type":"Organization","@id":"https:\/\/brasilnoticias.org\/site\/#organization","name":"Brasil not\u00edcias","url":"https:\/\/brasilnoticias.org\/site\/","logo":{"@type":"ImageObject","inLanguage":"pt-PT","@id":"https:\/\/brasilnoticias.org\/site\/#\/schema\/logo\/image\/","url":"https:\/\/brasilnoticias.org\/site\/wp-content\/uploads\/2022\/05\/cropped-brasilnoticias-mini.jpg","contentUrl":"https:\/\/brasilnoticias.org\/site\/wp-content\/uploads\/2022\/05\/cropped-brasilnoticias-mini.jpg","width":314,"height":86,"caption":"Brasil not\u00edcias"},"image":{"@id":"https:\/\/brasilnoticias.org\/site\/#\/schema\/logo\/image\/"}},{"@type":"Person","@id":"https:\/\/brasilnoticias.org\/site\/#\/schema\/person\/03bbbfe6c7634ad18c26444ea39049fa","name":"Reda\u00e7\u00e3o","image":{"@type":"ImageObject","inLanguage":"pt-PT","@id":"https:\/\/brasilnoticias.org\/site\/#\/schema\/person\/image\/","url":"https:\/\/secure.gravatar.com\/avatar\/9ecaf7327a696cb23ad926fedded5f1f04d7049de9e445375d55b48c001a6e42?s=96&d=mm&r=g","contentUrl":"https:\/\/secure.gravatar.com\/avatar\/9ecaf7327a696cb23ad926fedded5f1f04d7049de9e445375d55b48c001a6e42?s=96&d=mm&r=g","caption":"Reda\u00e7\u00e3o"},"url":"https:\/\/brasilnoticias.org\/site\/author\/henrique\/"}]}},"_links":{"self":[{"href":"https:\/\/brasilnoticias.org\/site\/wp-json\/wp\/v2\/posts\/9260","targetHints":{"allow":["GET"]}}],"collection":[{"href":"https:\/\/brasilnoticias.org\/site\/wp-json\/wp\/v2\/posts"}],"about":[{"href":"https:\/\/brasilnoticias.org\/site\/wp-json\/wp\/v2\/types\/post"}],"author":[{"embeddable":true,"href":"https:\/\/brasilnoticias.org\/site\/wp-json\/wp\/v2\/users\/4"}],"replies":[{"embeddable":true,"href":"https:\/\/brasilnoticias.org\/site\/wp-json\/wp\/v2\/comments?post=9260"}],"version-history":[{"count":1,"href":"https:\/\/brasilnoticias.org\/site\/wp-json\/wp\/v2\/posts\/9260\/revisions"}],"predecessor-version":[{"id":9262,"href":"https:\/\/brasilnoticias.org\/site\/wp-json\/wp\/v2\/posts\/9260\/revisions\/9262"}],"wp:featuredmedia":[{"embeddable":true,"href":"https:\/\/brasilnoticias.org\/site\/wp-json\/wp\/v2\/media\/9261"}],"wp:attachment":[{"href":"https:\/\/brasilnoticias.org\/site\/wp-json\/wp\/v2\/media?parent=9260"}],"wp:term":[{"taxonomy":"category","embeddable":true,"href":"https:\/\/brasilnoticias.org\/site\/wp-json\/wp\/v2\/categories?post=9260"},{"taxonomy":"post_tag","embeddable":true,"href":"https:\/\/brasilnoticias.org\/site\/wp-json\/wp\/v2\/tags?post=9260"}],"curies":[{"name":"wp","href":"https:\/\/api.w.org\/{rel}","templated":true}]}}