{"id":9263,"date":"2023-09-15T19:01:13","date_gmt":"2023-09-15T22:01:13","guid":{"rendered":"https:\/\/brasilnoticias.org\/site\/?p=9263"},"modified":"2023-09-15T19:01:13","modified_gmt":"2023-09-15T22:01:13","slug":"acm-neto-reage-a-morte-de-pf-em-salvador-episodio-lamentavel","status":"publish","type":"post","link":"https:\/\/brasilnoticias.org\/site\/acm-neto-reage-a-morte-de-pf-em-salvador-episodio-lamentavel\/","title":{"rendered":"ACM Neto reage \u00e0 morte de PF em Salvador: \u2018Epis\u00f3dio lament\u00e1vel\u2019"},"content":{"rendered":"<p>Policial Federal morreu na manh\u00e3 desta sexta-feira (15\/9) no bairro de Val\u00e9ria<\/p>\n<p>O ex-prefeito de Salvador, ACM Neto, comentou nesta sexta-feira nas redes sociais sobre a morte do Policial Federal Lucas Carib\u00e9, morto na manh\u00e3 desta sexta-feira (15\/9) durante uma opera\u00e7\u00e3o no bairro de Val\u00e9ria, na capital baiana. No coment\u00e1rio, ACM Neto disse que \u00e9 mais um \u201cepis\u00f3dio lament\u00e1vel\u201d e prestou solidariedade aos profissionais de seguran\u00e7a p\u00fablica da Bahia.<\/p>\n<blockquote class=\"twitter-tweet\">\n<p lang=\"pt\" dir=\"ltr\">Em mais um epis\u00f3dio lament\u00e1vel envolvendo a morte de policiais no cumprimento de suas fun\u00e7\u00f5es, presto minha solidariedade a todos os profissionais de seguran\u00e7a p\u00fablica da Bahia, especialmente aos integrantes das pol\u00edcias Militar, Civil e Federal.<\/p>\n<p>&mdash; ACM Neto (@acmneto_) <a href=\"https:\/\/twitter.com\/acmneto_\/status\/1702699806701801957?ref_src=twsrc%5Etfw\">September 15, 2023<\/a><\/p><\/blockquote>\n<p> <script async src=\"https:\/\/platform.twitter.com\/widgets.js\" charset=\"utf-8\"><\/script><\/p>\n<p>O governador do estado, Jer\u00f4nimo Rodrigues, tamb\u00e9m comentou o ocorrido enquanto estava no munic\u00edpio de Feira de Santana, a 115 km de Salvador, durante cerim\u00f4nia de entrega de viaturas.<\/p>\n<p>\u201cN\u00e3o queremos e n\u00e3o determinamos que sejam trazidos corpos. Queremos eles presos, para a partir da pris\u00e3o, garantir mais informa\u00e7\u00f5es para futuras opera\u00e7\u00f5es de sucesso\u201d, destacou o governador em entrevista \u00e0 TV Bahia.<\/p>\n<p>ENTENDA O CASO<\/p>\n<p>A opera\u00e7\u00e3o da For\u00e7a Integrada de Combate ao Crime Organizado (FICCO) da Pol\u00edcia Federal e da Secretaria da Seguran\u00e7a P\u00fablica da Bahia (SSP-BA), deflagrou a Opera\u00e7\u00e3o Fauda no inicio da manh\u00e3 desta sexta-feira no bairro da Val\u00e9ria. De acordo com a SSP-BA, a a\u00e7\u00e3o tem como objetivo fechar o cerco contra uma organiza\u00e7\u00e3o criminosa envolvida com tr\u00e1fico de drogas e armas, homic\u00eddios e roubos. Durante as a\u00e7\u00f5es, tr\u00eas policiais e dois traficante ficaram feridos. Duas mortes j\u00e1 foram confirmadas durante a opera\u00e7\u00e3o, sendo uma delas do Policial Federal. A a\u00e7\u00e3o continua no bairro de Val\u00e9ria.<\/p>\n<p>Foto:divulga\u00e7\u00e3o<br \/>\nAratu On<\/p>\n","protected":false},"excerpt":{"rendered":"<p>Policial Federal morreu na manh\u00e3 desta sexta-feira (15\/9) no bairro de Val\u00e9ria O ex-prefeito de Salvador, ACM Neto, comentou nesta<\/p>\n","protected":false},"author":4,"featured_media":9264,"comment_status":"open","ping_status":"open","sticky":false,"template":"","format":"standard","meta":{"colormag_page_container_layout":"default_layout","colormag_page_sidebar_layout":"default_layout","_FSMCFIC_featured_image_caption":"","_FSMCFIC_featured_image_nocaption":"","_FSMCFIC_featured_image_hide":"","footnotes":""},"categories":[5,1],"tags":[],"class_list":["post-9263","post","type-post","status-publish","format-standard","has-post-thumbnail","hentry","category-politica","category-ultimas"],"yoast_head":"<!-- This site is optimized with the Yoast SEO plugin v27.1.1 - https:\/\/yoast.com\/product\/yoast-seo-wordpress\/ -->\n<title>ACM Neto reage \u00e0 morte de PF em Salvador: \u2018Epis\u00f3dio lament\u00e1vel\u2019 - Brasil not\u00edcias<\/title>\n<meta name=\"robots\" content=\"index, follow, max-snippet:-1, max-image-preview:large, max-video-preview:-1\" \/>\n<link rel=\"canonical\" href=\"https:\/\/brasilnoticias.org\/site\/acm-neto-reage-a-morte-de-pf-em-salvador-episodio-lamentavel\/\" \/>\n<meta property=\"og:locale\" content=\"pt_PT\" \/>\n<meta property=\"og:type\" content=\"article\" \/>\n<meta property=\"og:title\" content=\"ACM Neto reage \u00e0 morte de PF em Salvador: \u2018Epis\u00f3dio lament\u00e1vel\u2019 - Brasil not\u00edcias\" \/>\n<meta property=\"og:description\" content=\"Policial Federal morreu na manh\u00e3 desta sexta-feira (15\/9) no bairro de Val\u00e9ria O ex-prefeito de Salvador, ACM Neto, comentou nesta\" \/>\n<meta property=\"og:url\" content=\"https:\/\/brasilnoticias.org\/site\/acm-neto-reage-a-morte-de-pf-em-salvador-episodio-lamentavel\/\" \/>\n<meta property=\"og:site_name\" content=\"Brasil not\u00edcias\" \/>\n<meta property=\"article:published_time\" content=\"2023-09-15T22:01:13+00:00\" \/>\n<meta property=\"og:image\" content=\"https:\/\/brasilnoticias.org\/site\/wp-content\/uploads\/2023\/09\/imagem-destacada-acm-neto-recusou-convite-para-ser-vice-de-lula-diz-rui-costa-740x470-1.jpg\" \/>\n\t<meta property=\"og:image:width\" content=\"740\" \/>\n\t<meta property=\"og:image:height\" content=\"470\" \/>\n\t<meta property=\"og:image:type\" content=\"image\/jpeg\" \/>\n<meta name=\"author\" content=\"Reda\u00e7\u00e3o\" \/>\n<meta name=\"twitter:card\" content=\"summary_large_image\" \/>\n<meta name=\"twitter:label1\" content=\"Escrito por\" \/>\n\t<meta name=\"twitter:data1\" content=\"Reda\u00e7\u00e3o\" \/>\n<script type=\"application\/ld+json\" class=\"yoast-schema-graph\">{\"@context\":\"https:\/\/schema.org\",\"@graph\":[{\"@type\":\"Article\",\"@id\":\"https:\/\/brasilnoticias.org\/site\/acm-neto-reage-a-morte-de-pf-em-salvador-episodio-lamentavel\/#article\",\"isPartOf\":{\"@id\":\"https:\/\/brasilnoticias.org\/site\/acm-neto-reage-a-morte-de-pf-em-salvador-episodio-lamentavel\/\"},\"author\":{\"name\":\"Reda\u00e7\u00e3o\",\"@id\":\"https:\/\/brasilnoticias.org\/site\/#\/schema\/person\/03bbbfe6c7634ad18c26444ea39049fa\"},\"headline\":\"ACM Neto reage \u00e0 morte de PF em Salvador: \u2018Epis\u00f3dio lament\u00e1vel\u2019\",\"datePublished\":\"2023-09-15T22:01:13+00:00\",\"mainEntityOfPage\":{\"@id\":\"https:\/\/brasilnoticias.org\/site\/acm-neto-reage-a-morte-de-pf-em-salvador-episodio-lamentavel\/\"},\"wordCount\":321,\"commentCount\":0,\"publisher\":{\"@id\":\"https:\/\/brasilnoticias.org\/site\/#organization\"},\"image\":{\"@id\":\"https:\/\/brasilnoticias.org\/site\/acm-neto-reage-a-morte-de-pf-em-salvador-episodio-lamentavel\/#primaryimage\"},\"thumbnailUrl\":\"https:\/\/brasilnoticias.org\/site\/wp-content\/uploads\/2023\/09\/imagem-destacada-acm-neto-recusou-convite-para-ser-vice-de-lula-diz-rui-costa-740x470-1.jpg\",\"articleSection\":[\"Pol\u00edtica\",\"\u00daltimas\"],\"inLanguage\":\"pt-PT\",\"potentialAction\":[{\"@type\":\"CommentAction\",\"name\":\"Comment\",\"target\":[\"https:\/\/brasilnoticias.org\/site\/acm-neto-reage-a-morte-de-pf-em-salvador-episodio-lamentavel\/#respond\"]}]},{\"@type\":\"WebPage\",\"@id\":\"https:\/\/brasilnoticias.org\/site\/acm-neto-reage-a-morte-de-pf-em-salvador-episodio-lamentavel\/\",\"url\":\"https:\/\/brasilnoticias.org\/site\/acm-neto-reage-a-morte-de-pf-em-salvador-episodio-lamentavel\/\",\"name\":\"ACM Neto reage \u00e0 morte de PF em Salvador: \u2018Epis\u00f3dio lament\u00e1vel\u2019 - Brasil not\u00edcias\",\"isPartOf\":{\"@id\":\"https:\/\/brasilnoticias.org\/site\/#website\"},\"primaryImageOfPage\":{\"@id\":\"https:\/\/brasilnoticias.org\/site\/acm-neto-reage-a-morte-de-pf-em-salvador-episodio-lamentavel\/#primaryimage\"},\"image\":{\"@id\":\"https:\/\/brasilnoticias.org\/site\/acm-neto-reage-a-morte-de-pf-em-salvador-episodio-lamentavel\/#primaryimage\"},\"thumbnailUrl\":\"https:\/\/brasilnoticias.org\/site\/wp-content\/uploads\/2023\/09\/imagem-destacada-acm-neto-recusou-convite-para-ser-vice-de-lula-diz-rui-costa-740x470-1.jpg\",\"datePublished\":\"2023-09-15T22:01:13+00:00\",\"breadcrumb\":{\"@id\":\"https:\/\/brasilnoticias.org\/site\/acm-neto-reage-a-morte-de-pf-em-salvador-episodio-lamentavel\/#breadcrumb\"},\"inLanguage\":\"pt-PT\",\"potentialAction\":[{\"@type\":\"ReadAction\",\"target\":[\"https:\/\/brasilnoticias.org\/site\/acm-neto-reage-a-morte-de-pf-em-salvador-episodio-lamentavel\/\"]}]},{\"@type\":\"ImageObject\",\"inLanguage\":\"pt-PT\",\"@id\":\"https:\/\/brasilnoticias.org\/site\/acm-neto-reage-a-morte-de-pf-em-salvador-episodio-lamentavel\/#primaryimage\",\"url\":\"https:\/\/brasilnoticias.org\/site\/wp-content\/uploads\/2023\/09\/imagem-destacada-acm-neto-recusou-convite-para-ser-vice-de-lula-diz-rui-costa-740x470-1.jpg\",\"contentUrl\":\"https:\/\/brasilnoticias.org\/site\/wp-content\/uploads\/2023\/09\/imagem-destacada-acm-neto-recusou-convite-para-ser-vice-de-lula-diz-rui-costa-740x470-1.jpg\",\"width\":740,\"height\":470},{\"@type\":\"BreadcrumbList\",\"@id\":\"https:\/\/brasilnoticias.org\/site\/acm-neto-reage-a-morte-de-pf-em-salvador-episodio-lamentavel\/#breadcrumb\",\"itemListElement\":[{\"@type\":\"ListItem\",\"position\":1,\"name\":\"In\u00edcio\",\"item\":\"https:\/\/brasilnoticias.org\/site\/\"},{\"@type\":\"ListItem\",\"position\":2,\"name\":\"ACM Neto reage \u00e0 morte de PF em Salvador: \u2018Epis\u00f3dio lament\u00e1vel\u2019\"}]},{\"@type\":\"WebSite\",\"@id\":\"https:\/\/brasilnoticias.org\/site\/#website\",\"url\":\"https:\/\/brasilnoticias.org\/site\/\",\"name\":\"Brasil not\u00edcias\",\"description\":\"Brasil not\u00edcias\",\"publisher\":{\"@id\":\"https:\/\/brasilnoticias.org\/site\/#organization\"},\"potentialAction\":[{\"@type\":\"SearchAction\",\"target\":{\"@type\":\"EntryPoint\",\"urlTemplate\":\"https:\/\/brasilnoticias.org\/site\/?s={search_term_string}\"},\"query-input\":{\"@type\":\"PropertyValueSpecification\",\"valueRequired\":true,\"valueName\":\"search_term_string\"}}],\"inLanguage\":\"pt-PT\"},{\"@type\":\"Organization\",\"@id\":\"https:\/\/brasilnoticias.org\/site\/#organization\",\"name\":\"Brasil not\u00edcias\",\"url\":\"https:\/\/brasilnoticias.org\/site\/\",\"logo\":{\"@type\":\"ImageObject\",\"inLanguage\":\"pt-PT\",\"@id\":\"https:\/\/brasilnoticias.org\/site\/#\/schema\/logo\/image\/\",\"url\":\"https:\/\/brasilnoticias.org\/site\/wp-content\/uploads\/2022\/05\/cropped-brasilnoticias-mini.jpg\",\"contentUrl\":\"https:\/\/brasilnoticias.org\/site\/wp-content\/uploads\/2022\/05\/cropped-brasilnoticias-mini.jpg\",\"width\":314,\"height\":86,\"caption\":\"Brasil not\u00edcias\"},\"image\":{\"@id\":\"https:\/\/brasilnoticias.org\/site\/#\/schema\/logo\/image\/\"}},{\"@type\":\"Person\",\"@id\":\"https:\/\/brasilnoticias.org\/site\/#\/schema\/person\/03bbbfe6c7634ad18c26444ea39049fa\",\"name\":\"Reda\u00e7\u00e3o\",\"image\":{\"@type\":\"ImageObject\",\"inLanguage\":\"pt-PT\",\"@id\":\"https:\/\/brasilnoticias.org\/site\/#\/schema\/person\/image\/\",\"url\":\"https:\/\/secure.gravatar.com\/avatar\/9ecaf7327a696cb23ad926fedded5f1f04d7049de9e445375d55b48c001a6e42?s=96&d=mm&r=g\",\"contentUrl\":\"https:\/\/secure.gravatar.com\/avatar\/9ecaf7327a696cb23ad926fedded5f1f04d7049de9e445375d55b48c001a6e42?s=96&d=mm&r=g\",\"caption\":\"Reda\u00e7\u00e3o\"},\"url\":\"https:\/\/brasilnoticias.org\/site\/author\/henrique\/\"}]}<\/script>\n<!-- \/ Yoast SEO plugin. -->","yoast_head_json":{"title":"ACM Neto reage \u00e0 morte de PF em Salvador: \u2018Epis\u00f3dio lament\u00e1vel\u2019 - Brasil not\u00edcias","robots":{"index":"index","follow":"follow","max-snippet":"max-snippet:-1","max-image-preview":"max-image-preview:large","max-video-preview":"max-video-preview:-1"},"canonical":"https:\/\/brasilnoticias.org\/site\/acm-neto-reage-a-morte-de-pf-em-salvador-episodio-lamentavel\/","og_locale":"pt_PT","og_type":"article","og_title":"ACM Neto reage \u00e0 morte de PF em Salvador: \u2018Epis\u00f3dio lament\u00e1vel\u2019 - Brasil not\u00edcias","og_description":"Policial Federal morreu na manh\u00e3 desta sexta-feira (15\/9) no bairro de Val\u00e9ria O ex-prefeito de Salvador, ACM Neto, comentou nesta","og_url":"https:\/\/brasilnoticias.org\/site\/acm-neto-reage-a-morte-de-pf-em-salvador-episodio-lamentavel\/","og_site_name":"Brasil not\u00edcias","article_published_time":"2023-09-15T22:01:13+00:00","og_image":[{"width":740,"height":470,"url":"https:\/\/brasilnoticias.org\/site\/wp-content\/uploads\/2023\/09\/imagem-destacada-acm-neto-recusou-convite-para-ser-vice-de-lula-diz-rui-costa-740x470-1.jpg","type":"image\/jpeg"}],"author":"Reda\u00e7\u00e3o","twitter_card":"summary_large_image","twitter_misc":{"Escrito por":"Reda\u00e7\u00e3o"},"schema":{"@context":"https:\/\/schema.org","@graph":[{"@type":"Article","@id":"https:\/\/brasilnoticias.org\/site\/acm-neto-reage-a-morte-de-pf-em-salvador-episodio-lamentavel\/#article","isPartOf":{"@id":"https:\/\/brasilnoticias.org\/site\/acm-neto-reage-a-morte-de-pf-em-salvador-episodio-lamentavel\/"},"author":{"name":"Reda\u00e7\u00e3o","@id":"https:\/\/brasilnoticias.org\/site\/#\/schema\/person\/03bbbfe6c7634ad18c26444ea39049fa"},"headline":"ACM Neto reage \u00e0 morte de PF em Salvador: \u2018Epis\u00f3dio lament\u00e1vel\u2019","datePublished":"2023-09-15T22:01:13+00:00","mainEntityOfPage":{"@id":"https:\/\/brasilnoticias.org\/site\/acm-neto-reage-a-morte-de-pf-em-salvador-episodio-lamentavel\/"},"wordCount":321,"commentCount":0,"publisher":{"@id":"https:\/\/brasilnoticias.org\/site\/#organization"},"image":{"@id":"https:\/\/brasilnoticias.org\/site\/acm-neto-reage-a-morte-de-pf-em-salvador-episodio-lamentavel\/#primaryimage"},"thumbnailUrl":"https:\/\/brasilnoticias.org\/site\/wp-content\/uploads\/2023\/09\/imagem-destacada-acm-neto-recusou-convite-para-ser-vice-de-lula-diz-rui-costa-740x470-1.jpg","articleSection":["Pol\u00edtica","\u00daltimas"],"inLanguage":"pt-PT","potentialAction":[{"@type":"CommentAction","name":"Comment","target":["https:\/\/brasilnoticias.org\/site\/acm-neto-reage-a-morte-de-pf-em-salvador-episodio-lamentavel\/#respond"]}]},{"@type":"WebPage","@id":"https:\/\/brasilnoticias.org\/site\/acm-neto-reage-a-morte-de-pf-em-salvador-episodio-lamentavel\/","url":"https:\/\/brasilnoticias.org\/site\/acm-neto-reage-a-morte-de-pf-em-salvador-episodio-lamentavel\/","name":"ACM Neto reage \u00e0 morte de PF em Salvador: \u2018Epis\u00f3dio lament\u00e1vel\u2019 - Brasil not\u00edcias","isPartOf":{"@id":"https:\/\/brasilnoticias.org\/site\/#website"},"primaryImageOfPage":{"@id":"https:\/\/brasilnoticias.org\/site\/acm-neto-reage-a-morte-de-pf-em-salvador-episodio-lamentavel\/#primaryimage"},"image":{"@id":"https:\/\/brasilnoticias.org\/site\/acm-neto-reage-a-morte-de-pf-em-salvador-episodio-lamentavel\/#primaryimage"},"thumbnailUrl":"https:\/\/brasilnoticias.org\/site\/wp-content\/uploads\/2023\/09\/imagem-destacada-acm-neto-recusou-convite-para-ser-vice-de-lula-diz-rui-costa-740x470-1.jpg","datePublished":"2023-09-15T22:01:13+00:00","breadcrumb":{"@id":"https:\/\/brasilnoticias.org\/site\/acm-neto-reage-a-morte-de-pf-em-salvador-episodio-lamentavel\/#breadcrumb"},"inLanguage":"pt-PT","potentialAction":[{"@type":"ReadAction","target":["https:\/\/brasilnoticias.org\/site\/acm-neto-reage-a-morte-de-pf-em-salvador-episodio-lamentavel\/"]}]},{"@type":"ImageObject","inLanguage":"pt-PT","@id":"https:\/\/brasilnoticias.org\/site\/acm-neto-reage-a-morte-de-pf-em-salvador-episodio-lamentavel\/#primaryimage","url":"https:\/\/brasilnoticias.org\/site\/wp-content\/uploads\/2023\/09\/imagem-destacada-acm-neto-recusou-convite-para-ser-vice-de-lula-diz-rui-costa-740x470-1.jpg","contentUrl":"https:\/\/brasilnoticias.org\/site\/wp-content\/uploads\/2023\/09\/imagem-destacada-acm-neto-recusou-convite-para-ser-vice-de-lula-diz-rui-costa-740x470-1.jpg","width":740,"height":470},{"@type":"BreadcrumbList","@id":"https:\/\/brasilnoticias.org\/site\/acm-neto-reage-a-morte-de-pf-em-salvador-episodio-lamentavel\/#breadcrumb","itemListElement":[{"@type":"ListItem","position":1,"name":"In\u00edcio","item":"https:\/\/brasilnoticias.org\/site\/"},{"@type":"ListItem","position":2,"name":"ACM Neto reage \u00e0 morte de PF em Salvador: \u2018Epis\u00f3dio lament\u00e1vel\u2019"}]},{"@type":"WebSite","@id":"https:\/\/brasilnoticias.org\/site\/#website","url":"https:\/\/brasilnoticias.org\/site\/","name":"Brasil not\u00edcias","description":"Brasil not\u00edcias","publisher":{"@id":"https:\/\/brasilnoticias.org\/site\/#organization"},"potentialAction":[{"@type":"SearchAction","target":{"@type":"EntryPoint","urlTemplate":"https:\/\/brasilnoticias.org\/site\/?s={search_term_string}"},"query-input":{"@type":"PropertyValueSpecification","valueRequired":true,"valueName":"search_term_string"}}],"inLanguage":"pt-PT"},{"@type":"Organization","@id":"https:\/\/brasilnoticias.org\/site\/#organization","name":"Brasil not\u00edcias","url":"https:\/\/brasilnoticias.org\/site\/","logo":{"@type":"ImageObject","inLanguage":"pt-PT","@id":"https:\/\/brasilnoticias.org\/site\/#\/schema\/logo\/image\/","url":"https:\/\/brasilnoticias.org\/site\/wp-content\/uploads\/2022\/05\/cropped-brasilnoticias-mini.jpg","contentUrl":"https:\/\/brasilnoticias.org\/site\/wp-content\/uploads\/2022\/05\/cropped-brasilnoticias-mini.jpg","width":314,"height":86,"caption":"Brasil not\u00edcias"},"image":{"@id":"https:\/\/brasilnoticias.org\/site\/#\/schema\/logo\/image\/"}},{"@type":"Person","@id":"https:\/\/brasilnoticias.org\/site\/#\/schema\/person\/03bbbfe6c7634ad18c26444ea39049fa","name":"Reda\u00e7\u00e3o","image":{"@type":"ImageObject","inLanguage":"pt-PT","@id":"https:\/\/brasilnoticias.org\/site\/#\/schema\/person\/image\/","url":"https:\/\/secure.gravatar.com\/avatar\/9ecaf7327a696cb23ad926fedded5f1f04d7049de9e445375d55b48c001a6e42?s=96&d=mm&r=g","contentUrl":"https:\/\/secure.gravatar.com\/avatar\/9ecaf7327a696cb23ad926fedded5f1f04d7049de9e445375d55b48c001a6e42?s=96&d=mm&r=g","caption":"Reda\u00e7\u00e3o"},"url":"https:\/\/brasilnoticias.org\/site\/author\/henrique\/"}]}},"_links":{"self":[{"href":"https:\/\/brasilnoticias.org\/site\/wp-json\/wp\/v2\/posts\/9263","targetHints":{"allow":["GET"]}}],"collection":[{"href":"https:\/\/brasilnoticias.org\/site\/wp-json\/wp\/v2\/posts"}],"about":[{"href":"https:\/\/brasilnoticias.org\/site\/wp-json\/wp\/v2\/types\/post"}],"author":[{"embeddable":true,"href":"https:\/\/brasilnoticias.org\/site\/wp-json\/wp\/v2\/users\/4"}],"replies":[{"embeddable":true,"href":"https:\/\/brasilnoticias.org\/site\/wp-json\/wp\/v2\/comments?post=9263"}],"version-history":[{"count":1,"href":"https:\/\/brasilnoticias.org\/site\/wp-json\/wp\/v2\/posts\/9263\/revisions"}],"predecessor-version":[{"id":9265,"href":"https:\/\/brasilnoticias.org\/site\/wp-json\/wp\/v2\/posts\/9263\/revisions\/9265"}],"wp:featuredmedia":[{"embeddable":true,"href":"https:\/\/brasilnoticias.org\/site\/wp-json\/wp\/v2\/media\/9264"}],"wp:attachment":[{"href":"https:\/\/brasilnoticias.org\/site\/wp-json\/wp\/v2\/media?parent=9263"}],"wp:term":[{"taxonomy":"category","embeddable":true,"href":"https:\/\/brasilnoticias.org\/site\/wp-json\/wp\/v2\/categories?post=9263"},{"taxonomy":"post_tag","embeddable":true,"href":"https:\/\/brasilnoticias.org\/site\/wp-json\/wp\/v2\/tags?post=9263"}],"curies":[{"name":"wp","href":"https:\/\/api.w.org\/{rel}","templated":true}]}}