{"id":9266,"date":"2023-09-16T06:00:48","date_gmt":"2023-09-16T09:00:48","guid":{"rendered":"https:\/\/brasilnoticias.org\/site\/?p=9266"},"modified":"2023-09-15T21:28:34","modified_gmt":"2023-09-16T00:28:34","slug":"fornecimento-de-agua-sera-suspenso-em-salvador-e-mais-12-cidades-na-proxima-terca-feira","status":"publish","type":"post","link":"https:\/\/brasilnoticias.org\/site\/fornecimento-de-agua-sera-suspenso-em-salvador-e-mais-12-cidades-na-proxima-terca-feira\/","title":{"rendered":"Fornecimento de \u00e1gua ser\u00e1 suspenso em Salvador e mais 12 cidades na pr\u00f3xima ter\u00e7a-feira"},"content":{"rendered":"<p>Segundo a Embasa o abastecimento ser\u00e1 suspenso para que sejam realizados servi\u00e7os de manuten\u00e7\u00e3o<\/p>\n<p>O fornecimento de \u00e1gua est\u00e1 previsto para ser suspenso, a partir das 6h da pr\u00f3xima ter\u00e7a-feira (19), em diversos bairros de Salvador. Tamb\u00e9m ser\u00e1  assim como em outros 12 munic\u00edpios da regi\u00e3o metropolitana e do interior da Bahia.<\/p>\n<p>Segundo a Empresa Baiana de \u00c1guas e Saneamento (Embasa), o abastecimento ser\u00e1 suspenso para que sejam realizados servi\u00e7os de manuten\u00e7\u00e3o, assim como a melhoria na capta\u00e7\u00e3o de \u00e1gua de Pedra do Cavalo e outros pontos do sistema de abastecimento.<\/p>\n<p>Os servi\u00e7os de manuten\u00e7\u00e3o devem ser conclu\u00eddos na pr\u00f3xima quarta-feira (20). At\u00e9 l\u00e1, enquanto o fornecimento de \u00e1gua n\u00e3o estiver regularizado, o usu\u00e1rio poder\u00e1 solicitar carros-pipa atrav\u00e9s do telefone 0800 0555 195, do WhatsApp (71) 99717-0999, do atendimento virtual e em pontos presenciais. <\/p>\n<p>\u00c1reas afetadas em Salvador<\/p>\n<p>Ilha de Bom Jesus dos Passos<br \/>\nIlha de Mar\u00e9<br \/>\nIlha dos Frades<br \/>\nAeroporto<br \/>\n\u00c1guas Claras<br \/>\nAlto da Terezinha<br \/>\nAlto do Cabrito<br \/>\nAlto do Coqueirinho<br \/>\nAreia Branca<br \/>\nArenoso<br \/>\nArraial do Retiro<br \/>\nBairro da Paz<br \/>\nBarreiras<br \/>\nBoa Viagem<br \/>\nBoa Vista de S\u00e3o Caetano<br \/>\nBoca da Mata<br \/>\nBom Ju\u00e1<br \/>\nBonfim<br \/>\nCAB<br \/>\nCabula<br \/>\nCabula VI<br \/>\nCajazeiras<br \/>\nCalabet\u00e3o<br \/>\nCal\u00e7ada<br \/>\nCaminho de Areia<br \/>\nCampinas de Piraj\u00e1<br \/>\nCanabrava<br \/>\nCapelinha<br \/>\nCassange<br \/>\nCastelo Branco<br \/>\nCoutos, Curuzu<br \/>\nDom Avelar<br \/>\nDoron<br \/>\nEngomadeira<br \/>\nFazenda Coutos<br \/>\nFazenda Grande do Retiro<br \/>\nFazenda Grande I a IV<br \/>\nGranjas Rurais<br \/>\nIAPI<br \/>\nImbu\u00ed<br \/>\nItacaranha<br \/>\nItapu\u00e3<br \/>\nItinga<br \/>\nJaguaripe I<br \/>\nJardim Cajazeiras<br \/>\nJardim Cruzeiro<br \/>\nJardim das Margaridas<br \/>\nJardim Santo In\u00e1cio<br \/>\nJd. Nova Esperan\u00e7a<br \/>\nLiberdade, Lobato<br \/>\nMangueira<br \/>\nMarechal Rondon<br \/>\nMassaranduba<br \/>\nMata Escura<br \/>\nMonte Serrat<br \/>\nMoradas da Lagoa<br \/>\nMussurunga<br \/>\nNarandiba<br \/>\nNova Bras\u00edlia<br \/>\nNova Esperan\u00e7a<br \/>\nNovo Horizonte<br \/>\nNovo Marotinho<br \/>\nPalestina<br \/>\nParipe<br \/>\nPatamares<br \/>\nPau da Lima<br \/>\nPeriperi<br \/>\nPernambu\u00e9s<br \/>\nPero Vaz<br \/>\nPiat\u00e3<br \/>\nPiraj\u00e1<br \/>\nPlataforma<br \/>\nPorto Seco<br \/>\nPraia Grande<br \/>\nResgate<br \/>\nRetiro<br \/>\nRibeira<br \/>\nRio Sena<br \/>\nRoma<br \/>\nSaboeiro<br \/>\nSanta Luzia<br \/>\nSanta M\u00f4nica<br \/>\nS\u00e3o Caetano<br \/>\nS\u00e3o Crist\u00f3v\u00e3o<br \/>\nS\u00e3o Gon\u00e7alo<br \/>\nS\u00e3o Jo\u00e3o do Cabrito<br \/>\nS\u00e3o Marcos<br \/>\nS\u00e3o Rafael<br \/>\nS\u00e3o Tom\u00e9<br \/>\nSete de Abril<br \/>\nStella Maris<br \/>\nSussuarana Nova e Velha<br \/>\nTancredo Neves<br \/>\nTrobogy<br \/>\nUruguai<br \/>\nVale dos Lagos<br \/>\nVal\u00e9ria<br \/>\nVila Can\u00e1ria<br \/>\nOutros munic\u00edpios<\/p>\n<p>Sim\u00f5es Filho<br \/>\nLauro de Freitas<br \/>\nTerra Nova<br \/>\nCora\u00e7\u00e3o de Maria<br \/>\nConcei\u00e7\u00e3o do Jacu\u00edpe<br \/>\nAm\u00e9lia Rodrigues<br \/>\nSanto Amaro<br \/>\nS\u00e3o Francisco do Conde<br \/>\nCandeias<br \/>\nMadre de Deus<br \/>\nParte de Cama\u00e7ari (Busca Vida)<br \/>\nParte de Saubara (Acupe)<\/p>\n<p>Foto: Embasa<br \/>\nMetro1 <\/p>\n","protected":false},"excerpt":{"rendered":"<p>Segundo a Embasa o abastecimento ser\u00e1 suspenso para que sejam realizados servi\u00e7os de manuten\u00e7\u00e3o O fornecimento de \u00e1gua est\u00e1 previsto<\/p>\n","protected":false},"author":4,"featured_media":9267,"comment_status":"open","ping_status":"open","sticky":false,"template":"","format":"standard","meta":{"colormag_page_container_layout":"default_layout","colormag_page_sidebar_layout":"default_layout","_FSMCFIC_featured_image_caption":"","_FSMCFIC_featured_image_nocaption":"","_FSMCFIC_featured_image_hide":"","footnotes":""},"categories":[2,1],"tags":[],"class_list":["post-9266","post","type-post","status-publish","format-standard","has-post-thumbnail","hentry","category-noticias","category-ultimas"],"yoast_head":"<!-- This site is optimized with the Yoast SEO plugin v27.1.1 - https:\/\/yoast.com\/product\/yoast-seo-wordpress\/ -->\n<title>Fornecimento de \u00e1gua ser\u00e1 suspenso em Salvador e mais 12 cidades na pr\u00f3xima ter\u00e7a-feira - Brasil not\u00edcias<\/title>\n<meta name=\"robots\" content=\"index, follow, max-snippet:-1, max-image-preview:large, max-video-preview:-1\" \/>\n<link rel=\"canonical\" href=\"https:\/\/brasilnoticias.org\/site\/fornecimento-de-agua-sera-suspenso-em-salvador-e-mais-12-cidades-na-proxima-terca-feira\/\" \/>\n<meta property=\"og:locale\" content=\"pt_PT\" \/>\n<meta property=\"og:type\" content=\"article\" \/>\n<meta property=\"og:title\" content=\"Fornecimento de \u00e1gua ser\u00e1 suspenso em Salvador e mais 12 cidades na pr\u00f3xima ter\u00e7a-feira - Brasil not\u00edcias\" \/>\n<meta property=\"og:description\" content=\"Segundo a Embasa o abastecimento ser\u00e1 suspenso para que sejam realizados servi\u00e7os de manuten\u00e7\u00e3o O fornecimento de \u00e1gua est\u00e1 previsto\" \/>\n<meta property=\"og:url\" content=\"https:\/\/brasilnoticias.org\/site\/fornecimento-de-agua-sera-suspenso-em-salvador-e-mais-12-cidades-na-proxima-terca-feira\/\" \/>\n<meta property=\"og:site_name\" content=\"Brasil not\u00edcias\" \/>\n<meta property=\"article:published_time\" content=\"2023-09-16T09:00:48+00:00\" \/>\n<meta property=\"og:image\" content=\"https:\/\/brasilnoticias.org\/site\/wp-content\/uploads\/2023\/09\/140998fornecimento-de-agua-sera-suspenso-em-salvador-e-mais-12-cidades-na-proxima-terca-feira-3.jpg\" \/>\n\t<meta property=\"og:image:width\" content=\"1600\" \/>\n\t<meta property=\"og:image:height\" content=\"752\" \/>\n\t<meta property=\"og:image:type\" content=\"image\/jpeg\" \/>\n<meta name=\"author\" content=\"Reda\u00e7\u00e3o\" \/>\n<meta name=\"twitter:card\" content=\"summary_large_image\" \/>\n<meta name=\"twitter:label1\" content=\"Escrito por\" \/>\n\t<meta name=\"twitter:data1\" content=\"Reda\u00e7\u00e3o\" \/>\n<script type=\"application\/ld+json\" class=\"yoast-schema-graph\">{\"@context\":\"https:\/\/schema.org\",\"@graph\":[{\"@type\":\"Article\",\"@id\":\"https:\/\/brasilnoticias.org\/site\/fornecimento-de-agua-sera-suspenso-em-salvador-e-mais-12-cidades-na-proxima-terca-feira\/#article\",\"isPartOf\":{\"@id\":\"https:\/\/brasilnoticias.org\/site\/fornecimento-de-agua-sera-suspenso-em-salvador-e-mais-12-cidades-na-proxima-terca-feira\/\"},\"author\":{\"name\":\"Reda\u00e7\u00e3o\",\"@id\":\"https:\/\/brasilnoticias.org\/site\/#\/schema\/person\/03bbbfe6c7634ad18c26444ea39049fa\"},\"headline\":\"Fornecimento de \u00e1gua ser\u00e1 suspenso em Salvador e mais 12 cidades na pr\u00f3xima ter\u00e7a-feira\",\"datePublished\":\"2023-09-16T09:00:48+00:00\",\"mainEntityOfPage\":{\"@id\":\"https:\/\/brasilnoticias.org\/site\/fornecimento-de-agua-sera-suspenso-em-salvador-e-mais-12-cidades-na-proxima-terca-feira\/\"},\"wordCount\":422,\"commentCount\":0,\"publisher\":{\"@id\":\"https:\/\/brasilnoticias.org\/site\/#organization\"},\"image\":{\"@id\":\"https:\/\/brasilnoticias.org\/site\/fornecimento-de-agua-sera-suspenso-em-salvador-e-mais-12-cidades-na-proxima-terca-feira\/#primaryimage\"},\"thumbnailUrl\":\"https:\/\/brasilnoticias.org\/site\/wp-content\/uploads\/2023\/09\/140998fornecimento-de-agua-sera-suspenso-em-salvador-e-mais-12-cidades-na-proxima-terca-feira-3.jpg\",\"articleSection\":[\"Not\u00edcias\",\"\u00daltimas\"],\"inLanguage\":\"pt-PT\",\"potentialAction\":[{\"@type\":\"CommentAction\",\"name\":\"Comment\",\"target\":[\"https:\/\/brasilnoticias.org\/site\/fornecimento-de-agua-sera-suspenso-em-salvador-e-mais-12-cidades-na-proxima-terca-feira\/#respond\"]}]},{\"@type\":\"WebPage\",\"@id\":\"https:\/\/brasilnoticias.org\/site\/fornecimento-de-agua-sera-suspenso-em-salvador-e-mais-12-cidades-na-proxima-terca-feira\/\",\"url\":\"https:\/\/brasilnoticias.org\/site\/fornecimento-de-agua-sera-suspenso-em-salvador-e-mais-12-cidades-na-proxima-terca-feira\/\",\"name\":\"Fornecimento de \u00e1gua ser\u00e1 suspenso em Salvador e mais 12 cidades na pr\u00f3xima ter\u00e7a-feira - Brasil not\u00edcias\",\"isPartOf\":{\"@id\":\"https:\/\/brasilnoticias.org\/site\/#website\"},\"primaryImageOfPage\":{\"@id\":\"https:\/\/brasilnoticias.org\/site\/fornecimento-de-agua-sera-suspenso-em-salvador-e-mais-12-cidades-na-proxima-terca-feira\/#primaryimage\"},\"image\":{\"@id\":\"https:\/\/brasilnoticias.org\/site\/fornecimento-de-agua-sera-suspenso-em-salvador-e-mais-12-cidades-na-proxima-terca-feira\/#primaryimage\"},\"thumbnailUrl\":\"https:\/\/brasilnoticias.org\/site\/wp-content\/uploads\/2023\/09\/140998fornecimento-de-agua-sera-suspenso-em-salvador-e-mais-12-cidades-na-proxima-terca-feira-3.jpg\",\"datePublished\":\"2023-09-16T09:00:48+00:00\",\"breadcrumb\":{\"@id\":\"https:\/\/brasilnoticias.org\/site\/fornecimento-de-agua-sera-suspenso-em-salvador-e-mais-12-cidades-na-proxima-terca-feira\/#breadcrumb\"},\"inLanguage\":\"pt-PT\",\"potentialAction\":[{\"@type\":\"ReadAction\",\"target\":[\"https:\/\/brasilnoticias.org\/site\/fornecimento-de-agua-sera-suspenso-em-salvador-e-mais-12-cidades-na-proxima-terca-feira\/\"]}]},{\"@type\":\"ImageObject\",\"inLanguage\":\"pt-PT\",\"@id\":\"https:\/\/brasilnoticias.org\/site\/fornecimento-de-agua-sera-suspenso-em-salvador-e-mais-12-cidades-na-proxima-terca-feira\/#primaryimage\",\"url\":\"https:\/\/brasilnoticias.org\/site\/wp-content\/uploads\/2023\/09\/140998fornecimento-de-agua-sera-suspenso-em-salvador-e-mais-12-cidades-na-proxima-terca-feira-3.jpg\",\"contentUrl\":\"https:\/\/brasilnoticias.org\/site\/wp-content\/uploads\/2023\/09\/140998fornecimento-de-agua-sera-suspenso-em-salvador-e-mais-12-cidades-na-proxima-terca-feira-3.jpg\",\"width\":1600,\"height\":752},{\"@type\":\"BreadcrumbList\",\"@id\":\"https:\/\/brasilnoticias.org\/site\/fornecimento-de-agua-sera-suspenso-em-salvador-e-mais-12-cidades-na-proxima-terca-feira\/#breadcrumb\",\"itemListElement\":[{\"@type\":\"ListItem\",\"position\":1,\"name\":\"In\u00edcio\",\"item\":\"https:\/\/brasilnoticias.org\/site\/\"},{\"@type\":\"ListItem\",\"position\":2,\"name\":\"Fornecimento de \u00e1gua ser\u00e1 suspenso em Salvador e mais 12 cidades na pr\u00f3xima ter\u00e7a-feira\"}]},{\"@type\":\"WebSite\",\"@id\":\"https:\/\/brasilnoticias.org\/site\/#website\",\"url\":\"https:\/\/brasilnoticias.org\/site\/\",\"name\":\"Brasil not\u00edcias\",\"description\":\"Brasil not\u00edcias\",\"publisher\":{\"@id\":\"https:\/\/brasilnoticias.org\/site\/#organization\"},\"potentialAction\":[{\"@type\":\"SearchAction\",\"target\":{\"@type\":\"EntryPoint\",\"urlTemplate\":\"https:\/\/brasilnoticias.org\/site\/?s={search_term_string}\"},\"query-input\":{\"@type\":\"PropertyValueSpecification\",\"valueRequired\":true,\"valueName\":\"search_term_string\"}}],\"inLanguage\":\"pt-PT\"},{\"@type\":\"Organization\",\"@id\":\"https:\/\/brasilnoticias.org\/site\/#organization\",\"name\":\"Brasil not\u00edcias\",\"url\":\"https:\/\/brasilnoticias.org\/site\/\",\"logo\":{\"@type\":\"ImageObject\",\"inLanguage\":\"pt-PT\",\"@id\":\"https:\/\/brasilnoticias.org\/site\/#\/schema\/logo\/image\/\",\"url\":\"https:\/\/brasilnoticias.org\/site\/wp-content\/uploads\/2022\/05\/cropped-brasilnoticias-mini.jpg\",\"contentUrl\":\"https:\/\/brasilnoticias.org\/site\/wp-content\/uploads\/2022\/05\/cropped-brasilnoticias-mini.jpg\",\"width\":314,\"height\":86,\"caption\":\"Brasil not\u00edcias\"},\"image\":{\"@id\":\"https:\/\/brasilnoticias.org\/site\/#\/schema\/logo\/image\/\"}},{\"@type\":\"Person\",\"@id\":\"https:\/\/brasilnoticias.org\/site\/#\/schema\/person\/03bbbfe6c7634ad18c26444ea39049fa\",\"name\":\"Reda\u00e7\u00e3o\",\"image\":{\"@type\":\"ImageObject\",\"inLanguage\":\"pt-PT\",\"@id\":\"https:\/\/brasilnoticias.org\/site\/#\/schema\/person\/image\/\",\"url\":\"https:\/\/secure.gravatar.com\/avatar\/9ecaf7327a696cb23ad926fedded5f1f04d7049de9e445375d55b48c001a6e42?s=96&d=mm&r=g\",\"contentUrl\":\"https:\/\/secure.gravatar.com\/avatar\/9ecaf7327a696cb23ad926fedded5f1f04d7049de9e445375d55b48c001a6e42?s=96&d=mm&r=g\",\"caption\":\"Reda\u00e7\u00e3o\"},\"url\":\"https:\/\/brasilnoticias.org\/site\/author\/henrique\/\"}]}<\/script>\n<!-- \/ Yoast SEO plugin. -->","yoast_head_json":{"title":"Fornecimento de \u00e1gua ser\u00e1 suspenso em Salvador e mais 12 cidades na pr\u00f3xima ter\u00e7a-feira - Brasil not\u00edcias","robots":{"index":"index","follow":"follow","max-snippet":"max-snippet:-1","max-image-preview":"max-image-preview:large","max-video-preview":"max-video-preview:-1"},"canonical":"https:\/\/brasilnoticias.org\/site\/fornecimento-de-agua-sera-suspenso-em-salvador-e-mais-12-cidades-na-proxima-terca-feira\/","og_locale":"pt_PT","og_type":"article","og_title":"Fornecimento de \u00e1gua ser\u00e1 suspenso em Salvador e mais 12 cidades na pr\u00f3xima ter\u00e7a-feira - Brasil not\u00edcias","og_description":"Segundo a Embasa o abastecimento ser\u00e1 suspenso para que sejam realizados servi\u00e7os de manuten\u00e7\u00e3o O fornecimento de \u00e1gua est\u00e1 previsto","og_url":"https:\/\/brasilnoticias.org\/site\/fornecimento-de-agua-sera-suspenso-em-salvador-e-mais-12-cidades-na-proxima-terca-feira\/","og_site_name":"Brasil not\u00edcias","article_published_time":"2023-09-16T09:00:48+00:00","og_image":[{"width":1600,"height":752,"url":"https:\/\/brasilnoticias.org\/site\/wp-content\/uploads\/2023\/09\/140998fornecimento-de-agua-sera-suspenso-em-salvador-e-mais-12-cidades-na-proxima-terca-feira-3.jpg","type":"image\/jpeg"}],"author":"Reda\u00e7\u00e3o","twitter_card":"summary_large_image","twitter_misc":{"Escrito por":"Reda\u00e7\u00e3o"},"schema":{"@context":"https:\/\/schema.org","@graph":[{"@type":"Article","@id":"https:\/\/brasilnoticias.org\/site\/fornecimento-de-agua-sera-suspenso-em-salvador-e-mais-12-cidades-na-proxima-terca-feira\/#article","isPartOf":{"@id":"https:\/\/brasilnoticias.org\/site\/fornecimento-de-agua-sera-suspenso-em-salvador-e-mais-12-cidades-na-proxima-terca-feira\/"},"author":{"name":"Reda\u00e7\u00e3o","@id":"https:\/\/brasilnoticias.org\/site\/#\/schema\/person\/03bbbfe6c7634ad18c26444ea39049fa"},"headline":"Fornecimento de \u00e1gua ser\u00e1 suspenso em Salvador e mais 12 cidades na pr\u00f3xima ter\u00e7a-feira","datePublished":"2023-09-16T09:00:48+00:00","mainEntityOfPage":{"@id":"https:\/\/brasilnoticias.org\/site\/fornecimento-de-agua-sera-suspenso-em-salvador-e-mais-12-cidades-na-proxima-terca-feira\/"},"wordCount":422,"commentCount":0,"publisher":{"@id":"https:\/\/brasilnoticias.org\/site\/#organization"},"image":{"@id":"https:\/\/brasilnoticias.org\/site\/fornecimento-de-agua-sera-suspenso-em-salvador-e-mais-12-cidades-na-proxima-terca-feira\/#primaryimage"},"thumbnailUrl":"https:\/\/brasilnoticias.org\/site\/wp-content\/uploads\/2023\/09\/140998fornecimento-de-agua-sera-suspenso-em-salvador-e-mais-12-cidades-na-proxima-terca-feira-3.jpg","articleSection":["Not\u00edcias","\u00daltimas"],"inLanguage":"pt-PT","potentialAction":[{"@type":"CommentAction","name":"Comment","target":["https:\/\/brasilnoticias.org\/site\/fornecimento-de-agua-sera-suspenso-em-salvador-e-mais-12-cidades-na-proxima-terca-feira\/#respond"]}]},{"@type":"WebPage","@id":"https:\/\/brasilnoticias.org\/site\/fornecimento-de-agua-sera-suspenso-em-salvador-e-mais-12-cidades-na-proxima-terca-feira\/","url":"https:\/\/brasilnoticias.org\/site\/fornecimento-de-agua-sera-suspenso-em-salvador-e-mais-12-cidades-na-proxima-terca-feira\/","name":"Fornecimento de \u00e1gua ser\u00e1 suspenso em Salvador e mais 12 cidades na pr\u00f3xima ter\u00e7a-feira - Brasil not\u00edcias","isPartOf":{"@id":"https:\/\/brasilnoticias.org\/site\/#website"},"primaryImageOfPage":{"@id":"https:\/\/brasilnoticias.org\/site\/fornecimento-de-agua-sera-suspenso-em-salvador-e-mais-12-cidades-na-proxima-terca-feira\/#primaryimage"},"image":{"@id":"https:\/\/brasilnoticias.org\/site\/fornecimento-de-agua-sera-suspenso-em-salvador-e-mais-12-cidades-na-proxima-terca-feira\/#primaryimage"},"thumbnailUrl":"https:\/\/brasilnoticias.org\/site\/wp-content\/uploads\/2023\/09\/140998fornecimento-de-agua-sera-suspenso-em-salvador-e-mais-12-cidades-na-proxima-terca-feira-3.jpg","datePublished":"2023-09-16T09:00:48+00:00","breadcrumb":{"@id":"https:\/\/brasilnoticias.org\/site\/fornecimento-de-agua-sera-suspenso-em-salvador-e-mais-12-cidades-na-proxima-terca-feira\/#breadcrumb"},"inLanguage":"pt-PT","potentialAction":[{"@type":"ReadAction","target":["https:\/\/brasilnoticias.org\/site\/fornecimento-de-agua-sera-suspenso-em-salvador-e-mais-12-cidades-na-proxima-terca-feira\/"]}]},{"@type":"ImageObject","inLanguage":"pt-PT","@id":"https:\/\/brasilnoticias.org\/site\/fornecimento-de-agua-sera-suspenso-em-salvador-e-mais-12-cidades-na-proxima-terca-feira\/#primaryimage","url":"https:\/\/brasilnoticias.org\/site\/wp-content\/uploads\/2023\/09\/140998fornecimento-de-agua-sera-suspenso-em-salvador-e-mais-12-cidades-na-proxima-terca-feira-3.jpg","contentUrl":"https:\/\/brasilnoticias.org\/site\/wp-content\/uploads\/2023\/09\/140998fornecimento-de-agua-sera-suspenso-em-salvador-e-mais-12-cidades-na-proxima-terca-feira-3.jpg","width":1600,"height":752},{"@type":"BreadcrumbList","@id":"https:\/\/brasilnoticias.org\/site\/fornecimento-de-agua-sera-suspenso-em-salvador-e-mais-12-cidades-na-proxima-terca-feira\/#breadcrumb","itemListElement":[{"@type":"ListItem","position":1,"name":"In\u00edcio","item":"https:\/\/brasilnoticias.org\/site\/"},{"@type":"ListItem","position":2,"name":"Fornecimento de \u00e1gua ser\u00e1 suspenso em Salvador e mais 12 cidades na pr\u00f3xima ter\u00e7a-feira"}]},{"@type":"WebSite","@id":"https:\/\/brasilnoticias.org\/site\/#website","url":"https:\/\/brasilnoticias.org\/site\/","name":"Brasil not\u00edcias","description":"Brasil not\u00edcias","publisher":{"@id":"https:\/\/brasilnoticias.org\/site\/#organization"},"potentialAction":[{"@type":"SearchAction","target":{"@type":"EntryPoint","urlTemplate":"https:\/\/brasilnoticias.org\/site\/?s={search_term_string}"},"query-input":{"@type":"PropertyValueSpecification","valueRequired":true,"valueName":"search_term_string"}}],"inLanguage":"pt-PT"},{"@type":"Organization","@id":"https:\/\/brasilnoticias.org\/site\/#organization","name":"Brasil not\u00edcias","url":"https:\/\/brasilnoticias.org\/site\/","logo":{"@type":"ImageObject","inLanguage":"pt-PT","@id":"https:\/\/brasilnoticias.org\/site\/#\/schema\/logo\/image\/","url":"https:\/\/brasilnoticias.org\/site\/wp-content\/uploads\/2022\/05\/cropped-brasilnoticias-mini.jpg","contentUrl":"https:\/\/brasilnoticias.org\/site\/wp-content\/uploads\/2022\/05\/cropped-brasilnoticias-mini.jpg","width":314,"height":86,"caption":"Brasil not\u00edcias"},"image":{"@id":"https:\/\/brasilnoticias.org\/site\/#\/schema\/logo\/image\/"}},{"@type":"Person","@id":"https:\/\/brasilnoticias.org\/site\/#\/schema\/person\/03bbbfe6c7634ad18c26444ea39049fa","name":"Reda\u00e7\u00e3o","image":{"@type":"ImageObject","inLanguage":"pt-PT","@id":"https:\/\/brasilnoticias.org\/site\/#\/schema\/person\/image\/","url":"https:\/\/secure.gravatar.com\/avatar\/9ecaf7327a696cb23ad926fedded5f1f04d7049de9e445375d55b48c001a6e42?s=96&d=mm&r=g","contentUrl":"https:\/\/secure.gravatar.com\/avatar\/9ecaf7327a696cb23ad926fedded5f1f04d7049de9e445375d55b48c001a6e42?s=96&d=mm&r=g","caption":"Reda\u00e7\u00e3o"},"url":"https:\/\/brasilnoticias.org\/site\/author\/henrique\/"}]}},"_links":{"self":[{"href":"https:\/\/brasilnoticias.org\/site\/wp-json\/wp\/v2\/posts\/9266","targetHints":{"allow":["GET"]}}],"collection":[{"href":"https:\/\/brasilnoticias.org\/site\/wp-json\/wp\/v2\/posts"}],"about":[{"href":"https:\/\/brasilnoticias.org\/site\/wp-json\/wp\/v2\/types\/post"}],"author":[{"embeddable":true,"href":"https:\/\/brasilnoticias.org\/site\/wp-json\/wp\/v2\/users\/4"}],"replies":[{"embeddable":true,"href":"https:\/\/brasilnoticias.org\/site\/wp-json\/wp\/v2\/comments?post=9266"}],"version-history":[{"count":1,"href":"https:\/\/brasilnoticias.org\/site\/wp-json\/wp\/v2\/posts\/9266\/revisions"}],"predecessor-version":[{"id":9268,"href":"https:\/\/brasilnoticias.org\/site\/wp-json\/wp\/v2\/posts\/9266\/revisions\/9268"}],"wp:featuredmedia":[{"embeddable":true,"href":"https:\/\/brasilnoticias.org\/site\/wp-json\/wp\/v2\/media\/9267"}],"wp:attachment":[{"href":"https:\/\/brasilnoticias.org\/site\/wp-json\/wp\/v2\/media?parent=9266"}],"wp:term":[{"taxonomy":"category","embeddable":true,"href":"https:\/\/brasilnoticias.org\/site\/wp-json\/wp\/v2\/categories?post=9266"},{"taxonomy":"post_tag","embeddable":true,"href":"https:\/\/brasilnoticias.org\/site\/wp-json\/wp\/v2\/tags?post=9266"}],"curies":[{"name":"wp","href":"https:\/\/api.w.org\/{rel}","templated":true}]}}