{"id":927,"date":"2022-06-16T10:01:32","date_gmt":"2022-06-16T13:01:32","guid":{"rendered":"https:\/\/brasilnoticias.org\/site\/?p=927"},"modified":"2022-06-16T10:01:32","modified_gmt":"2022-06-16T13:01:32","slug":"secretaria-municipal-da-saude-se-pronuncia-sobre-convocacao-de-decio-martins-a-camara","status":"publish","type":"post","link":"https:\/\/brasilnoticias.org\/site\/secretaria-municipal-da-saude-se-pronuncia-sobre-convocacao-de-decio-martins-a-camara\/","title":{"rendered":"SECRETARIA MUNICIPAL DA SA\u00daDE SE PRONUNCIA SOBRE CONVOCA\u00c7\u00c3O DE D\u00c9CIO MARTINS \u00c0 C\u00c2MARA"},"content":{"rendered":"<p>A Secretaria da Sa\u00fade de Salvador (SMS) se pronunciou sobre a\u00a0<a href=\"https:\/\/www.bnews.com.br\/noticias\/politica\/vereadores-de-salvador-aprovam-convocacao-de-secretario-de-saude.html\" target=\"_blank\" rel=\"noopener\">convoca\u00e7\u00e3o do secret\u00e1rio D\u00e9cio Martins \u00e0 C\u00e2mara Municipal<\/a>, nesta semana, para explicar uma den\u00fancia do vereador Carlos Muniz (PTB), feita na sess\u00e3o ordin\u00e1ria de ontem, em que ele afirmou haver supostas irregularidades em um processo licitat\u00f3rio do \u00f3rg\u00e3o.<\/p>\n<p>Na sess\u00e3o, o edil apresentou uma den\u00fancia sobre o processo licitat\u00f3rio para a contrata\u00e7\u00e3o de uma organiza\u00e7\u00e3o social. Conforme a den\u00fancia lida por Muniz, \u201cempresas descumpriram o edital e o Instituto Sa\u00fade e Cidadania (Isac) ganhou todas as licita\u00e7\u00f5es\u201d.<\/p>\n<p>Por meio de nota, o munic\u00edpio negou as supostas irregularidades e afirmou que todas as licita\u00e7\u00f5es realizadas \u201cbuscam as propostas mais vantajosas para a administra\u00e7\u00e3o, sobretudo avaliando os pre\u00e7os mais atrativos ofertados e se balizando nos princ\u00edpios da legalidade, moralidade, impessoalidade, sendo todos os seus atos p\u00fablicos, id\u00f4neos, dado a devida publicidade\u201d.<\/p>\n<p>No comunicado enviado ao\u00a0<strong>BNews<\/strong>, a pasta disse ainda que em momento algum houve beneficiamento de qualquer prestador em detrimento dos demais, restando como vencedor quem foi considerado com aptid\u00e3o para executar os servi\u00e7os atrelado aos pre\u00e7os ofertados.<\/p>\n<p>\u201cDestaca-se que \u00e9 mat\u00e9ria pac\u00edfica nas Cortes Superiores a possibilidade de saneamento aos licitantes em geral, com vistas a salvaguardar o interesse da Administra\u00e7\u00e3o P\u00fablica. Inclusive, frisa-se que ao contr\u00e1rio do quanto alegado, a gest\u00e3o do 16\u00ba Centro de Urg\u00eancia Maria Concei\u00e7\u00e3o Santiago Imbassahy, no Pau Mi\u00fado, \u00e9 realizada por entidade diversa \u00e0 informada na imprensa\u201d, concluiu a secretaria.<\/p>\n<p>A bancada do governo, atrav\u00e9s de nota, declarou que a convoca\u00e7\u00e3o de D\u00e9cio \u00e0 C\u00e2mara \u00e9 ilegal \u201ce que n\u00e3o havia qu\u00f3rum nem para iniciar a vota\u00e7\u00e3o no plen\u00e1rio\u201d. O bloco governista tamb\u00e9m acusou a Presid\u00eancia da Casa de supostamente descumprir o Regimento Interno e a Lei Org\u00e2nica do Munic\u00edpio.<\/p>\n<p>O vereador\u00a0<a href=\"https:\/\/www.bnews.com.br\/tags\/paulo-magalhaes-jr\" target=\"_blank\" rel=\"noopener\">Paulo Magalh\u00e3es J\u00fanior (Uni\u00e3o Brasil)<\/a>, l\u00edder da bancada, disse que as comiss\u00f5es de Constitui\u00e7\u00e3o e Justi\u00e7a e de Finan\u00e7as, respons\u00e1veis por aprovar a convoca\u00e7\u00e3o, \u201cn\u00e3o respeitam a proporcionalidade partid\u00e1ria\u201d.<\/p>\n<p>O\u00a0<strong>BNews<\/strong>\u00a0tentou insistentemente contato com o secret\u00e1rio D\u00e9cio Martins, mas n\u00e3o obteve retorno. A reportagem tamb\u00e9m n\u00e3o conseguiu contato com o instituto Isac at\u00e9 o fechamento.<\/p>\n<p>&nbsp;<\/p>\n<p>&nbsp;<\/p>\n<p>Bnews<\/p>\n","protected":false},"excerpt":{"rendered":"<p>A Secretaria da Sa\u00fade de Salvador (SMS) se pronunciou sobre a\u00a0convoca\u00e7\u00e3o do secret\u00e1rio D\u00e9cio Martins \u00e0 C\u00e2mara Municipal, nesta semana,<\/p>\n","protected":false},"author":2,"featured_media":928,"comment_status":"open","ping_status":"open","sticky":false,"template":"","format":"standard","meta":{"colormag_page_container_layout":"default_layout","colormag_page_sidebar_layout":"default_layout","_FSMCFIC_featured_image_caption":"","_FSMCFIC_featured_image_nocaption":"","_FSMCFIC_featured_image_hide":"","footnotes":""},"categories":[5,1],"tags":[],"class_list":["post-927","post","type-post","status-publish","format-standard","has-post-thumbnail","hentry","category-politica","category-ultimas"],"yoast_head":"<!-- This site is optimized with the Yoast SEO plugin v27.1.1 - https:\/\/yoast.com\/product\/yoast-seo-wordpress\/ -->\n<title>SECRETARIA MUNICIPAL DA SA\u00daDE SE PRONUNCIA SOBRE CONVOCA\u00c7\u00c3O DE D\u00c9CIO MARTINS \u00c0 C\u00c2MARA - Brasil not\u00edcias<\/title>\n<meta name=\"robots\" content=\"index, follow, max-snippet:-1, max-image-preview:large, max-video-preview:-1\" \/>\n<link rel=\"canonical\" href=\"https:\/\/brasilnoticias.org\/site\/secretaria-municipal-da-saude-se-pronuncia-sobre-convocacao-de-decio-martins-a-camara\/\" \/>\n<meta property=\"og:locale\" content=\"pt_PT\" \/>\n<meta property=\"og:type\" content=\"article\" \/>\n<meta property=\"og:title\" content=\"SECRETARIA MUNICIPAL DA SA\u00daDE SE PRONUNCIA SOBRE CONVOCA\u00c7\u00c3O DE D\u00c9CIO MARTINS \u00c0 C\u00c2MARA - Brasil not\u00edcias\" \/>\n<meta property=\"og:description\" content=\"A Secretaria da Sa\u00fade de Salvador (SMS) se pronunciou sobre a\u00a0convoca\u00e7\u00e3o do secret\u00e1rio D\u00e9cio Martins \u00e0 C\u00e2mara Municipal, nesta semana,\" \/>\n<meta property=\"og:url\" content=\"https:\/\/brasilnoticias.org\/site\/secretaria-municipal-da-saude-se-pronuncia-sobre-convocacao-de-decio-martins-a-camara\/\" \/>\n<meta property=\"og:site_name\" content=\"Brasil not\u00edcias\" \/>\n<meta property=\"article:published_time\" content=\"2022-06-16T13:01:32+00:00\" \/>\n<meta property=\"og:image\" content=\"https:\/\/brasilnoticias.org\/site\/wp-content\/uploads\/2022\/06\/secretaria-municipal-da-saude-se-pronuncia-sobre-convocacao-de-decio-martins-camara-veja_widelg.jpg\" \/>\n\t<meta property=\"og:image:width\" content=\"800\" \/>\n\t<meta property=\"og:image:height\" content=\"450\" \/>\n\t<meta property=\"og:image:type\" content=\"image\/jpeg\" \/>\n<meta name=\"author\" content=\"Reda\u00e7\u00e3o\" \/>\n<meta name=\"twitter:card\" content=\"summary_large_image\" \/>\n<meta name=\"twitter:label1\" content=\"Escrito por\" \/>\n\t<meta name=\"twitter:data1\" content=\"Reda\u00e7\u00e3o\" \/>\n\t<meta name=\"twitter:label2\" content=\"Tempo estimado de leitura\" \/>\n\t<meta name=\"twitter:data2\" content=\"2 minutos\" \/>\n<script type=\"application\/ld+json\" class=\"yoast-schema-graph\">{\"@context\":\"https:\/\/schema.org\",\"@graph\":[{\"@type\":\"Article\",\"@id\":\"https:\/\/brasilnoticias.org\/site\/secretaria-municipal-da-saude-se-pronuncia-sobre-convocacao-de-decio-martins-a-camara\/#article\",\"isPartOf\":{\"@id\":\"https:\/\/brasilnoticias.org\/site\/secretaria-municipal-da-saude-se-pronuncia-sobre-convocacao-de-decio-martins-a-camara\/\"},\"author\":{\"name\":\"Reda\u00e7\u00e3o\",\"@id\":\"https:\/\/brasilnoticias.org\/site\/#\/schema\/person\/f609fa847b5314f1c8b983342f34c798\"},\"headline\":\"SECRETARIA MUNICIPAL DA SA\u00daDE SE PRONUNCIA SOBRE CONVOCA\u00c7\u00c3O DE D\u00c9CIO MARTINS \u00c0 C\u00c2MARA\",\"datePublished\":\"2022-06-16T13:01:32+00:00\",\"mainEntityOfPage\":{\"@id\":\"https:\/\/brasilnoticias.org\/site\/secretaria-municipal-da-saude-se-pronuncia-sobre-convocacao-de-decio-martins-a-camara\/\"},\"wordCount\":423,\"commentCount\":0,\"publisher\":{\"@id\":\"https:\/\/brasilnoticias.org\/site\/#organization\"},\"image\":{\"@id\":\"https:\/\/brasilnoticias.org\/site\/secretaria-municipal-da-saude-se-pronuncia-sobre-convocacao-de-decio-martins-a-camara\/#primaryimage\"},\"thumbnailUrl\":\"https:\/\/brasilnoticias.org\/site\/wp-content\/uploads\/2022\/06\/secretaria-municipal-da-saude-se-pronuncia-sobre-convocacao-de-decio-martins-camara-veja_widelg.jpg\",\"articleSection\":[\"Pol\u00edtica\",\"\u00daltimas\"],\"inLanguage\":\"pt-PT\",\"potentialAction\":[{\"@type\":\"CommentAction\",\"name\":\"Comment\",\"target\":[\"https:\/\/brasilnoticias.org\/site\/secretaria-municipal-da-saude-se-pronuncia-sobre-convocacao-de-decio-martins-a-camara\/#respond\"]}]},{\"@type\":\"WebPage\",\"@id\":\"https:\/\/brasilnoticias.org\/site\/secretaria-municipal-da-saude-se-pronuncia-sobre-convocacao-de-decio-martins-a-camara\/\",\"url\":\"https:\/\/brasilnoticias.org\/site\/secretaria-municipal-da-saude-se-pronuncia-sobre-convocacao-de-decio-martins-a-camara\/\",\"name\":\"SECRETARIA MUNICIPAL DA SA\u00daDE SE PRONUNCIA SOBRE CONVOCA\u00c7\u00c3O DE D\u00c9CIO MARTINS \u00c0 C\u00c2MARA - Brasil not\u00edcias\",\"isPartOf\":{\"@id\":\"https:\/\/brasilnoticias.org\/site\/#website\"},\"primaryImageOfPage\":{\"@id\":\"https:\/\/brasilnoticias.org\/site\/secretaria-municipal-da-saude-se-pronuncia-sobre-convocacao-de-decio-martins-a-camara\/#primaryimage\"},\"image\":{\"@id\":\"https:\/\/brasilnoticias.org\/site\/secretaria-municipal-da-saude-se-pronuncia-sobre-convocacao-de-decio-martins-a-camara\/#primaryimage\"},\"thumbnailUrl\":\"https:\/\/brasilnoticias.org\/site\/wp-content\/uploads\/2022\/06\/secretaria-municipal-da-saude-se-pronuncia-sobre-convocacao-de-decio-martins-camara-veja_widelg.jpg\",\"datePublished\":\"2022-06-16T13:01:32+00:00\",\"breadcrumb\":{\"@id\":\"https:\/\/brasilnoticias.org\/site\/secretaria-municipal-da-saude-se-pronuncia-sobre-convocacao-de-decio-martins-a-camara\/#breadcrumb\"},\"inLanguage\":\"pt-PT\",\"potentialAction\":[{\"@type\":\"ReadAction\",\"target\":[\"https:\/\/brasilnoticias.org\/site\/secretaria-municipal-da-saude-se-pronuncia-sobre-convocacao-de-decio-martins-a-camara\/\"]}]},{\"@type\":\"ImageObject\",\"inLanguage\":\"pt-PT\",\"@id\":\"https:\/\/brasilnoticias.org\/site\/secretaria-municipal-da-saude-se-pronuncia-sobre-convocacao-de-decio-martins-a-camara\/#primaryimage\",\"url\":\"https:\/\/brasilnoticias.org\/site\/wp-content\/uploads\/2022\/06\/secretaria-municipal-da-saude-se-pronuncia-sobre-convocacao-de-decio-martins-camara-veja_widelg.jpg\",\"contentUrl\":\"https:\/\/brasilnoticias.org\/site\/wp-content\/uploads\/2022\/06\/secretaria-municipal-da-saude-se-pronuncia-sobre-convocacao-de-decio-martins-camara-veja_widelg.jpg\",\"width\":800,\"height\":450},{\"@type\":\"BreadcrumbList\",\"@id\":\"https:\/\/brasilnoticias.org\/site\/secretaria-municipal-da-saude-se-pronuncia-sobre-convocacao-de-decio-martins-a-camara\/#breadcrumb\",\"itemListElement\":[{\"@type\":\"ListItem\",\"position\":1,\"name\":\"In\u00edcio\",\"item\":\"https:\/\/brasilnoticias.org\/site\/\"},{\"@type\":\"ListItem\",\"position\":2,\"name\":\"SECRETARIA MUNICIPAL DA SA\u00daDE SE PRONUNCIA SOBRE CONVOCA\u00c7\u00c3O DE D\u00c9CIO MARTINS \u00c0 C\u00c2MARA\"}]},{\"@type\":\"WebSite\",\"@id\":\"https:\/\/brasilnoticias.org\/site\/#website\",\"url\":\"https:\/\/brasilnoticias.org\/site\/\",\"name\":\"Brasil not\u00edcias\",\"description\":\"Brasil not\u00edcias\",\"publisher\":{\"@id\":\"https:\/\/brasilnoticias.org\/site\/#organization\"},\"potentialAction\":[{\"@type\":\"SearchAction\",\"target\":{\"@type\":\"EntryPoint\",\"urlTemplate\":\"https:\/\/brasilnoticias.org\/site\/?s={search_term_string}\"},\"query-input\":{\"@type\":\"PropertyValueSpecification\",\"valueRequired\":true,\"valueName\":\"search_term_string\"}}],\"inLanguage\":\"pt-PT\"},{\"@type\":\"Organization\",\"@id\":\"https:\/\/brasilnoticias.org\/site\/#organization\",\"name\":\"Brasil not\u00edcias\",\"url\":\"https:\/\/brasilnoticias.org\/site\/\",\"logo\":{\"@type\":\"ImageObject\",\"inLanguage\":\"pt-PT\",\"@id\":\"https:\/\/brasilnoticias.org\/site\/#\/schema\/logo\/image\/\",\"url\":\"https:\/\/brasilnoticias.org\/site\/wp-content\/uploads\/2022\/05\/cropped-brasilnoticias-mini.jpg\",\"contentUrl\":\"https:\/\/brasilnoticias.org\/site\/wp-content\/uploads\/2022\/05\/cropped-brasilnoticias-mini.jpg\",\"width\":314,\"height\":86,\"caption\":\"Brasil not\u00edcias\"},\"image\":{\"@id\":\"https:\/\/brasilnoticias.org\/site\/#\/schema\/logo\/image\/\"}},{\"@type\":\"Person\",\"@id\":\"https:\/\/brasilnoticias.org\/site\/#\/schema\/person\/f609fa847b5314f1c8b983342f34c798\",\"name\":\"Reda\u00e7\u00e3o\",\"image\":{\"@type\":\"ImageObject\",\"inLanguage\":\"pt-PT\",\"@id\":\"https:\/\/brasilnoticias.org\/site\/#\/schema\/person\/image\/\",\"url\":\"https:\/\/secure.gravatar.com\/avatar\/447284c06c1ad8b46465a36de9cd0d8326b73387a22799b8b1ffb1fbcff2ed0c?s=96&d=mm&r=g\",\"contentUrl\":\"https:\/\/secure.gravatar.com\/avatar\/447284c06c1ad8b46465a36de9cd0d8326b73387a22799b8b1ffb1fbcff2ed0c?s=96&d=mm&r=g\",\"caption\":\"Reda\u00e7\u00e3o\"},\"url\":\"https:\/\/brasilnoticias.org\/site\/author\/redacao\/\"}]}<\/script>\n<!-- \/ Yoast SEO plugin. -->","yoast_head_json":{"title":"SECRETARIA MUNICIPAL DA SA\u00daDE SE PRONUNCIA SOBRE CONVOCA\u00c7\u00c3O DE D\u00c9CIO MARTINS \u00c0 C\u00c2MARA - Brasil not\u00edcias","robots":{"index":"index","follow":"follow","max-snippet":"max-snippet:-1","max-image-preview":"max-image-preview:large","max-video-preview":"max-video-preview:-1"},"canonical":"https:\/\/brasilnoticias.org\/site\/secretaria-municipal-da-saude-se-pronuncia-sobre-convocacao-de-decio-martins-a-camara\/","og_locale":"pt_PT","og_type":"article","og_title":"SECRETARIA MUNICIPAL DA SA\u00daDE SE PRONUNCIA SOBRE CONVOCA\u00c7\u00c3O DE D\u00c9CIO MARTINS \u00c0 C\u00c2MARA - Brasil not\u00edcias","og_description":"A Secretaria da Sa\u00fade de Salvador (SMS) se pronunciou sobre a\u00a0convoca\u00e7\u00e3o do secret\u00e1rio D\u00e9cio Martins \u00e0 C\u00e2mara Municipal, nesta semana,","og_url":"https:\/\/brasilnoticias.org\/site\/secretaria-municipal-da-saude-se-pronuncia-sobre-convocacao-de-decio-martins-a-camara\/","og_site_name":"Brasil not\u00edcias","article_published_time":"2022-06-16T13:01:32+00:00","og_image":[{"width":800,"height":450,"url":"https:\/\/brasilnoticias.org\/site\/wp-content\/uploads\/2022\/06\/secretaria-municipal-da-saude-se-pronuncia-sobre-convocacao-de-decio-martins-camara-veja_widelg.jpg","type":"image\/jpeg"}],"author":"Reda\u00e7\u00e3o","twitter_card":"summary_large_image","twitter_misc":{"Escrito por":"Reda\u00e7\u00e3o","Tempo estimado de leitura":"2 minutos"},"schema":{"@context":"https:\/\/schema.org","@graph":[{"@type":"Article","@id":"https:\/\/brasilnoticias.org\/site\/secretaria-municipal-da-saude-se-pronuncia-sobre-convocacao-de-decio-martins-a-camara\/#article","isPartOf":{"@id":"https:\/\/brasilnoticias.org\/site\/secretaria-municipal-da-saude-se-pronuncia-sobre-convocacao-de-decio-martins-a-camara\/"},"author":{"name":"Reda\u00e7\u00e3o","@id":"https:\/\/brasilnoticias.org\/site\/#\/schema\/person\/f609fa847b5314f1c8b983342f34c798"},"headline":"SECRETARIA MUNICIPAL DA SA\u00daDE SE PRONUNCIA SOBRE CONVOCA\u00c7\u00c3O DE D\u00c9CIO MARTINS \u00c0 C\u00c2MARA","datePublished":"2022-06-16T13:01:32+00:00","mainEntityOfPage":{"@id":"https:\/\/brasilnoticias.org\/site\/secretaria-municipal-da-saude-se-pronuncia-sobre-convocacao-de-decio-martins-a-camara\/"},"wordCount":423,"commentCount":0,"publisher":{"@id":"https:\/\/brasilnoticias.org\/site\/#organization"},"image":{"@id":"https:\/\/brasilnoticias.org\/site\/secretaria-municipal-da-saude-se-pronuncia-sobre-convocacao-de-decio-martins-a-camara\/#primaryimage"},"thumbnailUrl":"https:\/\/brasilnoticias.org\/site\/wp-content\/uploads\/2022\/06\/secretaria-municipal-da-saude-se-pronuncia-sobre-convocacao-de-decio-martins-camara-veja_widelg.jpg","articleSection":["Pol\u00edtica","\u00daltimas"],"inLanguage":"pt-PT","potentialAction":[{"@type":"CommentAction","name":"Comment","target":["https:\/\/brasilnoticias.org\/site\/secretaria-municipal-da-saude-se-pronuncia-sobre-convocacao-de-decio-martins-a-camara\/#respond"]}]},{"@type":"WebPage","@id":"https:\/\/brasilnoticias.org\/site\/secretaria-municipal-da-saude-se-pronuncia-sobre-convocacao-de-decio-martins-a-camara\/","url":"https:\/\/brasilnoticias.org\/site\/secretaria-municipal-da-saude-se-pronuncia-sobre-convocacao-de-decio-martins-a-camara\/","name":"SECRETARIA MUNICIPAL DA SA\u00daDE SE PRONUNCIA SOBRE CONVOCA\u00c7\u00c3O DE D\u00c9CIO MARTINS \u00c0 C\u00c2MARA - Brasil not\u00edcias","isPartOf":{"@id":"https:\/\/brasilnoticias.org\/site\/#website"},"primaryImageOfPage":{"@id":"https:\/\/brasilnoticias.org\/site\/secretaria-municipal-da-saude-se-pronuncia-sobre-convocacao-de-decio-martins-a-camara\/#primaryimage"},"image":{"@id":"https:\/\/brasilnoticias.org\/site\/secretaria-municipal-da-saude-se-pronuncia-sobre-convocacao-de-decio-martins-a-camara\/#primaryimage"},"thumbnailUrl":"https:\/\/brasilnoticias.org\/site\/wp-content\/uploads\/2022\/06\/secretaria-municipal-da-saude-se-pronuncia-sobre-convocacao-de-decio-martins-camara-veja_widelg.jpg","datePublished":"2022-06-16T13:01:32+00:00","breadcrumb":{"@id":"https:\/\/brasilnoticias.org\/site\/secretaria-municipal-da-saude-se-pronuncia-sobre-convocacao-de-decio-martins-a-camara\/#breadcrumb"},"inLanguage":"pt-PT","potentialAction":[{"@type":"ReadAction","target":["https:\/\/brasilnoticias.org\/site\/secretaria-municipal-da-saude-se-pronuncia-sobre-convocacao-de-decio-martins-a-camara\/"]}]},{"@type":"ImageObject","inLanguage":"pt-PT","@id":"https:\/\/brasilnoticias.org\/site\/secretaria-municipal-da-saude-se-pronuncia-sobre-convocacao-de-decio-martins-a-camara\/#primaryimage","url":"https:\/\/brasilnoticias.org\/site\/wp-content\/uploads\/2022\/06\/secretaria-municipal-da-saude-se-pronuncia-sobre-convocacao-de-decio-martins-camara-veja_widelg.jpg","contentUrl":"https:\/\/brasilnoticias.org\/site\/wp-content\/uploads\/2022\/06\/secretaria-municipal-da-saude-se-pronuncia-sobre-convocacao-de-decio-martins-camara-veja_widelg.jpg","width":800,"height":450},{"@type":"BreadcrumbList","@id":"https:\/\/brasilnoticias.org\/site\/secretaria-municipal-da-saude-se-pronuncia-sobre-convocacao-de-decio-martins-a-camara\/#breadcrumb","itemListElement":[{"@type":"ListItem","position":1,"name":"In\u00edcio","item":"https:\/\/brasilnoticias.org\/site\/"},{"@type":"ListItem","position":2,"name":"SECRETARIA MUNICIPAL DA SA\u00daDE SE PRONUNCIA SOBRE CONVOCA\u00c7\u00c3O DE D\u00c9CIO MARTINS \u00c0 C\u00c2MARA"}]},{"@type":"WebSite","@id":"https:\/\/brasilnoticias.org\/site\/#website","url":"https:\/\/brasilnoticias.org\/site\/","name":"Brasil not\u00edcias","description":"Brasil not\u00edcias","publisher":{"@id":"https:\/\/brasilnoticias.org\/site\/#organization"},"potentialAction":[{"@type":"SearchAction","target":{"@type":"EntryPoint","urlTemplate":"https:\/\/brasilnoticias.org\/site\/?s={search_term_string}"},"query-input":{"@type":"PropertyValueSpecification","valueRequired":true,"valueName":"search_term_string"}}],"inLanguage":"pt-PT"},{"@type":"Organization","@id":"https:\/\/brasilnoticias.org\/site\/#organization","name":"Brasil not\u00edcias","url":"https:\/\/brasilnoticias.org\/site\/","logo":{"@type":"ImageObject","inLanguage":"pt-PT","@id":"https:\/\/brasilnoticias.org\/site\/#\/schema\/logo\/image\/","url":"https:\/\/brasilnoticias.org\/site\/wp-content\/uploads\/2022\/05\/cropped-brasilnoticias-mini.jpg","contentUrl":"https:\/\/brasilnoticias.org\/site\/wp-content\/uploads\/2022\/05\/cropped-brasilnoticias-mini.jpg","width":314,"height":86,"caption":"Brasil not\u00edcias"},"image":{"@id":"https:\/\/brasilnoticias.org\/site\/#\/schema\/logo\/image\/"}},{"@type":"Person","@id":"https:\/\/brasilnoticias.org\/site\/#\/schema\/person\/f609fa847b5314f1c8b983342f34c798","name":"Reda\u00e7\u00e3o","image":{"@type":"ImageObject","inLanguage":"pt-PT","@id":"https:\/\/brasilnoticias.org\/site\/#\/schema\/person\/image\/","url":"https:\/\/secure.gravatar.com\/avatar\/447284c06c1ad8b46465a36de9cd0d8326b73387a22799b8b1ffb1fbcff2ed0c?s=96&d=mm&r=g","contentUrl":"https:\/\/secure.gravatar.com\/avatar\/447284c06c1ad8b46465a36de9cd0d8326b73387a22799b8b1ffb1fbcff2ed0c?s=96&d=mm&r=g","caption":"Reda\u00e7\u00e3o"},"url":"https:\/\/brasilnoticias.org\/site\/author\/redacao\/"}]}},"_links":{"self":[{"href":"https:\/\/brasilnoticias.org\/site\/wp-json\/wp\/v2\/posts\/927","targetHints":{"allow":["GET"]}}],"collection":[{"href":"https:\/\/brasilnoticias.org\/site\/wp-json\/wp\/v2\/posts"}],"about":[{"href":"https:\/\/brasilnoticias.org\/site\/wp-json\/wp\/v2\/types\/post"}],"author":[{"embeddable":true,"href":"https:\/\/brasilnoticias.org\/site\/wp-json\/wp\/v2\/users\/2"}],"replies":[{"embeddable":true,"href":"https:\/\/brasilnoticias.org\/site\/wp-json\/wp\/v2\/comments?post=927"}],"version-history":[{"count":1,"href":"https:\/\/brasilnoticias.org\/site\/wp-json\/wp\/v2\/posts\/927\/revisions"}],"predecessor-version":[{"id":929,"href":"https:\/\/brasilnoticias.org\/site\/wp-json\/wp\/v2\/posts\/927\/revisions\/929"}],"wp:featuredmedia":[{"embeddable":true,"href":"https:\/\/brasilnoticias.org\/site\/wp-json\/wp\/v2\/media\/928"}],"wp:attachment":[{"href":"https:\/\/brasilnoticias.org\/site\/wp-json\/wp\/v2\/media?parent=927"}],"wp:term":[{"taxonomy":"category","embeddable":true,"href":"https:\/\/brasilnoticias.org\/site\/wp-json\/wp\/v2\/categories?post=927"},{"taxonomy":"post_tag","embeddable":true,"href":"https:\/\/brasilnoticias.org\/site\/wp-json\/wp\/v2\/tags?post=927"}],"curies":[{"name":"wp","href":"https:\/\/api.w.org\/{rel}","templated":true}]}}