{"id":9284,"date":"2023-09-16T20:30:28","date_gmt":"2023-09-16T23:30:28","guid":{"rendered":"https:\/\/brasilnoticias.org\/site\/?p=9284"},"modified":"2023-09-16T20:30:28","modified_gmt":"2023-09-16T23:30:28","slug":"morre-quinto-suspeito-de-participar-de-confronto-que-matou-um-policial-federal-e-mais-4-pessoas-em-salvador","status":"publish","type":"post","link":"https:\/\/brasilnoticias.org\/site\/morre-quinto-suspeito-de-participar-de-confronto-que-matou-um-policial-federal-e-mais-4-pessoas-em-salvador\/","title":{"rendered":"Morre quinto suspeito de participar de confronto que matou um policial federal e mais 4 pessoas em Salvador"},"content":{"rendered":"<p>Suspeito foi localizado no bairro de Mirantes de Periperi, que fica pr\u00f3ximo ao bairro de Val\u00e9ria.<\/p>\n<p>A Pol\u00edcia Civil confirmou a morte do quinto suspeito de ter participado do confronto que resultou na morte do policial federal Lucas Carib\u00e9 Monteiro de Almeida, de 42 anos, em Salvador, na sexta-feira (15).<\/p>\n<p>Os outros quatro homens, que morreram na troca de tiros de sexta, s\u00e3o suspeitos de participar de uma fac\u00e7\u00e3o criminosa.<\/p>\n<p>O quinto suspeito foi morto neste s\u00e1bado ap\u00f3s trocar tiros com equipes da Companhia de Patrulhamento T\u00e1tico M\u00f3vel (Patamo) e da Pol\u00edcia Federal no bairro de Mirantes de Periperi, que fica pr\u00f3ximo do bairro de Val\u00e9ria, onde aconteceu o confronto da sexta-feira.<\/p>\n<p>Os agentes chegaram ao local ap\u00f3s receberem den\u00fancia an\u00f4nima. A pol\u00edcia tentou abordar um grupo, houve revide e confronto. De acordo com a SSP, o suspeito foi atingido e socorrido para o Hospital do Sub\u00farbio, onde morreu. O restante do grupo conseguiu escapar.<\/p>\n<p>Com ele, foram encontrados uma submetralhadora calibre 9mm, carregador e muni\u00e7\u00f5es.<\/p>\n<p>Por meio de nota, a Secretaria de Seguran\u00e7a P\u00fablica (SSP) informou que o homem tinha passagem na pol\u00edcia por tr\u00e1fico de drogas e porte ilegal de arma de fogo. Ele \u00e9 apontado pela SSP como comparsa dos outros quatro homens que morreram em Val\u00e9ria. A Pol\u00edcia Civil diz que ele usava tornozeleira eletr\u00f4nica e que fazia parte de um grupo criminoso.<\/p>\n<p>O caso reflete o aumento da viol\u00eancia na Bahia, que \u00e9 o estado com o maior n\u00famero de mortes violentas no primeiro trimestre de 2023.<\/p>\n<p>Entre janeiro e mar\u00e7o deste ano, 1.289 pessoas morreram em casos de feminic\u00eddios, homic\u00eddios dolosos, latroc\u00ednios ou les\u00f5es corporais seguidas de morte, segundo o Monitor da Viol\u00eancia.<\/p>\n<p>Entenda o caso<\/p>\n<p>Um policial federal e quatro homens morreram em um confronto, na manh\u00e3 de sexta-feira (15), na regi\u00e3o de Val\u00e9ria, em Salvador. Outros dois agentes (um da Pol\u00edcia Federal e outro da Civil) ficaram feridos.<\/p>\n<p>O policial Lucas Monteiro Carib\u00e9 chegou a ser socorrido com os outros dois agentes para o Hospital Geraldo Estado (HGE), na capital baiana, mas chegou \u00e0 unidade sem vida. Um dos policiais feridos passou por cirurgia no olho.<\/p>\n<p>De acordo com a SSP-BA, os quatro homens que morreram s\u00e3o suspeitos de fazer parte do grupo criminoso que trocou tiros com os policiais. Dois morreram no momento do tiroteio, e os outros, horas depois, em uma regi\u00e3o de matagal, entre os bairros de Val\u00e9ria e Rio Sena, durante a fuga.<\/p>\n<p>Apenas um suspeito teve o nome divulgado. U\u00e9lisson Neves Brito, conhecido como &#8220;Cara Fina&#8221;, era procurado por atuar no tr\u00e1fico de drogas da regi\u00e3o e fazia parte do Baralho do Crime, da Secret\u00e1ria de Seguran\u00e7a P\u00fablica (SSP-BA). A secretaria informou que n\u00e3o vai divulgar os nomes dos outros suspeitos mortos no confronto.<\/p>\n<p>Desde agosto, a Pol\u00edcia Federal participa de opera\u00e7\u00f5es na Bahia como parte de um acordo de coopera\u00e7\u00e3o entre o governo estadual e federal para reprimir a criminalidade no estado.<\/p>\n<p>O grupo criminoso se escondeu em uma regi\u00e3o de mata fechada, do bairro perif\u00e9rico da capital baiana, de acordo com a secretaria da seguran\u00e7a da Bahia.<\/p>\n<p>Val\u00e9ria fica em um ponto considerado estrat\u00e9gico para o tr\u00e1fico de drogas e \u00e9 palco de constantes confrontos entre fac\u00e7\u00f5es criminosas de atua\u00e7\u00e3o local e nacional. A regi\u00e3o margeia duas rodovias, a BR-324 e a BA-528, conhecida como Estrada do Derba, onde ocorreu a opera\u00e7\u00e3o. A localidade est\u00e1 em um dos limites de Salvador, pr\u00f3ximo ao munic\u00edpio de Sim\u00f5es Filho, e tem extenso matagal.<\/p>\n<p>Segundo dados do Monitor da Viol\u00eancia, a Bahia \u00e9 o estado com maior n\u00famero de mortes violentas no primeiro trimestre de 2023.<\/p>\n<p>Foto: SSP<br \/>\nG1<\/p>\n","protected":false},"excerpt":{"rendered":"<p>Suspeito foi localizado no bairro de Mirantes de Periperi, que fica pr\u00f3ximo ao bairro de Val\u00e9ria. A Pol\u00edcia Civil confirmou<\/p>\n","protected":false},"author":4,"featured_media":9285,"comment_status":"open","ping_status":"open","sticky":false,"template":"","format":"standard","meta":{"colormag_page_container_layout":"default_layout","colormag_page_sidebar_layout":"default_layout","_FSMCFIC_featured_image_caption":"","_FSMCFIC_featured_image_nocaption":"","_FSMCFIC_featured_image_hide":"","footnotes":""},"categories":[3,1],"tags":[],"class_list":["post-9284","post","type-post","status-publish","format-standard","has-post-thumbnail","hentry","category-policia","category-ultimas"],"yoast_head":"<!-- This site is optimized with the Yoast SEO plugin v27.1.1 - https:\/\/yoast.com\/product\/yoast-seo-wordpress\/ -->\n<title>Morre quinto suspeito de participar de confronto que matou um policial federal e mais 4 pessoas em Salvador - Brasil not\u00edcias<\/title>\n<meta name=\"robots\" content=\"index, follow, max-snippet:-1, max-image-preview:large, max-video-preview:-1\" \/>\n<link rel=\"canonical\" href=\"https:\/\/brasilnoticias.org\/site\/morre-quinto-suspeito-de-participar-de-confronto-que-matou-um-policial-federal-e-mais-4-pessoas-em-salvador\/\" \/>\n<meta property=\"og:locale\" content=\"pt_PT\" \/>\n<meta property=\"og:type\" content=\"article\" \/>\n<meta property=\"og:title\" content=\"Morre quinto suspeito de participar de confronto que matou um policial federal e mais 4 pessoas em Salvador - Brasil not\u00edcias\" \/>\n<meta property=\"og:description\" content=\"Suspeito foi localizado no bairro de Mirantes de Periperi, que fica pr\u00f3ximo ao bairro de Val\u00e9ria. A Pol\u00edcia Civil confirmou\" \/>\n<meta property=\"og:url\" content=\"https:\/\/brasilnoticias.org\/site\/morre-quinto-suspeito-de-participar-de-confronto-que-matou-um-policial-federal-e-mais-4-pessoas-em-salvador\/\" \/>\n<meta property=\"og:site_name\" content=\"Brasil not\u00edcias\" \/>\n<meta property=\"article:published_time\" content=\"2023-09-16T23:30:28+00:00\" \/>\n<meta property=\"og:image\" content=\"https:\/\/brasilnoticias.org\/site\/wp-content\/uploads\/2023\/09\/11948575.webp\" \/>\n\t<meta property=\"og:image:width\" content=\"1200\" \/>\n\t<meta property=\"og:image:height\" content=\"675\" \/>\n\t<meta property=\"og:image:type\" content=\"image\/webp\" \/>\n<meta name=\"author\" content=\"Reda\u00e7\u00e3o\" \/>\n<meta name=\"twitter:card\" content=\"summary_large_image\" \/>\n<meta name=\"twitter:label1\" content=\"Escrito por\" \/>\n\t<meta name=\"twitter:data1\" content=\"Reda\u00e7\u00e3o\" \/>\n<script type=\"application\/ld+json\" class=\"yoast-schema-graph\">{\"@context\":\"https:\/\/schema.org\",\"@graph\":[{\"@type\":\"Article\",\"@id\":\"https:\/\/brasilnoticias.org\/site\/morre-quinto-suspeito-de-participar-de-confronto-que-matou-um-policial-federal-e-mais-4-pessoas-em-salvador\/#article\",\"isPartOf\":{\"@id\":\"https:\/\/brasilnoticias.org\/site\/morre-quinto-suspeito-de-participar-de-confronto-que-matou-um-policial-federal-e-mais-4-pessoas-em-salvador\/\"},\"author\":{\"name\":\"Reda\u00e7\u00e3o\",\"@id\":\"https:\/\/brasilnoticias.org\/site\/#\/schema\/person\/03bbbfe6c7634ad18c26444ea39049fa\"},\"headline\":\"Morre quinto suspeito de participar de confronto que matou um policial federal e mais 4 pessoas em Salvador\",\"datePublished\":\"2023-09-16T23:30:28+00:00\",\"mainEntityOfPage\":{\"@id\":\"https:\/\/brasilnoticias.org\/site\/morre-quinto-suspeito-de-participar-de-confronto-que-matou-um-policial-federal-e-mais-4-pessoas-em-salvador\/\"},\"wordCount\":671,\"commentCount\":0,\"publisher\":{\"@id\":\"https:\/\/brasilnoticias.org\/site\/#organization\"},\"image\":{\"@id\":\"https:\/\/brasilnoticias.org\/site\/morre-quinto-suspeito-de-participar-de-confronto-que-matou-um-policial-federal-e-mais-4-pessoas-em-salvador\/#primaryimage\"},\"thumbnailUrl\":\"https:\/\/brasilnoticias.org\/site\/wp-content\/uploads\/2023\/09\/11948575.webp\",\"articleSection\":[\"Pol\u00edcia\",\"\u00daltimas\"],\"inLanguage\":\"pt-PT\",\"potentialAction\":[{\"@type\":\"CommentAction\",\"name\":\"Comment\",\"target\":[\"https:\/\/brasilnoticias.org\/site\/morre-quinto-suspeito-de-participar-de-confronto-que-matou-um-policial-federal-e-mais-4-pessoas-em-salvador\/#respond\"]}]},{\"@type\":\"WebPage\",\"@id\":\"https:\/\/brasilnoticias.org\/site\/morre-quinto-suspeito-de-participar-de-confronto-que-matou-um-policial-federal-e-mais-4-pessoas-em-salvador\/\",\"url\":\"https:\/\/brasilnoticias.org\/site\/morre-quinto-suspeito-de-participar-de-confronto-que-matou-um-policial-federal-e-mais-4-pessoas-em-salvador\/\",\"name\":\"Morre quinto suspeito de participar de confronto que matou um policial federal e mais 4 pessoas em Salvador - Brasil not\u00edcias\",\"isPartOf\":{\"@id\":\"https:\/\/brasilnoticias.org\/site\/#website\"},\"primaryImageOfPage\":{\"@id\":\"https:\/\/brasilnoticias.org\/site\/morre-quinto-suspeito-de-participar-de-confronto-que-matou-um-policial-federal-e-mais-4-pessoas-em-salvador\/#primaryimage\"},\"image\":{\"@id\":\"https:\/\/brasilnoticias.org\/site\/morre-quinto-suspeito-de-participar-de-confronto-que-matou-um-policial-federal-e-mais-4-pessoas-em-salvador\/#primaryimage\"},\"thumbnailUrl\":\"https:\/\/brasilnoticias.org\/site\/wp-content\/uploads\/2023\/09\/11948575.webp\",\"datePublished\":\"2023-09-16T23:30:28+00:00\",\"breadcrumb\":{\"@id\":\"https:\/\/brasilnoticias.org\/site\/morre-quinto-suspeito-de-participar-de-confronto-que-matou-um-policial-federal-e-mais-4-pessoas-em-salvador\/#breadcrumb\"},\"inLanguage\":\"pt-PT\",\"potentialAction\":[{\"@type\":\"ReadAction\",\"target\":[\"https:\/\/brasilnoticias.org\/site\/morre-quinto-suspeito-de-participar-de-confronto-que-matou-um-policial-federal-e-mais-4-pessoas-em-salvador\/\"]}]},{\"@type\":\"ImageObject\",\"inLanguage\":\"pt-PT\",\"@id\":\"https:\/\/brasilnoticias.org\/site\/morre-quinto-suspeito-de-participar-de-confronto-que-matou-um-policial-federal-e-mais-4-pessoas-em-salvador\/#primaryimage\",\"url\":\"https:\/\/brasilnoticias.org\/site\/wp-content\/uploads\/2023\/09\/11948575.webp\",\"contentUrl\":\"https:\/\/brasilnoticias.org\/site\/wp-content\/uploads\/2023\/09\/11948575.webp\",\"width\":1200,\"height\":675},{\"@type\":\"BreadcrumbList\",\"@id\":\"https:\/\/brasilnoticias.org\/site\/morre-quinto-suspeito-de-participar-de-confronto-que-matou-um-policial-federal-e-mais-4-pessoas-em-salvador\/#breadcrumb\",\"itemListElement\":[{\"@type\":\"ListItem\",\"position\":1,\"name\":\"In\u00edcio\",\"item\":\"https:\/\/brasilnoticias.org\/site\/\"},{\"@type\":\"ListItem\",\"position\":2,\"name\":\"Morre quinto suspeito de participar de confronto que matou um policial federal e mais 4 pessoas em Salvador\"}]},{\"@type\":\"WebSite\",\"@id\":\"https:\/\/brasilnoticias.org\/site\/#website\",\"url\":\"https:\/\/brasilnoticias.org\/site\/\",\"name\":\"Brasil not\u00edcias\",\"description\":\"Brasil not\u00edcias\",\"publisher\":{\"@id\":\"https:\/\/brasilnoticias.org\/site\/#organization\"},\"potentialAction\":[{\"@type\":\"SearchAction\",\"target\":{\"@type\":\"EntryPoint\",\"urlTemplate\":\"https:\/\/brasilnoticias.org\/site\/?s={search_term_string}\"},\"query-input\":{\"@type\":\"PropertyValueSpecification\",\"valueRequired\":true,\"valueName\":\"search_term_string\"}}],\"inLanguage\":\"pt-PT\"},{\"@type\":\"Organization\",\"@id\":\"https:\/\/brasilnoticias.org\/site\/#organization\",\"name\":\"Brasil not\u00edcias\",\"url\":\"https:\/\/brasilnoticias.org\/site\/\",\"logo\":{\"@type\":\"ImageObject\",\"inLanguage\":\"pt-PT\",\"@id\":\"https:\/\/brasilnoticias.org\/site\/#\/schema\/logo\/image\/\",\"url\":\"https:\/\/brasilnoticias.org\/site\/wp-content\/uploads\/2022\/05\/cropped-brasilnoticias-mini.jpg\",\"contentUrl\":\"https:\/\/brasilnoticias.org\/site\/wp-content\/uploads\/2022\/05\/cropped-brasilnoticias-mini.jpg\",\"width\":314,\"height\":86,\"caption\":\"Brasil not\u00edcias\"},\"image\":{\"@id\":\"https:\/\/brasilnoticias.org\/site\/#\/schema\/logo\/image\/\"}},{\"@type\":\"Person\",\"@id\":\"https:\/\/brasilnoticias.org\/site\/#\/schema\/person\/03bbbfe6c7634ad18c26444ea39049fa\",\"name\":\"Reda\u00e7\u00e3o\",\"image\":{\"@type\":\"ImageObject\",\"inLanguage\":\"pt-PT\",\"@id\":\"https:\/\/brasilnoticias.org\/site\/#\/schema\/person\/image\/\",\"url\":\"https:\/\/secure.gravatar.com\/avatar\/9ecaf7327a696cb23ad926fedded5f1f04d7049de9e445375d55b48c001a6e42?s=96&d=mm&r=g\",\"contentUrl\":\"https:\/\/secure.gravatar.com\/avatar\/9ecaf7327a696cb23ad926fedded5f1f04d7049de9e445375d55b48c001a6e42?s=96&d=mm&r=g\",\"caption\":\"Reda\u00e7\u00e3o\"},\"url\":\"https:\/\/brasilnoticias.org\/site\/author\/henrique\/\"}]}<\/script>\n<!-- \/ Yoast SEO plugin. -->","yoast_head_json":{"title":"Morre quinto suspeito de participar de confronto que matou um policial federal e mais 4 pessoas em Salvador - Brasil not\u00edcias","robots":{"index":"index","follow":"follow","max-snippet":"max-snippet:-1","max-image-preview":"max-image-preview:large","max-video-preview":"max-video-preview:-1"},"canonical":"https:\/\/brasilnoticias.org\/site\/morre-quinto-suspeito-de-participar-de-confronto-que-matou-um-policial-federal-e-mais-4-pessoas-em-salvador\/","og_locale":"pt_PT","og_type":"article","og_title":"Morre quinto suspeito de participar de confronto que matou um policial federal e mais 4 pessoas em Salvador - Brasil not\u00edcias","og_description":"Suspeito foi localizado no bairro de Mirantes de Periperi, que fica pr\u00f3ximo ao bairro de Val\u00e9ria. A Pol\u00edcia Civil confirmou","og_url":"https:\/\/brasilnoticias.org\/site\/morre-quinto-suspeito-de-participar-de-confronto-que-matou-um-policial-federal-e-mais-4-pessoas-em-salvador\/","og_site_name":"Brasil not\u00edcias","article_published_time":"2023-09-16T23:30:28+00:00","og_image":[{"width":1200,"height":675,"url":"https:\/\/brasilnoticias.org\/site\/wp-content\/uploads\/2023\/09\/11948575.webp","type":"image\/webp"}],"author":"Reda\u00e7\u00e3o","twitter_card":"summary_large_image","twitter_misc":{"Escrito por":"Reda\u00e7\u00e3o"},"schema":{"@context":"https:\/\/schema.org","@graph":[{"@type":"Article","@id":"https:\/\/brasilnoticias.org\/site\/morre-quinto-suspeito-de-participar-de-confronto-que-matou-um-policial-federal-e-mais-4-pessoas-em-salvador\/#article","isPartOf":{"@id":"https:\/\/brasilnoticias.org\/site\/morre-quinto-suspeito-de-participar-de-confronto-que-matou-um-policial-federal-e-mais-4-pessoas-em-salvador\/"},"author":{"name":"Reda\u00e7\u00e3o","@id":"https:\/\/brasilnoticias.org\/site\/#\/schema\/person\/03bbbfe6c7634ad18c26444ea39049fa"},"headline":"Morre quinto suspeito de participar de confronto que matou um policial federal e mais 4 pessoas em Salvador","datePublished":"2023-09-16T23:30:28+00:00","mainEntityOfPage":{"@id":"https:\/\/brasilnoticias.org\/site\/morre-quinto-suspeito-de-participar-de-confronto-que-matou-um-policial-federal-e-mais-4-pessoas-em-salvador\/"},"wordCount":671,"commentCount":0,"publisher":{"@id":"https:\/\/brasilnoticias.org\/site\/#organization"},"image":{"@id":"https:\/\/brasilnoticias.org\/site\/morre-quinto-suspeito-de-participar-de-confronto-que-matou-um-policial-federal-e-mais-4-pessoas-em-salvador\/#primaryimage"},"thumbnailUrl":"https:\/\/brasilnoticias.org\/site\/wp-content\/uploads\/2023\/09\/11948575.webp","articleSection":["Pol\u00edcia","\u00daltimas"],"inLanguage":"pt-PT","potentialAction":[{"@type":"CommentAction","name":"Comment","target":["https:\/\/brasilnoticias.org\/site\/morre-quinto-suspeito-de-participar-de-confronto-que-matou-um-policial-federal-e-mais-4-pessoas-em-salvador\/#respond"]}]},{"@type":"WebPage","@id":"https:\/\/brasilnoticias.org\/site\/morre-quinto-suspeito-de-participar-de-confronto-que-matou-um-policial-federal-e-mais-4-pessoas-em-salvador\/","url":"https:\/\/brasilnoticias.org\/site\/morre-quinto-suspeito-de-participar-de-confronto-que-matou-um-policial-federal-e-mais-4-pessoas-em-salvador\/","name":"Morre quinto suspeito de participar de confronto que matou um policial federal e mais 4 pessoas em Salvador - Brasil not\u00edcias","isPartOf":{"@id":"https:\/\/brasilnoticias.org\/site\/#website"},"primaryImageOfPage":{"@id":"https:\/\/brasilnoticias.org\/site\/morre-quinto-suspeito-de-participar-de-confronto-que-matou-um-policial-federal-e-mais-4-pessoas-em-salvador\/#primaryimage"},"image":{"@id":"https:\/\/brasilnoticias.org\/site\/morre-quinto-suspeito-de-participar-de-confronto-que-matou-um-policial-federal-e-mais-4-pessoas-em-salvador\/#primaryimage"},"thumbnailUrl":"https:\/\/brasilnoticias.org\/site\/wp-content\/uploads\/2023\/09\/11948575.webp","datePublished":"2023-09-16T23:30:28+00:00","breadcrumb":{"@id":"https:\/\/brasilnoticias.org\/site\/morre-quinto-suspeito-de-participar-de-confronto-que-matou-um-policial-federal-e-mais-4-pessoas-em-salvador\/#breadcrumb"},"inLanguage":"pt-PT","potentialAction":[{"@type":"ReadAction","target":["https:\/\/brasilnoticias.org\/site\/morre-quinto-suspeito-de-participar-de-confronto-que-matou-um-policial-federal-e-mais-4-pessoas-em-salvador\/"]}]},{"@type":"ImageObject","inLanguage":"pt-PT","@id":"https:\/\/brasilnoticias.org\/site\/morre-quinto-suspeito-de-participar-de-confronto-que-matou-um-policial-federal-e-mais-4-pessoas-em-salvador\/#primaryimage","url":"https:\/\/brasilnoticias.org\/site\/wp-content\/uploads\/2023\/09\/11948575.webp","contentUrl":"https:\/\/brasilnoticias.org\/site\/wp-content\/uploads\/2023\/09\/11948575.webp","width":1200,"height":675},{"@type":"BreadcrumbList","@id":"https:\/\/brasilnoticias.org\/site\/morre-quinto-suspeito-de-participar-de-confronto-que-matou-um-policial-federal-e-mais-4-pessoas-em-salvador\/#breadcrumb","itemListElement":[{"@type":"ListItem","position":1,"name":"In\u00edcio","item":"https:\/\/brasilnoticias.org\/site\/"},{"@type":"ListItem","position":2,"name":"Morre quinto suspeito de participar de confronto que matou um policial federal e mais 4 pessoas em Salvador"}]},{"@type":"WebSite","@id":"https:\/\/brasilnoticias.org\/site\/#website","url":"https:\/\/brasilnoticias.org\/site\/","name":"Brasil not\u00edcias","description":"Brasil not\u00edcias","publisher":{"@id":"https:\/\/brasilnoticias.org\/site\/#organization"},"potentialAction":[{"@type":"SearchAction","target":{"@type":"EntryPoint","urlTemplate":"https:\/\/brasilnoticias.org\/site\/?s={search_term_string}"},"query-input":{"@type":"PropertyValueSpecification","valueRequired":true,"valueName":"search_term_string"}}],"inLanguage":"pt-PT"},{"@type":"Organization","@id":"https:\/\/brasilnoticias.org\/site\/#organization","name":"Brasil not\u00edcias","url":"https:\/\/brasilnoticias.org\/site\/","logo":{"@type":"ImageObject","inLanguage":"pt-PT","@id":"https:\/\/brasilnoticias.org\/site\/#\/schema\/logo\/image\/","url":"https:\/\/brasilnoticias.org\/site\/wp-content\/uploads\/2022\/05\/cropped-brasilnoticias-mini.jpg","contentUrl":"https:\/\/brasilnoticias.org\/site\/wp-content\/uploads\/2022\/05\/cropped-brasilnoticias-mini.jpg","width":314,"height":86,"caption":"Brasil not\u00edcias"},"image":{"@id":"https:\/\/brasilnoticias.org\/site\/#\/schema\/logo\/image\/"}},{"@type":"Person","@id":"https:\/\/brasilnoticias.org\/site\/#\/schema\/person\/03bbbfe6c7634ad18c26444ea39049fa","name":"Reda\u00e7\u00e3o","image":{"@type":"ImageObject","inLanguage":"pt-PT","@id":"https:\/\/brasilnoticias.org\/site\/#\/schema\/person\/image\/","url":"https:\/\/secure.gravatar.com\/avatar\/9ecaf7327a696cb23ad926fedded5f1f04d7049de9e445375d55b48c001a6e42?s=96&d=mm&r=g","contentUrl":"https:\/\/secure.gravatar.com\/avatar\/9ecaf7327a696cb23ad926fedded5f1f04d7049de9e445375d55b48c001a6e42?s=96&d=mm&r=g","caption":"Reda\u00e7\u00e3o"},"url":"https:\/\/brasilnoticias.org\/site\/author\/henrique\/"}]}},"_links":{"self":[{"href":"https:\/\/brasilnoticias.org\/site\/wp-json\/wp\/v2\/posts\/9284","targetHints":{"allow":["GET"]}}],"collection":[{"href":"https:\/\/brasilnoticias.org\/site\/wp-json\/wp\/v2\/posts"}],"about":[{"href":"https:\/\/brasilnoticias.org\/site\/wp-json\/wp\/v2\/types\/post"}],"author":[{"embeddable":true,"href":"https:\/\/brasilnoticias.org\/site\/wp-json\/wp\/v2\/users\/4"}],"replies":[{"embeddable":true,"href":"https:\/\/brasilnoticias.org\/site\/wp-json\/wp\/v2\/comments?post=9284"}],"version-history":[{"count":1,"href":"https:\/\/brasilnoticias.org\/site\/wp-json\/wp\/v2\/posts\/9284\/revisions"}],"predecessor-version":[{"id":9286,"href":"https:\/\/brasilnoticias.org\/site\/wp-json\/wp\/v2\/posts\/9284\/revisions\/9286"}],"wp:featuredmedia":[{"embeddable":true,"href":"https:\/\/brasilnoticias.org\/site\/wp-json\/wp\/v2\/media\/9285"}],"wp:attachment":[{"href":"https:\/\/brasilnoticias.org\/site\/wp-json\/wp\/v2\/media?parent=9284"}],"wp:term":[{"taxonomy":"category","embeddable":true,"href":"https:\/\/brasilnoticias.org\/site\/wp-json\/wp\/v2\/categories?post=9284"},{"taxonomy":"post_tag","embeddable":true,"href":"https:\/\/brasilnoticias.org\/site\/wp-json\/wp\/v2\/tags?post=9284"}],"curies":[{"name":"wp","href":"https:\/\/api.w.org\/{rel}","templated":true}]}}