{"id":930,"date":"2022-06-18T13:13:12","date_gmt":"2022-06-18T16:13:12","guid":{"rendered":"https:\/\/brasilnoticias.org\/site\/?p=930"},"modified":"2022-06-18T13:13:12","modified_gmt":"2022-06-18T16:13:12","slug":"mpf-requer-medidas-para-garantir-direito-de-comunidades-quilombolas-na-bahia","status":"publish","type":"post","link":"https:\/\/brasilnoticias.org\/site\/mpf-requer-medidas-para-garantir-direito-de-comunidades-quilombolas-na-bahia\/","title":{"rendered":"MPF REQUER MEDIDAS PARA GARANTIR DIREITO DE COMUNIDADES QUILOMBOLAS NA BAHIA"},"content":{"rendered":"<p>O\u00a0<a href=\"https:\/\/www.bnews.com.br\/tags\/mpf\" target=\"_blank\" rel=\"noopener\">Minist\u00e9rio P\u00fablico Federal (MPF)<\/a>\u00a0expediu recomenda\u00e7\u00e3o para \u00f3rg\u00e3os socioambientais e da Uni\u00e3o com medidas para assegurar os direitos das comunidades quilombolas na Bahia, conforme divulga\u00e7\u00e3o do \u00f3rg\u00e3o feita na \u00faltima sexta-feira (17). Desafios como a lentid\u00e3o para a titula\u00e7\u00e3o de territ\u00f3rios e desinforma\u00e7\u00e3o sobre empreendimentos em \u00e1reas que pertencem aos povos tradicionais foram colocados por lideran\u00e7as.<\/p>\n<p>A decis\u00e3o do MPF foi tomada ap\u00f3s a escuta de problemas relatados por lideran\u00e7as quilombolas de diferentes cidades baianas, a exemplo de Ilh\u00e9us, Feira de Santana, Ant\u00f4nio Cardoso, Santo Amaro, Sim\u00f5es Filho, Cair\u00fa, Candeias, Cachoeira, S\u00e3o Francisco do Conde, Salvador, Maragogipe, Lauro de Freitas e Irec\u00ea.<\/p>\n<p>Os principais pontos destacados pelos l\u00edderes foram a falta de consulta livre, pr\u00e9via e informada quando da instala\u00e7\u00e3o de projetos, obras ou empreendimentos de terceiros em \u00e1reas pertencentes \u00e0s comunidades. Eles ainda destacaram a falta de celeridade e planejamento nos processos de regulariza\u00e7\u00e3o e titula\u00e7\u00e3o dos territ\u00f3rios tradicionais baianos.<\/p>\n<p>A a\u00e7\u00e3o foi coordenada pela procuradora regional dos Direitos do Cidad\u00e3o Mar\u00edlia Siqueira e pelo procurador regional dos Direitos do Cidad\u00e3o adjunto Ramiro Rockenbach, e contaram com a contribui\u00e7\u00e3o de cerca de 200 pessoas, entre lideran\u00e7as das comunidades quilombolas e representantes da Superintend\u00eancia do Patrim\u00f4nio da Uni\u00e3o (SPU), do Instituto do Meio Ambiente e Recursos H\u00eddricos (Inema) e do Instituto Nacional de Coloniza\u00e7\u00e3o e Reforma Agr\u00e1ria (Incra).<\/p>\n<p>Os \u00f3rg\u00e3os receberam of\u00edcios do MPF para possam tomar medidas que tragam solu\u00e7\u00f5es para os problemas apresentados pelos representantes dos povos tradicionais na Bahia. As audi\u00eancias p\u00fablicas que coordenaram as a\u00e7\u00f5es foram realizadas nos dias 8 e 9 deste m\u00eas, em Salvador.<\/p>\n<p>&nbsp;<\/p>\n<p>&nbsp;<\/p>\n<p>Bnews<\/p>\n","protected":false},"excerpt":{"rendered":"<p>O\u00a0Minist\u00e9rio P\u00fablico Federal (MPF)\u00a0expediu recomenda\u00e7\u00e3o para \u00f3rg\u00e3os socioambientais e da Uni\u00e3o com medidas para assegurar os direitos das comunidades quilombolas<\/p>\n","protected":false},"author":2,"featured_media":931,"comment_status":"open","ping_status":"open","sticky":false,"template":"","format":"standard","meta":{"colormag_page_container_layout":"default_layout","colormag_page_sidebar_layout":"default_layout","_FSMCFIC_featured_image_caption":"","_FSMCFIC_featured_image_nocaption":"","_FSMCFIC_featured_image_hide":"","footnotes":""},"categories":[5,1],"tags":[],"class_list":["post-930","post","type-post","status-publish","format-standard","has-post-thumbnail","hentry","category-politica","category-ultimas"],"yoast_head":"<!-- This site is optimized with the Yoast SEO plugin v27.1.1 - https:\/\/yoast.com\/product\/yoast-seo-wordpress\/ -->\n<title>MPF REQUER MEDIDAS PARA GARANTIR DIREITO DE COMUNIDADES QUILOMBOLAS NA BAHIA - Brasil not\u00edcias<\/title>\n<meta name=\"robots\" content=\"index, follow, max-snippet:-1, max-image-preview:large, max-video-preview:-1\" \/>\n<link rel=\"canonical\" href=\"https:\/\/brasilnoticias.org\/site\/mpf-requer-medidas-para-garantir-direito-de-comunidades-quilombolas-na-bahia\/\" \/>\n<meta property=\"og:locale\" content=\"pt_PT\" \/>\n<meta property=\"og:type\" content=\"article\" \/>\n<meta property=\"og:title\" content=\"MPF REQUER MEDIDAS PARA GARANTIR DIREITO DE COMUNIDADES QUILOMBOLAS NA BAHIA - Brasil not\u00edcias\" \/>\n<meta property=\"og:description\" content=\"O\u00a0Minist\u00e9rio P\u00fablico Federal (MPF)\u00a0expediu recomenda\u00e7\u00e3o para \u00f3rg\u00e3os socioambientais e da Uni\u00e3o com medidas para assegurar os direitos das comunidades quilombolas\" \/>\n<meta property=\"og:url\" content=\"https:\/\/brasilnoticias.org\/site\/mpf-requer-medidas-para-garantir-direito-de-comunidades-quilombolas-na-bahia\/\" \/>\n<meta property=\"og:site_name\" content=\"Brasil not\u00edcias\" \/>\n<meta property=\"article:published_time\" content=\"2022-06-18T16:13:12+00:00\" \/>\n<meta property=\"og:image\" content=\"https:\/\/brasilnoticias.org\/site\/wp-content\/uploads\/2022\/06\/mpf-bahia_widelg-1.jpg\" \/>\n\t<meta property=\"og:image:width\" content=\"800\" \/>\n\t<meta property=\"og:image:height\" content=\"450\" \/>\n\t<meta property=\"og:image:type\" content=\"image\/jpeg\" \/>\n<meta name=\"author\" content=\"Reda\u00e7\u00e3o\" \/>\n<meta name=\"twitter:card\" content=\"summary_large_image\" \/>\n<meta name=\"twitter:label1\" content=\"Escrito por\" \/>\n\t<meta name=\"twitter:data1\" content=\"Reda\u00e7\u00e3o\" \/>\n\t<meta name=\"twitter:label2\" content=\"Tempo estimado de leitura\" \/>\n\t<meta name=\"twitter:data2\" content=\"2 minutos\" \/>\n<script type=\"application\/ld+json\" class=\"yoast-schema-graph\">{\"@context\":\"https:\/\/schema.org\",\"@graph\":[{\"@type\":\"Article\",\"@id\":\"https:\/\/brasilnoticias.org\/site\/mpf-requer-medidas-para-garantir-direito-de-comunidades-quilombolas-na-bahia\/#article\",\"isPartOf\":{\"@id\":\"https:\/\/brasilnoticias.org\/site\/mpf-requer-medidas-para-garantir-direito-de-comunidades-quilombolas-na-bahia\/\"},\"author\":{\"name\":\"Reda\u00e7\u00e3o\",\"@id\":\"https:\/\/brasilnoticias.org\/site\/#\/schema\/person\/f609fa847b5314f1c8b983342f34c798\"},\"headline\":\"MPF REQUER MEDIDAS PARA GARANTIR DIREITO DE COMUNIDADES QUILOMBOLAS NA BAHIA\",\"datePublished\":\"2022-06-18T16:13:12+00:00\",\"mainEntityOfPage\":{\"@id\":\"https:\/\/brasilnoticias.org\/site\/mpf-requer-medidas-para-garantir-direito-de-comunidades-quilombolas-na-bahia\/\"},\"wordCount\":315,\"commentCount\":0,\"publisher\":{\"@id\":\"https:\/\/brasilnoticias.org\/site\/#organization\"},\"image\":{\"@id\":\"https:\/\/brasilnoticias.org\/site\/mpf-requer-medidas-para-garantir-direito-de-comunidades-quilombolas-na-bahia\/#primaryimage\"},\"thumbnailUrl\":\"https:\/\/brasilnoticias.org\/site\/wp-content\/uploads\/2022\/06\/mpf-bahia_widelg-1.jpg\",\"articleSection\":[\"Pol\u00edtica\",\"\u00daltimas\"],\"inLanguage\":\"pt-PT\",\"potentialAction\":[{\"@type\":\"CommentAction\",\"name\":\"Comment\",\"target\":[\"https:\/\/brasilnoticias.org\/site\/mpf-requer-medidas-para-garantir-direito-de-comunidades-quilombolas-na-bahia\/#respond\"]}]},{\"@type\":\"WebPage\",\"@id\":\"https:\/\/brasilnoticias.org\/site\/mpf-requer-medidas-para-garantir-direito-de-comunidades-quilombolas-na-bahia\/\",\"url\":\"https:\/\/brasilnoticias.org\/site\/mpf-requer-medidas-para-garantir-direito-de-comunidades-quilombolas-na-bahia\/\",\"name\":\"MPF REQUER MEDIDAS PARA GARANTIR DIREITO DE COMUNIDADES QUILOMBOLAS NA BAHIA - Brasil not\u00edcias\",\"isPartOf\":{\"@id\":\"https:\/\/brasilnoticias.org\/site\/#website\"},\"primaryImageOfPage\":{\"@id\":\"https:\/\/brasilnoticias.org\/site\/mpf-requer-medidas-para-garantir-direito-de-comunidades-quilombolas-na-bahia\/#primaryimage\"},\"image\":{\"@id\":\"https:\/\/brasilnoticias.org\/site\/mpf-requer-medidas-para-garantir-direito-de-comunidades-quilombolas-na-bahia\/#primaryimage\"},\"thumbnailUrl\":\"https:\/\/brasilnoticias.org\/site\/wp-content\/uploads\/2022\/06\/mpf-bahia_widelg-1.jpg\",\"datePublished\":\"2022-06-18T16:13:12+00:00\",\"breadcrumb\":{\"@id\":\"https:\/\/brasilnoticias.org\/site\/mpf-requer-medidas-para-garantir-direito-de-comunidades-quilombolas-na-bahia\/#breadcrumb\"},\"inLanguage\":\"pt-PT\",\"potentialAction\":[{\"@type\":\"ReadAction\",\"target\":[\"https:\/\/brasilnoticias.org\/site\/mpf-requer-medidas-para-garantir-direito-de-comunidades-quilombolas-na-bahia\/\"]}]},{\"@type\":\"ImageObject\",\"inLanguage\":\"pt-PT\",\"@id\":\"https:\/\/brasilnoticias.org\/site\/mpf-requer-medidas-para-garantir-direito-de-comunidades-quilombolas-na-bahia\/#primaryimage\",\"url\":\"https:\/\/brasilnoticias.org\/site\/wp-content\/uploads\/2022\/06\/mpf-bahia_widelg-1.jpg\",\"contentUrl\":\"https:\/\/brasilnoticias.org\/site\/wp-content\/uploads\/2022\/06\/mpf-bahia_widelg-1.jpg\",\"width\":800,\"height\":450},{\"@type\":\"BreadcrumbList\",\"@id\":\"https:\/\/brasilnoticias.org\/site\/mpf-requer-medidas-para-garantir-direito-de-comunidades-quilombolas-na-bahia\/#breadcrumb\",\"itemListElement\":[{\"@type\":\"ListItem\",\"position\":1,\"name\":\"In\u00edcio\",\"item\":\"https:\/\/brasilnoticias.org\/site\/\"},{\"@type\":\"ListItem\",\"position\":2,\"name\":\"MPF REQUER MEDIDAS PARA GARANTIR DIREITO DE COMUNIDADES QUILOMBOLAS NA BAHIA\"}]},{\"@type\":\"WebSite\",\"@id\":\"https:\/\/brasilnoticias.org\/site\/#website\",\"url\":\"https:\/\/brasilnoticias.org\/site\/\",\"name\":\"Brasil not\u00edcias\",\"description\":\"Brasil not\u00edcias\",\"publisher\":{\"@id\":\"https:\/\/brasilnoticias.org\/site\/#organization\"},\"potentialAction\":[{\"@type\":\"SearchAction\",\"target\":{\"@type\":\"EntryPoint\",\"urlTemplate\":\"https:\/\/brasilnoticias.org\/site\/?s={search_term_string}\"},\"query-input\":{\"@type\":\"PropertyValueSpecification\",\"valueRequired\":true,\"valueName\":\"search_term_string\"}}],\"inLanguage\":\"pt-PT\"},{\"@type\":\"Organization\",\"@id\":\"https:\/\/brasilnoticias.org\/site\/#organization\",\"name\":\"Brasil not\u00edcias\",\"url\":\"https:\/\/brasilnoticias.org\/site\/\",\"logo\":{\"@type\":\"ImageObject\",\"inLanguage\":\"pt-PT\",\"@id\":\"https:\/\/brasilnoticias.org\/site\/#\/schema\/logo\/image\/\",\"url\":\"https:\/\/brasilnoticias.org\/site\/wp-content\/uploads\/2022\/05\/cropped-brasilnoticias-mini.jpg\",\"contentUrl\":\"https:\/\/brasilnoticias.org\/site\/wp-content\/uploads\/2022\/05\/cropped-brasilnoticias-mini.jpg\",\"width\":314,\"height\":86,\"caption\":\"Brasil not\u00edcias\"},\"image\":{\"@id\":\"https:\/\/brasilnoticias.org\/site\/#\/schema\/logo\/image\/\"}},{\"@type\":\"Person\",\"@id\":\"https:\/\/brasilnoticias.org\/site\/#\/schema\/person\/f609fa847b5314f1c8b983342f34c798\",\"name\":\"Reda\u00e7\u00e3o\",\"image\":{\"@type\":\"ImageObject\",\"inLanguage\":\"pt-PT\",\"@id\":\"https:\/\/brasilnoticias.org\/site\/#\/schema\/person\/image\/\",\"url\":\"https:\/\/secure.gravatar.com\/avatar\/447284c06c1ad8b46465a36de9cd0d8326b73387a22799b8b1ffb1fbcff2ed0c?s=96&d=mm&r=g\",\"contentUrl\":\"https:\/\/secure.gravatar.com\/avatar\/447284c06c1ad8b46465a36de9cd0d8326b73387a22799b8b1ffb1fbcff2ed0c?s=96&d=mm&r=g\",\"caption\":\"Reda\u00e7\u00e3o\"},\"url\":\"https:\/\/brasilnoticias.org\/site\/author\/redacao\/\"}]}<\/script>\n<!-- \/ Yoast SEO plugin. -->","yoast_head_json":{"title":"MPF REQUER MEDIDAS PARA GARANTIR DIREITO DE COMUNIDADES QUILOMBOLAS NA BAHIA - Brasil not\u00edcias","robots":{"index":"index","follow":"follow","max-snippet":"max-snippet:-1","max-image-preview":"max-image-preview:large","max-video-preview":"max-video-preview:-1"},"canonical":"https:\/\/brasilnoticias.org\/site\/mpf-requer-medidas-para-garantir-direito-de-comunidades-quilombolas-na-bahia\/","og_locale":"pt_PT","og_type":"article","og_title":"MPF REQUER MEDIDAS PARA GARANTIR DIREITO DE COMUNIDADES QUILOMBOLAS NA BAHIA - Brasil not\u00edcias","og_description":"O\u00a0Minist\u00e9rio P\u00fablico Federal (MPF)\u00a0expediu recomenda\u00e7\u00e3o para \u00f3rg\u00e3os socioambientais e da Uni\u00e3o com medidas para assegurar os direitos das comunidades quilombolas","og_url":"https:\/\/brasilnoticias.org\/site\/mpf-requer-medidas-para-garantir-direito-de-comunidades-quilombolas-na-bahia\/","og_site_name":"Brasil not\u00edcias","article_published_time":"2022-06-18T16:13:12+00:00","og_image":[{"width":800,"height":450,"url":"https:\/\/brasilnoticias.org\/site\/wp-content\/uploads\/2022\/06\/mpf-bahia_widelg-1.jpg","type":"image\/jpeg"}],"author":"Reda\u00e7\u00e3o","twitter_card":"summary_large_image","twitter_misc":{"Escrito por":"Reda\u00e7\u00e3o","Tempo estimado de leitura":"2 minutos"},"schema":{"@context":"https:\/\/schema.org","@graph":[{"@type":"Article","@id":"https:\/\/brasilnoticias.org\/site\/mpf-requer-medidas-para-garantir-direito-de-comunidades-quilombolas-na-bahia\/#article","isPartOf":{"@id":"https:\/\/brasilnoticias.org\/site\/mpf-requer-medidas-para-garantir-direito-de-comunidades-quilombolas-na-bahia\/"},"author":{"name":"Reda\u00e7\u00e3o","@id":"https:\/\/brasilnoticias.org\/site\/#\/schema\/person\/f609fa847b5314f1c8b983342f34c798"},"headline":"MPF REQUER MEDIDAS PARA GARANTIR DIREITO DE COMUNIDADES QUILOMBOLAS NA BAHIA","datePublished":"2022-06-18T16:13:12+00:00","mainEntityOfPage":{"@id":"https:\/\/brasilnoticias.org\/site\/mpf-requer-medidas-para-garantir-direito-de-comunidades-quilombolas-na-bahia\/"},"wordCount":315,"commentCount":0,"publisher":{"@id":"https:\/\/brasilnoticias.org\/site\/#organization"},"image":{"@id":"https:\/\/brasilnoticias.org\/site\/mpf-requer-medidas-para-garantir-direito-de-comunidades-quilombolas-na-bahia\/#primaryimage"},"thumbnailUrl":"https:\/\/brasilnoticias.org\/site\/wp-content\/uploads\/2022\/06\/mpf-bahia_widelg-1.jpg","articleSection":["Pol\u00edtica","\u00daltimas"],"inLanguage":"pt-PT","potentialAction":[{"@type":"CommentAction","name":"Comment","target":["https:\/\/brasilnoticias.org\/site\/mpf-requer-medidas-para-garantir-direito-de-comunidades-quilombolas-na-bahia\/#respond"]}]},{"@type":"WebPage","@id":"https:\/\/brasilnoticias.org\/site\/mpf-requer-medidas-para-garantir-direito-de-comunidades-quilombolas-na-bahia\/","url":"https:\/\/brasilnoticias.org\/site\/mpf-requer-medidas-para-garantir-direito-de-comunidades-quilombolas-na-bahia\/","name":"MPF REQUER MEDIDAS PARA GARANTIR DIREITO DE COMUNIDADES QUILOMBOLAS NA BAHIA - Brasil not\u00edcias","isPartOf":{"@id":"https:\/\/brasilnoticias.org\/site\/#website"},"primaryImageOfPage":{"@id":"https:\/\/brasilnoticias.org\/site\/mpf-requer-medidas-para-garantir-direito-de-comunidades-quilombolas-na-bahia\/#primaryimage"},"image":{"@id":"https:\/\/brasilnoticias.org\/site\/mpf-requer-medidas-para-garantir-direito-de-comunidades-quilombolas-na-bahia\/#primaryimage"},"thumbnailUrl":"https:\/\/brasilnoticias.org\/site\/wp-content\/uploads\/2022\/06\/mpf-bahia_widelg-1.jpg","datePublished":"2022-06-18T16:13:12+00:00","breadcrumb":{"@id":"https:\/\/brasilnoticias.org\/site\/mpf-requer-medidas-para-garantir-direito-de-comunidades-quilombolas-na-bahia\/#breadcrumb"},"inLanguage":"pt-PT","potentialAction":[{"@type":"ReadAction","target":["https:\/\/brasilnoticias.org\/site\/mpf-requer-medidas-para-garantir-direito-de-comunidades-quilombolas-na-bahia\/"]}]},{"@type":"ImageObject","inLanguage":"pt-PT","@id":"https:\/\/brasilnoticias.org\/site\/mpf-requer-medidas-para-garantir-direito-de-comunidades-quilombolas-na-bahia\/#primaryimage","url":"https:\/\/brasilnoticias.org\/site\/wp-content\/uploads\/2022\/06\/mpf-bahia_widelg-1.jpg","contentUrl":"https:\/\/brasilnoticias.org\/site\/wp-content\/uploads\/2022\/06\/mpf-bahia_widelg-1.jpg","width":800,"height":450},{"@type":"BreadcrumbList","@id":"https:\/\/brasilnoticias.org\/site\/mpf-requer-medidas-para-garantir-direito-de-comunidades-quilombolas-na-bahia\/#breadcrumb","itemListElement":[{"@type":"ListItem","position":1,"name":"In\u00edcio","item":"https:\/\/brasilnoticias.org\/site\/"},{"@type":"ListItem","position":2,"name":"MPF REQUER MEDIDAS PARA GARANTIR DIREITO DE COMUNIDADES QUILOMBOLAS NA BAHIA"}]},{"@type":"WebSite","@id":"https:\/\/brasilnoticias.org\/site\/#website","url":"https:\/\/brasilnoticias.org\/site\/","name":"Brasil not\u00edcias","description":"Brasil not\u00edcias","publisher":{"@id":"https:\/\/brasilnoticias.org\/site\/#organization"},"potentialAction":[{"@type":"SearchAction","target":{"@type":"EntryPoint","urlTemplate":"https:\/\/brasilnoticias.org\/site\/?s={search_term_string}"},"query-input":{"@type":"PropertyValueSpecification","valueRequired":true,"valueName":"search_term_string"}}],"inLanguage":"pt-PT"},{"@type":"Organization","@id":"https:\/\/brasilnoticias.org\/site\/#organization","name":"Brasil not\u00edcias","url":"https:\/\/brasilnoticias.org\/site\/","logo":{"@type":"ImageObject","inLanguage":"pt-PT","@id":"https:\/\/brasilnoticias.org\/site\/#\/schema\/logo\/image\/","url":"https:\/\/brasilnoticias.org\/site\/wp-content\/uploads\/2022\/05\/cropped-brasilnoticias-mini.jpg","contentUrl":"https:\/\/brasilnoticias.org\/site\/wp-content\/uploads\/2022\/05\/cropped-brasilnoticias-mini.jpg","width":314,"height":86,"caption":"Brasil not\u00edcias"},"image":{"@id":"https:\/\/brasilnoticias.org\/site\/#\/schema\/logo\/image\/"}},{"@type":"Person","@id":"https:\/\/brasilnoticias.org\/site\/#\/schema\/person\/f609fa847b5314f1c8b983342f34c798","name":"Reda\u00e7\u00e3o","image":{"@type":"ImageObject","inLanguage":"pt-PT","@id":"https:\/\/brasilnoticias.org\/site\/#\/schema\/person\/image\/","url":"https:\/\/secure.gravatar.com\/avatar\/447284c06c1ad8b46465a36de9cd0d8326b73387a22799b8b1ffb1fbcff2ed0c?s=96&d=mm&r=g","contentUrl":"https:\/\/secure.gravatar.com\/avatar\/447284c06c1ad8b46465a36de9cd0d8326b73387a22799b8b1ffb1fbcff2ed0c?s=96&d=mm&r=g","caption":"Reda\u00e7\u00e3o"},"url":"https:\/\/brasilnoticias.org\/site\/author\/redacao\/"}]}},"_links":{"self":[{"href":"https:\/\/brasilnoticias.org\/site\/wp-json\/wp\/v2\/posts\/930","targetHints":{"allow":["GET"]}}],"collection":[{"href":"https:\/\/brasilnoticias.org\/site\/wp-json\/wp\/v2\/posts"}],"about":[{"href":"https:\/\/brasilnoticias.org\/site\/wp-json\/wp\/v2\/types\/post"}],"author":[{"embeddable":true,"href":"https:\/\/brasilnoticias.org\/site\/wp-json\/wp\/v2\/users\/2"}],"replies":[{"embeddable":true,"href":"https:\/\/brasilnoticias.org\/site\/wp-json\/wp\/v2\/comments?post=930"}],"version-history":[{"count":1,"href":"https:\/\/brasilnoticias.org\/site\/wp-json\/wp\/v2\/posts\/930\/revisions"}],"predecessor-version":[{"id":932,"href":"https:\/\/brasilnoticias.org\/site\/wp-json\/wp\/v2\/posts\/930\/revisions\/932"}],"wp:featuredmedia":[{"embeddable":true,"href":"https:\/\/brasilnoticias.org\/site\/wp-json\/wp\/v2\/media\/931"}],"wp:attachment":[{"href":"https:\/\/brasilnoticias.org\/site\/wp-json\/wp\/v2\/media?parent=930"}],"wp:term":[{"taxonomy":"category","embeddable":true,"href":"https:\/\/brasilnoticias.org\/site\/wp-json\/wp\/v2\/categories?post=930"},{"taxonomy":"post_tag","embeddable":true,"href":"https:\/\/brasilnoticias.org\/site\/wp-json\/wp\/v2\/tags?post=930"}],"curies":[{"name":"wp","href":"https:\/\/api.w.org\/{rel}","templated":true}]}}