{"id":9303,"date":"2023-09-17T09:00:36","date_gmt":"2023-09-17T12:00:36","guid":{"rendered":"https:\/\/brasilnoticias.org\/site\/?p=9303"},"modified":"2023-09-16T20:42:07","modified_gmt":"2023-09-16T23:42:07","slug":"brasil-registra-100-casos-de-gripe-aviaria","status":"publish","type":"post","link":"https:\/\/brasilnoticias.org\/site\/brasil-registra-100-casos-de-gripe-aviaria\/","title":{"rendered":"Brasil registra 100 casos de gripe avi\u00e1ria"},"content":{"rendered":"<p>Sudeste tem 72% das infec\u00e7\u00f5es, sendo a maioria no Esp\u00edrito Santo, com 29 casos confirmados <\/p>\n<p>Um relat\u00f3rio divulgado nesta sexta-feira (15) pelo Minist\u00e9rio da Agricultura e Pecu\u00e1ria aponta que o Brasil registrou o cent\u00e9simo caso de gripe avi\u00e1ria. Do total, 72% das infec\u00e7\u00f5es ocorreram na regi\u00e3o Sudeste, sendo a maioria no Esp\u00edrito Santo, com 29 casos. Na sequ\u00eancia aparecem S\u00e3o Paulo (25) e Rio de Janeiro (18).  <\/p>\n<p>As aves silvestres s\u00e3o as mais afetadas, com 98 casos da doen\u00e7a. S\u00f3 duas aves de subsist\u00eancia, usada para alimenta\u00e7\u00e3o dos donos dos animais, tiveram o v\u00edrus identificado. N\u00e3o foram registrados casos em granjas voltadas \u00e0 venda de aves e ovos, e a doen\u00e7a n\u00e3o foi identificada em humanos. <\/p>\n<p>Desde os primeiros registros da doen\u00e7a no pa\u00eds, em 15 maio, foram realizadas 1.860 investiga\u00e7\u00f5es suspeitas de S\u00edndrome Respirat\u00f3ria e Nervosa das Aves. Atualmente, 9 investiga\u00e7\u00f5es est\u00e3o em andamento. <\/p>\n<p>Foto: Arquivo\/Ag\u00eancia Brasil<br \/>\nMetro1 <\/p>\n","protected":false},"excerpt":{"rendered":"<p>Sudeste tem 72% das infec\u00e7\u00f5es, sendo a maioria no Esp\u00edrito Santo, com 29 casos confirmados Um relat\u00f3rio divulgado nesta sexta-feira<\/p>\n","protected":false},"author":4,"featured_media":9304,"comment_status":"open","ping_status":"open","sticky":false,"template":"","format":"standard","meta":{"colormag_page_container_layout":"default_layout","colormag_page_sidebar_layout":"default_layout","_FSMCFIC_featured_image_caption":"","_FSMCFIC_featured_image_nocaption":"","_FSMCFIC_featured_image_hide":"","footnotes":""},"categories":[2,1],"tags":[],"class_list":["post-9303","post","type-post","status-publish","format-standard","has-post-thumbnail","hentry","category-noticias","category-ultimas"],"yoast_head":"<!-- This site is optimized with the Yoast SEO plugin v27.1.1 - https:\/\/yoast.com\/product\/yoast-seo-wordpress\/ -->\n<title>Brasil registra 100 casos de gripe avi\u00e1ria - Brasil not\u00edcias<\/title>\n<meta name=\"robots\" content=\"index, follow, max-snippet:-1, max-image-preview:large, max-video-preview:-1\" \/>\n<link rel=\"canonical\" href=\"https:\/\/brasilnoticias.org\/site\/brasil-registra-100-casos-de-gripe-aviaria\/\" \/>\n<meta property=\"og:locale\" content=\"pt_PT\" \/>\n<meta property=\"og:type\" content=\"article\" \/>\n<meta property=\"og:title\" content=\"Brasil registra 100 casos de gripe avi\u00e1ria - Brasil not\u00edcias\" \/>\n<meta property=\"og:description\" content=\"Sudeste tem 72% das infec\u00e7\u00f5es, sendo a maioria no Esp\u00edrito Santo, com 29 casos confirmados Um relat\u00f3rio divulgado nesta sexta-feira\" \/>\n<meta property=\"og:url\" content=\"https:\/\/brasilnoticias.org\/site\/brasil-registra-100-casos-de-gripe-aviaria\/\" \/>\n<meta property=\"og:site_name\" content=\"Brasil not\u00edcias\" \/>\n<meta property=\"article:published_time\" content=\"2023-09-17T12:00:36+00:00\" \/>\n<meta property=\"og:image\" content=\"https:\/\/brasilnoticias.org\/site\/wp-content\/uploads\/2023\/09\/141005brasil-registra-100-casos-de-gripe-aviaria-3.jpg\" \/>\n\t<meta property=\"og:image:width\" content=\"1600\" \/>\n\t<meta property=\"og:image:height\" content=\"752\" \/>\n\t<meta property=\"og:image:type\" content=\"image\/jpeg\" \/>\n<meta name=\"author\" content=\"Reda\u00e7\u00e3o\" \/>\n<meta name=\"twitter:card\" content=\"summary_large_image\" \/>\n<meta name=\"twitter:label1\" content=\"Escrito por\" \/>\n\t<meta name=\"twitter:data1\" content=\"Reda\u00e7\u00e3o\" \/>\n<script type=\"application\/ld+json\" class=\"yoast-schema-graph\">{\"@context\":\"https:\/\/schema.org\",\"@graph\":[{\"@type\":\"Article\",\"@id\":\"https:\/\/brasilnoticias.org\/site\/brasil-registra-100-casos-de-gripe-aviaria\/#article\",\"isPartOf\":{\"@id\":\"https:\/\/brasilnoticias.org\/site\/brasil-registra-100-casos-de-gripe-aviaria\/\"},\"author\":{\"name\":\"Reda\u00e7\u00e3o\",\"@id\":\"https:\/\/brasilnoticias.org\/site\/#\/schema\/person\/03bbbfe6c7634ad18c26444ea39049fa\"},\"headline\":\"Brasil registra 100 casos de gripe avi\u00e1ria\",\"datePublished\":\"2023-09-17T12:00:36+00:00\",\"mainEntityOfPage\":{\"@id\":\"https:\/\/brasilnoticias.org\/site\/brasil-registra-100-casos-de-gripe-aviaria\/\"},\"wordCount\":173,\"commentCount\":0,\"publisher\":{\"@id\":\"https:\/\/brasilnoticias.org\/site\/#organization\"},\"image\":{\"@id\":\"https:\/\/brasilnoticias.org\/site\/brasil-registra-100-casos-de-gripe-aviaria\/#primaryimage\"},\"thumbnailUrl\":\"https:\/\/brasilnoticias.org\/site\/wp-content\/uploads\/2023\/09\/141005brasil-registra-100-casos-de-gripe-aviaria-3.jpg\",\"articleSection\":[\"Not\u00edcias\",\"\u00daltimas\"],\"inLanguage\":\"pt-PT\",\"potentialAction\":[{\"@type\":\"CommentAction\",\"name\":\"Comment\",\"target\":[\"https:\/\/brasilnoticias.org\/site\/brasil-registra-100-casos-de-gripe-aviaria\/#respond\"]}]},{\"@type\":\"WebPage\",\"@id\":\"https:\/\/brasilnoticias.org\/site\/brasil-registra-100-casos-de-gripe-aviaria\/\",\"url\":\"https:\/\/brasilnoticias.org\/site\/brasil-registra-100-casos-de-gripe-aviaria\/\",\"name\":\"Brasil registra 100 casos de gripe avi\u00e1ria - Brasil not\u00edcias\",\"isPartOf\":{\"@id\":\"https:\/\/brasilnoticias.org\/site\/#website\"},\"primaryImageOfPage\":{\"@id\":\"https:\/\/brasilnoticias.org\/site\/brasil-registra-100-casos-de-gripe-aviaria\/#primaryimage\"},\"image\":{\"@id\":\"https:\/\/brasilnoticias.org\/site\/brasil-registra-100-casos-de-gripe-aviaria\/#primaryimage\"},\"thumbnailUrl\":\"https:\/\/brasilnoticias.org\/site\/wp-content\/uploads\/2023\/09\/141005brasil-registra-100-casos-de-gripe-aviaria-3.jpg\",\"datePublished\":\"2023-09-17T12:00:36+00:00\",\"breadcrumb\":{\"@id\":\"https:\/\/brasilnoticias.org\/site\/brasil-registra-100-casos-de-gripe-aviaria\/#breadcrumb\"},\"inLanguage\":\"pt-PT\",\"potentialAction\":[{\"@type\":\"ReadAction\",\"target\":[\"https:\/\/brasilnoticias.org\/site\/brasil-registra-100-casos-de-gripe-aviaria\/\"]}]},{\"@type\":\"ImageObject\",\"inLanguage\":\"pt-PT\",\"@id\":\"https:\/\/brasilnoticias.org\/site\/brasil-registra-100-casos-de-gripe-aviaria\/#primaryimage\",\"url\":\"https:\/\/brasilnoticias.org\/site\/wp-content\/uploads\/2023\/09\/141005brasil-registra-100-casos-de-gripe-aviaria-3.jpg\",\"contentUrl\":\"https:\/\/brasilnoticias.org\/site\/wp-content\/uploads\/2023\/09\/141005brasil-registra-100-casos-de-gripe-aviaria-3.jpg\",\"width\":1600,\"height\":752},{\"@type\":\"BreadcrumbList\",\"@id\":\"https:\/\/brasilnoticias.org\/site\/brasil-registra-100-casos-de-gripe-aviaria\/#breadcrumb\",\"itemListElement\":[{\"@type\":\"ListItem\",\"position\":1,\"name\":\"In\u00edcio\",\"item\":\"https:\/\/brasilnoticias.org\/site\/\"},{\"@type\":\"ListItem\",\"position\":2,\"name\":\"Brasil registra 100 casos de gripe avi\u00e1ria\"}]},{\"@type\":\"WebSite\",\"@id\":\"https:\/\/brasilnoticias.org\/site\/#website\",\"url\":\"https:\/\/brasilnoticias.org\/site\/\",\"name\":\"Brasil not\u00edcias\",\"description\":\"Brasil not\u00edcias\",\"publisher\":{\"@id\":\"https:\/\/brasilnoticias.org\/site\/#organization\"},\"potentialAction\":[{\"@type\":\"SearchAction\",\"target\":{\"@type\":\"EntryPoint\",\"urlTemplate\":\"https:\/\/brasilnoticias.org\/site\/?s={search_term_string}\"},\"query-input\":{\"@type\":\"PropertyValueSpecification\",\"valueRequired\":true,\"valueName\":\"search_term_string\"}}],\"inLanguage\":\"pt-PT\"},{\"@type\":\"Organization\",\"@id\":\"https:\/\/brasilnoticias.org\/site\/#organization\",\"name\":\"Brasil not\u00edcias\",\"url\":\"https:\/\/brasilnoticias.org\/site\/\",\"logo\":{\"@type\":\"ImageObject\",\"inLanguage\":\"pt-PT\",\"@id\":\"https:\/\/brasilnoticias.org\/site\/#\/schema\/logo\/image\/\",\"url\":\"https:\/\/brasilnoticias.org\/site\/wp-content\/uploads\/2022\/05\/cropped-brasilnoticias-mini.jpg\",\"contentUrl\":\"https:\/\/brasilnoticias.org\/site\/wp-content\/uploads\/2022\/05\/cropped-brasilnoticias-mini.jpg\",\"width\":314,\"height\":86,\"caption\":\"Brasil not\u00edcias\"},\"image\":{\"@id\":\"https:\/\/brasilnoticias.org\/site\/#\/schema\/logo\/image\/\"}},{\"@type\":\"Person\",\"@id\":\"https:\/\/brasilnoticias.org\/site\/#\/schema\/person\/03bbbfe6c7634ad18c26444ea39049fa\",\"name\":\"Reda\u00e7\u00e3o\",\"image\":{\"@type\":\"ImageObject\",\"inLanguage\":\"pt-PT\",\"@id\":\"https:\/\/brasilnoticias.org\/site\/#\/schema\/person\/image\/\",\"url\":\"https:\/\/secure.gravatar.com\/avatar\/9ecaf7327a696cb23ad926fedded5f1f04d7049de9e445375d55b48c001a6e42?s=96&d=mm&r=g\",\"contentUrl\":\"https:\/\/secure.gravatar.com\/avatar\/9ecaf7327a696cb23ad926fedded5f1f04d7049de9e445375d55b48c001a6e42?s=96&d=mm&r=g\",\"caption\":\"Reda\u00e7\u00e3o\"},\"url\":\"https:\/\/brasilnoticias.org\/site\/author\/henrique\/\"}]}<\/script>\n<!-- \/ Yoast SEO plugin. -->","yoast_head_json":{"title":"Brasil registra 100 casos de gripe avi\u00e1ria - Brasil not\u00edcias","robots":{"index":"index","follow":"follow","max-snippet":"max-snippet:-1","max-image-preview":"max-image-preview:large","max-video-preview":"max-video-preview:-1"},"canonical":"https:\/\/brasilnoticias.org\/site\/brasil-registra-100-casos-de-gripe-aviaria\/","og_locale":"pt_PT","og_type":"article","og_title":"Brasil registra 100 casos de gripe avi\u00e1ria - Brasil not\u00edcias","og_description":"Sudeste tem 72% das infec\u00e7\u00f5es, sendo a maioria no Esp\u00edrito Santo, com 29 casos confirmados Um relat\u00f3rio divulgado nesta sexta-feira","og_url":"https:\/\/brasilnoticias.org\/site\/brasil-registra-100-casos-de-gripe-aviaria\/","og_site_name":"Brasil not\u00edcias","article_published_time":"2023-09-17T12:00:36+00:00","og_image":[{"width":1600,"height":752,"url":"https:\/\/brasilnoticias.org\/site\/wp-content\/uploads\/2023\/09\/141005brasil-registra-100-casos-de-gripe-aviaria-3.jpg","type":"image\/jpeg"}],"author":"Reda\u00e7\u00e3o","twitter_card":"summary_large_image","twitter_misc":{"Escrito por":"Reda\u00e7\u00e3o"},"schema":{"@context":"https:\/\/schema.org","@graph":[{"@type":"Article","@id":"https:\/\/brasilnoticias.org\/site\/brasil-registra-100-casos-de-gripe-aviaria\/#article","isPartOf":{"@id":"https:\/\/brasilnoticias.org\/site\/brasil-registra-100-casos-de-gripe-aviaria\/"},"author":{"name":"Reda\u00e7\u00e3o","@id":"https:\/\/brasilnoticias.org\/site\/#\/schema\/person\/03bbbfe6c7634ad18c26444ea39049fa"},"headline":"Brasil registra 100 casos de gripe avi\u00e1ria","datePublished":"2023-09-17T12:00:36+00:00","mainEntityOfPage":{"@id":"https:\/\/brasilnoticias.org\/site\/brasil-registra-100-casos-de-gripe-aviaria\/"},"wordCount":173,"commentCount":0,"publisher":{"@id":"https:\/\/brasilnoticias.org\/site\/#organization"},"image":{"@id":"https:\/\/brasilnoticias.org\/site\/brasil-registra-100-casos-de-gripe-aviaria\/#primaryimage"},"thumbnailUrl":"https:\/\/brasilnoticias.org\/site\/wp-content\/uploads\/2023\/09\/141005brasil-registra-100-casos-de-gripe-aviaria-3.jpg","articleSection":["Not\u00edcias","\u00daltimas"],"inLanguage":"pt-PT","potentialAction":[{"@type":"CommentAction","name":"Comment","target":["https:\/\/brasilnoticias.org\/site\/brasil-registra-100-casos-de-gripe-aviaria\/#respond"]}]},{"@type":"WebPage","@id":"https:\/\/brasilnoticias.org\/site\/brasil-registra-100-casos-de-gripe-aviaria\/","url":"https:\/\/brasilnoticias.org\/site\/brasil-registra-100-casos-de-gripe-aviaria\/","name":"Brasil registra 100 casos de gripe avi\u00e1ria - Brasil not\u00edcias","isPartOf":{"@id":"https:\/\/brasilnoticias.org\/site\/#website"},"primaryImageOfPage":{"@id":"https:\/\/brasilnoticias.org\/site\/brasil-registra-100-casos-de-gripe-aviaria\/#primaryimage"},"image":{"@id":"https:\/\/brasilnoticias.org\/site\/brasil-registra-100-casos-de-gripe-aviaria\/#primaryimage"},"thumbnailUrl":"https:\/\/brasilnoticias.org\/site\/wp-content\/uploads\/2023\/09\/141005brasil-registra-100-casos-de-gripe-aviaria-3.jpg","datePublished":"2023-09-17T12:00:36+00:00","breadcrumb":{"@id":"https:\/\/brasilnoticias.org\/site\/brasil-registra-100-casos-de-gripe-aviaria\/#breadcrumb"},"inLanguage":"pt-PT","potentialAction":[{"@type":"ReadAction","target":["https:\/\/brasilnoticias.org\/site\/brasil-registra-100-casos-de-gripe-aviaria\/"]}]},{"@type":"ImageObject","inLanguage":"pt-PT","@id":"https:\/\/brasilnoticias.org\/site\/brasil-registra-100-casos-de-gripe-aviaria\/#primaryimage","url":"https:\/\/brasilnoticias.org\/site\/wp-content\/uploads\/2023\/09\/141005brasil-registra-100-casos-de-gripe-aviaria-3.jpg","contentUrl":"https:\/\/brasilnoticias.org\/site\/wp-content\/uploads\/2023\/09\/141005brasil-registra-100-casos-de-gripe-aviaria-3.jpg","width":1600,"height":752},{"@type":"BreadcrumbList","@id":"https:\/\/brasilnoticias.org\/site\/brasil-registra-100-casos-de-gripe-aviaria\/#breadcrumb","itemListElement":[{"@type":"ListItem","position":1,"name":"In\u00edcio","item":"https:\/\/brasilnoticias.org\/site\/"},{"@type":"ListItem","position":2,"name":"Brasil registra 100 casos de gripe avi\u00e1ria"}]},{"@type":"WebSite","@id":"https:\/\/brasilnoticias.org\/site\/#website","url":"https:\/\/brasilnoticias.org\/site\/","name":"Brasil not\u00edcias","description":"Brasil not\u00edcias","publisher":{"@id":"https:\/\/brasilnoticias.org\/site\/#organization"},"potentialAction":[{"@type":"SearchAction","target":{"@type":"EntryPoint","urlTemplate":"https:\/\/brasilnoticias.org\/site\/?s={search_term_string}"},"query-input":{"@type":"PropertyValueSpecification","valueRequired":true,"valueName":"search_term_string"}}],"inLanguage":"pt-PT"},{"@type":"Organization","@id":"https:\/\/brasilnoticias.org\/site\/#organization","name":"Brasil not\u00edcias","url":"https:\/\/brasilnoticias.org\/site\/","logo":{"@type":"ImageObject","inLanguage":"pt-PT","@id":"https:\/\/brasilnoticias.org\/site\/#\/schema\/logo\/image\/","url":"https:\/\/brasilnoticias.org\/site\/wp-content\/uploads\/2022\/05\/cropped-brasilnoticias-mini.jpg","contentUrl":"https:\/\/brasilnoticias.org\/site\/wp-content\/uploads\/2022\/05\/cropped-brasilnoticias-mini.jpg","width":314,"height":86,"caption":"Brasil not\u00edcias"},"image":{"@id":"https:\/\/brasilnoticias.org\/site\/#\/schema\/logo\/image\/"}},{"@type":"Person","@id":"https:\/\/brasilnoticias.org\/site\/#\/schema\/person\/03bbbfe6c7634ad18c26444ea39049fa","name":"Reda\u00e7\u00e3o","image":{"@type":"ImageObject","inLanguage":"pt-PT","@id":"https:\/\/brasilnoticias.org\/site\/#\/schema\/person\/image\/","url":"https:\/\/secure.gravatar.com\/avatar\/9ecaf7327a696cb23ad926fedded5f1f04d7049de9e445375d55b48c001a6e42?s=96&d=mm&r=g","contentUrl":"https:\/\/secure.gravatar.com\/avatar\/9ecaf7327a696cb23ad926fedded5f1f04d7049de9e445375d55b48c001a6e42?s=96&d=mm&r=g","caption":"Reda\u00e7\u00e3o"},"url":"https:\/\/brasilnoticias.org\/site\/author\/henrique\/"}]}},"_links":{"self":[{"href":"https:\/\/brasilnoticias.org\/site\/wp-json\/wp\/v2\/posts\/9303","targetHints":{"allow":["GET"]}}],"collection":[{"href":"https:\/\/brasilnoticias.org\/site\/wp-json\/wp\/v2\/posts"}],"about":[{"href":"https:\/\/brasilnoticias.org\/site\/wp-json\/wp\/v2\/types\/post"}],"author":[{"embeddable":true,"href":"https:\/\/brasilnoticias.org\/site\/wp-json\/wp\/v2\/users\/4"}],"replies":[{"embeddable":true,"href":"https:\/\/brasilnoticias.org\/site\/wp-json\/wp\/v2\/comments?post=9303"}],"version-history":[{"count":1,"href":"https:\/\/brasilnoticias.org\/site\/wp-json\/wp\/v2\/posts\/9303\/revisions"}],"predecessor-version":[{"id":9305,"href":"https:\/\/brasilnoticias.org\/site\/wp-json\/wp\/v2\/posts\/9303\/revisions\/9305"}],"wp:featuredmedia":[{"embeddable":true,"href":"https:\/\/brasilnoticias.org\/site\/wp-json\/wp\/v2\/media\/9304"}],"wp:attachment":[{"href":"https:\/\/brasilnoticias.org\/site\/wp-json\/wp\/v2\/media?parent=9303"}],"wp:term":[{"taxonomy":"category","embeddable":true,"href":"https:\/\/brasilnoticias.org\/site\/wp-json\/wp\/v2\/categories?post=9303"},{"taxonomy":"post_tag","embeddable":true,"href":"https:\/\/brasilnoticias.org\/site\/wp-json\/wp\/v2\/tags?post=9303"}],"curies":[{"name":"wp","href":"https:\/\/api.w.org\/{rel}","templated":true}]}}