{"id":9306,"date":"2023-09-17T10:00:46","date_gmt":"2023-09-17T13:00:46","guid":{"rendered":"https:\/\/brasilnoticias.org\/site\/?p=9306"},"modified":"2023-09-16T20:46:13","modified_gmt":"2023-09-16T23:46:13","slug":"e-hora-de-retomar-acordo-diz-ministra-da-saude-sobre-parceria-com-cuba","status":"publish","type":"post","link":"https:\/\/brasilnoticias.org\/site\/e-hora-de-retomar-acordo-diz-ministra-da-saude-sobre-parceria-com-cuba\/","title":{"rendered":"\u201c\u00c9 hora de retomar acordo\u201d, diz ministra da Sa\u00fade sobre parceria com Cuba"},"content":{"rendered":"<p>Brasil vai assinar acordo de coopera\u00e7\u00e3o para o desenvolvimento de medicamentos na c\u00fapula do G77+China<\/p>\n<p>Antes mesmo do discurso do presidente Luiz In\u00e1cio Lula da Silva (PT) na c\u00fapula do G77+China, foram a anunciados alguns acordos entre Brasil e Cuba. Um deles ser\u00e1 na \u00e1rea da Sa\u00fade.<\/p>\n<p>A ministra da Sa\u00fade, N\u00edsia Trindade, disse que \u201c\u00e9 hora de retomar o acordo que o \u00faltimo governo n\u00e3o deu continuidade\u201d.<\/p>\n<p>A ministra se refere a um acordo firmado ainda em 2003, e que deu, segunda ela, a oportunidade do Brasil ter acessos aos medicamentos biof\u00e1rmacos.<\/p>\n<p>A ideia, segundo o governo federal ao anunciar o acordo de coopera\u00e7\u00e3o na c\u00fapula do G77+China, \u00e9 voltar a desenvolver produtos com Cuba.<\/p>\n<p>Ser\u00e3o produzidas vacinas, medicamentos para doen\u00e7as cr\u00f4nicas e rem\u00e9dios com o uso da inova\u00e7\u00e3o como, por exemplo, derivados da cana de a\u00e7\u00facar.<\/p>\n<p>N\u00edsia Trindade ainda destacou que essa troca entre Brasil e Cuba \u00e9 importante, uma vez que os cubanos possuem experi\u00eancia na \u00e1rea da sa\u00fade, mas n\u00e3o conseguem produzir em larga escala, diferentemente do Brasil.<\/p>\n<p>Foto: Walterson Rosa\/MS<br \/>\nCNN<\/p>\n","protected":false},"excerpt":{"rendered":"<p>Brasil vai assinar acordo de coopera\u00e7\u00e3o para o desenvolvimento de medicamentos na c\u00fapula do G77+China Antes mesmo do discurso do<\/p>\n","protected":false},"author":4,"featured_media":9307,"comment_status":"open","ping_status":"open","sticky":false,"template":"","format":"standard","meta":{"colormag_page_container_layout":"default_layout","colormag_page_sidebar_layout":"default_layout","_FSMCFIC_featured_image_caption":"","_FSMCFIC_featured_image_nocaption":"","_FSMCFIC_featured_image_hide":"","footnotes":""},"categories":[6,1],"tags":[],"class_list":["post-9306","post","type-post","status-publish","format-standard","has-post-thumbnail","hentry","category-mundo","category-ultimas"],"yoast_head":"<!-- This site is optimized with the Yoast SEO plugin v27.1.1 - https:\/\/yoast.com\/product\/yoast-seo-wordpress\/ -->\n<title>\u201c\u00c9 hora de retomar acordo\u201d, diz ministra da Sa\u00fade sobre parceria com Cuba - Brasil not\u00edcias<\/title>\n<meta name=\"robots\" content=\"index, follow, max-snippet:-1, max-image-preview:large, max-video-preview:-1\" \/>\n<link rel=\"canonical\" href=\"https:\/\/brasilnoticias.org\/site\/e-hora-de-retomar-acordo-diz-ministra-da-saude-sobre-parceria-com-cuba\/\" \/>\n<meta property=\"og:locale\" content=\"pt_PT\" \/>\n<meta property=\"og:type\" content=\"article\" \/>\n<meta property=\"og:title\" content=\"\u201c\u00c9 hora de retomar acordo\u201d, diz ministra da Sa\u00fade sobre parceria com Cuba - Brasil not\u00edcias\" \/>\n<meta property=\"og:description\" content=\"Brasil vai assinar acordo de coopera\u00e7\u00e3o para o desenvolvimento de medicamentos na c\u00fapula do G77+China Antes mesmo do discurso do\" \/>\n<meta property=\"og:url\" content=\"https:\/\/brasilnoticias.org\/site\/e-hora-de-retomar-acordo-diz-ministra-da-saude-sobre-parceria-com-cuba\/\" \/>\n<meta property=\"og:site_name\" content=\"Brasil not\u00edcias\" \/>\n<meta property=\"article:published_time\" content=\"2023-09-17T13:00:46+00:00\" \/>\n<meta property=\"og:image\" content=\"https:\/\/brasilnoticias.org\/site\/wp-content\/uploads\/2023\/09\/nisia_trindade_ministra_saude_45-e1694859675246.webp\" \/>\n\t<meta property=\"og:image:width\" content=\"876\" \/>\n\t<meta property=\"og:image:height\" content=\"484\" \/>\n\t<meta property=\"og:image:type\" content=\"image\/webp\" \/>\n<meta name=\"author\" content=\"Reda\u00e7\u00e3o\" \/>\n<meta name=\"twitter:card\" content=\"summary_large_image\" \/>\n<meta name=\"twitter:label1\" content=\"Escrito por\" \/>\n\t<meta name=\"twitter:data1\" content=\"Reda\u00e7\u00e3o\" \/>\n<script type=\"application\/ld+json\" class=\"yoast-schema-graph\">{\"@context\":\"https:\/\/schema.org\",\"@graph\":[{\"@type\":\"Article\",\"@id\":\"https:\/\/brasilnoticias.org\/site\/e-hora-de-retomar-acordo-diz-ministra-da-saude-sobre-parceria-com-cuba\/#article\",\"isPartOf\":{\"@id\":\"https:\/\/brasilnoticias.org\/site\/e-hora-de-retomar-acordo-diz-ministra-da-saude-sobre-parceria-com-cuba\/\"},\"author\":{\"name\":\"Reda\u00e7\u00e3o\",\"@id\":\"https:\/\/brasilnoticias.org\/site\/#\/schema\/person\/03bbbfe6c7634ad18c26444ea39049fa\"},\"headline\":\"\u201c\u00c9 hora de retomar acordo\u201d, diz ministra da Sa\u00fade sobre parceria com Cuba\",\"datePublished\":\"2023-09-17T13:00:46+00:00\",\"mainEntityOfPage\":{\"@id\":\"https:\/\/brasilnoticias.org\/site\/e-hora-de-retomar-acordo-diz-ministra-da-saude-sobre-parceria-com-cuba\/\"},\"wordCount\":210,\"commentCount\":0,\"publisher\":{\"@id\":\"https:\/\/brasilnoticias.org\/site\/#organization\"},\"image\":{\"@id\":\"https:\/\/brasilnoticias.org\/site\/e-hora-de-retomar-acordo-diz-ministra-da-saude-sobre-parceria-com-cuba\/#primaryimage\"},\"thumbnailUrl\":\"https:\/\/brasilnoticias.org\/site\/wp-content\/uploads\/2023\/09\/nisia_trindade_ministra_saude_45-e1694859675246.webp\",\"articleSection\":[\"Mundo\",\"\u00daltimas\"],\"inLanguage\":\"pt-PT\",\"potentialAction\":[{\"@type\":\"CommentAction\",\"name\":\"Comment\",\"target\":[\"https:\/\/brasilnoticias.org\/site\/e-hora-de-retomar-acordo-diz-ministra-da-saude-sobre-parceria-com-cuba\/#respond\"]}]},{\"@type\":\"WebPage\",\"@id\":\"https:\/\/brasilnoticias.org\/site\/e-hora-de-retomar-acordo-diz-ministra-da-saude-sobre-parceria-com-cuba\/\",\"url\":\"https:\/\/brasilnoticias.org\/site\/e-hora-de-retomar-acordo-diz-ministra-da-saude-sobre-parceria-com-cuba\/\",\"name\":\"\u201c\u00c9 hora de retomar acordo\u201d, diz ministra da Sa\u00fade sobre parceria com Cuba - Brasil not\u00edcias\",\"isPartOf\":{\"@id\":\"https:\/\/brasilnoticias.org\/site\/#website\"},\"primaryImageOfPage\":{\"@id\":\"https:\/\/brasilnoticias.org\/site\/e-hora-de-retomar-acordo-diz-ministra-da-saude-sobre-parceria-com-cuba\/#primaryimage\"},\"image\":{\"@id\":\"https:\/\/brasilnoticias.org\/site\/e-hora-de-retomar-acordo-diz-ministra-da-saude-sobre-parceria-com-cuba\/#primaryimage\"},\"thumbnailUrl\":\"https:\/\/brasilnoticias.org\/site\/wp-content\/uploads\/2023\/09\/nisia_trindade_ministra_saude_45-e1694859675246.webp\",\"datePublished\":\"2023-09-17T13:00:46+00:00\",\"breadcrumb\":{\"@id\":\"https:\/\/brasilnoticias.org\/site\/e-hora-de-retomar-acordo-diz-ministra-da-saude-sobre-parceria-com-cuba\/#breadcrumb\"},\"inLanguage\":\"pt-PT\",\"potentialAction\":[{\"@type\":\"ReadAction\",\"target\":[\"https:\/\/brasilnoticias.org\/site\/e-hora-de-retomar-acordo-diz-ministra-da-saude-sobre-parceria-com-cuba\/\"]}]},{\"@type\":\"ImageObject\",\"inLanguage\":\"pt-PT\",\"@id\":\"https:\/\/brasilnoticias.org\/site\/e-hora-de-retomar-acordo-diz-ministra-da-saude-sobre-parceria-com-cuba\/#primaryimage\",\"url\":\"https:\/\/brasilnoticias.org\/site\/wp-content\/uploads\/2023\/09\/nisia_trindade_ministra_saude_45-e1694859675246.webp\",\"contentUrl\":\"https:\/\/brasilnoticias.org\/site\/wp-content\/uploads\/2023\/09\/nisia_trindade_ministra_saude_45-e1694859675246.webp\",\"width\":876,\"height\":484},{\"@type\":\"BreadcrumbList\",\"@id\":\"https:\/\/brasilnoticias.org\/site\/e-hora-de-retomar-acordo-diz-ministra-da-saude-sobre-parceria-com-cuba\/#breadcrumb\",\"itemListElement\":[{\"@type\":\"ListItem\",\"position\":1,\"name\":\"In\u00edcio\",\"item\":\"https:\/\/brasilnoticias.org\/site\/\"},{\"@type\":\"ListItem\",\"position\":2,\"name\":\"\u201c\u00c9 hora de retomar acordo\u201d, diz ministra da Sa\u00fade sobre parceria com Cuba\"}]},{\"@type\":\"WebSite\",\"@id\":\"https:\/\/brasilnoticias.org\/site\/#website\",\"url\":\"https:\/\/brasilnoticias.org\/site\/\",\"name\":\"Brasil not\u00edcias\",\"description\":\"Brasil not\u00edcias\",\"publisher\":{\"@id\":\"https:\/\/brasilnoticias.org\/site\/#organization\"},\"potentialAction\":[{\"@type\":\"SearchAction\",\"target\":{\"@type\":\"EntryPoint\",\"urlTemplate\":\"https:\/\/brasilnoticias.org\/site\/?s={search_term_string}\"},\"query-input\":{\"@type\":\"PropertyValueSpecification\",\"valueRequired\":true,\"valueName\":\"search_term_string\"}}],\"inLanguage\":\"pt-PT\"},{\"@type\":\"Organization\",\"@id\":\"https:\/\/brasilnoticias.org\/site\/#organization\",\"name\":\"Brasil not\u00edcias\",\"url\":\"https:\/\/brasilnoticias.org\/site\/\",\"logo\":{\"@type\":\"ImageObject\",\"inLanguage\":\"pt-PT\",\"@id\":\"https:\/\/brasilnoticias.org\/site\/#\/schema\/logo\/image\/\",\"url\":\"https:\/\/brasilnoticias.org\/site\/wp-content\/uploads\/2022\/05\/cropped-brasilnoticias-mini.jpg\",\"contentUrl\":\"https:\/\/brasilnoticias.org\/site\/wp-content\/uploads\/2022\/05\/cropped-brasilnoticias-mini.jpg\",\"width\":314,\"height\":86,\"caption\":\"Brasil not\u00edcias\"},\"image\":{\"@id\":\"https:\/\/brasilnoticias.org\/site\/#\/schema\/logo\/image\/\"}},{\"@type\":\"Person\",\"@id\":\"https:\/\/brasilnoticias.org\/site\/#\/schema\/person\/03bbbfe6c7634ad18c26444ea39049fa\",\"name\":\"Reda\u00e7\u00e3o\",\"image\":{\"@type\":\"ImageObject\",\"inLanguage\":\"pt-PT\",\"@id\":\"https:\/\/brasilnoticias.org\/site\/#\/schema\/person\/image\/\",\"url\":\"https:\/\/secure.gravatar.com\/avatar\/9ecaf7327a696cb23ad926fedded5f1f04d7049de9e445375d55b48c001a6e42?s=96&d=mm&r=g\",\"contentUrl\":\"https:\/\/secure.gravatar.com\/avatar\/9ecaf7327a696cb23ad926fedded5f1f04d7049de9e445375d55b48c001a6e42?s=96&d=mm&r=g\",\"caption\":\"Reda\u00e7\u00e3o\"},\"url\":\"https:\/\/brasilnoticias.org\/site\/author\/henrique\/\"}]}<\/script>\n<!-- \/ Yoast SEO plugin. -->","yoast_head_json":{"title":"\u201c\u00c9 hora de retomar acordo\u201d, diz ministra da Sa\u00fade sobre parceria com Cuba - Brasil not\u00edcias","robots":{"index":"index","follow":"follow","max-snippet":"max-snippet:-1","max-image-preview":"max-image-preview:large","max-video-preview":"max-video-preview:-1"},"canonical":"https:\/\/brasilnoticias.org\/site\/e-hora-de-retomar-acordo-diz-ministra-da-saude-sobre-parceria-com-cuba\/","og_locale":"pt_PT","og_type":"article","og_title":"\u201c\u00c9 hora de retomar acordo\u201d, diz ministra da Sa\u00fade sobre parceria com Cuba - Brasil not\u00edcias","og_description":"Brasil vai assinar acordo de coopera\u00e7\u00e3o para o desenvolvimento de medicamentos na c\u00fapula do G77+China Antes mesmo do discurso do","og_url":"https:\/\/brasilnoticias.org\/site\/e-hora-de-retomar-acordo-diz-ministra-da-saude-sobre-parceria-com-cuba\/","og_site_name":"Brasil not\u00edcias","article_published_time":"2023-09-17T13:00:46+00:00","og_image":[{"width":876,"height":484,"url":"https:\/\/brasilnoticias.org\/site\/wp-content\/uploads\/2023\/09\/nisia_trindade_ministra_saude_45-e1694859675246.webp","type":"image\/webp"}],"author":"Reda\u00e7\u00e3o","twitter_card":"summary_large_image","twitter_misc":{"Escrito por":"Reda\u00e7\u00e3o"},"schema":{"@context":"https:\/\/schema.org","@graph":[{"@type":"Article","@id":"https:\/\/brasilnoticias.org\/site\/e-hora-de-retomar-acordo-diz-ministra-da-saude-sobre-parceria-com-cuba\/#article","isPartOf":{"@id":"https:\/\/brasilnoticias.org\/site\/e-hora-de-retomar-acordo-diz-ministra-da-saude-sobre-parceria-com-cuba\/"},"author":{"name":"Reda\u00e7\u00e3o","@id":"https:\/\/brasilnoticias.org\/site\/#\/schema\/person\/03bbbfe6c7634ad18c26444ea39049fa"},"headline":"\u201c\u00c9 hora de retomar acordo\u201d, diz ministra da Sa\u00fade sobre parceria com Cuba","datePublished":"2023-09-17T13:00:46+00:00","mainEntityOfPage":{"@id":"https:\/\/brasilnoticias.org\/site\/e-hora-de-retomar-acordo-diz-ministra-da-saude-sobre-parceria-com-cuba\/"},"wordCount":210,"commentCount":0,"publisher":{"@id":"https:\/\/brasilnoticias.org\/site\/#organization"},"image":{"@id":"https:\/\/brasilnoticias.org\/site\/e-hora-de-retomar-acordo-diz-ministra-da-saude-sobre-parceria-com-cuba\/#primaryimage"},"thumbnailUrl":"https:\/\/brasilnoticias.org\/site\/wp-content\/uploads\/2023\/09\/nisia_trindade_ministra_saude_45-e1694859675246.webp","articleSection":["Mundo","\u00daltimas"],"inLanguage":"pt-PT","potentialAction":[{"@type":"CommentAction","name":"Comment","target":["https:\/\/brasilnoticias.org\/site\/e-hora-de-retomar-acordo-diz-ministra-da-saude-sobre-parceria-com-cuba\/#respond"]}]},{"@type":"WebPage","@id":"https:\/\/brasilnoticias.org\/site\/e-hora-de-retomar-acordo-diz-ministra-da-saude-sobre-parceria-com-cuba\/","url":"https:\/\/brasilnoticias.org\/site\/e-hora-de-retomar-acordo-diz-ministra-da-saude-sobre-parceria-com-cuba\/","name":"\u201c\u00c9 hora de retomar acordo\u201d, diz ministra da Sa\u00fade sobre parceria com Cuba - Brasil not\u00edcias","isPartOf":{"@id":"https:\/\/brasilnoticias.org\/site\/#website"},"primaryImageOfPage":{"@id":"https:\/\/brasilnoticias.org\/site\/e-hora-de-retomar-acordo-diz-ministra-da-saude-sobre-parceria-com-cuba\/#primaryimage"},"image":{"@id":"https:\/\/brasilnoticias.org\/site\/e-hora-de-retomar-acordo-diz-ministra-da-saude-sobre-parceria-com-cuba\/#primaryimage"},"thumbnailUrl":"https:\/\/brasilnoticias.org\/site\/wp-content\/uploads\/2023\/09\/nisia_trindade_ministra_saude_45-e1694859675246.webp","datePublished":"2023-09-17T13:00:46+00:00","breadcrumb":{"@id":"https:\/\/brasilnoticias.org\/site\/e-hora-de-retomar-acordo-diz-ministra-da-saude-sobre-parceria-com-cuba\/#breadcrumb"},"inLanguage":"pt-PT","potentialAction":[{"@type":"ReadAction","target":["https:\/\/brasilnoticias.org\/site\/e-hora-de-retomar-acordo-diz-ministra-da-saude-sobre-parceria-com-cuba\/"]}]},{"@type":"ImageObject","inLanguage":"pt-PT","@id":"https:\/\/brasilnoticias.org\/site\/e-hora-de-retomar-acordo-diz-ministra-da-saude-sobre-parceria-com-cuba\/#primaryimage","url":"https:\/\/brasilnoticias.org\/site\/wp-content\/uploads\/2023\/09\/nisia_trindade_ministra_saude_45-e1694859675246.webp","contentUrl":"https:\/\/brasilnoticias.org\/site\/wp-content\/uploads\/2023\/09\/nisia_trindade_ministra_saude_45-e1694859675246.webp","width":876,"height":484},{"@type":"BreadcrumbList","@id":"https:\/\/brasilnoticias.org\/site\/e-hora-de-retomar-acordo-diz-ministra-da-saude-sobre-parceria-com-cuba\/#breadcrumb","itemListElement":[{"@type":"ListItem","position":1,"name":"In\u00edcio","item":"https:\/\/brasilnoticias.org\/site\/"},{"@type":"ListItem","position":2,"name":"\u201c\u00c9 hora de retomar acordo\u201d, diz ministra da Sa\u00fade sobre parceria com Cuba"}]},{"@type":"WebSite","@id":"https:\/\/brasilnoticias.org\/site\/#website","url":"https:\/\/brasilnoticias.org\/site\/","name":"Brasil not\u00edcias","description":"Brasil not\u00edcias","publisher":{"@id":"https:\/\/brasilnoticias.org\/site\/#organization"},"potentialAction":[{"@type":"SearchAction","target":{"@type":"EntryPoint","urlTemplate":"https:\/\/brasilnoticias.org\/site\/?s={search_term_string}"},"query-input":{"@type":"PropertyValueSpecification","valueRequired":true,"valueName":"search_term_string"}}],"inLanguage":"pt-PT"},{"@type":"Organization","@id":"https:\/\/brasilnoticias.org\/site\/#organization","name":"Brasil not\u00edcias","url":"https:\/\/brasilnoticias.org\/site\/","logo":{"@type":"ImageObject","inLanguage":"pt-PT","@id":"https:\/\/brasilnoticias.org\/site\/#\/schema\/logo\/image\/","url":"https:\/\/brasilnoticias.org\/site\/wp-content\/uploads\/2022\/05\/cropped-brasilnoticias-mini.jpg","contentUrl":"https:\/\/brasilnoticias.org\/site\/wp-content\/uploads\/2022\/05\/cropped-brasilnoticias-mini.jpg","width":314,"height":86,"caption":"Brasil not\u00edcias"},"image":{"@id":"https:\/\/brasilnoticias.org\/site\/#\/schema\/logo\/image\/"}},{"@type":"Person","@id":"https:\/\/brasilnoticias.org\/site\/#\/schema\/person\/03bbbfe6c7634ad18c26444ea39049fa","name":"Reda\u00e7\u00e3o","image":{"@type":"ImageObject","inLanguage":"pt-PT","@id":"https:\/\/brasilnoticias.org\/site\/#\/schema\/person\/image\/","url":"https:\/\/secure.gravatar.com\/avatar\/9ecaf7327a696cb23ad926fedded5f1f04d7049de9e445375d55b48c001a6e42?s=96&d=mm&r=g","contentUrl":"https:\/\/secure.gravatar.com\/avatar\/9ecaf7327a696cb23ad926fedded5f1f04d7049de9e445375d55b48c001a6e42?s=96&d=mm&r=g","caption":"Reda\u00e7\u00e3o"},"url":"https:\/\/brasilnoticias.org\/site\/author\/henrique\/"}]}},"_links":{"self":[{"href":"https:\/\/brasilnoticias.org\/site\/wp-json\/wp\/v2\/posts\/9306","targetHints":{"allow":["GET"]}}],"collection":[{"href":"https:\/\/brasilnoticias.org\/site\/wp-json\/wp\/v2\/posts"}],"about":[{"href":"https:\/\/brasilnoticias.org\/site\/wp-json\/wp\/v2\/types\/post"}],"author":[{"embeddable":true,"href":"https:\/\/brasilnoticias.org\/site\/wp-json\/wp\/v2\/users\/4"}],"replies":[{"embeddable":true,"href":"https:\/\/brasilnoticias.org\/site\/wp-json\/wp\/v2\/comments?post=9306"}],"version-history":[{"count":1,"href":"https:\/\/brasilnoticias.org\/site\/wp-json\/wp\/v2\/posts\/9306\/revisions"}],"predecessor-version":[{"id":9308,"href":"https:\/\/brasilnoticias.org\/site\/wp-json\/wp\/v2\/posts\/9306\/revisions\/9308"}],"wp:featuredmedia":[{"embeddable":true,"href":"https:\/\/brasilnoticias.org\/site\/wp-json\/wp\/v2\/media\/9307"}],"wp:attachment":[{"href":"https:\/\/brasilnoticias.org\/site\/wp-json\/wp\/v2\/media?parent=9306"}],"wp:term":[{"taxonomy":"category","embeddable":true,"href":"https:\/\/brasilnoticias.org\/site\/wp-json\/wp\/v2\/categories?post=9306"},{"taxonomy":"post_tag","embeddable":true,"href":"https:\/\/brasilnoticias.org\/site\/wp-json\/wp\/v2\/tags?post=9306"}],"curies":[{"name":"wp","href":"https:\/\/api.w.org\/{rel}","templated":true}]}}