{"id":9330,"date":"2023-09-18T18:12:21","date_gmt":"2023-09-18T21:12:21","guid":{"rendered":"https:\/\/brasilnoticias.org\/site\/?p=9330"},"modified":"2023-09-18T18:12:21","modified_gmt":"2023-09-18T21:12:21","slug":"governo-faz-revisao-positiva-e-expectativa-do-pib-passa-a-ser-de-crescimento-de-32","status":"publish","type":"post","link":"https:\/\/brasilnoticias.org\/site\/governo-faz-revisao-positiva-e-expectativa-do-pib-passa-a-ser-de-crescimento-de-32\/","title":{"rendered":"Governo faz revis\u00e3o positiva e expectativa do PIB passa a ser de crescimento de 3,2%"},"content":{"rendered":"<p>Resultado previsto anteriormente era de 2,5%, mas a safra agr\u00edcola recorde potencializou este resultado<\/p>\n<p>O Minist\u00e9rio da Fazenda revisou positivamente a proje\u00e7\u00e3o de crescimento para o Produto Interno Bruto (PIB) brasileiro. Movido principalmente pelo resultado de uma safra agr\u00edcola recorde, o resultado esperado saiu de 2,5% para 3,2%.<\/p>\n<p>Apesar do crescimento esperado, o \u00edndice da infla\u00e7\u00e3o n\u00e3o deve se alterar e se manteve em 4,85%. A marca do \u00cdndice Nacional de Pre\u00e7os ao Consumidor (IPCA) est\u00e1 em um patamar maior do que a meta estipulada de 3,25%, com toler\u00e2ncia de 1,5 ponto porcentual.<\/p>\n<p>Quando a an\u00e1lise abarca o ano de 2024, a expectativa se manteve em um crescimento de 2,3%. J\u00e1 em termos da infla\u00e7\u00e3o, o esperado subiu de 3,3% para 3,4%, o que \u00e9 um panorama dentro do esperado para a meta do pr\u00f3ximo ano, estipulada em 3%, mas com a toler\u00e2ncia de 1,5 ponto percentual.<\/p>\n<p>Foto: Divulga\u00e7\u00e3o<br \/>\nMetro1<\/p>\n","protected":false},"excerpt":{"rendered":"<p>Resultado previsto anteriormente era de 2,5%, mas a safra agr\u00edcola recorde potencializou este resultado O Minist\u00e9rio da Fazenda revisou positivamente<\/p>\n","protected":false},"author":4,"featured_media":9331,"comment_status":"open","ping_status":"open","sticky":false,"template":"","format":"standard","meta":{"colormag_page_container_layout":"default_layout","colormag_page_sidebar_layout":"default_layout","_FSMCFIC_featured_image_caption":"","_FSMCFIC_featured_image_nocaption":"","_FSMCFIC_featured_image_hide":"","footnotes":""},"categories":[5,1],"tags":[],"class_list":["post-9330","post","type-post","status-publish","format-standard","has-post-thumbnail","hentry","category-politica","category-ultimas"],"yoast_head":"<!-- This site is optimized with the Yoast SEO plugin v27.1.1 - https:\/\/yoast.com\/product\/yoast-seo-wordpress\/ -->\n<title>Governo faz revis\u00e3o positiva e expectativa do PIB passa a ser de crescimento de 3,2% - Brasil not\u00edcias<\/title>\n<meta name=\"robots\" content=\"index, follow, max-snippet:-1, max-image-preview:large, max-video-preview:-1\" \/>\n<link rel=\"canonical\" href=\"https:\/\/brasilnoticias.org\/site\/governo-faz-revisao-positiva-e-expectativa-do-pib-passa-a-ser-de-crescimento-de-32\/\" \/>\n<meta property=\"og:locale\" content=\"pt_PT\" \/>\n<meta property=\"og:type\" content=\"article\" \/>\n<meta property=\"og:title\" content=\"Governo faz revis\u00e3o positiva e expectativa do PIB passa a ser de crescimento de 3,2% - Brasil not\u00edcias\" \/>\n<meta property=\"og:description\" content=\"Resultado previsto anteriormente era de 2,5%, mas a safra agr\u00edcola recorde potencializou este resultado O Minist\u00e9rio da Fazenda revisou positivamente\" \/>\n<meta property=\"og:url\" content=\"https:\/\/brasilnoticias.org\/site\/governo-faz-revisao-positiva-e-expectativa-do-pib-passa-a-ser-de-crescimento-de-32\/\" \/>\n<meta property=\"og:site_name\" content=\"Brasil not\u00edcias\" \/>\n<meta property=\"article:published_time\" content=\"2023-09-18T21:12:21+00:00\" \/>\n<meta property=\"og:image\" content=\"https:\/\/brasilnoticias.org\/site\/wp-content\/uploads\/2023\/09\/141083governo-faz-revisao-positiva-e-expectativa-do-pib-passa-a-ser-de-crescimento-de-32-3.jpg\" \/>\n\t<meta property=\"og:image:width\" content=\"1600\" \/>\n\t<meta property=\"og:image:height\" content=\"752\" \/>\n\t<meta property=\"og:image:type\" content=\"image\/jpeg\" \/>\n<meta name=\"author\" content=\"Reda\u00e7\u00e3o\" \/>\n<meta name=\"twitter:card\" content=\"summary_large_image\" \/>\n<meta name=\"twitter:label1\" content=\"Escrito por\" \/>\n\t<meta name=\"twitter:data1\" content=\"Reda\u00e7\u00e3o\" \/>\n<script type=\"application\/ld+json\" class=\"yoast-schema-graph\">{\"@context\":\"https:\/\/schema.org\",\"@graph\":[{\"@type\":\"Article\",\"@id\":\"https:\/\/brasilnoticias.org\/site\/governo-faz-revisao-positiva-e-expectativa-do-pib-passa-a-ser-de-crescimento-de-32\/#article\",\"isPartOf\":{\"@id\":\"https:\/\/brasilnoticias.org\/site\/governo-faz-revisao-positiva-e-expectativa-do-pib-passa-a-ser-de-crescimento-de-32\/\"},\"author\":{\"name\":\"Reda\u00e7\u00e3o\",\"@id\":\"https:\/\/brasilnoticias.org\/site\/#\/schema\/person\/03bbbfe6c7634ad18c26444ea39049fa\"},\"headline\":\"Governo faz revis\u00e3o positiva e expectativa do PIB passa a ser de crescimento de 3,2%\",\"datePublished\":\"2023-09-18T21:12:21+00:00\",\"mainEntityOfPage\":{\"@id\":\"https:\/\/brasilnoticias.org\/site\/governo-faz-revisao-positiva-e-expectativa-do-pib-passa-a-ser-de-crescimento-de-32\/\"},\"wordCount\":165,\"commentCount\":0,\"publisher\":{\"@id\":\"https:\/\/brasilnoticias.org\/site\/#organization\"},\"image\":{\"@id\":\"https:\/\/brasilnoticias.org\/site\/governo-faz-revisao-positiva-e-expectativa-do-pib-passa-a-ser-de-crescimento-de-32\/#primaryimage\"},\"thumbnailUrl\":\"https:\/\/brasilnoticias.org\/site\/wp-content\/uploads\/2023\/09\/141083governo-faz-revisao-positiva-e-expectativa-do-pib-passa-a-ser-de-crescimento-de-32-3.jpg\",\"articleSection\":[\"Pol\u00edtica\",\"\u00daltimas\"],\"inLanguage\":\"pt-PT\",\"potentialAction\":[{\"@type\":\"CommentAction\",\"name\":\"Comment\",\"target\":[\"https:\/\/brasilnoticias.org\/site\/governo-faz-revisao-positiva-e-expectativa-do-pib-passa-a-ser-de-crescimento-de-32\/#respond\"]}]},{\"@type\":\"WebPage\",\"@id\":\"https:\/\/brasilnoticias.org\/site\/governo-faz-revisao-positiva-e-expectativa-do-pib-passa-a-ser-de-crescimento-de-32\/\",\"url\":\"https:\/\/brasilnoticias.org\/site\/governo-faz-revisao-positiva-e-expectativa-do-pib-passa-a-ser-de-crescimento-de-32\/\",\"name\":\"Governo faz revis\u00e3o positiva e expectativa do PIB passa a ser de crescimento de 3,2% - Brasil not\u00edcias\",\"isPartOf\":{\"@id\":\"https:\/\/brasilnoticias.org\/site\/#website\"},\"primaryImageOfPage\":{\"@id\":\"https:\/\/brasilnoticias.org\/site\/governo-faz-revisao-positiva-e-expectativa-do-pib-passa-a-ser-de-crescimento-de-32\/#primaryimage\"},\"image\":{\"@id\":\"https:\/\/brasilnoticias.org\/site\/governo-faz-revisao-positiva-e-expectativa-do-pib-passa-a-ser-de-crescimento-de-32\/#primaryimage\"},\"thumbnailUrl\":\"https:\/\/brasilnoticias.org\/site\/wp-content\/uploads\/2023\/09\/141083governo-faz-revisao-positiva-e-expectativa-do-pib-passa-a-ser-de-crescimento-de-32-3.jpg\",\"datePublished\":\"2023-09-18T21:12:21+00:00\",\"breadcrumb\":{\"@id\":\"https:\/\/brasilnoticias.org\/site\/governo-faz-revisao-positiva-e-expectativa-do-pib-passa-a-ser-de-crescimento-de-32\/#breadcrumb\"},\"inLanguage\":\"pt-PT\",\"potentialAction\":[{\"@type\":\"ReadAction\",\"target\":[\"https:\/\/brasilnoticias.org\/site\/governo-faz-revisao-positiva-e-expectativa-do-pib-passa-a-ser-de-crescimento-de-32\/\"]}]},{\"@type\":\"ImageObject\",\"inLanguage\":\"pt-PT\",\"@id\":\"https:\/\/brasilnoticias.org\/site\/governo-faz-revisao-positiva-e-expectativa-do-pib-passa-a-ser-de-crescimento-de-32\/#primaryimage\",\"url\":\"https:\/\/brasilnoticias.org\/site\/wp-content\/uploads\/2023\/09\/141083governo-faz-revisao-positiva-e-expectativa-do-pib-passa-a-ser-de-crescimento-de-32-3.jpg\",\"contentUrl\":\"https:\/\/brasilnoticias.org\/site\/wp-content\/uploads\/2023\/09\/141083governo-faz-revisao-positiva-e-expectativa-do-pib-passa-a-ser-de-crescimento-de-32-3.jpg\",\"width\":1600,\"height\":752},{\"@type\":\"BreadcrumbList\",\"@id\":\"https:\/\/brasilnoticias.org\/site\/governo-faz-revisao-positiva-e-expectativa-do-pib-passa-a-ser-de-crescimento-de-32\/#breadcrumb\",\"itemListElement\":[{\"@type\":\"ListItem\",\"position\":1,\"name\":\"In\u00edcio\",\"item\":\"https:\/\/brasilnoticias.org\/site\/\"},{\"@type\":\"ListItem\",\"position\":2,\"name\":\"Governo faz revis\u00e3o positiva e expectativa do PIB passa a ser de crescimento de 3,2%\"}]},{\"@type\":\"WebSite\",\"@id\":\"https:\/\/brasilnoticias.org\/site\/#website\",\"url\":\"https:\/\/brasilnoticias.org\/site\/\",\"name\":\"Brasil not\u00edcias\",\"description\":\"Brasil not\u00edcias\",\"publisher\":{\"@id\":\"https:\/\/brasilnoticias.org\/site\/#organization\"},\"potentialAction\":[{\"@type\":\"SearchAction\",\"target\":{\"@type\":\"EntryPoint\",\"urlTemplate\":\"https:\/\/brasilnoticias.org\/site\/?s={search_term_string}\"},\"query-input\":{\"@type\":\"PropertyValueSpecification\",\"valueRequired\":true,\"valueName\":\"search_term_string\"}}],\"inLanguage\":\"pt-PT\"},{\"@type\":\"Organization\",\"@id\":\"https:\/\/brasilnoticias.org\/site\/#organization\",\"name\":\"Brasil not\u00edcias\",\"url\":\"https:\/\/brasilnoticias.org\/site\/\",\"logo\":{\"@type\":\"ImageObject\",\"inLanguage\":\"pt-PT\",\"@id\":\"https:\/\/brasilnoticias.org\/site\/#\/schema\/logo\/image\/\",\"url\":\"https:\/\/brasilnoticias.org\/site\/wp-content\/uploads\/2022\/05\/cropped-brasilnoticias-mini.jpg\",\"contentUrl\":\"https:\/\/brasilnoticias.org\/site\/wp-content\/uploads\/2022\/05\/cropped-brasilnoticias-mini.jpg\",\"width\":314,\"height\":86,\"caption\":\"Brasil not\u00edcias\"},\"image\":{\"@id\":\"https:\/\/brasilnoticias.org\/site\/#\/schema\/logo\/image\/\"}},{\"@type\":\"Person\",\"@id\":\"https:\/\/brasilnoticias.org\/site\/#\/schema\/person\/03bbbfe6c7634ad18c26444ea39049fa\",\"name\":\"Reda\u00e7\u00e3o\",\"image\":{\"@type\":\"ImageObject\",\"inLanguage\":\"pt-PT\",\"@id\":\"https:\/\/brasilnoticias.org\/site\/#\/schema\/person\/image\/\",\"url\":\"https:\/\/secure.gravatar.com\/avatar\/9ecaf7327a696cb23ad926fedded5f1f04d7049de9e445375d55b48c001a6e42?s=96&d=mm&r=g\",\"contentUrl\":\"https:\/\/secure.gravatar.com\/avatar\/9ecaf7327a696cb23ad926fedded5f1f04d7049de9e445375d55b48c001a6e42?s=96&d=mm&r=g\",\"caption\":\"Reda\u00e7\u00e3o\"},\"url\":\"https:\/\/brasilnoticias.org\/site\/author\/henrique\/\"}]}<\/script>\n<!-- \/ Yoast SEO plugin. -->","yoast_head_json":{"title":"Governo faz revis\u00e3o positiva e expectativa do PIB passa a ser de crescimento de 3,2% - Brasil not\u00edcias","robots":{"index":"index","follow":"follow","max-snippet":"max-snippet:-1","max-image-preview":"max-image-preview:large","max-video-preview":"max-video-preview:-1"},"canonical":"https:\/\/brasilnoticias.org\/site\/governo-faz-revisao-positiva-e-expectativa-do-pib-passa-a-ser-de-crescimento-de-32\/","og_locale":"pt_PT","og_type":"article","og_title":"Governo faz revis\u00e3o positiva e expectativa do PIB passa a ser de crescimento de 3,2% - Brasil not\u00edcias","og_description":"Resultado previsto anteriormente era de 2,5%, mas a safra agr\u00edcola recorde potencializou este resultado O Minist\u00e9rio da Fazenda revisou positivamente","og_url":"https:\/\/brasilnoticias.org\/site\/governo-faz-revisao-positiva-e-expectativa-do-pib-passa-a-ser-de-crescimento-de-32\/","og_site_name":"Brasil not\u00edcias","article_published_time":"2023-09-18T21:12:21+00:00","og_image":[{"width":1600,"height":752,"url":"https:\/\/brasilnoticias.org\/site\/wp-content\/uploads\/2023\/09\/141083governo-faz-revisao-positiva-e-expectativa-do-pib-passa-a-ser-de-crescimento-de-32-3.jpg","type":"image\/jpeg"}],"author":"Reda\u00e7\u00e3o","twitter_card":"summary_large_image","twitter_misc":{"Escrito por":"Reda\u00e7\u00e3o"},"schema":{"@context":"https:\/\/schema.org","@graph":[{"@type":"Article","@id":"https:\/\/brasilnoticias.org\/site\/governo-faz-revisao-positiva-e-expectativa-do-pib-passa-a-ser-de-crescimento-de-32\/#article","isPartOf":{"@id":"https:\/\/brasilnoticias.org\/site\/governo-faz-revisao-positiva-e-expectativa-do-pib-passa-a-ser-de-crescimento-de-32\/"},"author":{"name":"Reda\u00e7\u00e3o","@id":"https:\/\/brasilnoticias.org\/site\/#\/schema\/person\/03bbbfe6c7634ad18c26444ea39049fa"},"headline":"Governo faz revis\u00e3o positiva e expectativa do PIB passa a ser de crescimento de 3,2%","datePublished":"2023-09-18T21:12:21+00:00","mainEntityOfPage":{"@id":"https:\/\/brasilnoticias.org\/site\/governo-faz-revisao-positiva-e-expectativa-do-pib-passa-a-ser-de-crescimento-de-32\/"},"wordCount":165,"commentCount":0,"publisher":{"@id":"https:\/\/brasilnoticias.org\/site\/#organization"},"image":{"@id":"https:\/\/brasilnoticias.org\/site\/governo-faz-revisao-positiva-e-expectativa-do-pib-passa-a-ser-de-crescimento-de-32\/#primaryimage"},"thumbnailUrl":"https:\/\/brasilnoticias.org\/site\/wp-content\/uploads\/2023\/09\/141083governo-faz-revisao-positiva-e-expectativa-do-pib-passa-a-ser-de-crescimento-de-32-3.jpg","articleSection":["Pol\u00edtica","\u00daltimas"],"inLanguage":"pt-PT","potentialAction":[{"@type":"CommentAction","name":"Comment","target":["https:\/\/brasilnoticias.org\/site\/governo-faz-revisao-positiva-e-expectativa-do-pib-passa-a-ser-de-crescimento-de-32\/#respond"]}]},{"@type":"WebPage","@id":"https:\/\/brasilnoticias.org\/site\/governo-faz-revisao-positiva-e-expectativa-do-pib-passa-a-ser-de-crescimento-de-32\/","url":"https:\/\/brasilnoticias.org\/site\/governo-faz-revisao-positiva-e-expectativa-do-pib-passa-a-ser-de-crescimento-de-32\/","name":"Governo faz revis\u00e3o positiva e expectativa do PIB passa a ser de crescimento de 3,2% - Brasil not\u00edcias","isPartOf":{"@id":"https:\/\/brasilnoticias.org\/site\/#website"},"primaryImageOfPage":{"@id":"https:\/\/brasilnoticias.org\/site\/governo-faz-revisao-positiva-e-expectativa-do-pib-passa-a-ser-de-crescimento-de-32\/#primaryimage"},"image":{"@id":"https:\/\/brasilnoticias.org\/site\/governo-faz-revisao-positiva-e-expectativa-do-pib-passa-a-ser-de-crescimento-de-32\/#primaryimage"},"thumbnailUrl":"https:\/\/brasilnoticias.org\/site\/wp-content\/uploads\/2023\/09\/141083governo-faz-revisao-positiva-e-expectativa-do-pib-passa-a-ser-de-crescimento-de-32-3.jpg","datePublished":"2023-09-18T21:12:21+00:00","breadcrumb":{"@id":"https:\/\/brasilnoticias.org\/site\/governo-faz-revisao-positiva-e-expectativa-do-pib-passa-a-ser-de-crescimento-de-32\/#breadcrumb"},"inLanguage":"pt-PT","potentialAction":[{"@type":"ReadAction","target":["https:\/\/brasilnoticias.org\/site\/governo-faz-revisao-positiva-e-expectativa-do-pib-passa-a-ser-de-crescimento-de-32\/"]}]},{"@type":"ImageObject","inLanguage":"pt-PT","@id":"https:\/\/brasilnoticias.org\/site\/governo-faz-revisao-positiva-e-expectativa-do-pib-passa-a-ser-de-crescimento-de-32\/#primaryimage","url":"https:\/\/brasilnoticias.org\/site\/wp-content\/uploads\/2023\/09\/141083governo-faz-revisao-positiva-e-expectativa-do-pib-passa-a-ser-de-crescimento-de-32-3.jpg","contentUrl":"https:\/\/brasilnoticias.org\/site\/wp-content\/uploads\/2023\/09\/141083governo-faz-revisao-positiva-e-expectativa-do-pib-passa-a-ser-de-crescimento-de-32-3.jpg","width":1600,"height":752},{"@type":"BreadcrumbList","@id":"https:\/\/brasilnoticias.org\/site\/governo-faz-revisao-positiva-e-expectativa-do-pib-passa-a-ser-de-crescimento-de-32\/#breadcrumb","itemListElement":[{"@type":"ListItem","position":1,"name":"In\u00edcio","item":"https:\/\/brasilnoticias.org\/site\/"},{"@type":"ListItem","position":2,"name":"Governo faz revis\u00e3o positiva e expectativa do PIB passa a ser de crescimento de 3,2%"}]},{"@type":"WebSite","@id":"https:\/\/brasilnoticias.org\/site\/#website","url":"https:\/\/brasilnoticias.org\/site\/","name":"Brasil not\u00edcias","description":"Brasil not\u00edcias","publisher":{"@id":"https:\/\/brasilnoticias.org\/site\/#organization"},"potentialAction":[{"@type":"SearchAction","target":{"@type":"EntryPoint","urlTemplate":"https:\/\/brasilnoticias.org\/site\/?s={search_term_string}"},"query-input":{"@type":"PropertyValueSpecification","valueRequired":true,"valueName":"search_term_string"}}],"inLanguage":"pt-PT"},{"@type":"Organization","@id":"https:\/\/brasilnoticias.org\/site\/#organization","name":"Brasil not\u00edcias","url":"https:\/\/brasilnoticias.org\/site\/","logo":{"@type":"ImageObject","inLanguage":"pt-PT","@id":"https:\/\/brasilnoticias.org\/site\/#\/schema\/logo\/image\/","url":"https:\/\/brasilnoticias.org\/site\/wp-content\/uploads\/2022\/05\/cropped-brasilnoticias-mini.jpg","contentUrl":"https:\/\/brasilnoticias.org\/site\/wp-content\/uploads\/2022\/05\/cropped-brasilnoticias-mini.jpg","width":314,"height":86,"caption":"Brasil not\u00edcias"},"image":{"@id":"https:\/\/brasilnoticias.org\/site\/#\/schema\/logo\/image\/"}},{"@type":"Person","@id":"https:\/\/brasilnoticias.org\/site\/#\/schema\/person\/03bbbfe6c7634ad18c26444ea39049fa","name":"Reda\u00e7\u00e3o","image":{"@type":"ImageObject","inLanguage":"pt-PT","@id":"https:\/\/brasilnoticias.org\/site\/#\/schema\/person\/image\/","url":"https:\/\/secure.gravatar.com\/avatar\/9ecaf7327a696cb23ad926fedded5f1f04d7049de9e445375d55b48c001a6e42?s=96&d=mm&r=g","contentUrl":"https:\/\/secure.gravatar.com\/avatar\/9ecaf7327a696cb23ad926fedded5f1f04d7049de9e445375d55b48c001a6e42?s=96&d=mm&r=g","caption":"Reda\u00e7\u00e3o"},"url":"https:\/\/brasilnoticias.org\/site\/author\/henrique\/"}]}},"_links":{"self":[{"href":"https:\/\/brasilnoticias.org\/site\/wp-json\/wp\/v2\/posts\/9330","targetHints":{"allow":["GET"]}}],"collection":[{"href":"https:\/\/brasilnoticias.org\/site\/wp-json\/wp\/v2\/posts"}],"about":[{"href":"https:\/\/brasilnoticias.org\/site\/wp-json\/wp\/v2\/types\/post"}],"author":[{"embeddable":true,"href":"https:\/\/brasilnoticias.org\/site\/wp-json\/wp\/v2\/users\/4"}],"replies":[{"embeddable":true,"href":"https:\/\/brasilnoticias.org\/site\/wp-json\/wp\/v2\/comments?post=9330"}],"version-history":[{"count":1,"href":"https:\/\/brasilnoticias.org\/site\/wp-json\/wp\/v2\/posts\/9330\/revisions"}],"predecessor-version":[{"id":9332,"href":"https:\/\/brasilnoticias.org\/site\/wp-json\/wp\/v2\/posts\/9330\/revisions\/9332"}],"wp:featuredmedia":[{"embeddable":true,"href":"https:\/\/brasilnoticias.org\/site\/wp-json\/wp\/v2\/media\/9331"}],"wp:attachment":[{"href":"https:\/\/brasilnoticias.org\/site\/wp-json\/wp\/v2\/media?parent=9330"}],"wp:term":[{"taxonomy":"category","embeddable":true,"href":"https:\/\/brasilnoticias.org\/site\/wp-json\/wp\/v2\/categories?post=9330"},{"taxonomy":"post_tag","embeddable":true,"href":"https:\/\/brasilnoticias.org\/site\/wp-json\/wp\/v2\/tags?post=9330"}],"curies":[{"name":"wp","href":"https:\/\/api.w.org\/{rel}","templated":true}]}}