{"id":9381,"date":"2023-09-19T18:49:54","date_gmt":"2023-09-19T21:49:54","guid":{"rendered":"https:\/\/brasilnoticias.org\/site\/?p=9381"},"modified":"2023-09-19T18:49:54","modified_gmt":"2023-09-19T21:49:54","slug":"homem-que-esfaqueou-degolou-e-ateou-fogo-na-propria-mae-e-morto-pela-pm","status":"publish","type":"post","link":"https:\/\/brasilnoticias.org\/site\/homem-que-esfaqueou-degolou-e-ateou-fogo-na-propria-mae-e-morto-pela-pm\/","title":{"rendered":"Homem que esfaqueou, degolou e ateou fogo na pr\u00f3pria m\u00e3e \u00e9 morto pela PM"},"content":{"rendered":"<p>O homem de 31 anos acusado de esfaquear, degolar e atear fogo na pr\u00f3pria m\u00e3e, na \u00faltima sexta-feira (15), acabou sendo morto pela Pol\u00edcia Militar em Santos, no litoral de S\u00e3o Paulo.<\/p>\n<p>Caio Augusto Navarro Arisa estava foragido at\u00e9 domingo, quando foi identificado por moradores da regi\u00e3o, que acionaram a pol\u00edcia. Ele havia fugido logo ap\u00f3s atear fogo na m\u00e3e.<\/p>\n<p>Ao ver a viatura, Caio tentou fugir e chegou a esfaquear um dos homens que indicou sua localiza\u00e7\u00e3o para a PM. Um dos policiais, ent\u00e3o, acertou o suspeito com um tiro ap\u00f3s ele desobedecer uma ordem de parada.<\/p>\n<p>O Samu chegou a ser acionado, mas o homem n\u00e3o resistiu aos ferimentos. A PM apreendeu cinco facas com o suspeito.<\/p>\n<p>O corpo da m\u00e3e do rapaz, Elizabeth Amelia Navarro, de 58 anos, foi encontrado por bombeiros dentro do apartamento onde ela morava, no bairro Embar\u00e9. A idosa tinha uma s\u00e9rie de perfura\u00e7\u00f5es no corpo, especialmente na garganta. <\/p>\n<p>Foto: Divulga\u00e7\u00e3o\/Pol\u00edcia Civil<br \/>\nBNews<\/p>\n","protected":false},"excerpt":{"rendered":"<p>O homem de 31 anos acusado de esfaquear, degolar e atear fogo na pr\u00f3pria m\u00e3e, na \u00faltima sexta-feira (15), acabou<\/p>\n","protected":false},"author":4,"featured_media":9382,"comment_status":"open","ping_status":"open","sticky":false,"template":"","format":"standard","meta":{"colormag_page_container_layout":"default_layout","colormag_page_sidebar_layout":"default_layout","_FSMCFIC_featured_image_caption":"","_FSMCFIC_featured_image_nocaption":"","_FSMCFIC_featured_image_hide":"","footnotes":""},"categories":[3,1],"tags":[],"class_list":["post-9381","post","type-post","status-publish","format-standard","has-post-thumbnail","hentry","category-policia","category-ultimas"],"yoast_head":"<!-- This site is optimized with the Yoast SEO plugin v27.1.1 - https:\/\/yoast.com\/product\/yoast-seo-wordpress\/ -->\n<title>Homem que esfaqueou, degolou e ateou fogo na pr\u00f3pria m\u00e3e \u00e9 morto pela PM - Brasil not\u00edcias<\/title>\n<meta name=\"robots\" content=\"index, follow, max-snippet:-1, max-image-preview:large, max-video-preview:-1\" \/>\n<link rel=\"canonical\" href=\"https:\/\/brasilnoticias.org\/site\/homem-que-esfaqueou-degolou-e-ateou-fogo-na-propria-mae-e-morto-pela-pm\/\" \/>\n<meta property=\"og:locale\" content=\"pt_PT\" \/>\n<meta property=\"og:type\" content=\"article\" \/>\n<meta property=\"og:title\" content=\"Homem que esfaqueou, degolou e ateou fogo na pr\u00f3pria m\u00e3e \u00e9 morto pela PM - Brasil not\u00edcias\" \/>\n<meta property=\"og:description\" content=\"O homem de 31 anos acusado de esfaquear, degolar e atear fogo na pr\u00f3pria m\u00e3e, na \u00faltima sexta-feira (15), acabou\" \/>\n<meta property=\"og:url\" content=\"https:\/\/brasilnoticias.org\/site\/homem-que-esfaqueou-degolou-e-ateou-fogo-na-propria-mae-e-morto-pela-pm\/\" \/>\n<meta property=\"og:site_name\" content=\"Brasil not\u00edcias\" \/>\n<meta property=\"article:published_time\" content=\"2023-09-19T21:49:54+00:00\" \/>\n<meta property=\"og:image\" content=\"https:\/\/brasilnoticias.org\/site\/wp-content\/uploads\/2023\/09\/kjhjuh_K0u6It0_widelg.jpg\" \/>\n\t<meta property=\"og:image:width\" content=\"800\" \/>\n\t<meta property=\"og:image:height\" content=\"450\" \/>\n\t<meta property=\"og:image:type\" content=\"image\/jpeg\" \/>\n<meta name=\"author\" content=\"Reda\u00e7\u00e3o\" \/>\n<meta name=\"twitter:card\" content=\"summary_large_image\" \/>\n<meta name=\"twitter:label1\" content=\"Escrito por\" \/>\n\t<meta name=\"twitter:data1\" content=\"Reda\u00e7\u00e3o\" \/>\n<script type=\"application\/ld+json\" class=\"yoast-schema-graph\">{\"@context\":\"https:\/\/schema.org\",\"@graph\":[{\"@type\":\"Article\",\"@id\":\"https:\/\/brasilnoticias.org\/site\/homem-que-esfaqueou-degolou-e-ateou-fogo-na-propria-mae-e-morto-pela-pm\/#article\",\"isPartOf\":{\"@id\":\"https:\/\/brasilnoticias.org\/site\/homem-que-esfaqueou-degolou-e-ateou-fogo-na-propria-mae-e-morto-pela-pm\/\"},\"author\":{\"name\":\"Reda\u00e7\u00e3o\",\"@id\":\"https:\/\/brasilnoticias.org\/site\/#\/schema\/person\/03bbbfe6c7634ad18c26444ea39049fa\"},\"headline\":\"Homem que esfaqueou, degolou e ateou fogo na pr\u00f3pria m\u00e3e \u00e9 morto pela PM\",\"datePublished\":\"2023-09-19T21:49:54+00:00\",\"mainEntityOfPage\":{\"@id\":\"https:\/\/brasilnoticias.org\/site\/homem-que-esfaqueou-degolou-e-ateou-fogo-na-propria-mae-e-morto-pela-pm\/\"},\"wordCount\":190,\"commentCount\":0,\"publisher\":{\"@id\":\"https:\/\/brasilnoticias.org\/site\/#organization\"},\"image\":{\"@id\":\"https:\/\/brasilnoticias.org\/site\/homem-que-esfaqueou-degolou-e-ateou-fogo-na-propria-mae-e-morto-pela-pm\/#primaryimage\"},\"thumbnailUrl\":\"https:\/\/brasilnoticias.org\/site\/wp-content\/uploads\/2023\/09\/kjhjuh_K0u6It0_widelg.jpg\",\"articleSection\":[\"Pol\u00edcia\",\"\u00daltimas\"],\"inLanguage\":\"pt-PT\",\"potentialAction\":[{\"@type\":\"CommentAction\",\"name\":\"Comment\",\"target\":[\"https:\/\/brasilnoticias.org\/site\/homem-que-esfaqueou-degolou-e-ateou-fogo-na-propria-mae-e-morto-pela-pm\/#respond\"]}]},{\"@type\":\"WebPage\",\"@id\":\"https:\/\/brasilnoticias.org\/site\/homem-que-esfaqueou-degolou-e-ateou-fogo-na-propria-mae-e-morto-pela-pm\/\",\"url\":\"https:\/\/brasilnoticias.org\/site\/homem-que-esfaqueou-degolou-e-ateou-fogo-na-propria-mae-e-morto-pela-pm\/\",\"name\":\"Homem que esfaqueou, degolou e ateou fogo na pr\u00f3pria m\u00e3e \u00e9 morto pela PM - Brasil not\u00edcias\",\"isPartOf\":{\"@id\":\"https:\/\/brasilnoticias.org\/site\/#website\"},\"primaryImageOfPage\":{\"@id\":\"https:\/\/brasilnoticias.org\/site\/homem-que-esfaqueou-degolou-e-ateou-fogo-na-propria-mae-e-morto-pela-pm\/#primaryimage\"},\"image\":{\"@id\":\"https:\/\/brasilnoticias.org\/site\/homem-que-esfaqueou-degolou-e-ateou-fogo-na-propria-mae-e-morto-pela-pm\/#primaryimage\"},\"thumbnailUrl\":\"https:\/\/brasilnoticias.org\/site\/wp-content\/uploads\/2023\/09\/kjhjuh_K0u6It0_widelg.jpg\",\"datePublished\":\"2023-09-19T21:49:54+00:00\",\"breadcrumb\":{\"@id\":\"https:\/\/brasilnoticias.org\/site\/homem-que-esfaqueou-degolou-e-ateou-fogo-na-propria-mae-e-morto-pela-pm\/#breadcrumb\"},\"inLanguage\":\"pt-PT\",\"potentialAction\":[{\"@type\":\"ReadAction\",\"target\":[\"https:\/\/brasilnoticias.org\/site\/homem-que-esfaqueou-degolou-e-ateou-fogo-na-propria-mae-e-morto-pela-pm\/\"]}]},{\"@type\":\"ImageObject\",\"inLanguage\":\"pt-PT\",\"@id\":\"https:\/\/brasilnoticias.org\/site\/homem-que-esfaqueou-degolou-e-ateou-fogo-na-propria-mae-e-morto-pela-pm\/#primaryimage\",\"url\":\"https:\/\/brasilnoticias.org\/site\/wp-content\/uploads\/2023\/09\/kjhjuh_K0u6It0_widelg.jpg\",\"contentUrl\":\"https:\/\/brasilnoticias.org\/site\/wp-content\/uploads\/2023\/09\/kjhjuh_K0u6It0_widelg.jpg\",\"width\":800,\"height\":450},{\"@type\":\"BreadcrumbList\",\"@id\":\"https:\/\/brasilnoticias.org\/site\/homem-que-esfaqueou-degolou-e-ateou-fogo-na-propria-mae-e-morto-pela-pm\/#breadcrumb\",\"itemListElement\":[{\"@type\":\"ListItem\",\"position\":1,\"name\":\"In\u00edcio\",\"item\":\"https:\/\/brasilnoticias.org\/site\/\"},{\"@type\":\"ListItem\",\"position\":2,\"name\":\"Homem que esfaqueou, degolou e ateou fogo na pr\u00f3pria m\u00e3e \u00e9 morto pela PM\"}]},{\"@type\":\"WebSite\",\"@id\":\"https:\/\/brasilnoticias.org\/site\/#website\",\"url\":\"https:\/\/brasilnoticias.org\/site\/\",\"name\":\"Brasil not\u00edcias\",\"description\":\"Brasil not\u00edcias\",\"publisher\":{\"@id\":\"https:\/\/brasilnoticias.org\/site\/#organization\"},\"potentialAction\":[{\"@type\":\"SearchAction\",\"target\":{\"@type\":\"EntryPoint\",\"urlTemplate\":\"https:\/\/brasilnoticias.org\/site\/?s={search_term_string}\"},\"query-input\":{\"@type\":\"PropertyValueSpecification\",\"valueRequired\":true,\"valueName\":\"search_term_string\"}}],\"inLanguage\":\"pt-PT\"},{\"@type\":\"Organization\",\"@id\":\"https:\/\/brasilnoticias.org\/site\/#organization\",\"name\":\"Brasil not\u00edcias\",\"url\":\"https:\/\/brasilnoticias.org\/site\/\",\"logo\":{\"@type\":\"ImageObject\",\"inLanguage\":\"pt-PT\",\"@id\":\"https:\/\/brasilnoticias.org\/site\/#\/schema\/logo\/image\/\",\"url\":\"https:\/\/brasilnoticias.org\/site\/wp-content\/uploads\/2022\/05\/cropped-brasilnoticias-mini.jpg\",\"contentUrl\":\"https:\/\/brasilnoticias.org\/site\/wp-content\/uploads\/2022\/05\/cropped-brasilnoticias-mini.jpg\",\"width\":314,\"height\":86,\"caption\":\"Brasil not\u00edcias\"},\"image\":{\"@id\":\"https:\/\/brasilnoticias.org\/site\/#\/schema\/logo\/image\/\"}},{\"@type\":\"Person\",\"@id\":\"https:\/\/brasilnoticias.org\/site\/#\/schema\/person\/03bbbfe6c7634ad18c26444ea39049fa\",\"name\":\"Reda\u00e7\u00e3o\",\"image\":{\"@type\":\"ImageObject\",\"inLanguage\":\"pt-PT\",\"@id\":\"https:\/\/brasilnoticias.org\/site\/#\/schema\/person\/image\/\",\"url\":\"https:\/\/secure.gravatar.com\/avatar\/9ecaf7327a696cb23ad926fedded5f1f04d7049de9e445375d55b48c001a6e42?s=96&d=mm&r=g\",\"contentUrl\":\"https:\/\/secure.gravatar.com\/avatar\/9ecaf7327a696cb23ad926fedded5f1f04d7049de9e445375d55b48c001a6e42?s=96&d=mm&r=g\",\"caption\":\"Reda\u00e7\u00e3o\"},\"url\":\"https:\/\/brasilnoticias.org\/site\/author\/henrique\/\"}]}<\/script>\n<!-- \/ Yoast SEO plugin. -->","yoast_head_json":{"title":"Homem que esfaqueou, degolou e ateou fogo na pr\u00f3pria m\u00e3e \u00e9 morto pela PM - Brasil not\u00edcias","robots":{"index":"index","follow":"follow","max-snippet":"max-snippet:-1","max-image-preview":"max-image-preview:large","max-video-preview":"max-video-preview:-1"},"canonical":"https:\/\/brasilnoticias.org\/site\/homem-que-esfaqueou-degolou-e-ateou-fogo-na-propria-mae-e-morto-pela-pm\/","og_locale":"pt_PT","og_type":"article","og_title":"Homem que esfaqueou, degolou e ateou fogo na pr\u00f3pria m\u00e3e \u00e9 morto pela PM - Brasil not\u00edcias","og_description":"O homem de 31 anos acusado de esfaquear, degolar e atear fogo na pr\u00f3pria m\u00e3e, na \u00faltima sexta-feira (15), acabou","og_url":"https:\/\/brasilnoticias.org\/site\/homem-que-esfaqueou-degolou-e-ateou-fogo-na-propria-mae-e-morto-pela-pm\/","og_site_name":"Brasil not\u00edcias","article_published_time":"2023-09-19T21:49:54+00:00","og_image":[{"width":800,"height":450,"url":"https:\/\/brasilnoticias.org\/site\/wp-content\/uploads\/2023\/09\/kjhjuh_K0u6It0_widelg.jpg","type":"image\/jpeg"}],"author":"Reda\u00e7\u00e3o","twitter_card":"summary_large_image","twitter_misc":{"Escrito por":"Reda\u00e7\u00e3o"},"schema":{"@context":"https:\/\/schema.org","@graph":[{"@type":"Article","@id":"https:\/\/brasilnoticias.org\/site\/homem-que-esfaqueou-degolou-e-ateou-fogo-na-propria-mae-e-morto-pela-pm\/#article","isPartOf":{"@id":"https:\/\/brasilnoticias.org\/site\/homem-que-esfaqueou-degolou-e-ateou-fogo-na-propria-mae-e-morto-pela-pm\/"},"author":{"name":"Reda\u00e7\u00e3o","@id":"https:\/\/brasilnoticias.org\/site\/#\/schema\/person\/03bbbfe6c7634ad18c26444ea39049fa"},"headline":"Homem que esfaqueou, degolou e ateou fogo na pr\u00f3pria m\u00e3e \u00e9 morto pela PM","datePublished":"2023-09-19T21:49:54+00:00","mainEntityOfPage":{"@id":"https:\/\/brasilnoticias.org\/site\/homem-que-esfaqueou-degolou-e-ateou-fogo-na-propria-mae-e-morto-pela-pm\/"},"wordCount":190,"commentCount":0,"publisher":{"@id":"https:\/\/brasilnoticias.org\/site\/#organization"},"image":{"@id":"https:\/\/brasilnoticias.org\/site\/homem-que-esfaqueou-degolou-e-ateou-fogo-na-propria-mae-e-morto-pela-pm\/#primaryimage"},"thumbnailUrl":"https:\/\/brasilnoticias.org\/site\/wp-content\/uploads\/2023\/09\/kjhjuh_K0u6It0_widelg.jpg","articleSection":["Pol\u00edcia","\u00daltimas"],"inLanguage":"pt-PT","potentialAction":[{"@type":"CommentAction","name":"Comment","target":["https:\/\/brasilnoticias.org\/site\/homem-que-esfaqueou-degolou-e-ateou-fogo-na-propria-mae-e-morto-pela-pm\/#respond"]}]},{"@type":"WebPage","@id":"https:\/\/brasilnoticias.org\/site\/homem-que-esfaqueou-degolou-e-ateou-fogo-na-propria-mae-e-morto-pela-pm\/","url":"https:\/\/brasilnoticias.org\/site\/homem-que-esfaqueou-degolou-e-ateou-fogo-na-propria-mae-e-morto-pela-pm\/","name":"Homem que esfaqueou, degolou e ateou fogo na pr\u00f3pria m\u00e3e \u00e9 morto pela PM - Brasil not\u00edcias","isPartOf":{"@id":"https:\/\/brasilnoticias.org\/site\/#website"},"primaryImageOfPage":{"@id":"https:\/\/brasilnoticias.org\/site\/homem-que-esfaqueou-degolou-e-ateou-fogo-na-propria-mae-e-morto-pela-pm\/#primaryimage"},"image":{"@id":"https:\/\/brasilnoticias.org\/site\/homem-que-esfaqueou-degolou-e-ateou-fogo-na-propria-mae-e-morto-pela-pm\/#primaryimage"},"thumbnailUrl":"https:\/\/brasilnoticias.org\/site\/wp-content\/uploads\/2023\/09\/kjhjuh_K0u6It0_widelg.jpg","datePublished":"2023-09-19T21:49:54+00:00","breadcrumb":{"@id":"https:\/\/brasilnoticias.org\/site\/homem-que-esfaqueou-degolou-e-ateou-fogo-na-propria-mae-e-morto-pela-pm\/#breadcrumb"},"inLanguage":"pt-PT","potentialAction":[{"@type":"ReadAction","target":["https:\/\/brasilnoticias.org\/site\/homem-que-esfaqueou-degolou-e-ateou-fogo-na-propria-mae-e-morto-pela-pm\/"]}]},{"@type":"ImageObject","inLanguage":"pt-PT","@id":"https:\/\/brasilnoticias.org\/site\/homem-que-esfaqueou-degolou-e-ateou-fogo-na-propria-mae-e-morto-pela-pm\/#primaryimage","url":"https:\/\/brasilnoticias.org\/site\/wp-content\/uploads\/2023\/09\/kjhjuh_K0u6It0_widelg.jpg","contentUrl":"https:\/\/brasilnoticias.org\/site\/wp-content\/uploads\/2023\/09\/kjhjuh_K0u6It0_widelg.jpg","width":800,"height":450},{"@type":"BreadcrumbList","@id":"https:\/\/brasilnoticias.org\/site\/homem-que-esfaqueou-degolou-e-ateou-fogo-na-propria-mae-e-morto-pela-pm\/#breadcrumb","itemListElement":[{"@type":"ListItem","position":1,"name":"In\u00edcio","item":"https:\/\/brasilnoticias.org\/site\/"},{"@type":"ListItem","position":2,"name":"Homem que esfaqueou, degolou e ateou fogo na pr\u00f3pria m\u00e3e \u00e9 morto pela PM"}]},{"@type":"WebSite","@id":"https:\/\/brasilnoticias.org\/site\/#website","url":"https:\/\/brasilnoticias.org\/site\/","name":"Brasil not\u00edcias","description":"Brasil not\u00edcias","publisher":{"@id":"https:\/\/brasilnoticias.org\/site\/#organization"},"potentialAction":[{"@type":"SearchAction","target":{"@type":"EntryPoint","urlTemplate":"https:\/\/brasilnoticias.org\/site\/?s={search_term_string}"},"query-input":{"@type":"PropertyValueSpecification","valueRequired":true,"valueName":"search_term_string"}}],"inLanguage":"pt-PT"},{"@type":"Organization","@id":"https:\/\/brasilnoticias.org\/site\/#organization","name":"Brasil not\u00edcias","url":"https:\/\/brasilnoticias.org\/site\/","logo":{"@type":"ImageObject","inLanguage":"pt-PT","@id":"https:\/\/brasilnoticias.org\/site\/#\/schema\/logo\/image\/","url":"https:\/\/brasilnoticias.org\/site\/wp-content\/uploads\/2022\/05\/cropped-brasilnoticias-mini.jpg","contentUrl":"https:\/\/brasilnoticias.org\/site\/wp-content\/uploads\/2022\/05\/cropped-brasilnoticias-mini.jpg","width":314,"height":86,"caption":"Brasil not\u00edcias"},"image":{"@id":"https:\/\/brasilnoticias.org\/site\/#\/schema\/logo\/image\/"}},{"@type":"Person","@id":"https:\/\/brasilnoticias.org\/site\/#\/schema\/person\/03bbbfe6c7634ad18c26444ea39049fa","name":"Reda\u00e7\u00e3o","image":{"@type":"ImageObject","inLanguage":"pt-PT","@id":"https:\/\/brasilnoticias.org\/site\/#\/schema\/person\/image\/","url":"https:\/\/secure.gravatar.com\/avatar\/9ecaf7327a696cb23ad926fedded5f1f04d7049de9e445375d55b48c001a6e42?s=96&d=mm&r=g","contentUrl":"https:\/\/secure.gravatar.com\/avatar\/9ecaf7327a696cb23ad926fedded5f1f04d7049de9e445375d55b48c001a6e42?s=96&d=mm&r=g","caption":"Reda\u00e7\u00e3o"},"url":"https:\/\/brasilnoticias.org\/site\/author\/henrique\/"}]}},"_links":{"self":[{"href":"https:\/\/brasilnoticias.org\/site\/wp-json\/wp\/v2\/posts\/9381","targetHints":{"allow":["GET"]}}],"collection":[{"href":"https:\/\/brasilnoticias.org\/site\/wp-json\/wp\/v2\/posts"}],"about":[{"href":"https:\/\/brasilnoticias.org\/site\/wp-json\/wp\/v2\/types\/post"}],"author":[{"embeddable":true,"href":"https:\/\/brasilnoticias.org\/site\/wp-json\/wp\/v2\/users\/4"}],"replies":[{"embeddable":true,"href":"https:\/\/brasilnoticias.org\/site\/wp-json\/wp\/v2\/comments?post=9381"}],"version-history":[{"count":1,"href":"https:\/\/brasilnoticias.org\/site\/wp-json\/wp\/v2\/posts\/9381\/revisions"}],"predecessor-version":[{"id":9383,"href":"https:\/\/brasilnoticias.org\/site\/wp-json\/wp\/v2\/posts\/9381\/revisions\/9383"}],"wp:featuredmedia":[{"embeddable":true,"href":"https:\/\/brasilnoticias.org\/site\/wp-json\/wp\/v2\/media\/9382"}],"wp:attachment":[{"href":"https:\/\/brasilnoticias.org\/site\/wp-json\/wp\/v2\/media?parent=9381"}],"wp:term":[{"taxonomy":"category","embeddable":true,"href":"https:\/\/brasilnoticias.org\/site\/wp-json\/wp\/v2\/categories?post=9381"},{"taxonomy":"post_tag","embeddable":true,"href":"https:\/\/brasilnoticias.org\/site\/wp-json\/wp\/v2\/tags?post=9381"}],"curies":[{"name":"wp","href":"https:\/\/api.w.org\/{rel}","templated":true}]}}