{"id":9393,"date":"2023-09-20T08:00:26","date_gmt":"2023-09-20T11:00:26","guid":{"rendered":"https:\/\/brasilnoticias.org\/site\/?p=9393"},"modified":"2023-09-19T18:56:38","modified_gmt":"2023-09-19T21:56:38","slug":"ipac-prepara-programacao-especial-para-17a-primavera-de-museus","status":"publish","type":"post","link":"https:\/\/brasilnoticias.org\/site\/ipac-prepara-programacao-especial-para-17a-primavera-de-museus\/","title":{"rendered":"Ipac prepara programa\u00e7\u00e3o especial para 17\u00aa Primavera de Museus"},"content":{"rendered":"<p>Com o tema Mem\u00f3rias e Democracia: pessoas LGBT+, ind\u00edgenas e quilombolas, a 17\u00aa Primavera de Museus ser\u00e1 aberta a partir desta segunda-feira (18), com coordena\u00e7\u00e3o do Instituto do Patrim\u00f4nio Art\u00edstico e Cultural (Ipac), unidade vinculada \u00e0 Secretaria de Cultura do Estado da Bahia (Secult-BA). A programa\u00e7\u00e3o gratuita segue at\u00e9 o dia 24 e inclui atividades que promovem a inclus\u00e3o social e a diversidade.<\/p>\n<p>A Primavera de Museus, programa realizado anualmente pelo Instituto Brasileiro de Museus (IBRAM), do Minist\u00e9rio da Cultura (MinC), re\u00fane dezenas de espa\u00e7os museol\u00f3gicos em todo o pa\u00eds. De acordo com a diretora do IPAC, Luciana Mandelli, o tema deste ano reflete o frut\u00edfero momento de retomada da democracia no pa\u00eds. \u201cTemos muito a comemorar com o retorno dos sistemas de cultura do Brasil, do Minist\u00e9rio da Cultura, do Instituto do Patrim\u00f4nio Hist\u00f3rico e Art\u00edstico Nacional, do Instituto Brasileiro de Museus e das demais organiza\u00e7\u00f5es nacionais que ajudam a impulsionar a cultura\u201d, diz Luciana.<\/p>\n<p>A diretora do Ipac ressalta ainda que os museus cumprem um papel de transforma\u00e7\u00e3o e desconstru\u00e7\u00e3o de padr\u00f5es, conceitos e perspectivas. \u201cO Ipac tem investido para que os museus permane\u00e7am dialogando com linguagens art\u00edsticas para al\u00e9m das artes pl\u00e1sticas, com exposi\u00e7\u00f5es, resid\u00eancias que dialogam com esse momento de decolonizar narrativas, na perspectiva de reconstru\u00e7\u00e3o das estruturas das pol\u00edticas de cultura, assim como os espa\u00e7os museais, com acervos mais diversos e inclusivos. S\u00e3o a\u00e7\u00f5es basilares em nossa gest\u00e3o\u201d, destaca Mandelli.<\/p>\n<p>Dentre os destaques da 17\u00aa Primavera de Museus, haver\u00e1 o lan\u00e7amento do Guia de Museus, no Museu de Arte da Bahia, exposi\u00e7\u00f5es, oficinas, bate-papos e a inaugura\u00e7\u00e3o do Museu de Arte Contempor\u00e2nea da Bahia (MAC Bahia), no dia 29\/09. Todos os museus administrados pelo Instituto do Patrim\u00f4nio Art\u00edstico e Cultural da Bahia t\u00eam entrada gratuita e hor\u00e1rio de funcionamento de ter\u00e7a-feira a domingo, das 10h \u00e0s 18h. Mais informa\u00e7\u00f5es em www.ipac.ba.gov.br.<\/p>\n<p>MAC BAHIA \u2013 No dia 29 de setembro, \u00e0s 10h, o Museu de Arte Contempor\u00e2nea da Bahia (MAC Bahia) ser\u00e1 aberto a popula\u00e7\u00e3o, com uma programa\u00e7\u00e3o curatorial focada na arte contempor\u00e2nea e abrigando artistas que dialogam com os paradigmas nacionais e internacionais da atualidade. Para marcar a inaugura\u00e7\u00e3o do museu, que ser\u00e1 localizado no Palacete Bernardo Catharino (antigo Palacete das Artes, no bairro da Gra\u00e7a), est\u00e1 previsto um Virad\u00e3o Cultural, com 60 horas ininterruptas de programa\u00e7\u00e3o, iniciadas \u00e0s 10h da sexta-feira (29) e que ser\u00e3o encerradas no domingo, 1\u00ba\/10, \u00e0s 22h. Est\u00e3o previstas atividades como visitas guiadas, performances, palestras, bate-papos, v\u00eddeo mapping, cinema, dj set, pista de skate, programa de bem-estar para as fam\u00edlias, arte imersiva, dentre outras atra\u00e7\u00f5es.<\/p>\n<p>GUIA DE MUSEUS BAIANOS \u2013 Destaque na programa\u00e7\u00e3o da 17\u00aa Primavera de Museus, na segunda-feira (18), \u00e0s 15h, no Museu de Arte da Bahia, ser\u00e1 lan\u00e7ado o Guia de Museus Baianos, um cat\u00e1logo on-line com informa\u00e7\u00f5es sobre sua hist\u00f3ria, artistas, principais pe\u00e7as e exposi\u00e7\u00f5es. O lan\u00e7amento contar\u00e1 com transmiss\u00e3o online no instagram do IPAC (@ipac.ba).<\/p>\n<p>Ao acessar o site www.guiademuseus.com.br, o visitante virtual poder\u00e1 conferir as exposi\u00e7\u00f5es permanentes, bem como uma pr\u00e9via de algumas das exposi\u00e7\u00f5es em cartaz. J\u00e1 o visitante presencial ter\u00e1 a possibilidade de utilizar a ferramenta no local, em formato de audioguia \u2013 ouvindo as informa\u00e7\u00f5es dos acervos em portugu\u00eas, ingl\u00eas, espanhol ou franc\u00eas -, enquanto passeia pelos ambientes.<\/p>\n<p>Pola Ribeiro, diretor de Museus do Ipac, v\u00ea com entusiasmo o Guia de Museus Baianos: \u201c\u00c9 muito importante ter iniciativas da sociedade, para que a popula\u00e7\u00e3o se motive a conhecer e visitar os museus. Atualmente, enfrentamos dois desafios: a classe m\u00e9dia alta, que gosta muito de ir a museus na Europa, mas n\u00e3o visita os da Bahia; e o restante da popula\u00e7\u00e3o, que se sente sem acesso aos museus. Ao disponibilizar informa\u00e7\u00f5es sobre os nossos museus, abrimos mais possibilidades de visita\u00e7\u00e3o. \u00c9 muito bom ver o Guia de Museus Baianos como uma ferramenta a mais. Vamos prestigiar e ampliar essas iniciativas\u201d, destaca.<\/p>\n<p>PROGRAMA\u00c7\u00c3O \u2013 Na ter\u00e7a-feira (19), \u00e0s 15h, o Museu de Arte da Bahia ter\u00e1 bate-papo sobre Acessibilidade nos Museus, com a professora doutora da Universidade Estadual da Bahia (UNEB), Sandra Rosa. Na quarta (20), \u00e0s 19h, acontece o Recital da Primavera, com Tatiana Mesquita e instrumento obo\u00e9, em parceria com a Escola de M\u00fasica\/UFBA. Na quinta (21), \u00e0s 15h, roda de conversa sobre Etarismo e LGBTQIAPN+, promovida pelo Site Dois Ter\u00e7os, com Genilson Coutinho. Visitantes ainda podem conferir as exposi\u00e7\u00f5es MAM no MAB, Entreatos do Acervo MAB, Escola Baiana de Pintura e Mancha de Dend\u00ea N\u00e3o Sai \u2013 Moraes Moreira.<\/p>\n<p>No Museu de Arte Moderna da Bahia, a programa\u00e7\u00e3o come\u00e7a na ter\u00e7a-feira (19) com duas sess\u00f5es di\u00e1rias no Cine MAM (Circuito Cinema Saladearte), com ingressos a pre\u00e7o popular de R$ 5. Nos dias 22, 23 e 24 (sexta, s\u00e1bado e domingo), \u00e0s 17h, o Museu promove no Espa\u00e7o das Arcadas a experi\u00eancia c\u00eanica Museu do Que Somos, performance que questiona a mem\u00f3ria e as narrativas cis-heteronormativas.<\/p>\n<p>No dia 24, \u00e0s 15h, acontece o lan\u00e7amento de livro Os Sons de Esperan\u00e7a, no P\u00e1tio da Mangueira, com a escritora baiana e deficiente auditiva, Eliana Oubi\u00f1a. O lan\u00e7amento ter\u00e1 as participa\u00e7\u00f5es do grupo musical do Instituto de Cegos da Bahia e a Companhia de Dan\u00e7a de Sinha Guimar\u00e3es, mulher com defici\u00eancia. Tamb\u00e9m no dia 24 (domingo), \u00e0s 14h, ser\u00e1 realizada a Oficina Vibra Dan\u00e7a com Alex Gurunga. A oficina prop\u00f5e encontro entre pessoas surdas e ondas sonoras (vibra\u00e7\u00f5es) da musicalidade\/instrumentos das religi\u00f5es de matriz africana.<\/p>\n<p>A programa\u00e7\u00e3o ainda conta com cinco exposi\u00e7\u00f5es: no Casar\u00e3o o Legado: Mario Cravo Jr. \u2013 100 Anos; na Capela a mostra Entreatos III \u2013 Fotografias; na Galeria 3, Entreatos II \u2013 Frans Krajcberg Novas Aquisi\u00e7\u00f5es; no Espa\u00e7o Lina, segue \u00e0 mostra a Cole\u00e7\u00e3o de Arte Popular; e nas Oficinas do MAM a mostra Xilogravura e Pintura, s\u00f3 de ter\u00e7a a sexta, das 13 \u00e0s 18h.<\/p>\n<p>NO CENTRO HIST\u00d3RICO (PELOURINHO) \u2013 Nos museus do Ipac no Pelourinho, no dia 20, nos dois turnos, o Centro Cultural Solar Ferr\u00e3o e o Museu Tempostal v\u00e3o se unir na realiza\u00e7\u00e3o da oficina com alunos da Escola Municipal Jo\u00e3o Lino, visitando a exposi\u00e7\u00e3o Brasil Futuro: As Formas da Democracia, na qual ser\u00e1 dada \u00eanfase a obra A Queda do C\u00e9u e a M\u00e3e de Todas as Lutas, da artista ind\u00edgena Daiara Tukano. A equipe far\u00e1 uma releitura da obra, focando nos aspectos da fauna e da flora e da import\u00e2ncia da natureza para os povos origin\u00e1rios. J\u00e1 no dia 23, haver\u00e1 a oficina de Pintura Livre para o p\u00fablico infantil, com a professora e pintora Daniela Steele. A sele\u00e7\u00e3o \u00e9 por ordem de chegada.<\/p>\n<p>No Museu Udo Knoff de Azulejaria e Cer\u00e2mica, no dia 19, das 14h \u00e0s 16h, acontecer\u00e1 a palestra A pintura na cer\u00e2mica tupi-guarani com o artista Sergio Centuri\u00f3n. No dia 22, das 14h \u00e0s 16h, Centuri\u00f3n ministrar\u00e1 ainda um workshop para experimentar as t\u00e9cnicas de pintura. S\u00e3o apenas 20 vagas com inscri\u00e7\u00f5es atrav\u00e9s do email museuceramica@gmail.com.<\/p>\n<p>CABACEIRAS DO PARAGUA\u00c7U \u2013 No Parque Hist\u00f3rico Castro Alves, no munic\u00edpio de Cabaceiras do Paragua\u00e7u, acontece o Projeto Sopa de Letras, de ter\u00e7a a sexta, das 10h \u00e0s 15h, entre os dias 19 e 22. Neste mesmo hor\u00e1rio, entre os dias 20 e 22, a oficina Pintando com borra de caf\u00e9, que trabalha de forma l\u00fadica com crian\u00e7as.<\/p>\n<p>Entre os dias 19 e 21, das 10h \u00e0s 14h, a roda de conversa As sementes do passado e os frutos da atualidade, sobre os povos originais, ser\u00e1 pauta da agenda. J\u00e1 no dia 21, das 19h \u00e0s 21h, acontece o Sarau da Diversidade, com m\u00fasica, poesia e arte da Companhia de Teatro Cec\u00e9u e Grupo de Samba de Roda Rua das Pedrinhas. No dia 22, \u00e0s 15h, a muse\u00f3loga Diogenisa Oliva, faz a palestra Identidade, patrim\u00f4nio e mem\u00f3ria.<\/p>\n<p>A programa\u00e7\u00e3o completa segue anexa e estar\u00e1 dispon\u00edvel no site do Ipac: www.ipac.ba.gov.br.<\/p>\n<p>Foto: Jo\u00e1 Souza\/ GOVBA<br \/>\nFonte: Ascom\/Ipac<\/p>\n","protected":false},"excerpt":{"rendered":"<p>Com o tema Mem\u00f3rias e Democracia: pessoas LGBT+, ind\u00edgenas e quilombolas, a 17\u00aa Primavera de Museus ser\u00e1 aberta a partir<\/p>\n","protected":false},"author":4,"featured_media":9394,"comment_status":"open","ping_status":"open","sticky":false,"template":"","format":"standard","meta":{"colormag_page_container_layout":"default_layout","colormag_page_sidebar_layout":"default_layout","_FSMCFIC_featured_image_caption":"","_FSMCFIC_featured_image_nocaption":"","_FSMCFIC_featured_image_hide":"","footnotes":""},"categories":[2,1],"tags":[],"class_list":["post-9393","post","type-post","status-publish","format-standard","has-post-thumbnail","hentry","category-noticias","category-ultimas"],"yoast_head":"<!-- This site is optimized with the Yoast SEO plugin v27.1.1 - https:\/\/yoast.com\/product\/yoast-seo-wordpress\/ -->\n<title>Ipac prepara programa\u00e7\u00e3o especial para 17\u00aa Primavera de Museus - Brasil not\u00edcias<\/title>\n<meta name=\"robots\" content=\"index, follow, max-snippet:-1, max-image-preview:large, max-video-preview:-1\" \/>\n<link rel=\"canonical\" href=\"https:\/\/brasilnoticias.org\/site\/ipac-prepara-programacao-especial-para-17a-primavera-de-museus\/\" \/>\n<meta property=\"og:locale\" content=\"pt_PT\" \/>\n<meta property=\"og:type\" content=\"article\" \/>\n<meta property=\"og:title\" content=\"Ipac prepara programa\u00e7\u00e3o especial para 17\u00aa Primavera de Museus - Brasil not\u00edcias\" \/>\n<meta property=\"og:description\" content=\"Com o tema Mem\u00f3rias e Democracia: pessoas LGBT+, ind\u00edgenas e quilombolas, a 17\u00aa Primavera de Museus ser\u00e1 aberta a partir\" \/>\n<meta property=\"og:url\" content=\"https:\/\/brasilnoticias.org\/site\/ipac-prepara-programacao-especial-para-17a-primavera-de-museus\/\" \/>\n<meta property=\"og:site_name\" content=\"Brasil not\u00edcias\" \/>\n<meta property=\"article:published_time\" content=\"2023-09-20T11:00:26+00:00\" \/>\n<meta property=\"og:image\" content=\"https:\/\/brasilnoticias.org\/site\/wp-content\/uploads\/2023\/09\/semana-museus-10-696x464-1.jpg\" \/>\n\t<meta property=\"og:image:width\" content=\"696\" \/>\n\t<meta property=\"og:image:height\" content=\"464\" \/>\n\t<meta property=\"og:image:type\" content=\"image\/jpeg\" \/>\n<meta name=\"author\" content=\"Reda\u00e7\u00e3o\" \/>\n<meta name=\"twitter:card\" content=\"summary_large_image\" \/>\n<meta name=\"twitter:label1\" content=\"Escrito por\" \/>\n\t<meta name=\"twitter:data1\" content=\"Reda\u00e7\u00e3o\" \/>\n<script type=\"application\/ld+json\" class=\"yoast-schema-graph\">{\"@context\":\"https:\/\/schema.org\",\"@graph\":[{\"@type\":\"Article\",\"@id\":\"https:\/\/brasilnoticias.org\/site\/ipac-prepara-programacao-especial-para-17a-primavera-de-museus\/#article\",\"isPartOf\":{\"@id\":\"https:\/\/brasilnoticias.org\/site\/ipac-prepara-programacao-especial-para-17a-primavera-de-museus\/\"},\"author\":{\"name\":\"Reda\u00e7\u00e3o\",\"@id\":\"https:\/\/brasilnoticias.org\/site\/#\/schema\/person\/03bbbfe6c7634ad18c26444ea39049fa\"},\"headline\":\"Ipac prepara programa\u00e7\u00e3o especial para 17\u00aa Primavera de Museus\",\"datePublished\":\"2023-09-20T11:00:26+00:00\",\"mainEntityOfPage\":{\"@id\":\"https:\/\/brasilnoticias.org\/site\/ipac-prepara-programacao-especial-para-17a-primavera-de-museus\/\"},\"wordCount\":1419,\"commentCount\":0,\"publisher\":{\"@id\":\"https:\/\/brasilnoticias.org\/site\/#organization\"},\"image\":{\"@id\":\"https:\/\/brasilnoticias.org\/site\/ipac-prepara-programacao-especial-para-17a-primavera-de-museus\/#primaryimage\"},\"thumbnailUrl\":\"https:\/\/brasilnoticias.org\/site\/wp-content\/uploads\/2023\/09\/semana-museus-10-696x464-1.jpg\",\"articleSection\":[\"Not\u00edcias\",\"\u00daltimas\"],\"inLanguage\":\"pt-PT\",\"potentialAction\":[{\"@type\":\"CommentAction\",\"name\":\"Comment\",\"target\":[\"https:\/\/brasilnoticias.org\/site\/ipac-prepara-programacao-especial-para-17a-primavera-de-museus\/#respond\"]}]},{\"@type\":\"WebPage\",\"@id\":\"https:\/\/brasilnoticias.org\/site\/ipac-prepara-programacao-especial-para-17a-primavera-de-museus\/\",\"url\":\"https:\/\/brasilnoticias.org\/site\/ipac-prepara-programacao-especial-para-17a-primavera-de-museus\/\",\"name\":\"Ipac prepara programa\u00e7\u00e3o especial para 17\u00aa Primavera de Museus - Brasil not\u00edcias\",\"isPartOf\":{\"@id\":\"https:\/\/brasilnoticias.org\/site\/#website\"},\"primaryImageOfPage\":{\"@id\":\"https:\/\/brasilnoticias.org\/site\/ipac-prepara-programacao-especial-para-17a-primavera-de-museus\/#primaryimage\"},\"image\":{\"@id\":\"https:\/\/brasilnoticias.org\/site\/ipac-prepara-programacao-especial-para-17a-primavera-de-museus\/#primaryimage\"},\"thumbnailUrl\":\"https:\/\/brasilnoticias.org\/site\/wp-content\/uploads\/2023\/09\/semana-museus-10-696x464-1.jpg\",\"datePublished\":\"2023-09-20T11:00:26+00:00\",\"breadcrumb\":{\"@id\":\"https:\/\/brasilnoticias.org\/site\/ipac-prepara-programacao-especial-para-17a-primavera-de-museus\/#breadcrumb\"},\"inLanguage\":\"pt-PT\",\"potentialAction\":[{\"@type\":\"ReadAction\",\"target\":[\"https:\/\/brasilnoticias.org\/site\/ipac-prepara-programacao-especial-para-17a-primavera-de-museus\/\"]}]},{\"@type\":\"ImageObject\",\"inLanguage\":\"pt-PT\",\"@id\":\"https:\/\/brasilnoticias.org\/site\/ipac-prepara-programacao-especial-para-17a-primavera-de-museus\/#primaryimage\",\"url\":\"https:\/\/brasilnoticias.org\/site\/wp-content\/uploads\/2023\/09\/semana-museus-10-696x464-1.jpg\",\"contentUrl\":\"https:\/\/brasilnoticias.org\/site\/wp-content\/uploads\/2023\/09\/semana-museus-10-696x464-1.jpg\",\"width\":696,\"height\":464},{\"@type\":\"BreadcrumbList\",\"@id\":\"https:\/\/brasilnoticias.org\/site\/ipac-prepara-programacao-especial-para-17a-primavera-de-museus\/#breadcrumb\",\"itemListElement\":[{\"@type\":\"ListItem\",\"position\":1,\"name\":\"In\u00edcio\",\"item\":\"https:\/\/brasilnoticias.org\/site\/\"},{\"@type\":\"ListItem\",\"position\":2,\"name\":\"Ipac prepara programa\u00e7\u00e3o especial para 17\u00aa Primavera de Museus\"}]},{\"@type\":\"WebSite\",\"@id\":\"https:\/\/brasilnoticias.org\/site\/#website\",\"url\":\"https:\/\/brasilnoticias.org\/site\/\",\"name\":\"Brasil not\u00edcias\",\"description\":\"Brasil not\u00edcias\",\"publisher\":{\"@id\":\"https:\/\/brasilnoticias.org\/site\/#organization\"},\"potentialAction\":[{\"@type\":\"SearchAction\",\"target\":{\"@type\":\"EntryPoint\",\"urlTemplate\":\"https:\/\/brasilnoticias.org\/site\/?s={search_term_string}\"},\"query-input\":{\"@type\":\"PropertyValueSpecification\",\"valueRequired\":true,\"valueName\":\"search_term_string\"}}],\"inLanguage\":\"pt-PT\"},{\"@type\":\"Organization\",\"@id\":\"https:\/\/brasilnoticias.org\/site\/#organization\",\"name\":\"Brasil not\u00edcias\",\"url\":\"https:\/\/brasilnoticias.org\/site\/\",\"logo\":{\"@type\":\"ImageObject\",\"inLanguage\":\"pt-PT\",\"@id\":\"https:\/\/brasilnoticias.org\/site\/#\/schema\/logo\/image\/\",\"url\":\"https:\/\/brasilnoticias.org\/site\/wp-content\/uploads\/2022\/05\/cropped-brasilnoticias-mini.jpg\",\"contentUrl\":\"https:\/\/brasilnoticias.org\/site\/wp-content\/uploads\/2022\/05\/cropped-brasilnoticias-mini.jpg\",\"width\":314,\"height\":86,\"caption\":\"Brasil not\u00edcias\"},\"image\":{\"@id\":\"https:\/\/brasilnoticias.org\/site\/#\/schema\/logo\/image\/\"}},{\"@type\":\"Person\",\"@id\":\"https:\/\/brasilnoticias.org\/site\/#\/schema\/person\/03bbbfe6c7634ad18c26444ea39049fa\",\"name\":\"Reda\u00e7\u00e3o\",\"image\":{\"@type\":\"ImageObject\",\"inLanguage\":\"pt-PT\",\"@id\":\"https:\/\/brasilnoticias.org\/site\/#\/schema\/person\/image\/\",\"url\":\"https:\/\/secure.gravatar.com\/avatar\/9ecaf7327a696cb23ad926fedded5f1f04d7049de9e445375d55b48c001a6e42?s=96&d=mm&r=g\",\"contentUrl\":\"https:\/\/secure.gravatar.com\/avatar\/9ecaf7327a696cb23ad926fedded5f1f04d7049de9e445375d55b48c001a6e42?s=96&d=mm&r=g\",\"caption\":\"Reda\u00e7\u00e3o\"},\"url\":\"https:\/\/brasilnoticias.org\/site\/author\/henrique\/\"}]}<\/script>\n<!-- \/ Yoast SEO plugin. -->","yoast_head_json":{"title":"Ipac prepara programa\u00e7\u00e3o especial para 17\u00aa Primavera de Museus - Brasil not\u00edcias","robots":{"index":"index","follow":"follow","max-snippet":"max-snippet:-1","max-image-preview":"max-image-preview:large","max-video-preview":"max-video-preview:-1"},"canonical":"https:\/\/brasilnoticias.org\/site\/ipac-prepara-programacao-especial-para-17a-primavera-de-museus\/","og_locale":"pt_PT","og_type":"article","og_title":"Ipac prepara programa\u00e7\u00e3o especial para 17\u00aa Primavera de Museus - Brasil not\u00edcias","og_description":"Com o tema Mem\u00f3rias e Democracia: pessoas LGBT+, ind\u00edgenas e quilombolas, a 17\u00aa Primavera de Museus ser\u00e1 aberta a partir","og_url":"https:\/\/brasilnoticias.org\/site\/ipac-prepara-programacao-especial-para-17a-primavera-de-museus\/","og_site_name":"Brasil not\u00edcias","article_published_time":"2023-09-20T11:00:26+00:00","og_image":[{"width":696,"height":464,"url":"https:\/\/brasilnoticias.org\/site\/wp-content\/uploads\/2023\/09\/semana-museus-10-696x464-1.jpg","type":"image\/jpeg"}],"author":"Reda\u00e7\u00e3o","twitter_card":"summary_large_image","twitter_misc":{"Escrito por":"Reda\u00e7\u00e3o"},"schema":{"@context":"https:\/\/schema.org","@graph":[{"@type":"Article","@id":"https:\/\/brasilnoticias.org\/site\/ipac-prepara-programacao-especial-para-17a-primavera-de-museus\/#article","isPartOf":{"@id":"https:\/\/brasilnoticias.org\/site\/ipac-prepara-programacao-especial-para-17a-primavera-de-museus\/"},"author":{"name":"Reda\u00e7\u00e3o","@id":"https:\/\/brasilnoticias.org\/site\/#\/schema\/person\/03bbbfe6c7634ad18c26444ea39049fa"},"headline":"Ipac prepara programa\u00e7\u00e3o especial para 17\u00aa Primavera de Museus","datePublished":"2023-09-20T11:00:26+00:00","mainEntityOfPage":{"@id":"https:\/\/brasilnoticias.org\/site\/ipac-prepara-programacao-especial-para-17a-primavera-de-museus\/"},"wordCount":1419,"commentCount":0,"publisher":{"@id":"https:\/\/brasilnoticias.org\/site\/#organization"},"image":{"@id":"https:\/\/brasilnoticias.org\/site\/ipac-prepara-programacao-especial-para-17a-primavera-de-museus\/#primaryimage"},"thumbnailUrl":"https:\/\/brasilnoticias.org\/site\/wp-content\/uploads\/2023\/09\/semana-museus-10-696x464-1.jpg","articleSection":["Not\u00edcias","\u00daltimas"],"inLanguage":"pt-PT","potentialAction":[{"@type":"CommentAction","name":"Comment","target":["https:\/\/brasilnoticias.org\/site\/ipac-prepara-programacao-especial-para-17a-primavera-de-museus\/#respond"]}]},{"@type":"WebPage","@id":"https:\/\/brasilnoticias.org\/site\/ipac-prepara-programacao-especial-para-17a-primavera-de-museus\/","url":"https:\/\/brasilnoticias.org\/site\/ipac-prepara-programacao-especial-para-17a-primavera-de-museus\/","name":"Ipac prepara programa\u00e7\u00e3o especial para 17\u00aa Primavera de Museus - Brasil not\u00edcias","isPartOf":{"@id":"https:\/\/brasilnoticias.org\/site\/#website"},"primaryImageOfPage":{"@id":"https:\/\/brasilnoticias.org\/site\/ipac-prepara-programacao-especial-para-17a-primavera-de-museus\/#primaryimage"},"image":{"@id":"https:\/\/brasilnoticias.org\/site\/ipac-prepara-programacao-especial-para-17a-primavera-de-museus\/#primaryimage"},"thumbnailUrl":"https:\/\/brasilnoticias.org\/site\/wp-content\/uploads\/2023\/09\/semana-museus-10-696x464-1.jpg","datePublished":"2023-09-20T11:00:26+00:00","breadcrumb":{"@id":"https:\/\/brasilnoticias.org\/site\/ipac-prepara-programacao-especial-para-17a-primavera-de-museus\/#breadcrumb"},"inLanguage":"pt-PT","potentialAction":[{"@type":"ReadAction","target":["https:\/\/brasilnoticias.org\/site\/ipac-prepara-programacao-especial-para-17a-primavera-de-museus\/"]}]},{"@type":"ImageObject","inLanguage":"pt-PT","@id":"https:\/\/brasilnoticias.org\/site\/ipac-prepara-programacao-especial-para-17a-primavera-de-museus\/#primaryimage","url":"https:\/\/brasilnoticias.org\/site\/wp-content\/uploads\/2023\/09\/semana-museus-10-696x464-1.jpg","contentUrl":"https:\/\/brasilnoticias.org\/site\/wp-content\/uploads\/2023\/09\/semana-museus-10-696x464-1.jpg","width":696,"height":464},{"@type":"BreadcrumbList","@id":"https:\/\/brasilnoticias.org\/site\/ipac-prepara-programacao-especial-para-17a-primavera-de-museus\/#breadcrumb","itemListElement":[{"@type":"ListItem","position":1,"name":"In\u00edcio","item":"https:\/\/brasilnoticias.org\/site\/"},{"@type":"ListItem","position":2,"name":"Ipac prepara programa\u00e7\u00e3o especial para 17\u00aa Primavera de Museus"}]},{"@type":"WebSite","@id":"https:\/\/brasilnoticias.org\/site\/#website","url":"https:\/\/brasilnoticias.org\/site\/","name":"Brasil not\u00edcias","description":"Brasil not\u00edcias","publisher":{"@id":"https:\/\/brasilnoticias.org\/site\/#organization"},"potentialAction":[{"@type":"SearchAction","target":{"@type":"EntryPoint","urlTemplate":"https:\/\/brasilnoticias.org\/site\/?s={search_term_string}"},"query-input":{"@type":"PropertyValueSpecification","valueRequired":true,"valueName":"search_term_string"}}],"inLanguage":"pt-PT"},{"@type":"Organization","@id":"https:\/\/brasilnoticias.org\/site\/#organization","name":"Brasil not\u00edcias","url":"https:\/\/brasilnoticias.org\/site\/","logo":{"@type":"ImageObject","inLanguage":"pt-PT","@id":"https:\/\/brasilnoticias.org\/site\/#\/schema\/logo\/image\/","url":"https:\/\/brasilnoticias.org\/site\/wp-content\/uploads\/2022\/05\/cropped-brasilnoticias-mini.jpg","contentUrl":"https:\/\/brasilnoticias.org\/site\/wp-content\/uploads\/2022\/05\/cropped-brasilnoticias-mini.jpg","width":314,"height":86,"caption":"Brasil not\u00edcias"},"image":{"@id":"https:\/\/brasilnoticias.org\/site\/#\/schema\/logo\/image\/"}},{"@type":"Person","@id":"https:\/\/brasilnoticias.org\/site\/#\/schema\/person\/03bbbfe6c7634ad18c26444ea39049fa","name":"Reda\u00e7\u00e3o","image":{"@type":"ImageObject","inLanguage":"pt-PT","@id":"https:\/\/brasilnoticias.org\/site\/#\/schema\/person\/image\/","url":"https:\/\/secure.gravatar.com\/avatar\/9ecaf7327a696cb23ad926fedded5f1f04d7049de9e445375d55b48c001a6e42?s=96&d=mm&r=g","contentUrl":"https:\/\/secure.gravatar.com\/avatar\/9ecaf7327a696cb23ad926fedded5f1f04d7049de9e445375d55b48c001a6e42?s=96&d=mm&r=g","caption":"Reda\u00e7\u00e3o"},"url":"https:\/\/brasilnoticias.org\/site\/author\/henrique\/"}]}},"_links":{"self":[{"href":"https:\/\/brasilnoticias.org\/site\/wp-json\/wp\/v2\/posts\/9393","targetHints":{"allow":["GET"]}}],"collection":[{"href":"https:\/\/brasilnoticias.org\/site\/wp-json\/wp\/v2\/posts"}],"about":[{"href":"https:\/\/brasilnoticias.org\/site\/wp-json\/wp\/v2\/types\/post"}],"author":[{"embeddable":true,"href":"https:\/\/brasilnoticias.org\/site\/wp-json\/wp\/v2\/users\/4"}],"replies":[{"embeddable":true,"href":"https:\/\/brasilnoticias.org\/site\/wp-json\/wp\/v2\/comments?post=9393"}],"version-history":[{"count":1,"href":"https:\/\/brasilnoticias.org\/site\/wp-json\/wp\/v2\/posts\/9393\/revisions"}],"predecessor-version":[{"id":9395,"href":"https:\/\/brasilnoticias.org\/site\/wp-json\/wp\/v2\/posts\/9393\/revisions\/9395"}],"wp:featuredmedia":[{"embeddable":true,"href":"https:\/\/brasilnoticias.org\/site\/wp-json\/wp\/v2\/media\/9394"}],"wp:attachment":[{"href":"https:\/\/brasilnoticias.org\/site\/wp-json\/wp\/v2\/media?parent=9393"}],"wp:term":[{"taxonomy":"category","embeddable":true,"href":"https:\/\/brasilnoticias.org\/site\/wp-json\/wp\/v2\/categories?post=9393"},{"taxonomy":"post_tag","embeddable":true,"href":"https:\/\/brasilnoticias.org\/site\/wp-json\/wp\/v2\/tags?post=9393"}],"curies":[{"name":"wp","href":"https:\/\/api.w.org\/{rel}","templated":true}]}}