{"id":9396,"date":"2023-09-20T09:00:04","date_gmt":"2023-09-20T12:00:04","guid":{"rendered":"https:\/\/brasilnoticias.org\/site\/?p=9396"},"modified":"2023-09-19T18:57:59","modified_gmt":"2023-09-19T21:57:59","slug":"doacoes-do-bsf-atendem-familias-e-creche-na-estrada-das-barreiras","status":"publish","type":"post","link":"https:\/\/brasilnoticias.org\/site\/doacoes-do-bsf-atendem-familias-e-creche-na-estrada-das-barreiras\/","title":{"rendered":"Doa\u00e7\u00f5es do BSF atendem fam\u00edlias e creche na Estrada das Barreiras"},"content":{"rendered":"<p>O Programa Bahia Sem Fome (BSF) entregou 100 cestas b\u00e1sicas \u00e0 Associa\u00e7\u00e3o Creche Escola Comunit\u00e1ria MG, localizada na Estrada das Barreiras, no bairro do Cabula, em Salvador. Parte desses alimentos abasteceu a despensa da creche, enquanto outra parte foi doada a fam\u00edlias da comunidade que se encaixam no perfil do Programa. <\/p>\n<p>De acordo com a respons\u00e1vel pela institui\u00e7\u00e3o, Maria das Gra\u00e7as Cust\u00f3dio, a creche comunit\u00e1ria funciona desde 2011. No momento, o espa\u00e7o atende, em tempo integral, 160 crian\u00e7as de um a cinco anos.<\/p>\n<p>\u201cAqui, n\u00f3s funcionamos em parceria com a Prefeitura. As crian\u00e7as chegam \u00e0s 8h, tomam caf\u00e9 da manh\u00e3, almo\u00e7am, fazem um lanche \u00e0 tarde e saem \u00e0s 16h30\u201d, explicou Maria das Gra\u00e7as.<\/p>\n<p>Ela conta que as doa\u00e7\u00f5es do Bahia Sem Fome chegaram em uma boa hora. \u201cNosso estoque de feij\u00e3o mesmo j\u00e1 tinha acabado\u201d, disse. Al\u00e9m do feij\u00e3o, as cestas contam com itens como macarr\u00e3o, arroz, fub\u00e1 de milho e \u00f3leo de soja.<\/p>\n<p>M\u00e3e de uma aluna matriculada na creche e uma das beneficiadas pelo Programa, Taciane Silva destacou a tranquilidade que essa cesta trar\u00e1 nos pr\u00f3ximos dias.<\/p>\n<p>\u201cEu fico muito alegre em saber que, nos pr\u00f3ximos 15, 20 dias, eu e minha fam\u00edlia teremos o que comer em casa. Isso me deixa muito tranquila\u201d, afirmou. <\/p>\n<p>Para Lucicleide Ferreira, que tamb\u00e9m foi beneficiada pelo BSF, foi muito gratificante contar com essa ajuda. \u201cEsse dinheiro que eu teria que gastar com a cesta b\u00e1sica j\u00e1 vou poder comprar um material de limpeza, uma carne e assim passar melhor os dias\u201d, concluiu.<\/p>\n<p>Foto: Adriel Francisco<br \/>\nFonte: Ascom\/BSF<\/p>\n","protected":false},"excerpt":{"rendered":"<p>O Programa Bahia Sem Fome (BSF) entregou 100 cestas b\u00e1sicas \u00e0 Associa\u00e7\u00e3o Creche Escola Comunit\u00e1ria MG, localizada na Estrada das<\/p>\n","protected":false},"author":4,"featured_media":9397,"comment_status":"open","ping_status":"open","sticky":false,"template":"","format":"standard","meta":{"colormag_page_container_layout":"default_layout","colormag_page_sidebar_layout":"default_layout","_FSMCFIC_featured_image_caption":"","_FSMCFIC_featured_image_nocaption":"","_FSMCFIC_featured_image_hide":"","footnotes":""},"categories":[2,1],"tags":[],"class_list":["post-9396","post","type-post","status-publish","format-standard","has-post-thumbnail","hentry","category-noticias","category-ultimas"],"yoast_head":"<!-- This site is optimized with the Yoast SEO plugin v27.1.1 - https:\/\/yoast.com\/product\/yoast-seo-wordpress\/ -->\n<title>Doa\u00e7\u00f5es do BSF atendem fam\u00edlias e creche na Estrada das Barreiras - Brasil not\u00edcias<\/title>\n<meta name=\"robots\" content=\"index, follow, max-snippet:-1, max-image-preview:large, max-video-preview:-1\" \/>\n<link rel=\"canonical\" href=\"https:\/\/brasilnoticias.org\/site\/doacoes-do-bsf-atendem-familias-e-creche-na-estrada-das-barreiras\/\" \/>\n<meta property=\"og:locale\" content=\"pt_PT\" \/>\n<meta property=\"og:type\" content=\"article\" \/>\n<meta property=\"og:title\" content=\"Doa\u00e7\u00f5es do BSF atendem fam\u00edlias e creche na Estrada das Barreiras - Brasil not\u00edcias\" \/>\n<meta property=\"og:description\" content=\"O Programa Bahia Sem Fome (BSF) entregou 100 cestas b\u00e1sicas \u00e0 Associa\u00e7\u00e3o Creche Escola Comunit\u00e1ria MG, localizada na Estrada das\" \/>\n<meta property=\"og:url\" content=\"https:\/\/brasilnoticias.org\/site\/doacoes-do-bsf-atendem-familias-e-creche-na-estrada-das-barreiras\/\" \/>\n<meta property=\"og:site_name\" content=\"Brasil not\u00edcias\" \/>\n<meta property=\"article:published_time\" content=\"2023-09-20T12:00:04+00:00\" \/>\n<meta property=\"og:image\" content=\"https:\/\/brasilnoticias.org\/site\/wp-content\/uploads\/2023\/09\/IMG_20230919_123141_603-696x464-1.jpg\" \/>\n\t<meta property=\"og:image:width\" content=\"696\" \/>\n\t<meta property=\"og:image:height\" content=\"464\" \/>\n\t<meta property=\"og:image:type\" content=\"image\/jpeg\" \/>\n<meta name=\"author\" content=\"Reda\u00e7\u00e3o\" \/>\n<meta name=\"twitter:card\" content=\"summary_large_image\" \/>\n<meta name=\"twitter:label1\" content=\"Escrito por\" \/>\n\t<meta name=\"twitter:data1\" content=\"Reda\u00e7\u00e3o\" \/>\n<script type=\"application\/ld+json\" class=\"yoast-schema-graph\">{\"@context\":\"https:\/\/schema.org\",\"@graph\":[{\"@type\":\"Article\",\"@id\":\"https:\/\/brasilnoticias.org\/site\/doacoes-do-bsf-atendem-familias-e-creche-na-estrada-das-barreiras\/#article\",\"isPartOf\":{\"@id\":\"https:\/\/brasilnoticias.org\/site\/doacoes-do-bsf-atendem-familias-e-creche-na-estrada-das-barreiras\/\"},\"author\":{\"name\":\"Reda\u00e7\u00e3o\",\"@id\":\"https:\/\/brasilnoticias.org\/site\/#\/schema\/person\/03bbbfe6c7634ad18c26444ea39049fa\"},\"headline\":\"Doa\u00e7\u00f5es do BSF atendem fam\u00edlias e creche na Estrada das Barreiras\",\"datePublished\":\"2023-09-20T12:00:04+00:00\",\"mainEntityOfPage\":{\"@id\":\"https:\/\/brasilnoticias.org\/site\/doacoes-do-bsf-atendem-familias-e-creche-na-estrada-das-barreiras\/\"},\"wordCount\":290,\"commentCount\":0,\"publisher\":{\"@id\":\"https:\/\/brasilnoticias.org\/site\/#organization\"},\"image\":{\"@id\":\"https:\/\/brasilnoticias.org\/site\/doacoes-do-bsf-atendem-familias-e-creche-na-estrada-das-barreiras\/#primaryimage\"},\"thumbnailUrl\":\"https:\/\/brasilnoticias.org\/site\/wp-content\/uploads\/2023\/09\/IMG_20230919_123141_603-696x464-1.jpg\",\"articleSection\":[\"Not\u00edcias\",\"\u00daltimas\"],\"inLanguage\":\"pt-PT\",\"potentialAction\":[{\"@type\":\"CommentAction\",\"name\":\"Comment\",\"target\":[\"https:\/\/brasilnoticias.org\/site\/doacoes-do-bsf-atendem-familias-e-creche-na-estrada-das-barreiras\/#respond\"]}]},{\"@type\":\"WebPage\",\"@id\":\"https:\/\/brasilnoticias.org\/site\/doacoes-do-bsf-atendem-familias-e-creche-na-estrada-das-barreiras\/\",\"url\":\"https:\/\/brasilnoticias.org\/site\/doacoes-do-bsf-atendem-familias-e-creche-na-estrada-das-barreiras\/\",\"name\":\"Doa\u00e7\u00f5es do BSF atendem fam\u00edlias e creche na Estrada das Barreiras - Brasil not\u00edcias\",\"isPartOf\":{\"@id\":\"https:\/\/brasilnoticias.org\/site\/#website\"},\"primaryImageOfPage\":{\"@id\":\"https:\/\/brasilnoticias.org\/site\/doacoes-do-bsf-atendem-familias-e-creche-na-estrada-das-barreiras\/#primaryimage\"},\"image\":{\"@id\":\"https:\/\/brasilnoticias.org\/site\/doacoes-do-bsf-atendem-familias-e-creche-na-estrada-das-barreiras\/#primaryimage\"},\"thumbnailUrl\":\"https:\/\/brasilnoticias.org\/site\/wp-content\/uploads\/2023\/09\/IMG_20230919_123141_603-696x464-1.jpg\",\"datePublished\":\"2023-09-20T12:00:04+00:00\",\"breadcrumb\":{\"@id\":\"https:\/\/brasilnoticias.org\/site\/doacoes-do-bsf-atendem-familias-e-creche-na-estrada-das-barreiras\/#breadcrumb\"},\"inLanguage\":\"pt-PT\",\"potentialAction\":[{\"@type\":\"ReadAction\",\"target\":[\"https:\/\/brasilnoticias.org\/site\/doacoes-do-bsf-atendem-familias-e-creche-na-estrada-das-barreiras\/\"]}]},{\"@type\":\"ImageObject\",\"inLanguage\":\"pt-PT\",\"@id\":\"https:\/\/brasilnoticias.org\/site\/doacoes-do-bsf-atendem-familias-e-creche-na-estrada-das-barreiras\/#primaryimage\",\"url\":\"https:\/\/brasilnoticias.org\/site\/wp-content\/uploads\/2023\/09\/IMG_20230919_123141_603-696x464-1.jpg\",\"contentUrl\":\"https:\/\/brasilnoticias.org\/site\/wp-content\/uploads\/2023\/09\/IMG_20230919_123141_603-696x464-1.jpg\",\"width\":696,\"height\":464},{\"@type\":\"BreadcrumbList\",\"@id\":\"https:\/\/brasilnoticias.org\/site\/doacoes-do-bsf-atendem-familias-e-creche-na-estrada-das-barreiras\/#breadcrumb\",\"itemListElement\":[{\"@type\":\"ListItem\",\"position\":1,\"name\":\"In\u00edcio\",\"item\":\"https:\/\/brasilnoticias.org\/site\/\"},{\"@type\":\"ListItem\",\"position\":2,\"name\":\"Doa\u00e7\u00f5es do BSF atendem fam\u00edlias e creche na Estrada das Barreiras\"}]},{\"@type\":\"WebSite\",\"@id\":\"https:\/\/brasilnoticias.org\/site\/#website\",\"url\":\"https:\/\/brasilnoticias.org\/site\/\",\"name\":\"Brasil not\u00edcias\",\"description\":\"Brasil not\u00edcias\",\"publisher\":{\"@id\":\"https:\/\/brasilnoticias.org\/site\/#organization\"},\"potentialAction\":[{\"@type\":\"SearchAction\",\"target\":{\"@type\":\"EntryPoint\",\"urlTemplate\":\"https:\/\/brasilnoticias.org\/site\/?s={search_term_string}\"},\"query-input\":{\"@type\":\"PropertyValueSpecification\",\"valueRequired\":true,\"valueName\":\"search_term_string\"}}],\"inLanguage\":\"pt-PT\"},{\"@type\":\"Organization\",\"@id\":\"https:\/\/brasilnoticias.org\/site\/#organization\",\"name\":\"Brasil not\u00edcias\",\"url\":\"https:\/\/brasilnoticias.org\/site\/\",\"logo\":{\"@type\":\"ImageObject\",\"inLanguage\":\"pt-PT\",\"@id\":\"https:\/\/brasilnoticias.org\/site\/#\/schema\/logo\/image\/\",\"url\":\"https:\/\/brasilnoticias.org\/site\/wp-content\/uploads\/2022\/05\/cropped-brasilnoticias-mini.jpg\",\"contentUrl\":\"https:\/\/brasilnoticias.org\/site\/wp-content\/uploads\/2022\/05\/cropped-brasilnoticias-mini.jpg\",\"width\":314,\"height\":86,\"caption\":\"Brasil not\u00edcias\"},\"image\":{\"@id\":\"https:\/\/brasilnoticias.org\/site\/#\/schema\/logo\/image\/\"}},{\"@type\":\"Person\",\"@id\":\"https:\/\/brasilnoticias.org\/site\/#\/schema\/person\/03bbbfe6c7634ad18c26444ea39049fa\",\"name\":\"Reda\u00e7\u00e3o\",\"image\":{\"@type\":\"ImageObject\",\"inLanguage\":\"pt-PT\",\"@id\":\"https:\/\/brasilnoticias.org\/site\/#\/schema\/person\/image\/\",\"url\":\"https:\/\/secure.gravatar.com\/avatar\/9ecaf7327a696cb23ad926fedded5f1f04d7049de9e445375d55b48c001a6e42?s=96&d=mm&r=g\",\"contentUrl\":\"https:\/\/secure.gravatar.com\/avatar\/9ecaf7327a696cb23ad926fedded5f1f04d7049de9e445375d55b48c001a6e42?s=96&d=mm&r=g\",\"caption\":\"Reda\u00e7\u00e3o\"},\"url\":\"https:\/\/brasilnoticias.org\/site\/author\/henrique\/\"}]}<\/script>\n<!-- \/ Yoast SEO plugin. -->","yoast_head_json":{"title":"Doa\u00e7\u00f5es do BSF atendem fam\u00edlias e creche na Estrada das Barreiras - Brasil not\u00edcias","robots":{"index":"index","follow":"follow","max-snippet":"max-snippet:-1","max-image-preview":"max-image-preview:large","max-video-preview":"max-video-preview:-1"},"canonical":"https:\/\/brasilnoticias.org\/site\/doacoes-do-bsf-atendem-familias-e-creche-na-estrada-das-barreiras\/","og_locale":"pt_PT","og_type":"article","og_title":"Doa\u00e7\u00f5es do BSF atendem fam\u00edlias e creche na Estrada das Barreiras - Brasil not\u00edcias","og_description":"O Programa Bahia Sem Fome (BSF) entregou 100 cestas b\u00e1sicas \u00e0 Associa\u00e7\u00e3o Creche Escola Comunit\u00e1ria MG, localizada na Estrada das","og_url":"https:\/\/brasilnoticias.org\/site\/doacoes-do-bsf-atendem-familias-e-creche-na-estrada-das-barreiras\/","og_site_name":"Brasil not\u00edcias","article_published_time":"2023-09-20T12:00:04+00:00","og_image":[{"width":696,"height":464,"url":"https:\/\/brasilnoticias.org\/site\/wp-content\/uploads\/2023\/09\/IMG_20230919_123141_603-696x464-1.jpg","type":"image\/jpeg"}],"author":"Reda\u00e7\u00e3o","twitter_card":"summary_large_image","twitter_misc":{"Escrito por":"Reda\u00e7\u00e3o"},"schema":{"@context":"https:\/\/schema.org","@graph":[{"@type":"Article","@id":"https:\/\/brasilnoticias.org\/site\/doacoes-do-bsf-atendem-familias-e-creche-na-estrada-das-barreiras\/#article","isPartOf":{"@id":"https:\/\/brasilnoticias.org\/site\/doacoes-do-bsf-atendem-familias-e-creche-na-estrada-das-barreiras\/"},"author":{"name":"Reda\u00e7\u00e3o","@id":"https:\/\/brasilnoticias.org\/site\/#\/schema\/person\/03bbbfe6c7634ad18c26444ea39049fa"},"headline":"Doa\u00e7\u00f5es do BSF atendem fam\u00edlias e creche na Estrada das Barreiras","datePublished":"2023-09-20T12:00:04+00:00","mainEntityOfPage":{"@id":"https:\/\/brasilnoticias.org\/site\/doacoes-do-bsf-atendem-familias-e-creche-na-estrada-das-barreiras\/"},"wordCount":290,"commentCount":0,"publisher":{"@id":"https:\/\/brasilnoticias.org\/site\/#organization"},"image":{"@id":"https:\/\/brasilnoticias.org\/site\/doacoes-do-bsf-atendem-familias-e-creche-na-estrada-das-barreiras\/#primaryimage"},"thumbnailUrl":"https:\/\/brasilnoticias.org\/site\/wp-content\/uploads\/2023\/09\/IMG_20230919_123141_603-696x464-1.jpg","articleSection":["Not\u00edcias","\u00daltimas"],"inLanguage":"pt-PT","potentialAction":[{"@type":"CommentAction","name":"Comment","target":["https:\/\/brasilnoticias.org\/site\/doacoes-do-bsf-atendem-familias-e-creche-na-estrada-das-barreiras\/#respond"]}]},{"@type":"WebPage","@id":"https:\/\/brasilnoticias.org\/site\/doacoes-do-bsf-atendem-familias-e-creche-na-estrada-das-barreiras\/","url":"https:\/\/brasilnoticias.org\/site\/doacoes-do-bsf-atendem-familias-e-creche-na-estrada-das-barreiras\/","name":"Doa\u00e7\u00f5es do BSF atendem fam\u00edlias e creche na Estrada das Barreiras - Brasil not\u00edcias","isPartOf":{"@id":"https:\/\/brasilnoticias.org\/site\/#website"},"primaryImageOfPage":{"@id":"https:\/\/brasilnoticias.org\/site\/doacoes-do-bsf-atendem-familias-e-creche-na-estrada-das-barreiras\/#primaryimage"},"image":{"@id":"https:\/\/brasilnoticias.org\/site\/doacoes-do-bsf-atendem-familias-e-creche-na-estrada-das-barreiras\/#primaryimage"},"thumbnailUrl":"https:\/\/brasilnoticias.org\/site\/wp-content\/uploads\/2023\/09\/IMG_20230919_123141_603-696x464-1.jpg","datePublished":"2023-09-20T12:00:04+00:00","breadcrumb":{"@id":"https:\/\/brasilnoticias.org\/site\/doacoes-do-bsf-atendem-familias-e-creche-na-estrada-das-barreiras\/#breadcrumb"},"inLanguage":"pt-PT","potentialAction":[{"@type":"ReadAction","target":["https:\/\/brasilnoticias.org\/site\/doacoes-do-bsf-atendem-familias-e-creche-na-estrada-das-barreiras\/"]}]},{"@type":"ImageObject","inLanguage":"pt-PT","@id":"https:\/\/brasilnoticias.org\/site\/doacoes-do-bsf-atendem-familias-e-creche-na-estrada-das-barreiras\/#primaryimage","url":"https:\/\/brasilnoticias.org\/site\/wp-content\/uploads\/2023\/09\/IMG_20230919_123141_603-696x464-1.jpg","contentUrl":"https:\/\/brasilnoticias.org\/site\/wp-content\/uploads\/2023\/09\/IMG_20230919_123141_603-696x464-1.jpg","width":696,"height":464},{"@type":"BreadcrumbList","@id":"https:\/\/brasilnoticias.org\/site\/doacoes-do-bsf-atendem-familias-e-creche-na-estrada-das-barreiras\/#breadcrumb","itemListElement":[{"@type":"ListItem","position":1,"name":"In\u00edcio","item":"https:\/\/brasilnoticias.org\/site\/"},{"@type":"ListItem","position":2,"name":"Doa\u00e7\u00f5es do BSF atendem fam\u00edlias e creche na Estrada das Barreiras"}]},{"@type":"WebSite","@id":"https:\/\/brasilnoticias.org\/site\/#website","url":"https:\/\/brasilnoticias.org\/site\/","name":"Brasil not\u00edcias","description":"Brasil not\u00edcias","publisher":{"@id":"https:\/\/brasilnoticias.org\/site\/#organization"},"potentialAction":[{"@type":"SearchAction","target":{"@type":"EntryPoint","urlTemplate":"https:\/\/brasilnoticias.org\/site\/?s={search_term_string}"},"query-input":{"@type":"PropertyValueSpecification","valueRequired":true,"valueName":"search_term_string"}}],"inLanguage":"pt-PT"},{"@type":"Organization","@id":"https:\/\/brasilnoticias.org\/site\/#organization","name":"Brasil not\u00edcias","url":"https:\/\/brasilnoticias.org\/site\/","logo":{"@type":"ImageObject","inLanguage":"pt-PT","@id":"https:\/\/brasilnoticias.org\/site\/#\/schema\/logo\/image\/","url":"https:\/\/brasilnoticias.org\/site\/wp-content\/uploads\/2022\/05\/cropped-brasilnoticias-mini.jpg","contentUrl":"https:\/\/brasilnoticias.org\/site\/wp-content\/uploads\/2022\/05\/cropped-brasilnoticias-mini.jpg","width":314,"height":86,"caption":"Brasil not\u00edcias"},"image":{"@id":"https:\/\/brasilnoticias.org\/site\/#\/schema\/logo\/image\/"}},{"@type":"Person","@id":"https:\/\/brasilnoticias.org\/site\/#\/schema\/person\/03bbbfe6c7634ad18c26444ea39049fa","name":"Reda\u00e7\u00e3o","image":{"@type":"ImageObject","inLanguage":"pt-PT","@id":"https:\/\/brasilnoticias.org\/site\/#\/schema\/person\/image\/","url":"https:\/\/secure.gravatar.com\/avatar\/9ecaf7327a696cb23ad926fedded5f1f04d7049de9e445375d55b48c001a6e42?s=96&d=mm&r=g","contentUrl":"https:\/\/secure.gravatar.com\/avatar\/9ecaf7327a696cb23ad926fedded5f1f04d7049de9e445375d55b48c001a6e42?s=96&d=mm&r=g","caption":"Reda\u00e7\u00e3o"},"url":"https:\/\/brasilnoticias.org\/site\/author\/henrique\/"}]}},"_links":{"self":[{"href":"https:\/\/brasilnoticias.org\/site\/wp-json\/wp\/v2\/posts\/9396","targetHints":{"allow":["GET"]}}],"collection":[{"href":"https:\/\/brasilnoticias.org\/site\/wp-json\/wp\/v2\/posts"}],"about":[{"href":"https:\/\/brasilnoticias.org\/site\/wp-json\/wp\/v2\/types\/post"}],"author":[{"embeddable":true,"href":"https:\/\/brasilnoticias.org\/site\/wp-json\/wp\/v2\/users\/4"}],"replies":[{"embeddable":true,"href":"https:\/\/brasilnoticias.org\/site\/wp-json\/wp\/v2\/comments?post=9396"}],"version-history":[{"count":1,"href":"https:\/\/brasilnoticias.org\/site\/wp-json\/wp\/v2\/posts\/9396\/revisions"}],"predecessor-version":[{"id":9398,"href":"https:\/\/brasilnoticias.org\/site\/wp-json\/wp\/v2\/posts\/9396\/revisions\/9398"}],"wp:featuredmedia":[{"embeddable":true,"href":"https:\/\/brasilnoticias.org\/site\/wp-json\/wp\/v2\/media\/9397"}],"wp:attachment":[{"href":"https:\/\/brasilnoticias.org\/site\/wp-json\/wp\/v2\/media?parent=9396"}],"wp:term":[{"taxonomy":"category","embeddable":true,"href":"https:\/\/brasilnoticias.org\/site\/wp-json\/wp\/v2\/categories?post=9396"},{"taxonomy":"post_tag","embeddable":true,"href":"https:\/\/brasilnoticias.org\/site\/wp-json\/wp\/v2\/tags?post=9396"}],"curies":[{"name":"wp","href":"https:\/\/api.w.org\/{rel}","templated":true}]}}