{"id":9405,"date":"2023-09-20T18:36:18","date_gmt":"2023-09-20T21:36:18","guid":{"rendered":"https:\/\/brasilnoticias.org\/site\/?p=9405"},"modified":"2023-09-20T18:36:18","modified_gmt":"2023-09-20T21:36:18","slug":"jeronimo-afirma-que-apenas-armas-nao-vao-resolver-a-seguranca-publica-na-bahia","status":"publish","type":"post","link":"https:\/\/brasilnoticias.org\/site\/jeronimo-afirma-que-apenas-armas-nao-vao-resolver-a-seguranca-publica-na-bahia\/","title":{"rendered":"Jer\u00f4nimo afirma que \u2018apenas armas\u2019 n\u00e3o v\u00e3o resolver a seguran\u00e7a p\u00fablica na Bahia"},"content":{"rendered":"<p>Governador ressaltou a import\u00e2ncia de investir em diversas \u00e1reas do estado, como educa\u00e7\u00e3o, transporte e gera\u00e7\u00e3o de empregos<\/p>\n<p>O governador da Bahia, Jer\u00f4nimo Rodrigues (PT), afirmou que \u201capenas\u201d armas n\u00e3o v\u00e3o resolver a seguran\u00e7a p\u00fablica do estado. A declara\u00e7\u00e3o foi feita atrav\u00e9s de suas redes sociais, na manh\u00e3 desta quarta-feira (20\/9). Na mensagem, o petista apontou para a necessidade dos investimentos na educa\u00e7\u00e3o.<\/p>\n<p>No pronunciamento, o chefe do executivo estadual destrinchou o que acredita ser o caminho para encerrar o escalonamento da viol\u00eancia, com investimentos nas \u00e1reas da educa\u00e7\u00e3o, transportes, cultura e gera\u00e7\u00e3o de empregos. \u201cN\u00e3o vamos enfrentar a seguran\u00e7a p\u00fablica apenas com as armas\u201d, destacou.<\/p>\n<p>Na manh\u00e3 desta quarta, outros dois homens foram presos no bairro da Val\u00e9ria, em Salvador. A localidade vem passando por uma intensiva opera\u00e7\u00e3o da seguran\u00e7a p\u00fablica, ap\u00f3s a morte do Policial Federal, Lucas Carib\u00e9, atingido por disparos de arma de fogo na \u00faltima sexta-feira (15\/9).<\/p>\n<p>Em cinco dias de opera\u00e7\u00f5es, foram encontrados tr\u00eas fuzis, uma carabina, uma submetralhadora, tr\u00eas pistolas, um rev\u00f3lver, carregadores, muni\u00e7\u00f5es, r\u00e1dios comunicadores e pe\u00e7as de ve\u00edculo roubado. Nove pessoas, entre suspeitos e criminosos confirmados, morreram em confrontos. Na apreens\u00e3o desta quarta, por\u00e7\u00f5es de maconha, muni\u00e7\u00f5es 9 mil\u00edmetros, R$ 350, tr\u00eas celulares e um blus\u00e3o camuflado form recolhidos.<\/p>\n<blockquote class=\"twitter-tweet\">\n<p lang=\"pt\" dir=\"ltr\">Refor\u00e7ar nossa educa\u00e7\u00e3o, promover a gera\u00e7\u00e3o de emprego, investir em uma sa\u00fade p\u00fablica de qualidade, na alimenta\u00e7\u00e3o e nutri\u00e7\u00e3o da nossa gente \u00e9 nosso compromisso!<a href=\"https:\/\/twitter.com\/hashtag\/DireitosHumanos?src=hash&amp;ref_src=twsrc%5Etfw\">#DireitosHumanos<\/a> <a href=\"https:\/\/twitter.com\/hashtag\/Seguran%C3%A7a?src=hash&amp;ref_src=twsrc%5Etfw\">#Seguran\u00e7a<\/a> <a href=\"https:\/\/twitter.com\/hashtag\/Bahia?src=hash&amp;ref_src=twsrc%5Etfw\">#Bahia<\/a> <a href=\"https:\/\/twitter.com\/hashtag\/GovernoDaBahia?src=hash&amp;ref_src=twsrc%5Etfw\">#GovernoDaBahia<\/a> <a href=\"https:\/\/t.co\/YYfVbBk3gu\">pic.twitter.com\/YYfVbBk3gu<\/a><\/p>\n<p>&mdash; Jer\u00f4nimo Rodrigues (@Jeronimoba13) <a href=\"https:\/\/twitter.com\/Jeronimoba13\/status\/1704467335338213830?ref_src=twsrc%5Etfw\">September 20, 2023<\/a><\/p><\/blockquote>\n<p> <script async src=\"https:\/\/platform.twitter.com\/widgets.js\" charset=\"utf-8\"><\/script><\/p>\n<p>Foto: Fernando Vivas\/GOVBA<br \/>\nAratu On<\/p>\n","protected":false},"excerpt":{"rendered":"<p>Governador ressaltou a import\u00e2ncia de investir em diversas \u00e1reas do estado, como educa\u00e7\u00e3o, transporte e gera\u00e7\u00e3o de empregos O governador<\/p>\n","protected":false},"author":4,"featured_media":9406,"comment_status":"open","ping_status":"open","sticky":false,"template":"","format":"standard","meta":{"colormag_page_container_layout":"default_layout","colormag_page_sidebar_layout":"default_layout","_FSMCFIC_featured_image_caption":"","_FSMCFIC_featured_image_nocaption":"","_FSMCFIC_featured_image_hide":"","footnotes":""},"categories":[5,1],"tags":[],"class_list":["post-9405","post","type-post","status-publish","format-standard","has-post-thumbnail","hentry","category-politica","category-ultimas"],"yoast_head":"<!-- This site is optimized with the Yoast SEO plugin v27.1.1 - https:\/\/yoast.com\/product\/yoast-seo-wordpress\/ -->\n<title>Jer\u00f4nimo afirma que \u2018apenas armas\u2019 n\u00e3o v\u00e3o resolver a seguran\u00e7a p\u00fablica na Bahia - Brasil not\u00edcias<\/title>\n<meta name=\"robots\" content=\"index, follow, max-snippet:-1, max-image-preview:large, max-video-preview:-1\" \/>\n<link rel=\"canonical\" href=\"https:\/\/brasilnoticias.org\/site\/jeronimo-afirma-que-apenas-armas-nao-vao-resolver-a-seguranca-publica-na-bahia\/\" \/>\n<meta property=\"og:locale\" content=\"pt_PT\" \/>\n<meta property=\"og:type\" content=\"article\" \/>\n<meta property=\"og:title\" content=\"Jer\u00f4nimo afirma que \u2018apenas armas\u2019 n\u00e3o v\u00e3o resolver a seguran\u00e7a p\u00fablica na Bahia - Brasil not\u00edcias\" \/>\n<meta property=\"og:description\" content=\"Governador ressaltou a import\u00e2ncia de investir em diversas \u00e1reas do estado, como educa\u00e7\u00e3o, transporte e gera\u00e7\u00e3o de empregos O governador\" \/>\n<meta property=\"og:url\" content=\"https:\/\/brasilnoticias.org\/site\/jeronimo-afirma-que-apenas-armas-nao-vao-resolver-a-seguranca-publica-na-bahia\/\" \/>\n<meta property=\"og:site_name\" content=\"Brasil not\u00edcias\" \/>\n<meta property=\"article:published_time\" content=\"2023-09-20T21:36:18+00:00\" \/>\n<meta property=\"og:image\" content=\"https:\/\/brasilnoticias.org\/site\/wp-content\/uploads\/2023\/09\/cats-5-5.jpg\" \/>\n\t<meta property=\"og:image:width\" content=\"740\" \/>\n\t<meta property=\"og:image:height\" content=\"470\" \/>\n\t<meta property=\"og:image:type\" content=\"image\/jpeg\" \/>\n<meta name=\"author\" content=\"Reda\u00e7\u00e3o\" \/>\n<meta name=\"twitter:card\" content=\"summary_large_image\" \/>\n<meta name=\"twitter:label1\" content=\"Escrito por\" \/>\n\t<meta name=\"twitter:data1\" content=\"Reda\u00e7\u00e3o\" \/>\n<script type=\"application\/ld+json\" class=\"yoast-schema-graph\">{\"@context\":\"https:\/\/schema.org\",\"@graph\":[{\"@type\":\"Article\",\"@id\":\"https:\/\/brasilnoticias.org\/site\/jeronimo-afirma-que-apenas-armas-nao-vao-resolver-a-seguranca-publica-na-bahia\/#article\",\"isPartOf\":{\"@id\":\"https:\/\/brasilnoticias.org\/site\/jeronimo-afirma-que-apenas-armas-nao-vao-resolver-a-seguranca-publica-na-bahia\/\"},\"author\":{\"name\":\"Reda\u00e7\u00e3o\",\"@id\":\"https:\/\/brasilnoticias.org\/site\/#\/schema\/person\/03bbbfe6c7634ad18c26444ea39049fa\"},\"headline\":\"Jer\u00f4nimo afirma que \u2018apenas armas\u2019 n\u00e3o v\u00e3o resolver a seguran\u00e7a p\u00fablica na Bahia\",\"datePublished\":\"2023-09-20T21:36:18+00:00\",\"mainEntityOfPage\":{\"@id\":\"https:\/\/brasilnoticias.org\/site\/jeronimo-afirma-que-apenas-armas-nao-vao-resolver-a-seguranca-publica-na-bahia\/\"},\"wordCount\":310,\"commentCount\":0,\"publisher\":{\"@id\":\"https:\/\/brasilnoticias.org\/site\/#organization\"},\"image\":{\"@id\":\"https:\/\/brasilnoticias.org\/site\/jeronimo-afirma-que-apenas-armas-nao-vao-resolver-a-seguranca-publica-na-bahia\/#primaryimage\"},\"thumbnailUrl\":\"https:\/\/brasilnoticias.org\/site\/wp-content\/uploads\/2023\/09\/cats-5-5.jpg\",\"articleSection\":[\"Pol\u00edtica\",\"\u00daltimas\"],\"inLanguage\":\"pt-PT\",\"potentialAction\":[{\"@type\":\"CommentAction\",\"name\":\"Comment\",\"target\":[\"https:\/\/brasilnoticias.org\/site\/jeronimo-afirma-que-apenas-armas-nao-vao-resolver-a-seguranca-publica-na-bahia\/#respond\"]}]},{\"@type\":\"WebPage\",\"@id\":\"https:\/\/brasilnoticias.org\/site\/jeronimo-afirma-que-apenas-armas-nao-vao-resolver-a-seguranca-publica-na-bahia\/\",\"url\":\"https:\/\/brasilnoticias.org\/site\/jeronimo-afirma-que-apenas-armas-nao-vao-resolver-a-seguranca-publica-na-bahia\/\",\"name\":\"Jer\u00f4nimo afirma que \u2018apenas armas\u2019 n\u00e3o v\u00e3o resolver a seguran\u00e7a p\u00fablica na Bahia - Brasil not\u00edcias\",\"isPartOf\":{\"@id\":\"https:\/\/brasilnoticias.org\/site\/#website\"},\"primaryImageOfPage\":{\"@id\":\"https:\/\/brasilnoticias.org\/site\/jeronimo-afirma-que-apenas-armas-nao-vao-resolver-a-seguranca-publica-na-bahia\/#primaryimage\"},\"image\":{\"@id\":\"https:\/\/brasilnoticias.org\/site\/jeronimo-afirma-que-apenas-armas-nao-vao-resolver-a-seguranca-publica-na-bahia\/#primaryimage\"},\"thumbnailUrl\":\"https:\/\/brasilnoticias.org\/site\/wp-content\/uploads\/2023\/09\/cats-5-5.jpg\",\"datePublished\":\"2023-09-20T21:36:18+00:00\",\"breadcrumb\":{\"@id\":\"https:\/\/brasilnoticias.org\/site\/jeronimo-afirma-que-apenas-armas-nao-vao-resolver-a-seguranca-publica-na-bahia\/#breadcrumb\"},\"inLanguage\":\"pt-PT\",\"potentialAction\":[{\"@type\":\"ReadAction\",\"target\":[\"https:\/\/brasilnoticias.org\/site\/jeronimo-afirma-que-apenas-armas-nao-vao-resolver-a-seguranca-publica-na-bahia\/\"]}]},{\"@type\":\"ImageObject\",\"inLanguage\":\"pt-PT\",\"@id\":\"https:\/\/brasilnoticias.org\/site\/jeronimo-afirma-que-apenas-armas-nao-vao-resolver-a-seguranca-publica-na-bahia\/#primaryimage\",\"url\":\"https:\/\/brasilnoticias.org\/site\/wp-content\/uploads\/2023\/09\/cats-5-5.jpg\",\"contentUrl\":\"https:\/\/brasilnoticias.org\/site\/wp-content\/uploads\/2023\/09\/cats-5-5.jpg\",\"width\":740,\"height\":470},{\"@type\":\"BreadcrumbList\",\"@id\":\"https:\/\/brasilnoticias.org\/site\/jeronimo-afirma-que-apenas-armas-nao-vao-resolver-a-seguranca-publica-na-bahia\/#breadcrumb\",\"itemListElement\":[{\"@type\":\"ListItem\",\"position\":1,\"name\":\"In\u00edcio\",\"item\":\"https:\/\/brasilnoticias.org\/site\/\"},{\"@type\":\"ListItem\",\"position\":2,\"name\":\"Jer\u00f4nimo afirma que \u2018apenas armas\u2019 n\u00e3o v\u00e3o resolver a seguran\u00e7a p\u00fablica na Bahia\"}]},{\"@type\":\"WebSite\",\"@id\":\"https:\/\/brasilnoticias.org\/site\/#website\",\"url\":\"https:\/\/brasilnoticias.org\/site\/\",\"name\":\"Brasil not\u00edcias\",\"description\":\"Brasil not\u00edcias\",\"publisher\":{\"@id\":\"https:\/\/brasilnoticias.org\/site\/#organization\"},\"potentialAction\":[{\"@type\":\"SearchAction\",\"target\":{\"@type\":\"EntryPoint\",\"urlTemplate\":\"https:\/\/brasilnoticias.org\/site\/?s={search_term_string}\"},\"query-input\":{\"@type\":\"PropertyValueSpecification\",\"valueRequired\":true,\"valueName\":\"search_term_string\"}}],\"inLanguage\":\"pt-PT\"},{\"@type\":\"Organization\",\"@id\":\"https:\/\/brasilnoticias.org\/site\/#organization\",\"name\":\"Brasil not\u00edcias\",\"url\":\"https:\/\/brasilnoticias.org\/site\/\",\"logo\":{\"@type\":\"ImageObject\",\"inLanguage\":\"pt-PT\",\"@id\":\"https:\/\/brasilnoticias.org\/site\/#\/schema\/logo\/image\/\",\"url\":\"https:\/\/brasilnoticias.org\/site\/wp-content\/uploads\/2022\/05\/cropped-brasilnoticias-mini.jpg\",\"contentUrl\":\"https:\/\/brasilnoticias.org\/site\/wp-content\/uploads\/2022\/05\/cropped-brasilnoticias-mini.jpg\",\"width\":314,\"height\":86,\"caption\":\"Brasil not\u00edcias\"},\"image\":{\"@id\":\"https:\/\/brasilnoticias.org\/site\/#\/schema\/logo\/image\/\"}},{\"@type\":\"Person\",\"@id\":\"https:\/\/brasilnoticias.org\/site\/#\/schema\/person\/03bbbfe6c7634ad18c26444ea39049fa\",\"name\":\"Reda\u00e7\u00e3o\",\"image\":{\"@type\":\"ImageObject\",\"inLanguage\":\"pt-PT\",\"@id\":\"https:\/\/brasilnoticias.org\/site\/#\/schema\/person\/image\/\",\"url\":\"https:\/\/secure.gravatar.com\/avatar\/9ecaf7327a696cb23ad926fedded5f1f04d7049de9e445375d55b48c001a6e42?s=96&d=mm&r=g\",\"contentUrl\":\"https:\/\/secure.gravatar.com\/avatar\/9ecaf7327a696cb23ad926fedded5f1f04d7049de9e445375d55b48c001a6e42?s=96&d=mm&r=g\",\"caption\":\"Reda\u00e7\u00e3o\"},\"url\":\"https:\/\/brasilnoticias.org\/site\/author\/henrique\/\"}]}<\/script>\n<!-- \/ Yoast SEO plugin. -->","yoast_head_json":{"title":"Jer\u00f4nimo afirma que \u2018apenas armas\u2019 n\u00e3o v\u00e3o resolver a seguran\u00e7a p\u00fablica na Bahia - Brasil not\u00edcias","robots":{"index":"index","follow":"follow","max-snippet":"max-snippet:-1","max-image-preview":"max-image-preview:large","max-video-preview":"max-video-preview:-1"},"canonical":"https:\/\/brasilnoticias.org\/site\/jeronimo-afirma-que-apenas-armas-nao-vao-resolver-a-seguranca-publica-na-bahia\/","og_locale":"pt_PT","og_type":"article","og_title":"Jer\u00f4nimo afirma que \u2018apenas armas\u2019 n\u00e3o v\u00e3o resolver a seguran\u00e7a p\u00fablica na Bahia - Brasil not\u00edcias","og_description":"Governador ressaltou a import\u00e2ncia de investir em diversas \u00e1reas do estado, como educa\u00e7\u00e3o, transporte e gera\u00e7\u00e3o de empregos O governador","og_url":"https:\/\/brasilnoticias.org\/site\/jeronimo-afirma-que-apenas-armas-nao-vao-resolver-a-seguranca-publica-na-bahia\/","og_site_name":"Brasil not\u00edcias","article_published_time":"2023-09-20T21:36:18+00:00","og_image":[{"width":740,"height":470,"url":"https:\/\/brasilnoticias.org\/site\/wp-content\/uploads\/2023\/09\/cats-5-5.jpg","type":"image\/jpeg"}],"author":"Reda\u00e7\u00e3o","twitter_card":"summary_large_image","twitter_misc":{"Escrito por":"Reda\u00e7\u00e3o"},"schema":{"@context":"https:\/\/schema.org","@graph":[{"@type":"Article","@id":"https:\/\/brasilnoticias.org\/site\/jeronimo-afirma-que-apenas-armas-nao-vao-resolver-a-seguranca-publica-na-bahia\/#article","isPartOf":{"@id":"https:\/\/brasilnoticias.org\/site\/jeronimo-afirma-que-apenas-armas-nao-vao-resolver-a-seguranca-publica-na-bahia\/"},"author":{"name":"Reda\u00e7\u00e3o","@id":"https:\/\/brasilnoticias.org\/site\/#\/schema\/person\/03bbbfe6c7634ad18c26444ea39049fa"},"headline":"Jer\u00f4nimo afirma que \u2018apenas armas\u2019 n\u00e3o v\u00e3o resolver a seguran\u00e7a p\u00fablica na Bahia","datePublished":"2023-09-20T21:36:18+00:00","mainEntityOfPage":{"@id":"https:\/\/brasilnoticias.org\/site\/jeronimo-afirma-que-apenas-armas-nao-vao-resolver-a-seguranca-publica-na-bahia\/"},"wordCount":310,"commentCount":0,"publisher":{"@id":"https:\/\/brasilnoticias.org\/site\/#organization"},"image":{"@id":"https:\/\/brasilnoticias.org\/site\/jeronimo-afirma-que-apenas-armas-nao-vao-resolver-a-seguranca-publica-na-bahia\/#primaryimage"},"thumbnailUrl":"https:\/\/brasilnoticias.org\/site\/wp-content\/uploads\/2023\/09\/cats-5-5.jpg","articleSection":["Pol\u00edtica","\u00daltimas"],"inLanguage":"pt-PT","potentialAction":[{"@type":"CommentAction","name":"Comment","target":["https:\/\/brasilnoticias.org\/site\/jeronimo-afirma-que-apenas-armas-nao-vao-resolver-a-seguranca-publica-na-bahia\/#respond"]}]},{"@type":"WebPage","@id":"https:\/\/brasilnoticias.org\/site\/jeronimo-afirma-que-apenas-armas-nao-vao-resolver-a-seguranca-publica-na-bahia\/","url":"https:\/\/brasilnoticias.org\/site\/jeronimo-afirma-que-apenas-armas-nao-vao-resolver-a-seguranca-publica-na-bahia\/","name":"Jer\u00f4nimo afirma que \u2018apenas armas\u2019 n\u00e3o v\u00e3o resolver a seguran\u00e7a p\u00fablica na Bahia - Brasil not\u00edcias","isPartOf":{"@id":"https:\/\/brasilnoticias.org\/site\/#website"},"primaryImageOfPage":{"@id":"https:\/\/brasilnoticias.org\/site\/jeronimo-afirma-que-apenas-armas-nao-vao-resolver-a-seguranca-publica-na-bahia\/#primaryimage"},"image":{"@id":"https:\/\/brasilnoticias.org\/site\/jeronimo-afirma-que-apenas-armas-nao-vao-resolver-a-seguranca-publica-na-bahia\/#primaryimage"},"thumbnailUrl":"https:\/\/brasilnoticias.org\/site\/wp-content\/uploads\/2023\/09\/cats-5-5.jpg","datePublished":"2023-09-20T21:36:18+00:00","breadcrumb":{"@id":"https:\/\/brasilnoticias.org\/site\/jeronimo-afirma-que-apenas-armas-nao-vao-resolver-a-seguranca-publica-na-bahia\/#breadcrumb"},"inLanguage":"pt-PT","potentialAction":[{"@type":"ReadAction","target":["https:\/\/brasilnoticias.org\/site\/jeronimo-afirma-que-apenas-armas-nao-vao-resolver-a-seguranca-publica-na-bahia\/"]}]},{"@type":"ImageObject","inLanguage":"pt-PT","@id":"https:\/\/brasilnoticias.org\/site\/jeronimo-afirma-que-apenas-armas-nao-vao-resolver-a-seguranca-publica-na-bahia\/#primaryimage","url":"https:\/\/brasilnoticias.org\/site\/wp-content\/uploads\/2023\/09\/cats-5-5.jpg","contentUrl":"https:\/\/brasilnoticias.org\/site\/wp-content\/uploads\/2023\/09\/cats-5-5.jpg","width":740,"height":470},{"@type":"BreadcrumbList","@id":"https:\/\/brasilnoticias.org\/site\/jeronimo-afirma-que-apenas-armas-nao-vao-resolver-a-seguranca-publica-na-bahia\/#breadcrumb","itemListElement":[{"@type":"ListItem","position":1,"name":"In\u00edcio","item":"https:\/\/brasilnoticias.org\/site\/"},{"@type":"ListItem","position":2,"name":"Jer\u00f4nimo afirma que \u2018apenas armas\u2019 n\u00e3o v\u00e3o resolver a seguran\u00e7a p\u00fablica na Bahia"}]},{"@type":"WebSite","@id":"https:\/\/brasilnoticias.org\/site\/#website","url":"https:\/\/brasilnoticias.org\/site\/","name":"Brasil not\u00edcias","description":"Brasil not\u00edcias","publisher":{"@id":"https:\/\/brasilnoticias.org\/site\/#organization"},"potentialAction":[{"@type":"SearchAction","target":{"@type":"EntryPoint","urlTemplate":"https:\/\/brasilnoticias.org\/site\/?s={search_term_string}"},"query-input":{"@type":"PropertyValueSpecification","valueRequired":true,"valueName":"search_term_string"}}],"inLanguage":"pt-PT"},{"@type":"Organization","@id":"https:\/\/brasilnoticias.org\/site\/#organization","name":"Brasil not\u00edcias","url":"https:\/\/brasilnoticias.org\/site\/","logo":{"@type":"ImageObject","inLanguage":"pt-PT","@id":"https:\/\/brasilnoticias.org\/site\/#\/schema\/logo\/image\/","url":"https:\/\/brasilnoticias.org\/site\/wp-content\/uploads\/2022\/05\/cropped-brasilnoticias-mini.jpg","contentUrl":"https:\/\/brasilnoticias.org\/site\/wp-content\/uploads\/2022\/05\/cropped-brasilnoticias-mini.jpg","width":314,"height":86,"caption":"Brasil not\u00edcias"},"image":{"@id":"https:\/\/brasilnoticias.org\/site\/#\/schema\/logo\/image\/"}},{"@type":"Person","@id":"https:\/\/brasilnoticias.org\/site\/#\/schema\/person\/03bbbfe6c7634ad18c26444ea39049fa","name":"Reda\u00e7\u00e3o","image":{"@type":"ImageObject","inLanguage":"pt-PT","@id":"https:\/\/brasilnoticias.org\/site\/#\/schema\/person\/image\/","url":"https:\/\/secure.gravatar.com\/avatar\/9ecaf7327a696cb23ad926fedded5f1f04d7049de9e445375d55b48c001a6e42?s=96&d=mm&r=g","contentUrl":"https:\/\/secure.gravatar.com\/avatar\/9ecaf7327a696cb23ad926fedded5f1f04d7049de9e445375d55b48c001a6e42?s=96&d=mm&r=g","caption":"Reda\u00e7\u00e3o"},"url":"https:\/\/brasilnoticias.org\/site\/author\/henrique\/"}]}},"_links":{"self":[{"href":"https:\/\/brasilnoticias.org\/site\/wp-json\/wp\/v2\/posts\/9405","targetHints":{"allow":["GET"]}}],"collection":[{"href":"https:\/\/brasilnoticias.org\/site\/wp-json\/wp\/v2\/posts"}],"about":[{"href":"https:\/\/brasilnoticias.org\/site\/wp-json\/wp\/v2\/types\/post"}],"author":[{"embeddable":true,"href":"https:\/\/brasilnoticias.org\/site\/wp-json\/wp\/v2\/users\/4"}],"replies":[{"embeddable":true,"href":"https:\/\/brasilnoticias.org\/site\/wp-json\/wp\/v2\/comments?post=9405"}],"version-history":[{"count":1,"href":"https:\/\/brasilnoticias.org\/site\/wp-json\/wp\/v2\/posts\/9405\/revisions"}],"predecessor-version":[{"id":9407,"href":"https:\/\/brasilnoticias.org\/site\/wp-json\/wp\/v2\/posts\/9405\/revisions\/9407"}],"wp:featuredmedia":[{"embeddable":true,"href":"https:\/\/brasilnoticias.org\/site\/wp-json\/wp\/v2\/media\/9406"}],"wp:attachment":[{"href":"https:\/\/brasilnoticias.org\/site\/wp-json\/wp\/v2\/media?parent=9405"}],"wp:term":[{"taxonomy":"category","embeddable":true,"href":"https:\/\/brasilnoticias.org\/site\/wp-json\/wp\/v2\/categories?post=9405"},{"taxonomy":"post_tag","embeddable":true,"href":"https:\/\/brasilnoticias.org\/site\/wp-json\/wp\/v2\/tags?post=9405"}],"curies":[{"name":"wp","href":"https:\/\/api.w.org\/{rel}","templated":true}]}}