{"id":9420,"date":"2023-09-21T07:00:29","date_gmt":"2023-09-21T10:00:29","guid":{"rendered":"https:\/\/brasilnoticias.org\/site\/?p=9420"},"modified":"2023-09-20T18:47:43","modified_gmt":"2023-09-20T21:47:43","slug":"toffoli-vota-contra-marco-temporal-e-placar-esta-em-5-a-2","status":"publish","type":"post","link":"https:\/\/brasilnoticias.org\/site\/toffoli-vota-contra-marco-temporal-e-placar-esta-em-5-a-2\/","title":{"rendered":"Toffoli vota contra Marco Temporal e placar est\u00e1 em 5 a 2"},"content":{"rendered":"<p>Nunes Marques e Andr\u00e9 Mendon\u00e7a se posicionaram a favor, enquanto Lu\u00eds Roberto Barroso, Cristiano Zanin, Alexandre de Moraes e Edson Fachin votaram contra<\/p>\n<p>O Supremo Tribunal Federal (STF) retomou, nesta quarta-feira (20), o julgamento sobre o Marco Temporal das terras ind\u00edgenas. Com o voto do ministro Dias Toffoli, j\u00e1 s\u00e3o 5 entendimentos contr\u00e1rios e 2 a favor. <\/p>\n<p>At\u00e9 ent\u00e3o, os ministro Lu\u00eds Roberto Barroso, Cristiano Zanin, Alexandre de Moraes e Edson Fachin tamb\u00e9m votaram contra o Marco Temporal. J\u00e1 Kassio Nunes Marques e Andr\u00e9 Mendon\u00e7a votaram a favor. <\/p>\n<p>A tese do Marco Temporal estabelece que devem ser demarcados os territ\u00f3rios ind\u00edgenas a partir das \u00e1reas ocupadas em 1988, data da promulga\u00e7\u00e3o da Constitui\u00e7\u00e3o Federal. O intuito \u00e9 garantir seguran\u00e7a jur\u00eddica na rela\u00e7\u00e3o ruralistas e povos origin\u00e1rios. O pr\u00f3ximo a votar deve ser o ministro Luiz Fux. <\/p>\n<p>Foto: Fellipe Sampaio \/SCO\/STF<br \/>\nMetro1 <\/p>\n","protected":false},"excerpt":{"rendered":"<p>Nunes Marques e Andr\u00e9 Mendon\u00e7a se posicionaram a favor, enquanto Lu\u00eds Roberto Barroso, Cristiano Zanin, Alexandre de Moraes e Edson<\/p>\n","protected":false},"author":4,"featured_media":9421,"comment_status":"open","ping_status":"open","sticky":false,"template":"","format":"standard","meta":{"colormag_page_container_layout":"default_layout","colormag_page_sidebar_layout":"default_layout","_FSMCFIC_featured_image_caption":"","_FSMCFIC_featured_image_nocaption":"","_FSMCFIC_featured_image_hide":"","footnotes":""},"categories":[7,1],"tags":[],"class_list":["post-9420","post","type-post","status-publish","format-standard","has-post-thumbnail","hentry","category-justica","category-ultimas"],"yoast_head":"<!-- This site is optimized with the Yoast SEO plugin v27.1.1 - https:\/\/yoast.com\/product\/yoast-seo-wordpress\/ -->\n<title>Toffoli vota contra Marco Temporal e placar est\u00e1 em 5 a 2 - Brasil not\u00edcias<\/title>\n<meta name=\"robots\" content=\"index, follow, max-snippet:-1, max-image-preview:large, max-video-preview:-1\" \/>\n<link rel=\"canonical\" href=\"https:\/\/brasilnoticias.org\/site\/toffoli-vota-contra-marco-temporal-e-placar-esta-em-5-a-2\/\" \/>\n<meta property=\"og:locale\" content=\"pt_PT\" \/>\n<meta property=\"og:type\" content=\"article\" \/>\n<meta property=\"og:title\" content=\"Toffoli vota contra Marco Temporal e placar est\u00e1 em 5 a 2 - Brasil not\u00edcias\" \/>\n<meta property=\"og:description\" content=\"Nunes Marques e Andr\u00e9 Mendon\u00e7a se posicionaram a favor, enquanto Lu\u00eds Roberto Barroso, Cristiano Zanin, Alexandre de Moraes e Edson\" \/>\n<meta property=\"og:url\" content=\"https:\/\/brasilnoticias.org\/site\/toffoli-vota-contra-marco-temporal-e-placar-esta-em-5-a-2\/\" \/>\n<meta property=\"og:site_name\" content=\"Brasil not\u00edcias\" \/>\n<meta property=\"article:published_time\" content=\"2023-09-21T10:00:29+00:00\" \/>\n<meta property=\"og:image\" content=\"https:\/\/brasilnoticias.org\/site\/wp-content\/uploads\/2023\/09\/141168toffoli-vota-contra-marco-temporal-e-placar-esta-em-5-a-2-3.jpg\" \/>\n\t<meta property=\"og:image:width\" content=\"1600\" \/>\n\t<meta property=\"og:image:height\" content=\"752\" \/>\n\t<meta property=\"og:image:type\" content=\"image\/jpeg\" \/>\n<meta name=\"author\" content=\"Reda\u00e7\u00e3o\" \/>\n<meta name=\"twitter:card\" content=\"summary_large_image\" \/>\n<meta name=\"twitter:label1\" content=\"Escrito por\" \/>\n\t<meta name=\"twitter:data1\" content=\"Reda\u00e7\u00e3o\" \/>\n<script type=\"application\/ld+json\" class=\"yoast-schema-graph\">{\"@context\":\"https:\/\/schema.org\",\"@graph\":[{\"@type\":\"Article\",\"@id\":\"https:\/\/brasilnoticias.org\/site\/toffoli-vota-contra-marco-temporal-e-placar-esta-em-5-a-2\/#article\",\"isPartOf\":{\"@id\":\"https:\/\/brasilnoticias.org\/site\/toffoli-vota-contra-marco-temporal-e-placar-esta-em-5-a-2\/\"},\"author\":{\"name\":\"Reda\u00e7\u00e3o\",\"@id\":\"https:\/\/brasilnoticias.org\/site\/#\/schema\/person\/03bbbfe6c7634ad18c26444ea39049fa\"},\"headline\":\"Toffoli vota contra Marco Temporal e placar est\u00e1 em 5 a 2\",\"datePublished\":\"2023-09-21T10:00:29+00:00\",\"mainEntityOfPage\":{\"@id\":\"https:\/\/brasilnoticias.org\/site\/toffoli-vota-contra-marco-temporal-e-placar-esta-em-5-a-2\/\"},\"wordCount\":165,\"commentCount\":0,\"publisher\":{\"@id\":\"https:\/\/brasilnoticias.org\/site\/#organization\"},\"image\":{\"@id\":\"https:\/\/brasilnoticias.org\/site\/toffoli-vota-contra-marco-temporal-e-placar-esta-em-5-a-2\/#primaryimage\"},\"thumbnailUrl\":\"https:\/\/brasilnoticias.org\/site\/wp-content\/uploads\/2023\/09\/141168toffoli-vota-contra-marco-temporal-e-placar-esta-em-5-a-2-3.jpg\",\"articleSection\":[\"Justi\u00e7a\",\"\u00daltimas\"],\"inLanguage\":\"pt-PT\",\"potentialAction\":[{\"@type\":\"CommentAction\",\"name\":\"Comment\",\"target\":[\"https:\/\/brasilnoticias.org\/site\/toffoli-vota-contra-marco-temporal-e-placar-esta-em-5-a-2\/#respond\"]}]},{\"@type\":\"WebPage\",\"@id\":\"https:\/\/brasilnoticias.org\/site\/toffoli-vota-contra-marco-temporal-e-placar-esta-em-5-a-2\/\",\"url\":\"https:\/\/brasilnoticias.org\/site\/toffoli-vota-contra-marco-temporal-e-placar-esta-em-5-a-2\/\",\"name\":\"Toffoli vota contra Marco Temporal e placar est\u00e1 em 5 a 2 - Brasil not\u00edcias\",\"isPartOf\":{\"@id\":\"https:\/\/brasilnoticias.org\/site\/#website\"},\"primaryImageOfPage\":{\"@id\":\"https:\/\/brasilnoticias.org\/site\/toffoli-vota-contra-marco-temporal-e-placar-esta-em-5-a-2\/#primaryimage\"},\"image\":{\"@id\":\"https:\/\/brasilnoticias.org\/site\/toffoli-vota-contra-marco-temporal-e-placar-esta-em-5-a-2\/#primaryimage\"},\"thumbnailUrl\":\"https:\/\/brasilnoticias.org\/site\/wp-content\/uploads\/2023\/09\/141168toffoli-vota-contra-marco-temporal-e-placar-esta-em-5-a-2-3.jpg\",\"datePublished\":\"2023-09-21T10:00:29+00:00\",\"breadcrumb\":{\"@id\":\"https:\/\/brasilnoticias.org\/site\/toffoli-vota-contra-marco-temporal-e-placar-esta-em-5-a-2\/#breadcrumb\"},\"inLanguage\":\"pt-PT\",\"potentialAction\":[{\"@type\":\"ReadAction\",\"target\":[\"https:\/\/brasilnoticias.org\/site\/toffoli-vota-contra-marco-temporal-e-placar-esta-em-5-a-2\/\"]}]},{\"@type\":\"ImageObject\",\"inLanguage\":\"pt-PT\",\"@id\":\"https:\/\/brasilnoticias.org\/site\/toffoli-vota-contra-marco-temporal-e-placar-esta-em-5-a-2\/#primaryimage\",\"url\":\"https:\/\/brasilnoticias.org\/site\/wp-content\/uploads\/2023\/09\/141168toffoli-vota-contra-marco-temporal-e-placar-esta-em-5-a-2-3.jpg\",\"contentUrl\":\"https:\/\/brasilnoticias.org\/site\/wp-content\/uploads\/2023\/09\/141168toffoli-vota-contra-marco-temporal-e-placar-esta-em-5-a-2-3.jpg\",\"width\":1600,\"height\":752},{\"@type\":\"BreadcrumbList\",\"@id\":\"https:\/\/brasilnoticias.org\/site\/toffoli-vota-contra-marco-temporal-e-placar-esta-em-5-a-2\/#breadcrumb\",\"itemListElement\":[{\"@type\":\"ListItem\",\"position\":1,\"name\":\"In\u00edcio\",\"item\":\"https:\/\/brasilnoticias.org\/site\/\"},{\"@type\":\"ListItem\",\"position\":2,\"name\":\"Toffoli vota contra Marco Temporal e placar est\u00e1 em 5 a 2\"}]},{\"@type\":\"WebSite\",\"@id\":\"https:\/\/brasilnoticias.org\/site\/#website\",\"url\":\"https:\/\/brasilnoticias.org\/site\/\",\"name\":\"Brasil not\u00edcias\",\"description\":\"Brasil not\u00edcias\",\"publisher\":{\"@id\":\"https:\/\/brasilnoticias.org\/site\/#organization\"},\"potentialAction\":[{\"@type\":\"SearchAction\",\"target\":{\"@type\":\"EntryPoint\",\"urlTemplate\":\"https:\/\/brasilnoticias.org\/site\/?s={search_term_string}\"},\"query-input\":{\"@type\":\"PropertyValueSpecification\",\"valueRequired\":true,\"valueName\":\"search_term_string\"}}],\"inLanguage\":\"pt-PT\"},{\"@type\":\"Organization\",\"@id\":\"https:\/\/brasilnoticias.org\/site\/#organization\",\"name\":\"Brasil not\u00edcias\",\"url\":\"https:\/\/brasilnoticias.org\/site\/\",\"logo\":{\"@type\":\"ImageObject\",\"inLanguage\":\"pt-PT\",\"@id\":\"https:\/\/brasilnoticias.org\/site\/#\/schema\/logo\/image\/\",\"url\":\"https:\/\/brasilnoticias.org\/site\/wp-content\/uploads\/2022\/05\/cropped-brasilnoticias-mini.jpg\",\"contentUrl\":\"https:\/\/brasilnoticias.org\/site\/wp-content\/uploads\/2022\/05\/cropped-brasilnoticias-mini.jpg\",\"width\":314,\"height\":86,\"caption\":\"Brasil not\u00edcias\"},\"image\":{\"@id\":\"https:\/\/brasilnoticias.org\/site\/#\/schema\/logo\/image\/\"}},{\"@type\":\"Person\",\"@id\":\"https:\/\/brasilnoticias.org\/site\/#\/schema\/person\/03bbbfe6c7634ad18c26444ea39049fa\",\"name\":\"Reda\u00e7\u00e3o\",\"image\":{\"@type\":\"ImageObject\",\"inLanguage\":\"pt-PT\",\"@id\":\"https:\/\/brasilnoticias.org\/site\/#\/schema\/person\/image\/\",\"url\":\"https:\/\/secure.gravatar.com\/avatar\/9ecaf7327a696cb23ad926fedded5f1f04d7049de9e445375d55b48c001a6e42?s=96&d=mm&r=g\",\"contentUrl\":\"https:\/\/secure.gravatar.com\/avatar\/9ecaf7327a696cb23ad926fedded5f1f04d7049de9e445375d55b48c001a6e42?s=96&d=mm&r=g\",\"caption\":\"Reda\u00e7\u00e3o\"},\"url\":\"https:\/\/brasilnoticias.org\/site\/author\/henrique\/\"}]}<\/script>\n<!-- \/ Yoast SEO plugin. -->","yoast_head_json":{"title":"Toffoli vota contra Marco Temporal e placar est\u00e1 em 5 a 2 - Brasil not\u00edcias","robots":{"index":"index","follow":"follow","max-snippet":"max-snippet:-1","max-image-preview":"max-image-preview:large","max-video-preview":"max-video-preview:-1"},"canonical":"https:\/\/brasilnoticias.org\/site\/toffoli-vota-contra-marco-temporal-e-placar-esta-em-5-a-2\/","og_locale":"pt_PT","og_type":"article","og_title":"Toffoli vota contra Marco Temporal e placar est\u00e1 em 5 a 2 - Brasil not\u00edcias","og_description":"Nunes Marques e Andr\u00e9 Mendon\u00e7a se posicionaram a favor, enquanto Lu\u00eds Roberto Barroso, Cristiano Zanin, Alexandre de Moraes e Edson","og_url":"https:\/\/brasilnoticias.org\/site\/toffoli-vota-contra-marco-temporal-e-placar-esta-em-5-a-2\/","og_site_name":"Brasil not\u00edcias","article_published_time":"2023-09-21T10:00:29+00:00","og_image":[{"width":1600,"height":752,"url":"https:\/\/brasilnoticias.org\/site\/wp-content\/uploads\/2023\/09\/141168toffoli-vota-contra-marco-temporal-e-placar-esta-em-5-a-2-3.jpg","type":"image\/jpeg"}],"author":"Reda\u00e7\u00e3o","twitter_card":"summary_large_image","twitter_misc":{"Escrito por":"Reda\u00e7\u00e3o"},"schema":{"@context":"https:\/\/schema.org","@graph":[{"@type":"Article","@id":"https:\/\/brasilnoticias.org\/site\/toffoli-vota-contra-marco-temporal-e-placar-esta-em-5-a-2\/#article","isPartOf":{"@id":"https:\/\/brasilnoticias.org\/site\/toffoli-vota-contra-marco-temporal-e-placar-esta-em-5-a-2\/"},"author":{"name":"Reda\u00e7\u00e3o","@id":"https:\/\/brasilnoticias.org\/site\/#\/schema\/person\/03bbbfe6c7634ad18c26444ea39049fa"},"headline":"Toffoli vota contra Marco Temporal e placar est\u00e1 em 5 a 2","datePublished":"2023-09-21T10:00:29+00:00","mainEntityOfPage":{"@id":"https:\/\/brasilnoticias.org\/site\/toffoli-vota-contra-marco-temporal-e-placar-esta-em-5-a-2\/"},"wordCount":165,"commentCount":0,"publisher":{"@id":"https:\/\/brasilnoticias.org\/site\/#organization"},"image":{"@id":"https:\/\/brasilnoticias.org\/site\/toffoli-vota-contra-marco-temporal-e-placar-esta-em-5-a-2\/#primaryimage"},"thumbnailUrl":"https:\/\/brasilnoticias.org\/site\/wp-content\/uploads\/2023\/09\/141168toffoli-vota-contra-marco-temporal-e-placar-esta-em-5-a-2-3.jpg","articleSection":["Justi\u00e7a","\u00daltimas"],"inLanguage":"pt-PT","potentialAction":[{"@type":"CommentAction","name":"Comment","target":["https:\/\/brasilnoticias.org\/site\/toffoli-vota-contra-marco-temporal-e-placar-esta-em-5-a-2\/#respond"]}]},{"@type":"WebPage","@id":"https:\/\/brasilnoticias.org\/site\/toffoli-vota-contra-marco-temporal-e-placar-esta-em-5-a-2\/","url":"https:\/\/brasilnoticias.org\/site\/toffoli-vota-contra-marco-temporal-e-placar-esta-em-5-a-2\/","name":"Toffoli vota contra Marco Temporal e placar est\u00e1 em 5 a 2 - Brasil not\u00edcias","isPartOf":{"@id":"https:\/\/brasilnoticias.org\/site\/#website"},"primaryImageOfPage":{"@id":"https:\/\/brasilnoticias.org\/site\/toffoli-vota-contra-marco-temporal-e-placar-esta-em-5-a-2\/#primaryimage"},"image":{"@id":"https:\/\/brasilnoticias.org\/site\/toffoli-vota-contra-marco-temporal-e-placar-esta-em-5-a-2\/#primaryimage"},"thumbnailUrl":"https:\/\/brasilnoticias.org\/site\/wp-content\/uploads\/2023\/09\/141168toffoli-vota-contra-marco-temporal-e-placar-esta-em-5-a-2-3.jpg","datePublished":"2023-09-21T10:00:29+00:00","breadcrumb":{"@id":"https:\/\/brasilnoticias.org\/site\/toffoli-vota-contra-marco-temporal-e-placar-esta-em-5-a-2\/#breadcrumb"},"inLanguage":"pt-PT","potentialAction":[{"@type":"ReadAction","target":["https:\/\/brasilnoticias.org\/site\/toffoli-vota-contra-marco-temporal-e-placar-esta-em-5-a-2\/"]}]},{"@type":"ImageObject","inLanguage":"pt-PT","@id":"https:\/\/brasilnoticias.org\/site\/toffoli-vota-contra-marco-temporal-e-placar-esta-em-5-a-2\/#primaryimage","url":"https:\/\/brasilnoticias.org\/site\/wp-content\/uploads\/2023\/09\/141168toffoli-vota-contra-marco-temporal-e-placar-esta-em-5-a-2-3.jpg","contentUrl":"https:\/\/brasilnoticias.org\/site\/wp-content\/uploads\/2023\/09\/141168toffoli-vota-contra-marco-temporal-e-placar-esta-em-5-a-2-3.jpg","width":1600,"height":752},{"@type":"BreadcrumbList","@id":"https:\/\/brasilnoticias.org\/site\/toffoli-vota-contra-marco-temporal-e-placar-esta-em-5-a-2\/#breadcrumb","itemListElement":[{"@type":"ListItem","position":1,"name":"In\u00edcio","item":"https:\/\/brasilnoticias.org\/site\/"},{"@type":"ListItem","position":2,"name":"Toffoli vota contra Marco Temporal e placar est\u00e1 em 5 a 2"}]},{"@type":"WebSite","@id":"https:\/\/brasilnoticias.org\/site\/#website","url":"https:\/\/brasilnoticias.org\/site\/","name":"Brasil not\u00edcias","description":"Brasil not\u00edcias","publisher":{"@id":"https:\/\/brasilnoticias.org\/site\/#organization"},"potentialAction":[{"@type":"SearchAction","target":{"@type":"EntryPoint","urlTemplate":"https:\/\/brasilnoticias.org\/site\/?s={search_term_string}"},"query-input":{"@type":"PropertyValueSpecification","valueRequired":true,"valueName":"search_term_string"}}],"inLanguage":"pt-PT"},{"@type":"Organization","@id":"https:\/\/brasilnoticias.org\/site\/#organization","name":"Brasil not\u00edcias","url":"https:\/\/brasilnoticias.org\/site\/","logo":{"@type":"ImageObject","inLanguage":"pt-PT","@id":"https:\/\/brasilnoticias.org\/site\/#\/schema\/logo\/image\/","url":"https:\/\/brasilnoticias.org\/site\/wp-content\/uploads\/2022\/05\/cropped-brasilnoticias-mini.jpg","contentUrl":"https:\/\/brasilnoticias.org\/site\/wp-content\/uploads\/2022\/05\/cropped-brasilnoticias-mini.jpg","width":314,"height":86,"caption":"Brasil not\u00edcias"},"image":{"@id":"https:\/\/brasilnoticias.org\/site\/#\/schema\/logo\/image\/"}},{"@type":"Person","@id":"https:\/\/brasilnoticias.org\/site\/#\/schema\/person\/03bbbfe6c7634ad18c26444ea39049fa","name":"Reda\u00e7\u00e3o","image":{"@type":"ImageObject","inLanguage":"pt-PT","@id":"https:\/\/brasilnoticias.org\/site\/#\/schema\/person\/image\/","url":"https:\/\/secure.gravatar.com\/avatar\/9ecaf7327a696cb23ad926fedded5f1f04d7049de9e445375d55b48c001a6e42?s=96&d=mm&r=g","contentUrl":"https:\/\/secure.gravatar.com\/avatar\/9ecaf7327a696cb23ad926fedded5f1f04d7049de9e445375d55b48c001a6e42?s=96&d=mm&r=g","caption":"Reda\u00e7\u00e3o"},"url":"https:\/\/brasilnoticias.org\/site\/author\/henrique\/"}]}},"_links":{"self":[{"href":"https:\/\/brasilnoticias.org\/site\/wp-json\/wp\/v2\/posts\/9420","targetHints":{"allow":["GET"]}}],"collection":[{"href":"https:\/\/brasilnoticias.org\/site\/wp-json\/wp\/v2\/posts"}],"about":[{"href":"https:\/\/brasilnoticias.org\/site\/wp-json\/wp\/v2\/types\/post"}],"author":[{"embeddable":true,"href":"https:\/\/brasilnoticias.org\/site\/wp-json\/wp\/v2\/users\/4"}],"replies":[{"embeddable":true,"href":"https:\/\/brasilnoticias.org\/site\/wp-json\/wp\/v2\/comments?post=9420"}],"version-history":[{"count":1,"href":"https:\/\/brasilnoticias.org\/site\/wp-json\/wp\/v2\/posts\/9420\/revisions"}],"predecessor-version":[{"id":9422,"href":"https:\/\/brasilnoticias.org\/site\/wp-json\/wp\/v2\/posts\/9420\/revisions\/9422"}],"wp:featuredmedia":[{"embeddable":true,"href":"https:\/\/brasilnoticias.org\/site\/wp-json\/wp\/v2\/media\/9421"}],"wp:attachment":[{"href":"https:\/\/brasilnoticias.org\/site\/wp-json\/wp\/v2\/media?parent=9420"}],"wp:term":[{"taxonomy":"category","embeddable":true,"href":"https:\/\/brasilnoticias.org\/site\/wp-json\/wp\/v2\/categories?post=9420"},{"taxonomy":"post_tag","embeddable":true,"href":"https:\/\/brasilnoticias.org\/site\/wp-json\/wp\/v2\/tags?post=9420"}],"curies":[{"name":"wp","href":"https:\/\/api.w.org\/{rel}","templated":true}]}}