{"id":9429,"date":"2023-09-21T10:00:48","date_gmt":"2023-09-21T13:00:48","guid":{"rendered":"https:\/\/brasilnoticias.org\/site\/?p=9429"},"modified":"2023-09-20T19:01:25","modified_gmt":"2023-09-20T22:01:25","slug":"cpf-em-troca-de-desconto-mp-investiga-venda-de-dados-de-clientes-por-farmacias","status":"publish","type":"post","link":"https:\/\/brasilnoticias.org\/site\/cpf-em-troca-de-desconto-mp-investiga-venda-de-dados-de-clientes-por-farmacias\/","title":{"rendered":"CPF em troca de desconto: MP investiga venda de dados de clientes por farm\u00e1cias"},"content":{"rendered":"<p>\u00d3rg\u00e3o suspeita que lista de compras seja repassada a empresas de plano de sa\u00fade e de an\u00e1lise de cr\u00e9dito.<\/p>\n<p>O Minist\u00e9rio P\u00fablico do Distrito Federal iniciou uma investiga\u00e7\u00e3o para apurar se redes de farm\u00e1cias do pa\u00eds est\u00e3o repassando ou vendendo dados sigilosos de clientes, ap\u00f3s exigir o CPF deles em troca de desconto. A suspeita \u00e9 de que a lista de compra de cada consumidor esteja sendo divulgada para empresas de planos de sa\u00fade e de an\u00e1lise de cr\u00e9dito, em uma esp\u00e9cie de mercado paralelo.<\/p>\n<p>A investiga\u00e7\u00e3o come\u00e7ou em janeiro deste ano. Para o promotor Frederico Meinberg, coordenador da Comiss\u00e3o de Dados Pessoais do MP, a inten\u00e7\u00e3o \u00e9 \u201cabrir uma caixa preta\u201d e descobrir o uso que farm\u00e1cias fazem dos dados sens\u00edveis dos clientes.<\/p>\n<p>\u201cExiste uma verdadeira obsess\u00e3o das farm\u00e1cias em dar desconto. E no capitalismo, n\u00e3o existe obsess\u00e3o de gra\u00e7a. H\u00e1 um interesse por tr\u00e1s.\u201d<br \/>\nO problema<br \/>\nMeinberg explicou ao G1 que o hist\u00f3rico de compras que o cliente tem em uma farm\u00e1cia diz muito sobre o comportamento dele. Em m\u00e3os erradas, isso poderia trazer como consequ\u00eancia um contrato mais caro no plano de sa\u00fade ou at\u00e9 mesmo a recusa do empr\u00e9stimo t\u00e3o sonhado.<\/p>\n<p>\u201cImagine que voc\u00ea comprou no seu CPF um rem\u00e9dio para sua av\u00f3 que est\u00e1 sofrendo de c\u00e2ncer. Se esse hist\u00f3rico sai da farm\u00e1cia e \u00e9 compartilhado para outros setores, numa an\u00e1lise, o plano de sa\u00fade pode acreditar que voc\u00ea est\u00e1 fazendo um tratamento e n\u00e3o avisou. Da\u00ed aumentam o valor do contrato e voc\u00ea nem fica sabendo.\u201d<\/p>\n<p>Ele cita outro exemplo. \u201cVamos pegar um hipocondr\u00edaco, que compra rem\u00e9dio todo dia, e um outro homem que tem a mesma idade, mas morre de medo de m\u00e9dico. O primeiro pode vir a pagar um plano de sa\u00fade muito mais caro do que o outro.\u201d<\/p>\n<p>Com as ag\u00eancias de an\u00e1lise de cr\u00e9dito, aquelas que dizem se o indiv\u00edduo \u00e9 um bom pagador ou tem nome sujo na pra\u00e7a, o sistema \u00e9 parecido.<\/p>\n<p>\u201cAntes de liberar um financiamento, empresas consultam um cadastro para saber se a pessoa consegue pagar as d\u00edvidas. Com algu\u00e9m que est\u00e1 comprando muito rem\u00e9dio, podem interpretar que ela est\u00e1 com risco de vida. Ou seja, negariam o empr\u00e9stimo ou subiriam muito os juros por entender que ela n\u00e3o vai conseguir arcar com essa d\u00edvida.\u201d<\/p>\n<p>A investiga\u00e7\u00e3o<br \/>\nEm janeiro, o MP enviou ao Sindicato do Com\u00e9rcio Varejista de Produtos Farmac\u00eauticos do DF (Sincofarma) uma lista com dez perguntas questionando o tratamento que o setor d\u00e1 para os dados dos clientes e o porqu\u00ea da exig\u00eancia do CPF para oferecer descontos.<\/p>\n<p>Em resposta, a entidade que representa as farm\u00e1cias disse que n\u00e3o poderia falar pelos procedimentos adotados por cada uma. O G1 tamb\u00e9m questionou o Sincofarma, que afirmou n\u00e3o ter nada a declarar sobre o assunto.<\/p>\n<p>Como o combo \u201cCPF+desconto\u201d \u00e9 uma pr\u00e1tica percebida em todo o pa\u00eds, o MP pretende enviar j\u00e1 na pr\u00f3xima semana essa lista para as dez maiores redes farmac\u00eauticas do Brasil. Elas ter\u00e3o um prazo de dez dias para responder, por escrito. Por ser uma requisi\u00e7\u00e3o oficial, n\u00e3o h\u00e1 possibilidade de negar esclarecimentos.<\/p>\n<p>Se as farm\u00e1cias confirmarem que dados dos clientes est\u00e3o sendo compartilhados com terceiros, o MP pretende acionar a Justi\u00e7a para coibir a conduta nacionalmente, com pedido de urg\u00eancia. Isso porque, ao contr\u00e1rio da Europa ou dos Estados Unidos, ainda n\u00e3o h\u00e1 legisla\u00e7\u00e3o que trate do assunto.<\/p>\n<p>Tamb\u00e9m n\u00e3o est\u00e1 descartada, mais para frente, a possibilidade de quebra de sigilo de empresas para auxiliar as apura\u00e7\u00f5es.<\/p>\n<p>Privacidade<br \/>\nPara o Minist\u00e9rio P\u00fablico, o caso pode configurar viola\u00e7\u00e3o do direito constitucional \u00e0 privacidade. Neste caso, caberia indeniza\u00e7\u00e3o coletiva pelo impacto ainda desconhecido na economia brasileira. \u201cSeria um dos maiores danos morais e patrimoniais a m\u00e9dio prazo. Estamos falando de algo t\u00e3o s\u00e9rio quanto o confisco da poupan\u00e7a, na d\u00e9cada de 1990\u201d, declarou o promotor.<\/p>\n<p>&#8220;\u00c9 importante entender que seus dados fazem parte do seu patrim\u00f4nio. O brasileiro tem uma coisa muito perigosa: diz que n\u00e3o tem nada a esconder. Mas essas informa\u00e7\u00f5es sigilosas t\u00eam um valor enorme&#8221;, continuou Meinberg.<\/p>\n<p>&#8220;Bata o p\u00e9: exija o desconto, mas nunca d\u00ea seus dados.\u201d<br \/>\nOutros lados<br \/>\nA Associa\u00e7\u00e3o Brasileira de Redes de Farm\u00e1cias e Drogarias (Abrafarma) entidade representativa do setor varejista farmac\u00eautico disse por meio de nota que &#8220;defende veementemente que as farm\u00e1cias e drogarias pautem suas atividades em conson\u00e2ncia com os ditames da legisla\u00e7\u00e3o nacional, bem como, prezem pelo sigilo das informa\u00e7\u00f5es obtidas por meio dos registros constantes dos receitu\u00e1rios m\u00e9dicos ou prestadas pelo pr\u00f3prio cliente ao farmac\u00eautico&#8221;.<\/p>\n<p>A Ag\u00eancia Nacional de Sa\u00fade Suplementar (ANS) informou que vai \u201cadotar as provid\u00eancias administrativas cab\u00edveis\u201d caso o MP confirme a irregularidade de empresas. A Serasa Experian informou que n\u00e3o utiliza dados de compra de rem\u00e9dios em redes de farm\u00e1cias em seus relat\u00f3rios e &#8220;scores&#8221; de cr\u00e9dito.<\/p>\n<p>A Associa\u00e7\u00e3o Brasileira de Planos de Sa\u00fade (Abramge) afirmou que &#8220;as operadoras n\u00e3o diferenciam o pre\u00e7o do plano de sa\u00fade segundo o perfil de benefici\u00e1rios muito menos conforme a utiliza\u00e7\u00e3o dos medicamentos. A legisla\u00e7\u00e3o e a regula\u00e7\u00e3o do setor, inclusive, pro\u00edbem tal pr\u00e1tica&#8221;.<\/p>\n<p>Foto: Divulga\u00e7\u00e3o<br \/>\nG1<\/p>\n","protected":false},"excerpt":{"rendered":"<p>\u00d3rg\u00e3o suspeita que lista de compras seja repassada a empresas de plano de sa\u00fade e de an\u00e1lise de cr\u00e9dito. O<\/p>\n","protected":false},"author":4,"featured_media":9430,"comment_status":"open","ping_status":"open","sticky":false,"template":"","format":"standard","meta":{"colormag_page_container_layout":"default_layout","colormag_page_sidebar_layout":"default_layout","_FSMCFIC_featured_image_caption":"","_FSMCFIC_featured_image_nocaption":"","_FSMCFIC_featured_image_hide":"","footnotes":""},"categories":[2,1],"tags":[],"class_list":["post-9429","post","type-post","status-publish","format-standard","has-post-thumbnail","hentry","category-noticias","category-ultimas"],"yoast_head":"<!-- This site is optimized with the Yoast SEO plugin v27.1.1 - https:\/\/yoast.com\/product\/yoast-seo-wordpress\/ -->\n<title>CPF em troca de desconto: MP investiga venda de dados de clientes por farm\u00e1cias - Brasil not\u00edcias<\/title>\n<meta name=\"robots\" content=\"index, follow, max-snippet:-1, max-image-preview:large, max-video-preview:-1\" \/>\n<link rel=\"canonical\" href=\"https:\/\/brasilnoticias.org\/site\/cpf-em-troca-de-desconto-mp-investiga-venda-de-dados-de-clientes-por-farmacias\/\" \/>\n<meta property=\"og:locale\" content=\"pt_PT\" \/>\n<meta property=\"og:type\" content=\"article\" \/>\n<meta property=\"og:title\" content=\"CPF em troca de desconto: MP investiga venda de dados de clientes por farm\u00e1cias - Brasil not\u00edcias\" \/>\n<meta property=\"og:description\" content=\"\u00d3rg\u00e3o suspeita que lista de compras seja repassada a empresas de plano de sa\u00fade e de an\u00e1lise de cr\u00e9dito. O\" \/>\n<meta property=\"og:url\" content=\"https:\/\/brasilnoticias.org\/site\/cpf-em-troca-de-desconto-mp-investiga-venda-de-dados-de-clientes-por-farmacias\/\" \/>\n<meta property=\"og:site_name\" content=\"Brasil not\u00edcias\" \/>\n<meta property=\"article:published_time\" content=\"2023-09-21T13:00:48+00:00\" \/>\n<meta property=\"og:image\" content=\"https:\/\/brasilnoticias.org\/site\/wp-content\/uploads\/2023\/09\/farmacia-prever-2-.webp\" \/>\n\t<meta property=\"og:image:width\" content=\"1200\" \/>\n\t<meta property=\"og:image:height\" content=\"800\" \/>\n\t<meta property=\"og:image:type\" content=\"image\/webp\" \/>\n<meta name=\"author\" content=\"Reda\u00e7\u00e3o\" \/>\n<meta name=\"twitter:card\" content=\"summary_large_image\" \/>\n<meta name=\"twitter:label1\" content=\"Escrito por\" \/>\n\t<meta name=\"twitter:data1\" content=\"Reda\u00e7\u00e3o\" \/>\n<script type=\"application\/ld+json\" class=\"yoast-schema-graph\">{\"@context\":\"https:\/\/schema.org\",\"@graph\":[{\"@type\":\"Article\",\"@id\":\"https:\/\/brasilnoticias.org\/site\/cpf-em-troca-de-desconto-mp-investiga-venda-de-dados-de-clientes-por-farmacias\/#article\",\"isPartOf\":{\"@id\":\"https:\/\/brasilnoticias.org\/site\/cpf-em-troca-de-desconto-mp-investiga-venda-de-dados-de-clientes-por-farmacias\/\"},\"author\":{\"name\":\"Reda\u00e7\u00e3o\",\"@id\":\"https:\/\/brasilnoticias.org\/site\/#\/schema\/person\/03bbbfe6c7634ad18c26444ea39049fa\"},\"headline\":\"CPF em troca de desconto: MP investiga venda de dados de clientes por farm\u00e1cias\",\"datePublished\":\"2023-09-21T13:00:48+00:00\",\"mainEntityOfPage\":{\"@id\":\"https:\/\/brasilnoticias.org\/site\/cpf-em-troca-de-desconto-mp-investiga-venda-de-dados-de-clientes-por-farmacias\/\"},\"wordCount\":968,\"commentCount\":0,\"publisher\":{\"@id\":\"https:\/\/brasilnoticias.org\/site\/#organization\"},\"image\":{\"@id\":\"https:\/\/brasilnoticias.org\/site\/cpf-em-troca-de-desconto-mp-investiga-venda-de-dados-de-clientes-por-farmacias\/#primaryimage\"},\"thumbnailUrl\":\"https:\/\/brasilnoticias.org\/site\/wp-content\/uploads\/2023\/09\/farmacia-prever-2-.webp\",\"articleSection\":[\"Not\u00edcias\",\"\u00daltimas\"],\"inLanguage\":\"pt-PT\",\"potentialAction\":[{\"@type\":\"CommentAction\",\"name\":\"Comment\",\"target\":[\"https:\/\/brasilnoticias.org\/site\/cpf-em-troca-de-desconto-mp-investiga-venda-de-dados-de-clientes-por-farmacias\/#respond\"]}]},{\"@type\":\"WebPage\",\"@id\":\"https:\/\/brasilnoticias.org\/site\/cpf-em-troca-de-desconto-mp-investiga-venda-de-dados-de-clientes-por-farmacias\/\",\"url\":\"https:\/\/brasilnoticias.org\/site\/cpf-em-troca-de-desconto-mp-investiga-venda-de-dados-de-clientes-por-farmacias\/\",\"name\":\"CPF em troca de desconto: MP investiga venda de dados de clientes por farm\u00e1cias - Brasil not\u00edcias\",\"isPartOf\":{\"@id\":\"https:\/\/brasilnoticias.org\/site\/#website\"},\"primaryImageOfPage\":{\"@id\":\"https:\/\/brasilnoticias.org\/site\/cpf-em-troca-de-desconto-mp-investiga-venda-de-dados-de-clientes-por-farmacias\/#primaryimage\"},\"image\":{\"@id\":\"https:\/\/brasilnoticias.org\/site\/cpf-em-troca-de-desconto-mp-investiga-venda-de-dados-de-clientes-por-farmacias\/#primaryimage\"},\"thumbnailUrl\":\"https:\/\/brasilnoticias.org\/site\/wp-content\/uploads\/2023\/09\/farmacia-prever-2-.webp\",\"datePublished\":\"2023-09-21T13:00:48+00:00\",\"breadcrumb\":{\"@id\":\"https:\/\/brasilnoticias.org\/site\/cpf-em-troca-de-desconto-mp-investiga-venda-de-dados-de-clientes-por-farmacias\/#breadcrumb\"},\"inLanguage\":\"pt-PT\",\"potentialAction\":[{\"@type\":\"ReadAction\",\"target\":[\"https:\/\/brasilnoticias.org\/site\/cpf-em-troca-de-desconto-mp-investiga-venda-de-dados-de-clientes-por-farmacias\/\"]}]},{\"@type\":\"ImageObject\",\"inLanguage\":\"pt-PT\",\"@id\":\"https:\/\/brasilnoticias.org\/site\/cpf-em-troca-de-desconto-mp-investiga-venda-de-dados-de-clientes-por-farmacias\/#primaryimage\",\"url\":\"https:\/\/brasilnoticias.org\/site\/wp-content\/uploads\/2023\/09\/farmacia-prever-2-.webp\",\"contentUrl\":\"https:\/\/brasilnoticias.org\/site\/wp-content\/uploads\/2023\/09\/farmacia-prever-2-.webp\",\"width\":1200,\"height\":800},{\"@type\":\"BreadcrumbList\",\"@id\":\"https:\/\/brasilnoticias.org\/site\/cpf-em-troca-de-desconto-mp-investiga-venda-de-dados-de-clientes-por-farmacias\/#breadcrumb\",\"itemListElement\":[{\"@type\":\"ListItem\",\"position\":1,\"name\":\"In\u00edcio\",\"item\":\"https:\/\/brasilnoticias.org\/site\/\"},{\"@type\":\"ListItem\",\"position\":2,\"name\":\"CPF em troca de desconto: MP investiga venda de dados de clientes por farm\u00e1cias\"}]},{\"@type\":\"WebSite\",\"@id\":\"https:\/\/brasilnoticias.org\/site\/#website\",\"url\":\"https:\/\/brasilnoticias.org\/site\/\",\"name\":\"Brasil not\u00edcias\",\"description\":\"Brasil not\u00edcias\",\"publisher\":{\"@id\":\"https:\/\/brasilnoticias.org\/site\/#organization\"},\"potentialAction\":[{\"@type\":\"SearchAction\",\"target\":{\"@type\":\"EntryPoint\",\"urlTemplate\":\"https:\/\/brasilnoticias.org\/site\/?s={search_term_string}\"},\"query-input\":{\"@type\":\"PropertyValueSpecification\",\"valueRequired\":true,\"valueName\":\"search_term_string\"}}],\"inLanguage\":\"pt-PT\"},{\"@type\":\"Organization\",\"@id\":\"https:\/\/brasilnoticias.org\/site\/#organization\",\"name\":\"Brasil not\u00edcias\",\"url\":\"https:\/\/brasilnoticias.org\/site\/\",\"logo\":{\"@type\":\"ImageObject\",\"inLanguage\":\"pt-PT\",\"@id\":\"https:\/\/brasilnoticias.org\/site\/#\/schema\/logo\/image\/\",\"url\":\"https:\/\/brasilnoticias.org\/site\/wp-content\/uploads\/2022\/05\/cropped-brasilnoticias-mini.jpg\",\"contentUrl\":\"https:\/\/brasilnoticias.org\/site\/wp-content\/uploads\/2022\/05\/cropped-brasilnoticias-mini.jpg\",\"width\":314,\"height\":86,\"caption\":\"Brasil not\u00edcias\"},\"image\":{\"@id\":\"https:\/\/brasilnoticias.org\/site\/#\/schema\/logo\/image\/\"}},{\"@type\":\"Person\",\"@id\":\"https:\/\/brasilnoticias.org\/site\/#\/schema\/person\/03bbbfe6c7634ad18c26444ea39049fa\",\"name\":\"Reda\u00e7\u00e3o\",\"image\":{\"@type\":\"ImageObject\",\"inLanguage\":\"pt-PT\",\"@id\":\"https:\/\/brasilnoticias.org\/site\/#\/schema\/person\/image\/\",\"url\":\"https:\/\/secure.gravatar.com\/avatar\/9ecaf7327a696cb23ad926fedded5f1f04d7049de9e445375d55b48c001a6e42?s=96&d=mm&r=g\",\"contentUrl\":\"https:\/\/secure.gravatar.com\/avatar\/9ecaf7327a696cb23ad926fedded5f1f04d7049de9e445375d55b48c001a6e42?s=96&d=mm&r=g\",\"caption\":\"Reda\u00e7\u00e3o\"},\"url\":\"https:\/\/brasilnoticias.org\/site\/author\/henrique\/\"}]}<\/script>\n<!-- \/ Yoast SEO plugin. -->","yoast_head_json":{"title":"CPF em troca de desconto: MP investiga venda de dados de clientes por farm\u00e1cias - Brasil not\u00edcias","robots":{"index":"index","follow":"follow","max-snippet":"max-snippet:-1","max-image-preview":"max-image-preview:large","max-video-preview":"max-video-preview:-1"},"canonical":"https:\/\/brasilnoticias.org\/site\/cpf-em-troca-de-desconto-mp-investiga-venda-de-dados-de-clientes-por-farmacias\/","og_locale":"pt_PT","og_type":"article","og_title":"CPF em troca de desconto: MP investiga venda de dados de clientes por farm\u00e1cias - Brasil not\u00edcias","og_description":"\u00d3rg\u00e3o suspeita que lista de compras seja repassada a empresas de plano de sa\u00fade e de an\u00e1lise de cr\u00e9dito. O","og_url":"https:\/\/brasilnoticias.org\/site\/cpf-em-troca-de-desconto-mp-investiga-venda-de-dados-de-clientes-por-farmacias\/","og_site_name":"Brasil not\u00edcias","article_published_time":"2023-09-21T13:00:48+00:00","og_image":[{"width":1200,"height":800,"url":"https:\/\/brasilnoticias.org\/site\/wp-content\/uploads\/2023\/09\/farmacia-prever-2-.webp","type":"image\/webp"}],"author":"Reda\u00e7\u00e3o","twitter_card":"summary_large_image","twitter_misc":{"Escrito por":"Reda\u00e7\u00e3o"},"schema":{"@context":"https:\/\/schema.org","@graph":[{"@type":"Article","@id":"https:\/\/brasilnoticias.org\/site\/cpf-em-troca-de-desconto-mp-investiga-venda-de-dados-de-clientes-por-farmacias\/#article","isPartOf":{"@id":"https:\/\/brasilnoticias.org\/site\/cpf-em-troca-de-desconto-mp-investiga-venda-de-dados-de-clientes-por-farmacias\/"},"author":{"name":"Reda\u00e7\u00e3o","@id":"https:\/\/brasilnoticias.org\/site\/#\/schema\/person\/03bbbfe6c7634ad18c26444ea39049fa"},"headline":"CPF em troca de desconto: MP investiga venda de dados de clientes por farm\u00e1cias","datePublished":"2023-09-21T13:00:48+00:00","mainEntityOfPage":{"@id":"https:\/\/brasilnoticias.org\/site\/cpf-em-troca-de-desconto-mp-investiga-venda-de-dados-de-clientes-por-farmacias\/"},"wordCount":968,"commentCount":0,"publisher":{"@id":"https:\/\/brasilnoticias.org\/site\/#organization"},"image":{"@id":"https:\/\/brasilnoticias.org\/site\/cpf-em-troca-de-desconto-mp-investiga-venda-de-dados-de-clientes-por-farmacias\/#primaryimage"},"thumbnailUrl":"https:\/\/brasilnoticias.org\/site\/wp-content\/uploads\/2023\/09\/farmacia-prever-2-.webp","articleSection":["Not\u00edcias","\u00daltimas"],"inLanguage":"pt-PT","potentialAction":[{"@type":"CommentAction","name":"Comment","target":["https:\/\/brasilnoticias.org\/site\/cpf-em-troca-de-desconto-mp-investiga-venda-de-dados-de-clientes-por-farmacias\/#respond"]}]},{"@type":"WebPage","@id":"https:\/\/brasilnoticias.org\/site\/cpf-em-troca-de-desconto-mp-investiga-venda-de-dados-de-clientes-por-farmacias\/","url":"https:\/\/brasilnoticias.org\/site\/cpf-em-troca-de-desconto-mp-investiga-venda-de-dados-de-clientes-por-farmacias\/","name":"CPF em troca de desconto: MP investiga venda de dados de clientes por farm\u00e1cias - Brasil not\u00edcias","isPartOf":{"@id":"https:\/\/brasilnoticias.org\/site\/#website"},"primaryImageOfPage":{"@id":"https:\/\/brasilnoticias.org\/site\/cpf-em-troca-de-desconto-mp-investiga-venda-de-dados-de-clientes-por-farmacias\/#primaryimage"},"image":{"@id":"https:\/\/brasilnoticias.org\/site\/cpf-em-troca-de-desconto-mp-investiga-venda-de-dados-de-clientes-por-farmacias\/#primaryimage"},"thumbnailUrl":"https:\/\/brasilnoticias.org\/site\/wp-content\/uploads\/2023\/09\/farmacia-prever-2-.webp","datePublished":"2023-09-21T13:00:48+00:00","breadcrumb":{"@id":"https:\/\/brasilnoticias.org\/site\/cpf-em-troca-de-desconto-mp-investiga-venda-de-dados-de-clientes-por-farmacias\/#breadcrumb"},"inLanguage":"pt-PT","potentialAction":[{"@type":"ReadAction","target":["https:\/\/brasilnoticias.org\/site\/cpf-em-troca-de-desconto-mp-investiga-venda-de-dados-de-clientes-por-farmacias\/"]}]},{"@type":"ImageObject","inLanguage":"pt-PT","@id":"https:\/\/brasilnoticias.org\/site\/cpf-em-troca-de-desconto-mp-investiga-venda-de-dados-de-clientes-por-farmacias\/#primaryimage","url":"https:\/\/brasilnoticias.org\/site\/wp-content\/uploads\/2023\/09\/farmacia-prever-2-.webp","contentUrl":"https:\/\/brasilnoticias.org\/site\/wp-content\/uploads\/2023\/09\/farmacia-prever-2-.webp","width":1200,"height":800},{"@type":"BreadcrumbList","@id":"https:\/\/brasilnoticias.org\/site\/cpf-em-troca-de-desconto-mp-investiga-venda-de-dados-de-clientes-por-farmacias\/#breadcrumb","itemListElement":[{"@type":"ListItem","position":1,"name":"In\u00edcio","item":"https:\/\/brasilnoticias.org\/site\/"},{"@type":"ListItem","position":2,"name":"CPF em troca de desconto: MP investiga venda de dados de clientes por farm\u00e1cias"}]},{"@type":"WebSite","@id":"https:\/\/brasilnoticias.org\/site\/#website","url":"https:\/\/brasilnoticias.org\/site\/","name":"Brasil not\u00edcias","description":"Brasil not\u00edcias","publisher":{"@id":"https:\/\/brasilnoticias.org\/site\/#organization"},"potentialAction":[{"@type":"SearchAction","target":{"@type":"EntryPoint","urlTemplate":"https:\/\/brasilnoticias.org\/site\/?s={search_term_string}"},"query-input":{"@type":"PropertyValueSpecification","valueRequired":true,"valueName":"search_term_string"}}],"inLanguage":"pt-PT"},{"@type":"Organization","@id":"https:\/\/brasilnoticias.org\/site\/#organization","name":"Brasil not\u00edcias","url":"https:\/\/brasilnoticias.org\/site\/","logo":{"@type":"ImageObject","inLanguage":"pt-PT","@id":"https:\/\/brasilnoticias.org\/site\/#\/schema\/logo\/image\/","url":"https:\/\/brasilnoticias.org\/site\/wp-content\/uploads\/2022\/05\/cropped-brasilnoticias-mini.jpg","contentUrl":"https:\/\/brasilnoticias.org\/site\/wp-content\/uploads\/2022\/05\/cropped-brasilnoticias-mini.jpg","width":314,"height":86,"caption":"Brasil not\u00edcias"},"image":{"@id":"https:\/\/brasilnoticias.org\/site\/#\/schema\/logo\/image\/"}},{"@type":"Person","@id":"https:\/\/brasilnoticias.org\/site\/#\/schema\/person\/03bbbfe6c7634ad18c26444ea39049fa","name":"Reda\u00e7\u00e3o","image":{"@type":"ImageObject","inLanguage":"pt-PT","@id":"https:\/\/brasilnoticias.org\/site\/#\/schema\/person\/image\/","url":"https:\/\/secure.gravatar.com\/avatar\/9ecaf7327a696cb23ad926fedded5f1f04d7049de9e445375d55b48c001a6e42?s=96&d=mm&r=g","contentUrl":"https:\/\/secure.gravatar.com\/avatar\/9ecaf7327a696cb23ad926fedded5f1f04d7049de9e445375d55b48c001a6e42?s=96&d=mm&r=g","caption":"Reda\u00e7\u00e3o"},"url":"https:\/\/brasilnoticias.org\/site\/author\/henrique\/"}]}},"_links":{"self":[{"href":"https:\/\/brasilnoticias.org\/site\/wp-json\/wp\/v2\/posts\/9429","targetHints":{"allow":["GET"]}}],"collection":[{"href":"https:\/\/brasilnoticias.org\/site\/wp-json\/wp\/v2\/posts"}],"about":[{"href":"https:\/\/brasilnoticias.org\/site\/wp-json\/wp\/v2\/types\/post"}],"author":[{"embeddable":true,"href":"https:\/\/brasilnoticias.org\/site\/wp-json\/wp\/v2\/users\/4"}],"replies":[{"embeddable":true,"href":"https:\/\/brasilnoticias.org\/site\/wp-json\/wp\/v2\/comments?post=9429"}],"version-history":[{"count":1,"href":"https:\/\/brasilnoticias.org\/site\/wp-json\/wp\/v2\/posts\/9429\/revisions"}],"predecessor-version":[{"id":9431,"href":"https:\/\/brasilnoticias.org\/site\/wp-json\/wp\/v2\/posts\/9429\/revisions\/9431"}],"wp:featuredmedia":[{"embeddable":true,"href":"https:\/\/brasilnoticias.org\/site\/wp-json\/wp\/v2\/media\/9430"}],"wp:attachment":[{"href":"https:\/\/brasilnoticias.org\/site\/wp-json\/wp\/v2\/media?parent=9429"}],"wp:term":[{"taxonomy":"category","embeddable":true,"href":"https:\/\/brasilnoticias.org\/site\/wp-json\/wp\/v2\/categories?post=9429"},{"taxonomy":"post_tag","embeddable":true,"href":"https:\/\/brasilnoticias.org\/site\/wp-json\/wp\/v2\/tags?post=9429"}],"curies":[{"name":"wp","href":"https:\/\/api.w.org\/{rel}","templated":true}]}}