{"id":9443,"date":"2023-09-21T19:28:25","date_gmt":"2023-09-21T22:28:25","guid":{"rendered":"https:\/\/brasilnoticias.org\/site\/?p=9443"},"modified":"2023-09-21T19:28:25","modified_gmt":"2023-09-21T22:28:25","slug":"lider-vitoria-segue-como-principal-candidato-ao-acesso-e-se-aproxima-de-numero-magico","status":"publish","type":"post","link":"https:\/\/brasilnoticias.org\/site\/lider-vitoria-segue-como-principal-candidato-ao-acesso-e-se-aproxima-de-numero-magico\/","title":{"rendered":"L\u00edder, Vit\u00f3ria segue como principal candidato ao acesso e se aproxima de &#8220;n\u00famero m\u00e1gico&#8221;"},"content":{"rendered":"<p>De acordo com dados da UFMG, quem atingir os 67 pontos ter\u00e1 mais de 99,9% de chances de subir para a Primeira Divis\u00e3o<\/p>\n<p>A reta final da S\u00e9rie B j\u00e1 chegou e at\u00e9 quem n\u00e3o \u00e9 amigo \u00edntimo das Exatas d\u00e1 uma conferida nas probabilidades. O torcedor do Vit\u00f3ria, inclusive, tem \u00f3timos motivos para manter as expectativas. L\u00edder da Segundona, o Rubro-Negro aparece como o principal candidato ao acesso &#8211; 84,4% de chances &#8211; e v\u00ea o &#8220;n\u00famero m\u00e1gico&#8221; cada dia mais perto.<\/p>\n<p>Desde que a S\u00e9rie B passou a ser disputada em pontos corridos, em 2006, a m\u00e9dia hist\u00f3rica para acesso \u00e9 de 63 pontos. De acordo com os dados do Departamento de Matem\u00e1tica da Universidade Federal de Minas Gerais (UFMG), esse n\u00famero d\u00e1 quase 79% de probabilidade de subida neste ano. <\/p>\n<p>No entanto, os c\u00e1lculos projetam que esta edi\u00e7\u00e3o ter\u00e1 uma &#8220;pontua\u00e7\u00e3o de corte&#8221; maior &#8211; para superar os 99,9% de chances, a meta deve ser de pelo menos 67 pontos. Com 52, o Rubro-Negro precisaria somar mais 15 em 30 poss\u00edves, o que equivale a um aproveitamento de 50%. <\/p>\n<p>Se mantiver o rendimento de agora, 61,9%, melhor ainda. A equipe chegar\u00e1 aos 70 pontos, pontua\u00e7\u00e3o em que estaria matematicamente garantida na S\u00e9rie A do ano que vem sem qualquer dor de cabe\u00e7a, de acordo com a institui\u00e7\u00e3o.  <\/p>\n<p>O hist\u00f3rico tamb\u00e9m ajuda: apenas em duas das 17 edi\u00e7\u00f5es, a pontua\u00e7\u00e3o do quarto colocado n\u00e3o esteve entre 60 e 65. Em 2007, o Vit\u00f3ria conseguiu o acesso com 59 pontos. Ao contr\u00e1rio em 2012, at\u00e9 ent\u00e3o ano com maior pontua\u00e7\u00e3o de corte para o acesso, o Rubro-Negro precisou de 71 pontos para subir de divis\u00e3o.<\/p>\n<p>Jogo a jogo<\/p>\n<p>O Le\u00e3o, por\u00e9m, segue com os p\u00e9s no ch\u00e3o &#8211; discurso un\u00e2nime entre o t\u00e9cnico L\u00e9o Cond\u00e9 e os jogadores. Segundo o treinador, a equipe tem mirado em uma partida de cada vez para construir uma campanha bem-sucedida. &#8220;N\u00e3o vamos cair nessa armadilha. Ainda n\u00e3o tem t\u00edtulo ou acesso certo.&#8221; <\/p>\n<p>A classifica\u00e7\u00e3o, de acordo com ele, ser\u00e1 conquistada &#8220;ponto a ponto&#8221; j\u00e1 que, nas \u00faltimas 10 rodadas, os confrontos do Vit\u00f3ria ser\u00e3o divididos igualmente: cinco no Barrad\u00e3o e cinco como visitante.<\/p>\n<p>O pr\u00f3ximo desafio ser\u00e1 fora de casa, onde o time baiano n\u00e3o vence h\u00e1 quatro jogos. Os comandados de Cond\u00e9 v\u00e3o at\u00e9 o Est\u00e1dio Novelli Junior para visitar o Ituano \u00e0s 21h30 desta sexta-feira (22), pela 29\u00aa rodada.<\/p>\n<p>Foto: Victor Ferreira\/EC Vit\u00f3ria<br \/>\nPor: Marina Arag\u00e3o<\/p>\n","protected":false},"excerpt":{"rendered":"<p>De acordo com dados da UFMG, quem atingir os 67 pontos ter\u00e1 mais de 99,9% de chances de subir para<\/p>\n","protected":false},"author":4,"featured_media":9444,"comment_status":"open","ping_status":"open","sticky":false,"template":"","format":"standard","meta":{"colormag_page_container_layout":"default_layout","colormag_page_sidebar_layout":"default_layout","_FSMCFIC_featured_image_caption":"","_FSMCFIC_featured_image_nocaption":"","_FSMCFIC_featured_image_hide":"","footnotes":""},"categories":[4,1],"tags":[],"class_list":["post-9443","post","type-post","status-publish","format-standard","has-post-thumbnail","hentry","category-esporte","category-ultimas"],"yoast_head":"<!-- This site is optimized with the Yoast SEO plugin v27.1.1 - https:\/\/yoast.com\/product\/yoast-seo-wordpress\/ -->\n<title>L\u00edder, Vit\u00f3ria segue como principal candidato ao acesso e se aproxima de &quot;n\u00famero m\u00e1gico&quot; - Brasil not\u00edcias<\/title>\n<meta name=\"robots\" content=\"index, follow, max-snippet:-1, max-image-preview:large, max-video-preview:-1\" \/>\n<link rel=\"canonical\" href=\"https:\/\/brasilnoticias.org\/site\/lider-vitoria-segue-como-principal-candidato-ao-acesso-e-se-aproxima-de-numero-magico\/\" \/>\n<meta property=\"og:locale\" content=\"pt_PT\" \/>\n<meta property=\"og:type\" content=\"article\" \/>\n<meta property=\"og:title\" content=\"L\u00edder, Vit\u00f3ria segue como principal candidato ao acesso e se aproxima de &quot;n\u00famero m\u00e1gico&quot; - Brasil not\u00edcias\" \/>\n<meta property=\"og:description\" content=\"De acordo com dados da UFMG, quem atingir os 67 pontos ter\u00e1 mais de 99,9% de chances de subir para\" \/>\n<meta property=\"og:url\" content=\"https:\/\/brasilnoticias.org\/site\/lider-vitoria-segue-como-principal-candidato-ao-acesso-e-se-aproxima-de-numero-magico\/\" \/>\n<meta property=\"og:site_name\" content=\"Brasil not\u00edcias\" \/>\n<meta property=\"article:published_time\" content=\"2023-09-21T22:28:25+00:00\" \/>\n<meta property=\"og:image\" content=\"https:\/\/brasilnoticias.org\/site\/wp-content\/uploads\/2023\/09\/141182lider-vitoria-segue-como-principal-candidato-ao-acesso-e-se-aproxima-de-numero-magico-3.jpg\" \/>\n\t<meta property=\"og:image:width\" content=\"1600\" \/>\n\t<meta property=\"og:image:height\" content=\"752\" \/>\n\t<meta property=\"og:image:type\" content=\"image\/jpeg\" \/>\n<meta name=\"author\" content=\"Reda\u00e7\u00e3o\" \/>\n<meta name=\"twitter:card\" content=\"summary_large_image\" \/>\n<meta name=\"twitter:label1\" content=\"Escrito por\" \/>\n\t<meta name=\"twitter:data1\" content=\"Reda\u00e7\u00e3o\" \/>\n<script type=\"application\/ld+json\" class=\"yoast-schema-graph\">{\"@context\":\"https:\/\/schema.org\",\"@graph\":[{\"@type\":\"Article\",\"@id\":\"https:\/\/brasilnoticias.org\/site\/lider-vitoria-segue-como-principal-candidato-ao-acesso-e-se-aproxima-de-numero-magico\/#article\",\"isPartOf\":{\"@id\":\"https:\/\/brasilnoticias.org\/site\/lider-vitoria-segue-como-principal-candidato-ao-acesso-e-se-aproxima-de-numero-magico\/\"},\"author\":{\"name\":\"Reda\u00e7\u00e3o\",\"@id\":\"https:\/\/brasilnoticias.org\/site\/#\/schema\/person\/03bbbfe6c7634ad18c26444ea39049fa\"},\"headline\":\"L\u00edder, Vit\u00f3ria segue como principal candidato ao acesso e se aproxima de &#8220;n\u00famero m\u00e1gico&#8221;\",\"datePublished\":\"2023-09-21T22:28:25+00:00\",\"mainEntityOfPage\":{\"@id\":\"https:\/\/brasilnoticias.org\/site\/lider-vitoria-segue-como-principal-candidato-ao-acesso-e-se-aproxima-de-numero-magico\/\"},\"wordCount\":448,\"commentCount\":0,\"publisher\":{\"@id\":\"https:\/\/brasilnoticias.org\/site\/#organization\"},\"image\":{\"@id\":\"https:\/\/brasilnoticias.org\/site\/lider-vitoria-segue-como-principal-candidato-ao-acesso-e-se-aproxima-de-numero-magico\/#primaryimage\"},\"thumbnailUrl\":\"https:\/\/brasilnoticias.org\/site\/wp-content\/uploads\/2023\/09\/141182lider-vitoria-segue-como-principal-candidato-ao-acesso-e-se-aproxima-de-numero-magico-3.jpg\",\"articleSection\":[\"Esporte\",\"\u00daltimas\"],\"inLanguage\":\"pt-PT\",\"potentialAction\":[{\"@type\":\"CommentAction\",\"name\":\"Comment\",\"target\":[\"https:\/\/brasilnoticias.org\/site\/lider-vitoria-segue-como-principal-candidato-ao-acesso-e-se-aproxima-de-numero-magico\/#respond\"]}]},{\"@type\":\"WebPage\",\"@id\":\"https:\/\/brasilnoticias.org\/site\/lider-vitoria-segue-como-principal-candidato-ao-acesso-e-se-aproxima-de-numero-magico\/\",\"url\":\"https:\/\/brasilnoticias.org\/site\/lider-vitoria-segue-como-principal-candidato-ao-acesso-e-se-aproxima-de-numero-magico\/\",\"name\":\"L\u00edder, Vit\u00f3ria segue como principal candidato ao acesso e se aproxima de \\\"n\u00famero m\u00e1gico\\\" - Brasil not\u00edcias\",\"isPartOf\":{\"@id\":\"https:\/\/brasilnoticias.org\/site\/#website\"},\"primaryImageOfPage\":{\"@id\":\"https:\/\/brasilnoticias.org\/site\/lider-vitoria-segue-como-principal-candidato-ao-acesso-e-se-aproxima-de-numero-magico\/#primaryimage\"},\"image\":{\"@id\":\"https:\/\/brasilnoticias.org\/site\/lider-vitoria-segue-como-principal-candidato-ao-acesso-e-se-aproxima-de-numero-magico\/#primaryimage\"},\"thumbnailUrl\":\"https:\/\/brasilnoticias.org\/site\/wp-content\/uploads\/2023\/09\/141182lider-vitoria-segue-como-principal-candidato-ao-acesso-e-se-aproxima-de-numero-magico-3.jpg\",\"datePublished\":\"2023-09-21T22:28:25+00:00\",\"breadcrumb\":{\"@id\":\"https:\/\/brasilnoticias.org\/site\/lider-vitoria-segue-como-principal-candidato-ao-acesso-e-se-aproxima-de-numero-magico\/#breadcrumb\"},\"inLanguage\":\"pt-PT\",\"potentialAction\":[{\"@type\":\"ReadAction\",\"target\":[\"https:\/\/brasilnoticias.org\/site\/lider-vitoria-segue-como-principal-candidato-ao-acesso-e-se-aproxima-de-numero-magico\/\"]}]},{\"@type\":\"ImageObject\",\"inLanguage\":\"pt-PT\",\"@id\":\"https:\/\/brasilnoticias.org\/site\/lider-vitoria-segue-como-principal-candidato-ao-acesso-e-se-aproxima-de-numero-magico\/#primaryimage\",\"url\":\"https:\/\/brasilnoticias.org\/site\/wp-content\/uploads\/2023\/09\/141182lider-vitoria-segue-como-principal-candidato-ao-acesso-e-se-aproxima-de-numero-magico-3.jpg\",\"contentUrl\":\"https:\/\/brasilnoticias.org\/site\/wp-content\/uploads\/2023\/09\/141182lider-vitoria-segue-como-principal-candidato-ao-acesso-e-se-aproxima-de-numero-magico-3.jpg\",\"width\":1600,\"height\":752},{\"@type\":\"BreadcrumbList\",\"@id\":\"https:\/\/brasilnoticias.org\/site\/lider-vitoria-segue-como-principal-candidato-ao-acesso-e-se-aproxima-de-numero-magico\/#breadcrumb\",\"itemListElement\":[{\"@type\":\"ListItem\",\"position\":1,\"name\":\"In\u00edcio\",\"item\":\"https:\/\/brasilnoticias.org\/site\/\"},{\"@type\":\"ListItem\",\"position\":2,\"name\":\"L\u00edder, Vit\u00f3ria segue como principal candidato ao acesso e se aproxima de &#8220;n\u00famero m\u00e1gico&#8221;\"}]},{\"@type\":\"WebSite\",\"@id\":\"https:\/\/brasilnoticias.org\/site\/#website\",\"url\":\"https:\/\/brasilnoticias.org\/site\/\",\"name\":\"Brasil not\u00edcias\",\"description\":\"Brasil not\u00edcias\",\"publisher\":{\"@id\":\"https:\/\/brasilnoticias.org\/site\/#organization\"},\"potentialAction\":[{\"@type\":\"SearchAction\",\"target\":{\"@type\":\"EntryPoint\",\"urlTemplate\":\"https:\/\/brasilnoticias.org\/site\/?s={search_term_string}\"},\"query-input\":{\"@type\":\"PropertyValueSpecification\",\"valueRequired\":true,\"valueName\":\"search_term_string\"}}],\"inLanguage\":\"pt-PT\"},{\"@type\":\"Organization\",\"@id\":\"https:\/\/brasilnoticias.org\/site\/#organization\",\"name\":\"Brasil not\u00edcias\",\"url\":\"https:\/\/brasilnoticias.org\/site\/\",\"logo\":{\"@type\":\"ImageObject\",\"inLanguage\":\"pt-PT\",\"@id\":\"https:\/\/brasilnoticias.org\/site\/#\/schema\/logo\/image\/\",\"url\":\"https:\/\/brasilnoticias.org\/site\/wp-content\/uploads\/2022\/05\/cropped-brasilnoticias-mini.jpg\",\"contentUrl\":\"https:\/\/brasilnoticias.org\/site\/wp-content\/uploads\/2022\/05\/cropped-brasilnoticias-mini.jpg\",\"width\":314,\"height\":86,\"caption\":\"Brasil not\u00edcias\"},\"image\":{\"@id\":\"https:\/\/brasilnoticias.org\/site\/#\/schema\/logo\/image\/\"}},{\"@type\":\"Person\",\"@id\":\"https:\/\/brasilnoticias.org\/site\/#\/schema\/person\/03bbbfe6c7634ad18c26444ea39049fa\",\"name\":\"Reda\u00e7\u00e3o\",\"image\":{\"@type\":\"ImageObject\",\"inLanguage\":\"pt-PT\",\"@id\":\"https:\/\/brasilnoticias.org\/site\/#\/schema\/person\/image\/\",\"url\":\"https:\/\/secure.gravatar.com\/avatar\/9ecaf7327a696cb23ad926fedded5f1f04d7049de9e445375d55b48c001a6e42?s=96&d=mm&r=g\",\"contentUrl\":\"https:\/\/secure.gravatar.com\/avatar\/9ecaf7327a696cb23ad926fedded5f1f04d7049de9e445375d55b48c001a6e42?s=96&d=mm&r=g\",\"caption\":\"Reda\u00e7\u00e3o\"},\"url\":\"https:\/\/brasilnoticias.org\/site\/author\/henrique\/\"}]}<\/script>\n<!-- \/ Yoast SEO plugin. -->","yoast_head_json":{"title":"L\u00edder, Vit\u00f3ria segue como principal candidato ao acesso e se aproxima de \"n\u00famero m\u00e1gico\" - Brasil not\u00edcias","robots":{"index":"index","follow":"follow","max-snippet":"max-snippet:-1","max-image-preview":"max-image-preview:large","max-video-preview":"max-video-preview:-1"},"canonical":"https:\/\/brasilnoticias.org\/site\/lider-vitoria-segue-como-principal-candidato-ao-acesso-e-se-aproxima-de-numero-magico\/","og_locale":"pt_PT","og_type":"article","og_title":"L\u00edder, Vit\u00f3ria segue como principal candidato ao acesso e se aproxima de \"n\u00famero m\u00e1gico\" - Brasil not\u00edcias","og_description":"De acordo com dados da UFMG, quem atingir os 67 pontos ter\u00e1 mais de 99,9% de chances de subir para","og_url":"https:\/\/brasilnoticias.org\/site\/lider-vitoria-segue-como-principal-candidato-ao-acesso-e-se-aproxima-de-numero-magico\/","og_site_name":"Brasil not\u00edcias","article_published_time":"2023-09-21T22:28:25+00:00","og_image":[{"width":1600,"height":752,"url":"https:\/\/brasilnoticias.org\/site\/wp-content\/uploads\/2023\/09\/141182lider-vitoria-segue-como-principal-candidato-ao-acesso-e-se-aproxima-de-numero-magico-3.jpg","type":"image\/jpeg"}],"author":"Reda\u00e7\u00e3o","twitter_card":"summary_large_image","twitter_misc":{"Escrito por":"Reda\u00e7\u00e3o"},"schema":{"@context":"https:\/\/schema.org","@graph":[{"@type":"Article","@id":"https:\/\/brasilnoticias.org\/site\/lider-vitoria-segue-como-principal-candidato-ao-acesso-e-se-aproxima-de-numero-magico\/#article","isPartOf":{"@id":"https:\/\/brasilnoticias.org\/site\/lider-vitoria-segue-como-principal-candidato-ao-acesso-e-se-aproxima-de-numero-magico\/"},"author":{"name":"Reda\u00e7\u00e3o","@id":"https:\/\/brasilnoticias.org\/site\/#\/schema\/person\/03bbbfe6c7634ad18c26444ea39049fa"},"headline":"L\u00edder, Vit\u00f3ria segue como principal candidato ao acesso e se aproxima de &#8220;n\u00famero m\u00e1gico&#8221;","datePublished":"2023-09-21T22:28:25+00:00","mainEntityOfPage":{"@id":"https:\/\/brasilnoticias.org\/site\/lider-vitoria-segue-como-principal-candidato-ao-acesso-e-se-aproxima-de-numero-magico\/"},"wordCount":448,"commentCount":0,"publisher":{"@id":"https:\/\/brasilnoticias.org\/site\/#organization"},"image":{"@id":"https:\/\/brasilnoticias.org\/site\/lider-vitoria-segue-como-principal-candidato-ao-acesso-e-se-aproxima-de-numero-magico\/#primaryimage"},"thumbnailUrl":"https:\/\/brasilnoticias.org\/site\/wp-content\/uploads\/2023\/09\/141182lider-vitoria-segue-como-principal-candidato-ao-acesso-e-se-aproxima-de-numero-magico-3.jpg","articleSection":["Esporte","\u00daltimas"],"inLanguage":"pt-PT","potentialAction":[{"@type":"CommentAction","name":"Comment","target":["https:\/\/brasilnoticias.org\/site\/lider-vitoria-segue-como-principal-candidato-ao-acesso-e-se-aproxima-de-numero-magico\/#respond"]}]},{"@type":"WebPage","@id":"https:\/\/brasilnoticias.org\/site\/lider-vitoria-segue-como-principal-candidato-ao-acesso-e-se-aproxima-de-numero-magico\/","url":"https:\/\/brasilnoticias.org\/site\/lider-vitoria-segue-como-principal-candidato-ao-acesso-e-se-aproxima-de-numero-magico\/","name":"L\u00edder, Vit\u00f3ria segue como principal candidato ao acesso e se aproxima de \"n\u00famero m\u00e1gico\" - Brasil not\u00edcias","isPartOf":{"@id":"https:\/\/brasilnoticias.org\/site\/#website"},"primaryImageOfPage":{"@id":"https:\/\/brasilnoticias.org\/site\/lider-vitoria-segue-como-principal-candidato-ao-acesso-e-se-aproxima-de-numero-magico\/#primaryimage"},"image":{"@id":"https:\/\/brasilnoticias.org\/site\/lider-vitoria-segue-como-principal-candidato-ao-acesso-e-se-aproxima-de-numero-magico\/#primaryimage"},"thumbnailUrl":"https:\/\/brasilnoticias.org\/site\/wp-content\/uploads\/2023\/09\/141182lider-vitoria-segue-como-principal-candidato-ao-acesso-e-se-aproxima-de-numero-magico-3.jpg","datePublished":"2023-09-21T22:28:25+00:00","breadcrumb":{"@id":"https:\/\/brasilnoticias.org\/site\/lider-vitoria-segue-como-principal-candidato-ao-acesso-e-se-aproxima-de-numero-magico\/#breadcrumb"},"inLanguage":"pt-PT","potentialAction":[{"@type":"ReadAction","target":["https:\/\/brasilnoticias.org\/site\/lider-vitoria-segue-como-principal-candidato-ao-acesso-e-se-aproxima-de-numero-magico\/"]}]},{"@type":"ImageObject","inLanguage":"pt-PT","@id":"https:\/\/brasilnoticias.org\/site\/lider-vitoria-segue-como-principal-candidato-ao-acesso-e-se-aproxima-de-numero-magico\/#primaryimage","url":"https:\/\/brasilnoticias.org\/site\/wp-content\/uploads\/2023\/09\/141182lider-vitoria-segue-como-principal-candidato-ao-acesso-e-se-aproxima-de-numero-magico-3.jpg","contentUrl":"https:\/\/brasilnoticias.org\/site\/wp-content\/uploads\/2023\/09\/141182lider-vitoria-segue-como-principal-candidato-ao-acesso-e-se-aproxima-de-numero-magico-3.jpg","width":1600,"height":752},{"@type":"BreadcrumbList","@id":"https:\/\/brasilnoticias.org\/site\/lider-vitoria-segue-como-principal-candidato-ao-acesso-e-se-aproxima-de-numero-magico\/#breadcrumb","itemListElement":[{"@type":"ListItem","position":1,"name":"In\u00edcio","item":"https:\/\/brasilnoticias.org\/site\/"},{"@type":"ListItem","position":2,"name":"L\u00edder, Vit\u00f3ria segue como principal candidato ao acesso e se aproxima de &#8220;n\u00famero m\u00e1gico&#8221;"}]},{"@type":"WebSite","@id":"https:\/\/brasilnoticias.org\/site\/#website","url":"https:\/\/brasilnoticias.org\/site\/","name":"Brasil not\u00edcias","description":"Brasil not\u00edcias","publisher":{"@id":"https:\/\/brasilnoticias.org\/site\/#organization"},"potentialAction":[{"@type":"SearchAction","target":{"@type":"EntryPoint","urlTemplate":"https:\/\/brasilnoticias.org\/site\/?s={search_term_string}"},"query-input":{"@type":"PropertyValueSpecification","valueRequired":true,"valueName":"search_term_string"}}],"inLanguage":"pt-PT"},{"@type":"Organization","@id":"https:\/\/brasilnoticias.org\/site\/#organization","name":"Brasil not\u00edcias","url":"https:\/\/brasilnoticias.org\/site\/","logo":{"@type":"ImageObject","inLanguage":"pt-PT","@id":"https:\/\/brasilnoticias.org\/site\/#\/schema\/logo\/image\/","url":"https:\/\/brasilnoticias.org\/site\/wp-content\/uploads\/2022\/05\/cropped-brasilnoticias-mini.jpg","contentUrl":"https:\/\/brasilnoticias.org\/site\/wp-content\/uploads\/2022\/05\/cropped-brasilnoticias-mini.jpg","width":314,"height":86,"caption":"Brasil not\u00edcias"},"image":{"@id":"https:\/\/brasilnoticias.org\/site\/#\/schema\/logo\/image\/"}},{"@type":"Person","@id":"https:\/\/brasilnoticias.org\/site\/#\/schema\/person\/03bbbfe6c7634ad18c26444ea39049fa","name":"Reda\u00e7\u00e3o","image":{"@type":"ImageObject","inLanguage":"pt-PT","@id":"https:\/\/brasilnoticias.org\/site\/#\/schema\/person\/image\/","url":"https:\/\/secure.gravatar.com\/avatar\/9ecaf7327a696cb23ad926fedded5f1f04d7049de9e445375d55b48c001a6e42?s=96&d=mm&r=g","contentUrl":"https:\/\/secure.gravatar.com\/avatar\/9ecaf7327a696cb23ad926fedded5f1f04d7049de9e445375d55b48c001a6e42?s=96&d=mm&r=g","caption":"Reda\u00e7\u00e3o"},"url":"https:\/\/brasilnoticias.org\/site\/author\/henrique\/"}]}},"_links":{"self":[{"href":"https:\/\/brasilnoticias.org\/site\/wp-json\/wp\/v2\/posts\/9443","targetHints":{"allow":["GET"]}}],"collection":[{"href":"https:\/\/brasilnoticias.org\/site\/wp-json\/wp\/v2\/posts"}],"about":[{"href":"https:\/\/brasilnoticias.org\/site\/wp-json\/wp\/v2\/types\/post"}],"author":[{"embeddable":true,"href":"https:\/\/brasilnoticias.org\/site\/wp-json\/wp\/v2\/users\/4"}],"replies":[{"embeddable":true,"href":"https:\/\/brasilnoticias.org\/site\/wp-json\/wp\/v2\/comments?post=9443"}],"version-history":[{"count":2,"href":"https:\/\/brasilnoticias.org\/site\/wp-json\/wp\/v2\/posts\/9443\/revisions"}],"predecessor-version":[{"id":9446,"href":"https:\/\/brasilnoticias.org\/site\/wp-json\/wp\/v2\/posts\/9443\/revisions\/9446"}],"wp:featuredmedia":[{"embeddable":true,"href":"https:\/\/brasilnoticias.org\/site\/wp-json\/wp\/v2\/media\/9444"}],"wp:attachment":[{"href":"https:\/\/brasilnoticias.org\/site\/wp-json\/wp\/v2\/media?parent=9443"}],"wp:term":[{"taxonomy":"category","embeddable":true,"href":"https:\/\/brasilnoticias.org\/site\/wp-json\/wp\/v2\/categories?post=9443"},{"taxonomy":"post_tag","embeddable":true,"href":"https:\/\/brasilnoticias.org\/site\/wp-json\/wp\/v2\/tags?post=9443"}],"curies":[{"name":"wp","href":"https:\/\/api.w.org\/{rel}","templated":true}]}}