{"id":9447,"date":"2023-09-21T19:30:17","date_gmt":"2023-09-21T22:30:17","guid":{"rendered":"https:\/\/brasilnoticias.org\/site\/?p=9447"},"modified":"2023-09-21T19:30:17","modified_gmt":"2023-09-21T22:30:17","slug":"ministro-da-defesa-diz-que-ex-comandante-da-marinha-nao-estava-100-do-lado-da-lei","status":"publish","type":"post","link":"https:\/\/brasilnoticias.org\/site\/ministro-da-defesa-diz-que-ex-comandante-da-marinha-nao-estava-100-do-lado-da-lei\/","title":{"rendered":"Ministro da Defesa diz que ex-comandante da Marinha n\u00e3o estava &#8220;100% do lado da lei&#8221;"},"content":{"rendered":"<p>A declara\u00e7\u00e3o foi feita por Jos\u00e9 M\u00facio Monteiro, nesta quinta-feira (21), em coletiva concedida em frente ao Minist\u00e9rio da Defesa <\/p>\n<p>O ministro da Defesa, Jos\u00e9 M\u00facio Monteiro, declarou que o ex-comandante da Marinha na gest\u00e3o do ex-presidente Jair Bolsonaro (PL), almirante Almir Garnier Santos, n\u00e3o estava \u201c100% ao lado da lei\u201d. A afirma\u00e7\u00e3o foi feita, nesta quinta-feira (21), em coletiva concedida em frente ao Minist\u00e9rio da Defesa. <\/p>\n<p>Ao ser questionado se ele sabia da suposta &#8220;inclina\u00e7\u00e3o golpista&#8221; do ex-comandante, Jos\u00e9 M\u00facio respondeu: &#8220;\u00c9 uma coisa pessoal. Sabia, mas ele passou. Olha, ele n\u00e3o me recebeu para conversar, depois, n\u00f3s nos encontramos, eu conversei. Mas era uma posi\u00e7\u00e3o pessoal, havia um presidente eleito, havia um presidente empossado, a justi\u00e7a promulgou, de maneira que n\u00f3s est\u00e1vamos 100% do lado da lei, e ele n\u00e3o&#8221;.<\/p>\n<p>No acordo de dela\u00e7\u00e3o premiada, o tenente-coronel Mauro Cid afirmou que Garnier apoiou uma suposta iniciativa golpista. Segundo o jornal O Globo, o tema foi tratado em uma reuni\u00e3o entre Bolsonaro e os comandantes das For\u00e7as Armadas.<\/p>\n<p>Foto: Jos\u00e9 Cruz\/Ag\u00eancia Brasil<br \/>\nMetro1<\/p>\n","protected":false},"excerpt":{"rendered":"<p>A declara\u00e7\u00e3o foi feita por Jos\u00e9 M\u00facio Monteiro, nesta quinta-feira (21), em coletiva concedida em frente ao Minist\u00e9rio da Defesa<\/p>\n","protected":false},"author":4,"featured_media":9448,"comment_status":"open","ping_status":"open","sticky":false,"template":"","format":"standard","meta":{"colormag_page_container_layout":"default_layout","colormag_page_sidebar_layout":"default_layout","_FSMCFIC_featured_image_caption":"","_FSMCFIC_featured_image_nocaption":"","_FSMCFIC_featured_image_hide":"","footnotes":""},"categories":[5,1],"tags":[],"class_list":["post-9447","post","type-post","status-publish","format-standard","has-post-thumbnail","hentry","category-politica","category-ultimas"],"yoast_head":"<!-- This site is optimized with the Yoast SEO plugin v27.1.1 - https:\/\/yoast.com\/product\/yoast-seo-wordpress\/ -->\n<title>Ministro da Defesa diz que ex-comandante da Marinha n\u00e3o estava &quot;100% do lado da lei&quot; - Brasil not\u00edcias<\/title>\n<meta name=\"robots\" content=\"index, follow, max-snippet:-1, max-image-preview:large, max-video-preview:-1\" \/>\n<link rel=\"canonical\" href=\"https:\/\/brasilnoticias.org\/site\/ministro-da-defesa-diz-que-ex-comandante-da-marinha-nao-estava-100-do-lado-da-lei\/\" \/>\n<meta property=\"og:locale\" content=\"pt_PT\" \/>\n<meta property=\"og:type\" content=\"article\" \/>\n<meta property=\"og:title\" content=\"Ministro da Defesa diz que ex-comandante da Marinha n\u00e3o estava &quot;100% do lado da lei&quot; - Brasil not\u00edcias\" \/>\n<meta property=\"og:description\" content=\"A declara\u00e7\u00e3o foi feita por Jos\u00e9 M\u00facio Monteiro, nesta quinta-feira (21), em coletiva concedida em frente ao Minist\u00e9rio da Defesa\" \/>\n<meta property=\"og:url\" content=\"https:\/\/brasilnoticias.org\/site\/ministro-da-defesa-diz-que-ex-comandante-da-marinha-nao-estava-100-do-lado-da-lei\/\" \/>\n<meta property=\"og:site_name\" content=\"Brasil not\u00edcias\" \/>\n<meta property=\"article:published_time\" content=\"2023-09-21T22:30:17+00:00\" \/>\n<meta property=\"og:image\" content=\"https:\/\/brasilnoticias.org\/site\/wp-content\/uploads\/2023\/09\/141212ministro-da-defesa-diz-que-ex-comandante-da-marinha-nao-estava-100-do-lado-da-lei-3.jpg\" \/>\n\t<meta property=\"og:image:width\" content=\"1600\" \/>\n\t<meta property=\"og:image:height\" content=\"752\" \/>\n\t<meta property=\"og:image:type\" content=\"image\/jpeg\" \/>\n<meta name=\"author\" content=\"Reda\u00e7\u00e3o\" \/>\n<meta name=\"twitter:card\" content=\"summary_large_image\" \/>\n<meta name=\"twitter:label1\" content=\"Escrito por\" \/>\n\t<meta name=\"twitter:data1\" content=\"Reda\u00e7\u00e3o\" \/>\n<script type=\"application\/ld+json\" class=\"yoast-schema-graph\">{\"@context\":\"https:\/\/schema.org\",\"@graph\":[{\"@type\":\"Article\",\"@id\":\"https:\/\/brasilnoticias.org\/site\/ministro-da-defesa-diz-que-ex-comandante-da-marinha-nao-estava-100-do-lado-da-lei\/#article\",\"isPartOf\":{\"@id\":\"https:\/\/brasilnoticias.org\/site\/ministro-da-defesa-diz-que-ex-comandante-da-marinha-nao-estava-100-do-lado-da-lei\/\"},\"author\":{\"name\":\"Reda\u00e7\u00e3o\",\"@id\":\"https:\/\/brasilnoticias.org\/site\/#\/schema\/person\/03bbbfe6c7634ad18c26444ea39049fa\"},\"headline\":\"Ministro da Defesa diz que ex-comandante da Marinha n\u00e3o estava &#8220;100% do lado da lei&#8221;\",\"datePublished\":\"2023-09-21T22:30:17+00:00\",\"mainEntityOfPage\":{\"@id\":\"https:\/\/brasilnoticias.org\/site\/ministro-da-defesa-diz-que-ex-comandante-da-marinha-nao-estava-100-do-lado-da-lei\/\"},\"wordCount\":206,\"commentCount\":0,\"publisher\":{\"@id\":\"https:\/\/brasilnoticias.org\/site\/#organization\"},\"image\":{\"@id\":\"https:\/\/brasilnoticias.org\/site\/ministro-da-defesa-diz-que-ex-comandante-da-marinha-nao-estava-100-do-lado-da-lei\/#primaryimage\"},\"thumbnailUrl\":\"https:\/\/brasilnoticias.org\/site\/wp-content\/uploads\/2023\/09\/141212ministro-da-defesa-diz-que-ex-comandante-da-marinha-nao-estava-100-do-lado-da-lei-3.jpg\",\"articleSection\":[\"Pol\u00edtica\",\"\u00daltimas\"],\"inLanguage\":\"pt-PT\",\"potentialAction\":[{\"@type\":\"CommentAction\",\"name\":\"Comment\",\"target\":[\"https:\/\/brasilnoticias.org\/site\/ministro-da-defesa-diz-que-ex-comandante-da-marinha-nao-estava-100-do-lado-da-lei\/#respond\"]}]},{\"@type\":\"WebPage\",\"@id\":\"https:\/\/brasilnoticias.org\/site\/ministro-da-defesa-diz-que-ex-comandante-da-marinha-nao-estava-100-do-lado-da-lei\/\",\"url\":\"https:\/\/brasilnoticias.org\/site\/ministro-da-defesa-diz-que-ex-comandante-da-marinha-nao-estava-100-do-lado-da-lei\/\",\"name\":\"Ministro da Defesa diz que ex-comandante da Marinha n\u00e3o estava \\\"100% do lado da lei\\\" - Brasil not\u00edcias\",\"isPartOf\":{\"@id\":\"https:\/\/brasilnoticias.org\/site\/#website\"},\"primaryImageOfPage\":{\"@id\":\"https:\/\/brasilnoticias.org\/site\/ministro-da-defesa-diz-que-ex-comandante-da-marinha-nao-estava-100-do-lado-da-lei\/#primaryimage\"},\"image\":{\"@id\":\"https:\/\/brasilnoticias.org\/site\/ministro-da-defesa-diz-que-ex-comandante-da-marinha-nao-estava-100-do-lado-da-lei\/#primaryimage\"},\"thumbnailUrl\":\"https:\/\/brasilnoticias.org\/site\/wp-content\/uploads\/2023\/09\/141212ministro-da-defesa-diz-que-ex-comandante-da-marinha-nao-estava-100-do-lado-da-lei-3.jpg\",\"datePublished\":\"2023-09-21T22:30:17+00:00\",\"breadcrumb\":{\"@id\":\"https:\/\/brasilnoticias.org\/site\/ministro-da-defesa-diz-que-ex-comandante-da-marinha-nao-estava-100-do-lado-da-lei\/#breadcrumb\"},\"inLanguage\":\"pt-PT\",\"potentialAction\":[{\"@type\":\"ReadAction\",\"target\":[\"https:\/\/brasilnoticias.org\/site\/ministro-da-defesa-diz-que-ex-comandante-da-marinha-nao-estava-100-do-lado-da-lei\/\"]}]},{\"@type\":\"ImageObject\",\"inLanguage\":\"pt-PT\",\"@id\":\"https:\/\/brasilnoticias.org\/site\/ministro-da-defesa-diz-que-ex-comandante-da-marinha-nao-estava-100-do-lado-da-lei\/#primaryimage\",\"url\":\"https:\/\/brasilnoticias.org\/site\/wp-content\/uploads\/2023\/09\/141212ministro-da-defesa-diz-que-ex-comandante-da-marinha-nao-estava-100-do-lado-da-lei-3.jpg\",\"contentUrl\":\"https:\/\/brasilnoticias.org\/site\/wp-content\/uploads\/2023\/09\/141212ministro-da-defesa-diz-que-ex-comandante-da-marinha-nao-estava-100-do-lado-da-lei-3.jpg\",\"width\":1600,\"height\":752},{\"@type\":\"BreadcrumbList\",\"@id\":\"https:\/\/brasilnoticias.org\/site\/ministro-da-defesa-diz-que-ex-comandante-da-marinha-nao-estava-100-do-lado-da-lei\/#breadcrumb\",\"itemListElement\":[{\"@type\":\"ListItem\",\"position\":1,\"name\":\"In\u00edcio\",\"item\":\"https:\/\/brasilnoticias.org\/site\/\"},{\"@type\":\"ListItem\",\"position\":2,\"name\":\"Ministro da Defesa diz que ex-comandante da Marinha n\u00e3o estava &#8220;100% do lado da lei&#8221;\"}]},{\"@type\":\"WebSite\",\"@id\":\"https:\/\/brasilnoticias.org\/site\/#website\",\"url\":\"https:\/\/brasilnoticias.org\/site\/\",\"name\":\"Brasil not\u00edcias\",\"description\":\"Brasil not\u00edcias\",\"publisher\":{\"@id\":\"https:\/\/brasilnoticias.org\/site\/#organization\"},\"potentialAction\":[{\"@type\":\"SearchAction\",\"target\":{\"@type\":\"EntryPoint\",\"urlTemplate\":\"https:\/\/brasilnoticias.org\/site\/?s={search_term_string}\"},\"query-input\":{\"@type\":\"PropertyValueSpecification\",\"valueRequired\":true,\"valueName\":\"search_term_string\"}}],\"inLanguage\":\"pt-PT\"},{\"@type\":\"Organization\",\"@id\":\"https:\/\/brasilnoticias.org\/site\/#organization\",\"name\":\"Brasil not\u00edcias\",\"url\":\"https:\/\/brasilnoticias.org\/site\/\",\"logo\":{\"@type\":\"ImageObject\",\"inLanguage\":\"pt-PT\",\"@id\":\"https:\/\/brasilnoticias.org\/site\/#\/schema\/logo\/image\/\",\"url\":\"https:\/\/brasilnoticias.org\/site\/wp-content\/uploads\/2022\/05\/cropped-brasilnoticias-mini.jpg\",\"contentUrl\":\"https:\/\/brasilnoticias.org\/site\/wp-content\/uploads\/2022\/05\/cropped-brasilnoticias-mini.jpg\",\"width\":314,\"height\":86,\"caption\":\"Brasil not\u00edcias\"},\"image\":{\"@id\":\"https:\/\/brasilnoticias.org\/site\/#\/schema\/logo\/image\/\"}},{\"@type\":\"Person\",\"@id\":\"https:\/\/brasilnoticias.org\/site\/#\/schema\/person\/03bbbfe6c7634ad18c26444ea39049fa\",\"name\":\"Reda\u00e7\u00e3o\",\"image\":{\"@type\":\"ImageObject\",\"inLanguage\":\"pt-PT\",\"@id\":\"https:\/\/brasilnoticias.org\/site\/#\/schema\/person\/image\/\",\"url\":\"https:\/\/secure.gravatar.com\/avatar\/9ecaf7327a696cb23ad926fedded5f1f04d7049de9e445375d55b48c001a6e42?s=96&d=mm&r=g\",\"contentUrl\":\"https:\/\/secure.gravatar.com\/avatar\/9ecaf7327a696cb23ad926fedded5f1f04d7049de9e445375d55b48c001a6e42?s=96&d=mm&r=g\",\"caption\":\"Reda\u00e7\u00e3o\"},\"url\":\"https:\/\/brasilnoticias.org\/site\/author\/henrique\/\"}]}<\/script>\n<!-- \/ Yoast SEO plugin. -->","yoast_head_json":{"title":"Ministro da Defesa diz que ex-comandante da Marinha n\u00e3o estava \"100% do lado da lei\" - Brasil not\u00edcias","robots":{"index":"index","follow":"follow","max-snippet":"max-snippet:-1","max-image-preview":"max-image-preview:large","max-video-preview":"max-video-preview:-1"},"canonical":"https:\/\/brasilnoticias.org\/site\/ministro-da-defesa-diz-que-ex-comandante-da-marinha-nao-estava-100-do-lado-da-lei\/","og_locale":"pt_PT","og_type":"article","og_title":"Ministro da Defesa diz que ex-comandante da Marinha n\u00e3o estava \"100% do lado da lei\" - Brasil not\u00edcias","og_description":"A declara\u00e7\u00e3o foi feita por Jos\u00e9 M\u00facio Monteiro, nesta quinta-feira (21), em coletiva concedida em frente ao Minist\u00e9rio da Defesa","og_url":"https:\/\/brasilnoticias.org\/site\/ministro-da-defesa-diz-que-ex-comandante-da-marinha-nao-estava-100-do-lado-da-lei\/","og_site_name":"Brasil not\u00edcias","article_published_time":"2023-09-21T22:30:17+00:00","og_image":[{"width":1600,"height":752,"url":"https:\/\/brasilnoticias.org\/site\/wp-content\/uploads\/2023\/09\/141212ministro-da-defesa-diz-que-ex-comandante-da-marinha-nao-estava-100-do-lado-da-lei-3.jpg","type":"image\/jpeg"}],"author":"Reda\u00e7\u00e3o","twitter_card":"summary_large_image","twitter_misc":{"Escrito por":"Reda\u00e7\u00e3o"},"schema":{"@context":"https:\/\/schema.org","@graph":[{"@type":"Article","@id":"https:\/\/brasilnoticias.org\/site\/ministro-da-defesa-diz-que-ex-comandante-da-marinha-nao-estava-100-do-lado-da-lei\/#article","isPartOf":{"@id":"https:\/\/brasilnoticias.org\/site\/ministro-da-defesa-diz-que-ex-comandante-da-marinha-nao-estava-100-do-lado-da-lei\/"},"author":{"name":"Reda\u00e7\u00e3o","@id":"https:\/\/brasilnoticias.org\/site\/#\/schema\/person\/03bbbfe6c7634ad18c26444ea39049fa"},"headline":"Ministro da Defesa diz que ex-comandante da Marinha n\u00e3o estava &#8220;100% do lado da lei&#8221;","datePublished":"2023-09-21T22:30:17+00:00","mainEntityOfPage":{"@id":"https:\/\/brasilnoticias.org\/site\/ministro-da-defesa-diz-que-ex-comandante-da-marinha-nao-estava-100-do-lado-da-lei\/"},"wordCount":206,"commentCount":0,"publisher":{"@id":"https:\/\/brasilnoticias.org\/site\/#organization"},"image":{"@id":"https:\/\/brasilnoticias.org\/site\/ministro-da-defesa-diz-que-ex-comandante-da-marinha-nao-estava-100-do-lado-da-lei\/#primaryimage"},"thumbnailUrl":"https:\/\/brasilnoticias.org\/site\/wp-content\/uploads\/2023\/09\/141212ministro-da-defesa-diz-que-ex-comandante-da-marinha-nao-estava-100-do-lado-da-lei-3.jpg","articleSection":["Pol\u00edtica","\u00daltimas"],"inLanguage":"pt-PT","potentialAction":[{"@type":"CommentAction","name":"Comment","target":["https:\/\/brasilnoticias.org\/site\/ministro-da-defesa-diz-que-ex-comandante-da-marinha-nao-estava-100-do-lado-da-lei\/#respond"]}]},{"@type":"WebPage","@id":"https:\/\/brasilnoticias.org\/site\/ministro-da-defesa-diz-que-ex-comandante-da-marinha-nao-estava-100-do-lado-da-lei\/","url":"https:\/\/brasilnoticias.org\/site\/ministro-da-defesa-diz-que-ex-comandante-da-marinha-nao-estava-100-do-lado-da-lei\/","name":"Ministro da Defesa diz que ex-comandante da Marinha n\u00e3o estava \"100% do lado da lei\" - Brasil not\u00edcias","isPartOf":{"@id":"https:\/\/brasilnoticias.org\/site\/#website"},"primaryImageOfPage":{"@id":"https:\/\/brasilnoticias.org\/site\/ministro-da-defesa-diz-que-ex-comandante-da-marinha-nao-estava-100-do-lado-da-lei\/#primaryimage"},"image":{"@id":"https:\/\/brasilnoticias.org\/site\/ministro-da-defesa-diz-que-ex-comandante-da-marinha-nao-estava-100-do-lado-da-lei\/#primaryimage"},"thumbnailUrl":"https:\/\/brasilnoticias.org\/site\/wp-content\/uploads\/2023\/09\/141212ministro-da-defesa-diz-que-ex-comandante-da-marinha-nao-estava-100-do-lado-da-lei-3.jpg","datePublished":"2023-09-21T22:30:17+00:00","breadcrumb":{"@id":"https:\/\/brasilnoticias.org\/site\/ministro-da-defesa-diz-que-ex-comandante-da-marinha-nao-estava-100-do-lado-da-lei\/#breadcrumb"},"inLanguage":"pt-PT","potentialAction":[{"@type":"ReadAction","target":["https:\/\/brasilnoticias.org\/site\/ministro-da-defesa-diz-que-ex-comandante-da-marinha-nao-estava-100-do-lado-da-lei\/"]}]},{"@type":"ImageObject","inLanguage":"pt-PT","@id":"https:\/\/brasilnoticias.org\/site\/ministro-da-defesa-diz-que-ex-comandante-da-marinha-nao-estava-100-do-lado-da-lei\/#primaryimage","url":"https:\/\/brasilnoticias.org\/site\/wp-content\/uploads\/2023\/09\/141212ministro-da-defesa-diz-que-ex-comandante-da-marinha-nao-estava-100-do-lado-da-lei-3.jpg","contentUrl":"https:\/\/brasilnoticias.org\/site\/wp-content\/uploads\/2023\/09\/141212ministro-da-defesa-diz-que-ex-comandante-da-marinha-nao-estava-100-do-lado-da-lei-3.jpg","width":1600,"height":752},{"@type":"BreadcrumbList","@id":"https:\/\/brasilnoticias.org\/site\/ministro-da-defesa-diz-que-ex-comandante-da-marinha-nao-estava-100-do-lado-da-lei\/#breadcrumb","itemListElement":[{"@type":"ListItem","position":1,"name":"In\u00edcio","item":"https:\/\/brasilnoticias.org\/site\/"},{"@type":"ListItem","position":2,"name":"Ministro da Defesa diz que ex-comandante da Marinha n\u00e3o estava &#8220;100% do lado da lei&#8221;"}]},{"@type":"WebSite","@id":"https:\/\/brasilnoticias.org\/site\/#website","url":"https:\/\/brasilnoticias.org\/site\/","name":"Brasil not\u00edcias","description":"Brasil not\u00edcias","publisher":{"@id":"https:\/\/brasilnoticias.org\/site\/#organization"},"potentialAction":[{"@type":"SearchAction","target":{"@type":"EntryPoint","urlTemplate":"https:\/\/brasilnoticias.org\/site\/?s={search_term_string}"},"query-input":{"@type":"PropertyValueSpecification","valueRequired":true,"valueName":"search_term_string"}}],"inLanguage":"pt-PT"},{"@type":"Organization","@id":"https:\/\/brasilnoticias.org\/site\/#organization","name":"Brasil not\u00edcias","url":"https:\/\/brasilnoticias.org\/site\/","logo":{"@type":"ImageObject","inLanguage":"pt-PT","@id":"https:\/\/brasilnoticias.org\/site\/#\/schema\/logo\/image\/","url":"https:\/\/brasilnoticias.org\/site\/wp-content\/uploads\/2022\/05\/cropped-brasilnoticias-mini.jpg","contentUrl":"https:\/\/brasilnoticias.org\/site\/wp-content\/uploads\/2022\/05\/cropped-brasilnoticias-mini.jpg","width":314,"height":86,"caption":"Brasil not\u00edcias"},"image":{"@id":"https:\/\/brasilnoticias.org\/site\/#\/schema\/logo\/image\/"}},{"@type":"Person","@id":"https:\/\/brasilnoticias.org\/site\/#\/schema\/person\/03bbbfe6c7634ad18c26444ea39049fa","name":"Reda\u00e7\u00e3o","image":{"@type":"ImageObject","inLanguage":"pt-PT","@id":"https:\/\/brasilnoticias.org\/site\/#\/schema\/person\/image\/","url":"https:\/\/secure.gravatar.com\/avatar\/9ecaf7327a696cb23ad926fedded5f1f04d7049de9e445375d55b48c001a6e42?s=96&d=mm&r=g","contentUrl":"https:\/\/secure.gravatar.com\/avatar\/9ecaf7327a696cb23ad926fedded5f1f04d7049de9e445375d55b48c001a6e42?s=96&d=mm&r=g","caption":"Reda\u00e7\u00e3o"},"url":"https:\/\/brasilnoticias.org\/site\/author\/henrique\/"}]}},"_links":{"self":[{"href":"https:\/\/brasilnoticias.org\/site\/wp-json\/wp\/v2\/posts\/9447","targetHints":{"allow":["GET"]}}],"collection":[{"href":"https:\/\/brasilnoticias.org\/site\/wp-json\/wp\/v2\/posts"}],"about":[{"href":"https:\/\/brasilnoticias.org\/site\/wp-json\/wp\/v2\/types\/post"}],"author":[{"embeddable":true,"href":"https:\/\/brasilnoticias.org\/site\/wp-json\/wp\/v2\/users\/4"}],"replies":[{"embeddable":true,"href":"https:\/\/brasilnoticias.org\/site\/wp-json\/wp\/v2\/comments?post=9447"}],"version-history":[{"count":1,"href":"https:\/\/brasilnoticias.org\/site\/wp-json\/wp\/v2\/posts\/9447\/revisions"}],"predecessor-version":[{"id":9449,"href":"https:\/\/brasilnoticias.org\/site\/wp-json\/wp\/v2\/posts\/9447\/revisions\/9449"}],"wp:featuredmedia":[{"embeddable":true,"href":"https:\/\/brasilnoticias.org\/site\/wp-json\/wp\/v2\/media\/9448"}],"wp:attachment":[{"href":"https:\/\/brasilnoticias.org\/site\/wp-json\/wp\/v2\/media?parent=9447"}],"wp:term":[{"taxonomy":"category","embeddable":true,"href":"https:\/\/brasilnoticias.org\/site\/wp-json\/wp\/v2\/categories?post=9447"},{"taxonomy":"post_tag","embeddable":true,"href":"https:\/\/brasilnoticias.org\/site\/wp-json\/wp\/v2\/tags?post=9447"}],"curies":[{"name":"wp","href":"https:\/\/api.w.org\/{rel}","templated":true}]}}