{"id":9459,"date":"2023-09-22T08:00:20","date_gmt":"2023-09-22T11:00:20","guid":{"rendered":"https:\/\/brasilnoticias.org\/site\/?p=9459"},"modified":"2023-09-21T19:38:09","modified_gmt":"2023-09-21T22:38:09","slug":"por-9-votos-a-2-supremo-invalida-tese-do-marco-temporal","status":"publish","type":"post","link":"https:\/\/brasilnoticias.org\/site\/por-9-votos-a-2-supremo-invalida-tese-do-marco-temporal\/","title":{"rendered":"Por 9 votos a 2, Supremo invalida tese do marco temporal"},"content":{"rendered":"<p>Por votos 9 votos a 2, o Supremo Tribunal Federal (STF) julgou inconstitucional a tese do marco temporal para demarca\u00e7\u00e3o de terras ind\u00edgenas. A decis\u00e3o foi obtida nesta quinta-feira (21), ap\u00f3s a 11\u00aa sess\u00e3o para julgar o caso.<\/p>\n<p>Pela decis\u00e3o, fica invalidada a tese, que \u00e9 defendida por propriet\u00e1rios de terras. Antes do resultado conhecido hoje, as decis\u00f5es da Justi\u00e7a poderiam fixar que os ind\u00edgenas somente teriam direito \u00e0s terras que estavam em sua posse no dia 5 de outubro de 1988, data da promulga\u00e7\u00e3o da Constitui\u00e7\u00e3o Federal, ou que estavam em disputa judicial na \u00e9poca.<\/p>\n<p>O \u00faltimo voto da sess\u00e3o foi proferido pela presidente da Corte, ministra Rosa Weber.<\/p>\n<p>Segundo a ministra, a Constitui\u00e7\u00e3o garante que as terras tradicionalmente ocupadas pelos povos ind\u00edgenas s\u00e3o habitadas em car\u00e1ter permanente e fazem parte de seu patrim\u00f4nio cultural, n\u00e3o cabendo a limita\u00e7\u00e3o de um marco temporal.<\/p>\n<p>\u201cEu afasto a tese do marco temporal, acompanhando na \u00edntegra do voto do ministro Fachin [relator], reafirmando que a jurisprud\u00eancia da Corte Interamericana dos Direitos Humanos aponta para posse tradicional como fator para reconhecer aos ind\u00edgenas o direito as suas terras\u201d, declarou a ministra.<\/p>\n<p>Continua ap\u00f3s a publicidade<br \/>\nO resultado do julgamento foi obtido com os ministros Alexandre de Moraes, Lu\u00eds Roberto Barroso, Edson Fachin, Cristiano Zanin, Dias Toffoli, Luiz Fux e Gilmar Mendes. Nunes Marques e Andr\u00e9 Mendon\u00e7a se manifestaram a favor do marco temporal.<\/p>\n<p>Na quarta-feira (27), pr\u00f3xima sess\u00e3o de julgamento, os ministros v\u00e3o definir outras quest\u00f5es acerca desse tema.<\/p>\n<p>Entre os pontos que ser\u00e3o debatidos est\u00e1 a possibilidade de indeniza\u00e7\u00e3o a particulares que adquiriram terras de \u201cboa-f\u00e9\u201d. Pelo entendimento, a indeniza\u00e7\u00e3o por benfeitorias e pela terra nua valeria para propriet\u00e1rios que receberam do governo t\u00edtulos de terras que deveriam ser consideradas como \u00e1reas ind\u00edgenas.<\/p>\n<p>O processo que motivou a discuss\u00e3o trata da disputa pela posse da Terra Ind\u00edgena (TI) Ibirama, em Santa Catarina. A \u00e1rea \u00e9 habitada pelos povos Xokleng, Kaingang e Guarani, e a posse de parte da terra \u00e9 questionada pela procuradoria do estado.<\/p>\n<p>Foto: Ant\u00f4nio Cruz\/Ag\u00eancia Brasil<br \/>\nAg\u00eancia Brasil<\/p>\n","protected":false},"excerpt":{"rendered":"<p>Por votos 9 votos a 2, o Supremo Tribunal Federal (STF) julgou inconstitucional a tese do marco temporal para demarca\u00e7\u00e3o<\/p>\n","protected":false},"author":4,"featured_media":9460,"comment_status":"open","ping_status":"open","sticky":false,"template":"","format":"standard","meta":{"colormag_page_container_layout":"default_layout","colormag_page_sidebar_layout":"default_layout","_FSMCFIC_featured_image_caption":"","_FSMCFIC_featured_image_nocaption":"","_FSMCFIC_featured_image_hide":"","footnotes":""},"categories":[7,1],"tags":[],"class_list":["post-9459","post","type-post","status-publish","format-standard","has-post-thumbnail","hentry","category-justica","category-ultimas"],"yoast_head":"<!-- This site is optimized with the Yoast SEO plugin v27.1.1 - https:\/\/yoast.com\/product\/yoast-seo-wordpress\/ -->\n<title>Por 9 votos a 2, Supremo invalida tese do marco temporal - Brasil not\u00edcias<\/title>\n<meta name=\"robots\" content=\"index, follow, max-snippet:-1, max-image-preview:large, max-video-preview:-1\" \/>\n<link rel=\"canonical\" href=\"https:\/\/brasilnoticias.org\/site\/por-9-votos-a-2-supremo-invalida-tese-do-marco-temporal\/\" \/>\n<meta property=\"og:locale\" content=\"pt_PT\" \/>\n<meta property=\"og:type\" content=\"article\" \/>\n<meta property=\"og:title\" content=\"Por 9 votos a 2, Supremo invalida tese do marco temporal - Brasil not\u00edcias\" \/>\n<meta property=\"og:description\" content=\"Por votos 9 votos a 2, o Supremo Tribunal Federal (STF) julgou inconstitucional a tese do marco temporal para demarca\u00e7\u00e3o\" \/>\n<meta property=\"og:url\" content=\"https:\/\/brasilnoticias.org\/site\/por-9-votos-a-2-supremo-invalida-tese-do-marco-temporal\/\" \/>\n<meta property=\"og:site_name\" content=\"Brasil not\u00edcias\" \/>\n<meta property=\"article:published_time\" content=\"2023-09-22T11:00:20+00:00\" \/>\n<meta property=\"og:image\" content=\"https:\/\/brasilnoticias.org\/site\/wp-content\/uploads\/2023\/09\/1dd5201a6853690afbba4428cb827885.jpeg\" \/>\n\t<meta property=\"og:image:width\" content=\"700\" \/>\n\t<meta property=\"og:image:height\" content=\"466\" \/>\n\t<meta property=\"og:image:type\" content=\"image\/jpeg\" \/>\n<meta name=\"author\" content=\"Reda\u00e7\u00e3o\" \/>\n<meta name=\"twitter:card\" content=\"summary_large_image\" \/>\n<meta name=\"twitter:label1\" content=\"Escrito por\" \/>\n\t<meta name=\"twitter:data1\" content=\"Reda\u00e7\u00e3o\" \/>\n<script type=\"application\/ld+json\" class=\"yoast-schema-graph\">{\"@context\":\"https:\/\/schema.org\",\"@graph\":[{\"@type\":\"Article\",\"@id\":\"https:\/\/brasilnoticias.org\/site\/por-9-votos-a-2-supremo-invalida-tese-do-marco-temporal\/#article\",\"isPartOf\":{\"@id\":\"https:\/\/brasilnoticias.org\/site\/por-9-votos-a-2-supremo-invalida-tese-do-marco-temporal\/\"},\"author\":{\"name\":\"Reda\u00e7\u00e3o\",\"@id\":\"https:\/\/brasilnoticias.org\/site\/#\/schema\/person\/03bbbfe6c7634ad18c26444ea39049fa\"},\"headline\":\"Por 9 votos a 2, Supremo invalida tese do marco temporal\",\"datePublished\":\"2023-09-22T11:00:20+00:00\",\"mainEntityOfPage\":{\"@id\":\"https:\/\/brasilnoticias.org\/site\/por-9-votos-a-2-supremo-invalida-tese-do-marco-temporal\/\"},\"wordCount\":379,\"commentCount\":0,\"publisher\":{\"@id\":\"https:\/\/brasilnoticias.org\/site\/#organization\"},\"image\":{\"@id\":\"https:\/\/brasilnoticias.org\/site\/por-9-votos-a-2-supremo-invalida-tese-do-marco-temporal\/#primaryimage\"},\"thumbnailUrl\":\"https:\/\/brasilnoticias.org\/site\/wp-content\/uploads\/2023\/09\/1dd5201a6853690afbba4428cb827885.jpeg\",\"articleSection\":[\"Justi\u00e7a\",\"\u00daltimas\"],\"inLanguage\":\"pt-PT\",\"potentialAction\":[{\"@type\":\"CommentAction\",\"name\":\"Comment\",\"target\":[\"https:\/\/brasilnoticias.org\/site\/por-9-votos-a-2-supremo-invalida-tese-do-marco-temporal\/#respond\"]}]},{\"@type\":\"WebPage\",\"@id\":\"https:\/\/brasilnoticias.org\/site\/por-9-votos-a-2-supremo-invalida-tese-do-marco-temporal\/\",\"url\":\"https:\/\/brasilnoticias.org\/site\/por-9-votos-a-2-supremo-invalida-tese-do-marco-temporal\/\",\"name\":\"Por 9 votos a 2, Supremo invalida tese do marco temporal - Brasil not\u00edcias\",\"isPartOf\":{\"@id\":\"https:\/\/brasilnoticias.org\/site\/#website\"},\"primaryImageOfPage\":{\"@id\":\"https:\/\/brasilnoticias.org\/site\/por-9-votos-a-2-supremo-invalida-tese-do-marco-temporal\/#primaryimage\"},\"image\":{\"@id\":\"https:\/\/brasilnoticias.org\/site\/por-9-votos-a-2-supremo-invalida-tese-do-marco-temporal\/#primaryimage\"},\"thumbnailUrl\":\"https:\/\/brasilnoticias.org\/site\/wp-content\/uploads\/2023\/09\/1dd5201a6853690afbba4428cb827885.jpeg\",\"datePublished\":\"2023-09-22T11:00:20+00:00\",\"breadcrumb\":{\"@id\":\"https:\/\/brasilnoticias.org\/site\/por-9-votos-a-2-supremo-invalida-tese-do-marco-temporal\/#breadcrumb\"},\"inLanguage\":\"pt-PT\",\"potentialAction\":[{\"@type\":\"ReadAction\",\"target\":[\"https:\/\/brasilnoticias.org\/site\/por-9-votos-a-2-supremo-invalida-tese-do-marco-temporal\/\"]}]},{\"@type\":\"ImageObject\",\"inLanguage\":\"pt-PT\",\"@id\":\"https:\/\/brasilnoticias.org\/site\/por-9-votos-a-2-supremo-invalida-tese-do-marco-temporal\/#primaryimage\",\"url\":\"https:\/\/brasilnoticias.org\/site\/wp-content\/uploads\/2023\/09\/1dd5201a6853690afbba4428cb827885.jpeg\",\"contentUrl\":\"https:\/\/brasilnoticias.org\/site\/wp-content\/uploads\/2023\/09\/1dd5201a6853690afbba4428cb827885.jpeg\",\"width\":700,\"height\":466},{\"@type\":\"BreadcrumbList\",\"@id\":\"https:\/\/brasilnoticias.org\/site\/por-9-votos-a-2-supremo-invalida-tese-do-marco-temporal\/#breadcrumb\",\"itemListElement\":[{\"@type\":\"ListItem\",\"position\":1,\"name\":\"In\u00edcio\",\"item\":\"https:\/\/brasilnoticias.org\/site\/\"},{\"@type\":\"ListItem\",\"position\":2,\"name\":\"Por 9 votos a 2, Supremo invalida tese do marco temporal\"}]},{\"@type\":\"WebSite\",\"@id\":\"https:\/\/brasilnoticias.org\/site\/#website\",\"url\":\"https:\/\/brasilnoticias.org\/site\/\",\"name\":\"Brasil not\u00edcias\",\"description\":\"Brasil not\u00edcias\",\"publisher\":{\"@id\":\"https:\/\/brasilnoticias.org\/site\/#organization\"},\"potentialAction\":[{\"@type\":\"SearchAction\",\"target\":{\"@type\":\"EntryPoint\",\"urlTemplate\":\"https:\/\/brasilnoticias.org\/site\/?s={search_term_string}\"},\"query-input\":{\"@type\":\"PropertyValueSpecification\",\"valueRequired\":true,\"valueName\":\"search_term_string\"}}],\"inLanguage\":\"pt-PT\"},{\"@type\":\"Organization\",\"@id\":\"https:\/\/brasilnoticias.org\/site\/#organization\",\"name\":\"Brasil not\u00edcias\",\"url\":\"https:\/\/brasilnoticias.org\/site\/\",\"logo\":{\"@type\":\"ImageObject\",\"inLanguage\":\"pt-PT\",\"@id\":\"https:\/\/brasilnoticias.org\/site\/#\/schema\/logo\/image\/\",\"url\":\"https:\/\/brasilnoticias.org\/site\/wp-content\/uploads\/2022\/05\/cropped-brasilnoticias-mini.jpg\",\"contentUrl\":\"https:\/\/brasilnoticias.org\/site\/wp-content\/uploads\/2022\/05\/cropped-brasilnoticias-mini.jpg\",\"width\":314,\"height\":86,\"caption\":\"Brasil not\u00edcias\"},\"image\":{\"@id\":\"https:\/\/brasilnoticias.org\/site\/#\/schema\/logo\/image\/\"}},{\"@type\":\"Person\",\"@id\":\"https:\/\/brasilnoticias.org\/site\/#\/schema\/person\/03bbbfe6c7634ad18c26444ea39049fa\",\"name\":\"Reda\u00e7\u00e3o\",\"image\":{\"@type\":\"ImageObject\",\"inLanguage\":\"pt-PT\",\"@id\":\"https:\/\/brasilnoticias.org\/site\/#\/schema\/person\/image\/\",\"url\":\"https:\/\/secure.gravatar.com\/avatar\/9ecaf7327a696cb23ad926fedded5f1f04d7049de9e445375d55b48c001a6e42?s=96&d=mm&r=g\",\"contentUrl\":\"https:\/\/secure.gravatar.com\/avatar\/9ecaf7327a696cb23ad926fedded5f1f04d7049de9e445375d55b48c001a6e42?s=96&d=mm&r=g\",\"caption\":\"Reda\u00e7\u00e3o\"},\"url\":\"https:\/\/brasilnoticias.org\/site\/author\/henrique\/\"}]}<\/script>\n<!-- \/ Yoast SEO plugin. -->","yoast_head_json":{"title":"Por 9 votos a 2, Supremo invalida tese do marco temporal - Brasil not\u00edcias","robots":{"index":"index","follow":"follow","max-snippet":"max-snippet:-1","max-image-preview":"max-image-preview:large","max-video-preview":"max-video-preview:-1"},"canonical":"https:\/\/brasilnoticias.org\/site\/por-9-votos-a-2-supremo-invalida-tese-do-marco-temporal\/","og_locale":"pt_PT","og_type":"article","og_title":"Por 9 votos a 2, Supremo invalida tese do marco temporal - Brasil not\u00edcias","og_description":"Por votos 9 votos a 2, o Supremo Tribunal Federal (STF) julgou inconstitucional a tese do marco temporal para demarca\u00e7\u00e3o","og_url":"https:\/\/brasilnoticias.org\/site\/por-9-votos-a-2-supremo-invalida-tese-do-marco-temporal\/","og_site_name":"Brasil not\u00edcias","article_published_time":"2023-09-22T11:00:20+00:00","og_image":[{"width":700,"height":466,"url":"https:\/\/brasilnoticias.org\/site\/wp-content\/uploads\/2023\/09\/1dd5201a6853690afbba4428cb827885.jpeg","type":"image\/jpeg"}],"author":"Reda\u00e7\u00e3o","twitter_card":"summary_large_image","twitter_misc":{"Escrito por":"Reda\u00e7\u00e3o"},"schema":{"@context":"https:\/\/schema.org","@graph":[{"@type":"Article","@id":"https:\/\/brasilnoticias.org\/site\/por-9-votos-a-2-supremo-invalida-tese-do-marco-temporal\/#article","isPartOf":{"@id":"https:\/\/brasilnoticias.org\/site\/por-9-votos-a-2-supremo-invalida-tese-do-marco-temporal\/"},"author":{"name":"Reda\u00e7\u00e3o","@id":"https:\/\/brasilnoticias.org\/site\/#\/schema\/person\/03bbbfe6c7634ad18c26444ea39049fa"},"headline":"Por 9 votos a 2, Supremo invalida tese do marco temporal","datePublished":"2023-09-22T11:00:20+00:00","mainEntityOfPage":{"@id":"https:\/\/brasilnoticias.org\/site\/por-9-votos-a-2-supremo-invalida-tese-do-marco-temporal\/"},"wordCount":379,"commentCount":0,"publisher":{"@id":"https:\/\/brasilnoticias.org\/site\/#organization"},"image":{"@id":"https:\/\/brasilnoticias.org\/site\/por-9-votos-a-2-supremo-invalida-tese-do-marco-temporal\/#primaryimage"},"thumbnailUrl":"https:\/\/brasilnoticias.org\/site\/wp-content\/uploads\/2023\/09\/1dd5201a6853690afbba4428cb827885.jpeg","articleSection":["Justi\u00e7a","\u00daltimas"],"inLanguage":"pt-PT","potentialAction":[{"@type":"CommentAction","name":"Comment","target":["https:\/\/brasilnoticias.org\/site\/por-9-votos-a-2-supremo-invalida-tese-do-marco-temporal\/#respond"]}]},{"@type":"WebPage","@id":"https:\/\/brasilnoticias.org\/site\/por-9-votos-a-2-supremo-invalida-tese-do-marco-temporal\/","url":"https:\/\/brasilnoticias.org\/site\/por-9-votos-a-2-supremo-invalida-tese-do-marco-temporal\/","name":"Por 9 votos a 2, Supremo invalida tese do marco temporal - Brasil not\u00edcias","isPartOf":{"@id":"https:\/\/brasilnoticias.org\/site\/#website"},"primaryImageOfPage":{"@id":"https:\/\/brasilnoticias.org\/site\/por-9-votos-a-2-supremo-invalida-tese-do-marco-temporal\/#primaryimage"},"image":{"@id":"https:\/\/brasilnoticias.org\/site\/por-9-votos-a-2-supremo-invalida-tese-do-marco-temporal\/#primaryimage"},"thumbnailUrl":"https:\/\/brasilnoticias.org\/site\/wp-content\/uploads\/2023\/09\/1dd5201a6853690afbba4428cb827885.jpeg","datePublished":"2023-09-22T11:00:20+00:00","breadcrumb":{"@id":"https:\/\/brasilnoticias.org\/site\/por-9-votos-a-2-supremo-invalida-tese-do-marco-temporal\/#breadcrumb"},"inLanguage":"pt-PT","potentialAction":[{"@type":"ReadAction","target":["https:\/\/brasilnoticias.org\/site\/por-9-votos-a-2-supremo-invalida-tese-do-marco-temporal\/"]}]},{"@type":"ImageObject","inLanguage":"pt-PT","@id":"https:\/\/brasilnoticias.org\/site\/por-9-votos-a-2-supremo-invalida-tese-do-marco-temporal\/#primaryimage","url":"https:\/\/brasilnoticias.org\/site\/wp-content\/uploads\/2023\/09\/1dd5201a6853690afbba4428cb827885.jpeg","contentUrl":"https:\/\/brasilnoticias.org\/site\/wp-content\/uploads\/2023\/09\/1dd5201a6853690afbba4428cb827885.jpeg","width":700,"height":466},{"@type":"BreadcrumbList","@id":"https:\/\/brasilnoticias.org\/site\/por-9-votos-a-2-supremo-invalida-tese-do-marco-temporal\/#breadcrumb","itemListElement":[{"@type":"ListItem","position":1,"name":"In\u00edcio","item":"https:\/\/brasilnoticias.org\/site\/"},{"@type":"ListItem","position":2,"name":"Por 9 votos a 2, Supremo invalida tese do marco temporal"}]},{"@type":"WebSite","@id":"https:\/\/brasilnoticias.org\/site\/#website","url":"https:\/\/brasilnoticias.org\/site\/","name":"Brasil not\u00edcias","description":"Brasil not\u00edcias","publisher":{"@id":"https:\/\/brasilnoticias.org\/site\/#organization"},"potentialAction":[{"@type":"SearchAction","target":{"@type":"EntryPoint","urlTemplate":"https:\/\/brasilnoticias.org\/site\/?s={search_term_string}"},"query-input":{"@type":"PropertyValueSpecification","valueRequired":true,"valueName":"search_term_string"}}],"inLanguage":"pt-PT"},{"@type":"Organization","@id":"https:\/\/brasilnoticias.org\/site\/#organization","name":"Brasil not\u00edcias","url":"https:\/\/brasilnoticias.org\/site\/","logo":{"@type":"ImageObject","inLanguage":"pt-PT","@id":"https:\/\/brasilnoticias.org\/site\/#\/schema\/logo\/image\/","url":"https:\/\/brasilnoticias.org\/site\/wp-content\/uploads\/2022\/05\/cropped-brasilnoticias-mini.jpg","contentUrl":"https:\/\/brasilnoticias.org\/site\/wp-content\/uploads\/2022\/05\/cropped-brasilnoticias-mini.jpg","width":314,"height":86,"caption":"Brasil not\u00edcias"},"image":{"@id":"https:\/\/brasilnoticias.org\/site\/#\/schema\/logo\/image\/"}},{"@type":"Person","@id":"https:\/\/brasilnoticias.org\/site\/#\/schema\/person\/03bbbfe6c7634ad18c26444ea39049fa","name":"Reda\u00e7\u00e3o","image":{"@type":"ImageObject","inLanguage":"pt-PT","@id":"https:\/\/brasilnoticias.org\/site\/#\/schema\/person\/image\/","url":"https:\/\/secure.gravatar.com\/avatar\/9ecaf7327a696cb23ad926fedded5f1f04d7049de9e445375d55b48c001a6e42?s=96&d=mm&r=g","contentUrl":"https:\/\/secure.gravatar.com\/avatar\/9ecaf7327a696cb23ad926fedded5f1f04d7049de9e445375d55b48c001a6e42?s=96&d=mm&r=g","caption":"Reda\u00e7\u00e3o"},"url":"https:\/\/brasilnoticias.org\/site\/author\/henrique\/"}]}},"_links":{"self":[{"href":"https:\/\/brasilnoticias.org\/site\/wp-json\/wp\/v2\/posts\/9459","targetHints":{"allow":["GET"]}}],"collection":[{"href":"https:\/\/brasilnoticias.org\/site\/wp-json\/wp\/v2\/posts"}],"about":[{"href":"https:\/\/brasilnoticias.org\/site\/wp-json\/wp\/v2\/types\/post"}],"author":[{"embeddable":true,"href":"https:\/\/brasilnoticias.org\/site\/wp-json\/wp\/v2\/users\/4"}],"replies":[{"embeddable":true,"href":"https:\/\/brasilnoticias.org\/site\/wp-json\/wp\/v2\/comments?post=9459"}],"version-history":[{"count":1,"href":"https:\/\/brasilnoticias.org\/site\/wp-json\/wp\/v2\/posts\/9459\/revisions"}],"predecessor-version":[{"id":9461,"href":"https:\/\/brasilnoticias.org\/site\/wp-json\/wp\/v2\/posts\/9459\/revisions\/9461"}],"wp:featuredmedia":[{"embeddable":true,"href":"https:\/\/brasilnoticias.org\/site\/wp-json\/wp\/v2\/media\/9460"}],"wp:attachment":[{"href":"https:\/\/brasilnoticias.org\/site\/wp-json\/wp\/v2\/media?parent=9459"}],"wp:term":[{"taxonomy":"category","embeddable":true,"href":"https:\/\/brasilnoticias.org\/site\/wp-json\/wp\/v2\/categories?post=9459"},{"taxonomy":"post_tag","embeddable":true,"href":"https:\/\/brasilnoticias.org\/site\/wp-json\/wp\/v2\/tags?post=9459"}],"curies":[{"name":"wp","href":"https:\/\/api.w.org\/{rel}","templated":true}]}}