{"id":9468,"date":"2023-09-22T10:00:39","date_gmt":"2023-09-22T13:00:39","guid":{"rendered":"https:\/\/brasilnoticias.org\/site\/?p=9468"},"modified":"2023-09-21T19:47:13","modified_gmt":"2023-09-21T22:47:13","slug":"homem-e-morto-a-tiros-em-plena-luz-do-dia-em-feira-de-santana","status":"publish","type":"post","link":"https:\/\/brasilnoticias.org\/site\/homem-e-morto-a-tiros-em-plena-luz-do-dia-em-feira-de-santana\/","title":{"rendered":"Homem \u00e9 morto a tiros em plena luz do dia em Feira de Santana"},"content":{"rendered":"<p>Um homem foi morto a tiros na tarde desta quinta-feira (21), na Pra\u00e7a do F\u00f3rum, em Feira de Santana. O homic\u00eddio ocorreu numa oficina de carros, onde a v\u00edtima estava trabalhando e foi surpreendido a tiros. O homem foi identificado como Zenilton e tamb\u00e9m era conhecido como &#8220;Neg\u00e3o&#8221;.<\/p>\n<p>&#8220;\u00c9 uma ocorr\u00eancia que choca, assim como todas, mas essa ainda mais. Hor\u00e1rio comercial, luz do dia, regi\u00e3o movimentada (&#8230;) segundo informa\u00e7\u00f5es preliminares a v\u00edtima trabalhava no momento da a\u00e7\u00e3o, no momento estava fazendo um servi\u00e7o de baixo de um carro, na rampa, quando foi surpreendido por dois indiv\u00edduos que teriam chegado num ve\u00edculo branco, pararam, desceram, estavam com o rosto coberto e foram diretamente a essa v\u00edtima e deflagraram as armas (&#8230;) com certeza [foi uma execu\u00e7\u00e3o], n\u00e3o tem outra natureza, morte violenta, agora \u00e9 investigar a motiva\u00e7\u00e3o do crime e os autores&#8221;, disse a delegada Thiara Ramos Martins.<\/p>\n<p>Ainda de acordo com a delegada, a fam\u00edlia da v\u00edtima n\u00e3o sinalizou nenhum hist\u00f3rico de envolvimento dele em ocorr\u00eancias policiais, afirmaram que \u00e9 um trabalhador e que trabalha no local desde os 12 anos de idade. N\u00e3o sinalizaram nenhum tipo de ocorr\u00eancia recente e nem remota.<\/p>\n<p>Foto: Marco Valentim\/BNews<br \/>\nBNews<\/p>\n","protected":false},"excerpt":{"rendered":"<p>Um homem foi morto a tiros na tarde desta quinta-feira (21), na Pra\u00e7a do F\u00f3rum, em Feira de Santana. O<\/p>\n","protected":false},"author":4,"featured_media":9469,"comment_status":"open","ping_status":"open","sticky":false,"template":"","format":"standard","meta":{"colormag_page_container_layout":"default_layout","colormag_page_sidebar_layout":"default_layout","_FSMCFIC_featured_image_caption":"","_FSMCFIC_featured_image_nocaption":"","_FSMCFIC_featured_image_hide":"","footnotes":""},"categories":[3,1],"tags":[],"class_list":["post-9468","post","type-post","status-publish","format-standard","has-post-thumbnail","hentry","category-policia","category-ultimas"],"yoast_head":"<!-- This site is optimized with the Yoast SEO plugin v27.1.1 - https:\/\/yoast.com\/product\/yoast-seo-wordpress\/ -->\n<title>Homem \u00e9 morto a tiros em plena luz do dia em Feira de Santana - Brasil not\u00edcias<\/title>\n<meta name=\"robots\" content=\"index, follow, max-snippet:-1, max-image-preview:large, max-video-preview:-1\" \/>\n<link rel=\"canonical\" href=\"https:\/\/brasilnoticias.org\/site\/homem-e-morto-a-tiros-em-plena-luz-do-dia-em-feira-de-santana\/\" \/>\n<meta property=\"og:locale\" content=\"pt_PT\" \/>\n<meta property=\"og:type\" content=\"article\" \/>\n<meta property=\"og:title\" content=\"Homem \u00e9 morto a tiros em plena luz do dia em Feira de Santana - Brasil not\u00edcias\" \/>\n<meta property=\"og:description\" content=\"Um homem foi morto a tiros na tarde desta quinta-feira (21), na Pra\u00e7a do F\u00f3rum, em Feira de Santana. O\" \/>\n<meta property=\"og:url\" content=\"https:\/\/brasilnoticias.org\/site\/homem-e-morto-a-tiros-em-plena-luz-do-dia-em-feira-de-santana\/\" \/>\n<meta property=\"og:site_name\" content=\"Brasil not\u00edcias\" \/>\n<meta property=\"article:published_time\" content=\"2023-09-22T13:00:39+00:00\" \/>\n<meta property=\"og:image\" content=\"https:\/\/brasilnoticias.org\/site\/wp-content\/uploads\/2023\/09\/whatsapp_image_2023-09-21_at_17.57.22_widelg.jpeg\" \/>\n\t<meta property=\"og:image:width\" content=\"800\" \/>\n\t<meta property=\"og:image:height\" content=\"450\" \/>\n\t<meta property=\"og:image:type\" content=\"image\/jpeg\" \/>\n<meta name=\"author\" content=\"Reda\u00e7\u00e3o\" \/>\n<meta name=\"twitter:card\" content=\"summary_large_image\" \/>\n<meta name=\"twitter:label1\" content=\"Escrito por\" \/>\n\t<meta name=\"twitter:data1\" content=\"Reda\u00e7\u00e3o\" \/>\n<script type=\"application\/ld+json\" class=\"yoast-schema-graph\">{\"@context\":\"https:\/\/schema.org\",\"@graph\":[{\"@type\":\"Article\",\"@id\":\"https:\/\/brasilnoticias.org\/site\/homem-e-morto-a-tiros-em-plena-luz-do-dia-em-feira-de-santana\/#article\",\"isPartOf\":{\"@id\":\"https:\/\/brasilnoticias.org\/site\/homem-e-morto-a-tiros-em-plena-luz-do-dia-em-feira-de-santana\/\"},\"author\":{\"name\":\"Reda\u00e7\u00e3o\",\"@id\":\"https:\/\/brasilnoticias.org\/site\/#\/schema\/person\/03bbbfe6c7634ad18c26444ea39049fa\"},\"headline\":\"Homem \u00e9 morto a tiros em plena luz do dia em Feira de Santana\",\"datePublished\":\"2023-09-22T13:00:39+00:00\",\"mainEntityOfPage\":{\"@id\":\"https:\/\/brasilnoticias.org\/site\/homem-e-morto-a-tiros-em-plena-luz-do-dia-em-feira-de-santana\/\"},\"wordCount\":231,\"commentCount\":0,\"publisher\":{\"@id\":\"https:\/\/brasilnoticias.org\/site\/#organization\"},\"image\":{\"@id\":\"https:\/\/brasilnoticias.org\/site\/homem-e-morto-a-tiros-em-plena-luz-do-dia-em-feira-de-santana\/#primaryimage\"},\"thumbnailUrl\":\"https:\/\/brasilnoticias.org\/site\/wp-content\/uploads\/2023\/09\/whatsapp_image_2023-09-21_at_17.57.22_widelg.jpeg\",\"articleSection\":[\"Pol\u00edcia\",\"\u00daltimas\"],\"inLanguage\":\"pt-PT\",\"potentialAction\":[{\"@type\":\"CommentAction\",\"name\":\"Comment\",\"target\":[\"https:\/\/brasilnoticias.org\/site\/homem-e-morto-a-tiros-em-plena-luz-do-dia-em-feira-de-santana\/#respond\"]}]},{\"@type\":\"WebPage\",\"@id\":\"https:\/\/brasilnoticias.org\/site\/homem-e-morto-a-tiros-em-plena-luz-do-dia-em-feira-de-santana\/\",\"url\":\"https:\/\/brasilnoticias.org\/site\/homem-e-morto-a-tiros-em-plena-luz-do-dia-em-feira-de-santana\/\",\"name\":\"Homem \u00e9 morto a tiros em plena luz do dia em Feira de Santana - Brasil not\u00edcias\",\"isPartOf\":{\"@id\":\"https:\/\/brasilnoticias.org\/site\/#website\"},\"primaryImageOfPage\":{\"@id\":\"https:\/\/brasilnoticias.org\/site\/homem-e-morto-a-tiros-em-plena-luz-do-dia-em-feira-de-santana\/#primaryimage\"},\"image\":{\"@id\":\"https:\/\/brasilnoticias.org\/site\/homem-e-morto-a-tiros-em-plena-luz-do-dia-em-feira-de-santana\/#primaryimage\"},\"thumbnailUrl\":\"https:\/\/brasilnoticias.org\/site\/wp-content\/uploads\/2023\/09\/whatsapp_image_2023-09-21_at_17.57.22_widelg.jpeg\",\"datePublished\":\"2023-09-22T13:00:39+00:00\",\"breadcrumb\":{\"@id\":\"https:\/\/brasilnoticias.org\/site\/homem-e-morto-a-tiros-em-plena-luz-do-dia-em-feira-de-santana\/#breadcrumb\"},\"inLanguage\":\"pt-PT\",\"potentialAction\":[{\"@type\":\"ReadAction\",\"target\":[\"https:\/\/brasilnoticias.org\/site\/homem-e-morto-a-tiros-em-plena-luz-do-dia-em-feira-de-santana\/\"]}]},{\"@type\":\"ImageObject\",\"inLanguage\":\"pt-PT\",\"@id\":\"https:\/\/brasilnoticias.org\/site\/homem-e-morto-a-tiros-em-plena-luz-do-dia-em-feira-de-santana\/#primaryimage\",\"url\":\"https:\/\/brasilnoticias.org\/site\/wp-content\/uploads\/2023\/09\/whatsapp_image_2023-09-21_at_17.57.22_widelg.jpeg\",\"contentUrl\":\"https:\/\/brasilnoticias.org\/site\/wp-content\/uploads\/2023\/09\/whatsapp_image_2023-09-21_at_17.57.22_widelg.jpeg\",\"width\":800,\"height\":450},{\"@type\":\"BreadcrumbList\",\"@id\":\"https:\/\/brasilnoticias.org\/site\/homem-e-morto-a-tiros-em-plena-luz-do-dia-em-feira-de-santana\/#breadcrumb\",\"itemListElement\":[{\"@type\":\"ListItem\",\"position\":1,\"name\":\"In\u00edcio\",\"item\":\"https:\/\/brasilnoticias.org\/site\/\"},{\"@type\":\"ListItem\",\"position\":2,\"name\":\"Homem \u00e9 morto a tiros em plena luz do dia em Feira de Santana\"}]},{\"@type\":\"WebSite\",\"@id\":\"https:\/\/brasilnoticias.org\/site\/#website\",\"url\":\"https:\/\/brasilnoticias.org\/site\/\",\"name\":\"Brasil not\u00edcias\",\"description\":\"Brasil not\u00edcias\",\"publisher\":{\"@id\":\"https:\/\/brasilnoticias.org\/site\/#organization\"},\"potentialAction\":[{\"@type\":\"SearchAction\",\"target\":{\"@type\":\"EntryPoint\",\"urlTemplate\":\"https:\/\/brasilnoticias.org\/site\/?s={search_term_string}\"},\"query-input\":{\"@type\":\"PropertyValueSpecification\",\"valueRequired\":true,\"valueName\":\"search_term_string\"}}],\"inLanguage\":\"pt-PT\"},{\"@type\":\"Organization\",\"@id\":\"https:\/\/brasilnoticias.org\/site\/#organization\",\"name\":\"Brasil not\u00edcias\",\"url\":\"https:\/\/brasilnoticias.org\/site\/\",\"logo\":{\"@type\":\"ImageObject\",\"inLanguage\":\"pt-PT\",\"@id\":\"https:\/\/brasilnoticias.org\/site\/#\/schema\/logo\/image\/\",\"url\":\"https:\/\/brasilnoticias.org\/site\/wp-content\/uploads\/2022\/05\/cropped-brasilnoticias-mini.jpg\",\"contentUrl\":\"https:\/\/brasilnoticias.org\/site\/wp-content\/uploads\/2022\/05\/cropped-brasilnoticias-mini.jpg\",\"width\":314,\"height\":86,\"caption\":\"Brasil not\u00edcias\"},\"image\":{\"@id\":\"https:\/\/brasilnoticias.org\/site\/#\/schema\/logo\/image\/\"}},{\"@type\":\"Person\",\"@id\":\"https:\/\/brasilnoticias.org\/site\/#\/schema\/person\/03bbbfe6c7634ad18c26444ea39049fa\",\"name\":\"Reda\u00e7\u00e3o\",\"image\":{\"@type\":\"ImageObject\",\"inLanguage\":\"pt-PT\",\"@id\":\"https:\/\/brasilnoticias.org\/site\/#\/schema\/person\/image\/\",\"url\":\"https:\/\/secure.gravatar.com\/avatar\/9ecaf7327a696cb23ad926fedded5f1f04d7049de9e445375d55b48c001a6e42?s=96&d=mm&r=g\",\"contentUrl\":\"https:\/\/secure.gravatar.com\/avatar\/9ecaf7327a696cb23ad926fedded5f1f04d7049de9e445375d55b48c001a6e42?s=96&d=mm&r=g\",\"caption\":\"Reda\u00e7\u00e3o\"},\"url\":\"https:\/\/brasilnoticias.org\/site\/author\/henrique\/\"}]}<\/script>\n<!-- \/ Yoast SEO plugin. -->","yoast_head_json":{"title":"Homem \u00e9 morto a tiros em plena luz do dia em Feira de Santana - Brasil not\u00edcias","robots":{"index":"index","follow":"follow","max-snippet":"max-snippet:-1","max-image-preview":"max-image-preview:large","max-video-preview":"max-video-preview:-1"},"canonical":"https:\/\/brasilnoticias.org\/site\/homem-e-morto-a-tiros-em-plena-luz-do-dia-em-feira-de-santana\/","og_locale":"pt_PT","og_type":"article","og_title":"Homem \u00e9 morto a tiros em plena luz do dia em Feira de Santana - Brasil not\u00edcias","og_description":"Um homem foi morto a tiros na tarde desta quinta-feira (21), na Pra\u00e7a do F\u00f3rum, em Feira de Santana. O","og_url":"https:\/\/brasilnoticias.org\/site\/homem-e-morto-a-tiros-em-plena-luz-do-dia-em-feira-de-santana\/","og_site_name":"Brasil not\u00edcias","article_published_time":"2023-09-22T13:00:39+00:00","og_image":[{"width":800,"height":450,"url":"https:\/\/brasilnoticias.org\/site\/wp-content\/uploads\/2023\/09\/whatsapp_image_2023-09-21_at_17.57.22_widelg.jpeg","type":"image\/jpeg"}],"author":"Reda\u00e7\u00e3o","twitter_card":"summary_large_image","twitter_misc":{"Escrito por":"Reda\u00e7\u00e3o"},"schema":{"@context":"https:\/\/schema.org","@graph":[{"@type":"Article","@id":"https:\/\/brasilnoticias.org\/site\/homem-e-morto-a-tiros-em-plena-luz-do-dia-em-feira-de-santana\/#article","isPartOf":{"@id":"https:\/\/brasilnoticias.org\/site\/homem-e-morto-a-tiros-em-plena-luz-do-dia-em-feira-de-santana\/"},"author":{"name":"Reda\u00e7\u00e3o","@id":"https:\/\/brasilnoticias.org\/site\/#\/schema\/person\/03bbbfe6c7634ad18c26444ea39049fa"},"headline":"Homem \u00e9 morto a tiros em plena luz do dia em Feira de Santana","datePublished":"2023-09-22T13:00:39+00:00","mainEntityOfPage":{"@id":"https:\/\/brasilnoticias.org\/site\/homem-e-morto-a-tiros-em-plena-luz-do-dia-em-feira-de-santana\/"},"wordCount":231,"commentCount":0,"publisher":{"@id":"https:\/\/brasilnoticias.org\/site\/#organization"},"image":{"@id":"https:\/\/brasilnoticias.org\/site\/homem-e-morto-a-tiros-em-plena-luz-do-dia-em-feira-de-santana\/#primaryimage"},"thumbnailUrl":"https:\/\/brasilnoticias.org\/site\/wp-content\/uploads\/2023\/09\/whatsapp_image_2023-09-21_at_17.57.22_widelg.jpeg","articleSection":["Pol\u00edcia","\u00daltimas"],"inLanguage":"pt-PT","potentialAction":[{"@type":"CommentAction","name":"Comment","target":["https:\/\/brasilnoticias.org\/site\/homem-e-morto-a-tiros-em-plena-luz-do-dia-em-feira-de-santana\/#respond"]}]},{"@type":"WebPage","@id":"https:\/\/brasilnoticias.org\/site\/homem-e-morto-a-tiros-em-plena-luz-do-dia-em-feira-de-santana\/","url":"https:\/\/brasilnoticias.org\/site\/homem-e-morto-a-tiros-em-plena-luz-do-dia-em-feira-de-santana\/","name":"Homem \u00e9 morto a tiros em plena luz do dia em Feira de Santana - Brasil not\u00edcias","isPartOf":{"@id":"https:\/\/brasilnoticias.org\/site\/#website"},"primaryImageOfPage":{"@id":"https:\/\/brasilnoticias.org\/site\/homem-e-morto-a-tiros-em-plena-luz-do-dia-em-feira-de-santana\/#primaryimage"},"image":{"@id":"https:\/\/brasilnoticias.org\/site\/homem-e-morto-a-tiros-em-plena-luz-do-dia-em-feira-de-santana\/#primaryimage"},"thumbnailUrl":"https:\/\/brasilnoticias.org\/site\/wp-content\/uploads\/2023\/09\/whatsapp_image_2023-09-21_at_17.57.22_widelg.jpeg","datePublished":"2023-09-22T13:00:39+00:00","breadcrumb":{"@id":"https:\/\/brasilnoticias.org\/site\/homem-e-morto-a-tiros-em-plena-luz-do-dia-em-feira-de-santana\/#breadcrumb"},"inLanguage":"pt-PT","potentialAction":[{"@type":"ReadAction","target":["https:\/\/brasilnoticias.org\/site\/homem-e-morto-a-tiros-em-plena-luz-do-dia-em-feira-de-santana\/"]}]},{"@type":"ImageObject","inLanguage":"pt-PT","@id":"https:\/\/brasilnoticias.org\/site\/homem-e-morto-a-tiros-em-plena-luz-do-dia-em-feira-de-santana\/#primaryimage","url":"https:\/\/brasilnoticias.org\/site\/wp-content\/uploads\/2023\/09\/whatsapp_image_2023-09-21_at_17.57.22_widelg.jpeg","contentUrl":"https:\/\/brasilnoticias.org\/site\/wp-content\/uploads\/2023\/09\/whatsapp_image_2023-09-21_at_17.57.22_widelg.jpeg","width":800,"height":450},{"@type":"BreadcrumbList","@id":"https:\/\/brasilnoticias.org\/site\/homem-e-morto-a-tiros-em-plena-luz-do-dia-em-feira-de-santana\/#breadcrumb","itemListElement":[{"@type":"ListItem","position":1,"name":"In\u00edcio","item":"https:\/\/brasilnoticias.org\/site\/"},{"@type":"ListItem","position":2,"name":"Homem \u00e9 morto a tiros em plena luz do dia em Feira de Santana"}]},{"@type":"WebSite","@id":"https:\/\/brasilnoticias.org\/site\/#website","url":"https:\/\/brasilnoticias.org\/site\/","name":"Brasil not\u00edcias","description":"Brasil not\u00edcias","publisher":{"@id":"https:\/\/brasilnoticias.org\/site\/#organization"},"potentialAction":[{"@type":"SearchAction","target":{"@type":"EntryPoint","urlTemplate":"https:\/\/brasilnoticias.org\/site\/?s={search_term_string}"},"query-input":{"@type":"PropertyValueSpecification","valueRequired":true,"valueName":"search_term_string"}}],"inLanguage":"pt-PT"},{"@type":"Organization","@id":"https:\/\/brasilnoticias.org\/site\/#organization","name":"Brasil not\u00edcias","url":"https:\/\/brasilnoticias.org\/site\/","logo":{"@type":"ImageObject","inLanguage":"pt-PT","@id":"https:\/\/brasilnoticias.org\/site\/#\/schema\/logo\/image\/","url":"https:\/\/brasilnoticias.org\/site\/wp-content\/uploads\/2022\/05\/cropped-brasilnoticias-mini.jpg","contentUrl":"https:\/\/brasilnoticias.org\/site\/wp-content\/uploads\/2022\/05\/cropped-brasilnoticias-mini.jpg","width":314,"height":86,"caption":"Brasil not\u00edcias"},"image":{"@id":"https:\/\/brasilnoticias.org\/site\/#\/schema\/logo\/image\/"}},{"@type":"Person","@id":"https:\/\/brasilnoticias.org\/site\/#\/schema\/person\/03bbbfe6c7634ad18c26444ea39049fa","name":"Reda\u00e7\u00e3o","image":{"@type":"ImageObject","inLanguage":"pt-PT","@id":"https:\/\/brasilnoticias.org\/site\/#\/schema\/person\/image\/","url":"https:\/\/secure.gravatar.com\/avatar\/9ecaf7327a696cb23ad926fedded5f1f04d7049de9e445375d55b48c001a6e42?s=96&d=mm&r=g","contentUrl":"https:\/\/secure.gravatar.com\/avatar\/9ecaf7327a696cb23ad926fedded5f1f04d7049de9e445375d55b48c001a6e42?s=96&d=mm&r=g","caption":"Reda\u00e7\u00e3o"},"url":"https:\/\/brasilnoticias.org\/site\/author\/henrique\/"}]}},"_links":{"self":[{"href":"https:\/\/brasilnoticias.org\/site\/wp-json\/wp\/v2\/posts\/9468","targetHints":{"allow":["GET"]}}],"collection":[{"href":"https:\/\/brasilnoticias.org\/site\/wp-json\/wp\/v2\/posts"}],"about":[{"href":"https:\/\/brasilnoticias.org\/site\/wp-json\/wp\/v2\/types\/post"}],"author":[{"embeddable":true,"href":"https:\/\/brasilnoticias.org\/site\/wp-json\/wp\/v2\/users\/4"}],"replies":[{"embeddable":true,"href":"https:\/\/brasilnoticias.org\/site\/wp-json\/wp\/v2\/comments?post=9468"}],"version-history":[{"count":1,"href":"https:\/\/brasilnoticias.org\/site\/wp-json\/wp\/v2\/posts\/9468\/revisions"}],"predecessor-version":[{"id":9470,"href":"https:\/\/brasilnoticias.org\/site\/wp-json\/wp\/v2\/posts\/9468\/revisions\/9470"}],"wp:featuredmedia":[{"embeddable":true,"href":"https:\/\/brasilnoticias.org\/site\/wp-json\/wp\/v2\/media\/9469"}],"wp:attachment":[{"href":"https:\/\/brasilnoticias.org\/site\/wp-json\/wp\/v2\/media?parent=9468"}],"wp:term":[{"taxonomy":"category","embeddable":true,"href":"https:\/\/brasilnoticias.org\/site\/wp-json\/wp\/v2\/categories?post=9468"},{"taxonomy":"post_tag","embeddable":true,"href":"https:\/\/brasilnoticias.org\/site\/wp-json\/wp\/v2\/tags?post=9468"}],"curies":[{"name":"wp","href":"https:\/\/api.w.org\/{rel}","templated":true}]}}