{"id":9478,"date":"2023-09-22T18:46:19","date_gmt":"2023-09-22T21:46:19","guid":{"rendered":"https:\/\/brasilnoticias.org\/site\/?p=9478"},"modified":"2023-09-22T18:46:19","modified_gmt":"2023-09-22T21:46:19","slug":"corte-de-recursos-federais-ameaca-reeleicao-de-prefeitos-baianos-em-2024","status":"publish","type":"post","link":"https:\/\/brasilnoticias.org\/site\/corte-de-recursos-federais-ameaca-reeleicao-de-prefeitos-baianos-em-2024\/","title":{"rendered":"Corte de recursos federais amea\u00e7a reelei\u00e7\u00e3o de prefeitos baianos em 2024"},"content":{"rendered":"<p>Na Bahia, de cada 10 munic\u00edpios, seis t\u00eam at\u00e9 20 mil habitantes e dependem de recursos federais, j\u00e1 que n\u00e3o possuem receita pr\u00f3pria<\/p>\n<p>Os 235 prefeitos baianos que podem concorrer \u00e0 reelei\u00e7\u00e3o em 2024 est\u00e3o preocupados com os cortes nos repasses feitos pela Uni\u00e3o aos munic\u00edpios. Na Bahia, de cada 10 munic\u00edpios, seis t\u00eam at\u00e9 20 mil habitantes e dependem desses recursos federais, j\u00e1 que n\u00e3o possuem receita pr\u00f3pria. <\/p>\n<p>As gest\u00f5es municipais t\u00eam sofrido com o corte de R$6,8 milh\u00f5es da desonera\u00e7\u00e3o do ICMS (Imposto sobre Circula\u00e7\u00e3o de Mercadorias e Servi\u00e7os) dos combust\u00edveis, bem como com a queda de arrecada\u00e7\u00e3o no Fundo de Participa\u00e7\u00e3o dos Munic\u00edpios (FPM). O FPM \u00e9 composto pelo Imposto de Renda (IR) e o Imposto sobre Produto Industrializado (IPI), que foram reduzidos pela Uni\u00e3o. <\/p>\n<p>Na vis\u00e3o de Quinho, prefeito de Belo Campo e presidente da Uni\u00e3o dos Munic\u00edpios da Bahia (UPB), \u201co governo federal est\u00e1 dando um beijo com a boca dos outros. \u00c9 ostentar com o direito dos munic\u00edpios\u201d. Segundo Quinho, s\u00f3 na Bahia s\u00e3o mais de 200 programas que est\u00e3o parados e v\u00e3o precisar ser arcados agora pelos munic\u00edpios.<\/p>\n<p>\u201cNa sua maioria, o munic\u00edpio que tem uma perda de arrecadat\u00f3rio inviabiliza \u00e0 reelei\u00e7\u00e3o. N\u00f3s temos 380 munic\u00edpios que n\u00e3o t\u00eam arrecada\u00e7\u00e3o pr\u00f3pria e isso leva a demiss\u00f5es, malmente est\u00e1 mantendo o b\u00e1sico. Isso \u00e9 um retrocesso muito grande\u201d, criticou, em entrevista ao Metro1.<\/p>\n<p>Ainda de acordo com o levantamento da UPB, 48% dos munic\u00edpios est\u00e3o sem receber emenda parlamentar, enquanto que nesta mesma data em 2022 esse n\u00famero era de apenas 9%. Al\u00e9m disso, o recurso s\u00f3 come\u00e7ou a ser disponibilizado neste ano a partir de setembro. <\/p>\n<p>Impacto eleitoral<\/p>\n<p>Com este cen\u00e1rio, Marco Teixeira, cientista pol\u00edtico e professor da Funda\u00e7\u00e3o Get\u00falio Vargas (FGV), destacou que este cen\u00e1rio diminui o poder da caneta do Executivo.<\/p>\n<p>\u201cA grande quest\u00e3o da reelei\u00e7\u00e3o \u00e9 que o prefeito tem o privil\u00e9gio de quem n\u00e3o est\u00e1 na m\u00e1quina p\u00fablica, de ser um candidato no cargo. Quando voc\u00ea faz qualquer entrega \u00e9 associado ao candidato. Com a redu\u00e7\u00e3o da verba, diminui muito esse poder. De qualquer forma, os cortes podem tirar um pouco da import\u00e2ncia da m\u00e1quina p\u00fablica, mas n\u00e3o acabam com ela\u201d, explicou, em entrevista ao Metro1.<\/p>\n<p>Segundo o cientista pol\u00edtico, da mesma forma que o prefeito se beneficia por obras que entrega, ele tamb\u00e9m \u00e9 responsabilizado por uma m\u00e1 gest\u00e3o. Esse seria um dos impactos nas urnas da redu\u00e7\u00e3o da verba federal.<\/p>\n<p>\u201cAs prefeituras respondem por quase todos os servi\u00e7os do cotidiano da popula\u00e7\u00e3o. O prefeito se desgasta muito com os problemas que aparecem no munic\u00edpio e isso \u00e9 o que aparece quando falta verba, principalmente nas pequenas cidades. Quem tem muita verba para fazer obra eleitoreira s\u00e3o as grandes cidades, e sentem menos tamb\u00e9m, por possuir tributos pr\u00f3prios como o IPTU. Nas pequenas cidades, a receita fica basicamente para pagar o b\u00e1sico, o sal\u00e1rio do servidor, por exemplo, que \u00e9 a base da economia da cidade\u201d, finalizou.<\/p>\n<p>Foto: Marcelo Camargo\/Ag\u00eancia Brasil<br \/>\nPor: Jo\u00e3o Tramm<\/p>\n","protected":false},"excerpt":{"rendered":"<p>Na Bahia, de cada 10 munic\u00edpios, seis t\u00eam at\u00e9 20 mil habitantes e dependem de recursos federais, j\u00e1 que n\u00e3o<\/p>\n","protected":false},"author":4,"featured_media":9479,"comment_status":"open","ping_status":"open","sticky":false,"template":"","format":"standard","meta":{"colormag_page_container_layout":"default_layout","colormag_page_sidebar_layout":"default_layout","_FSMCFIC_featured_image_caption":"","_FSMCFIC_featured_image_nocaption":"","_FSMCFIC_featured_image_hide":"","footnotes":""},"categories":[5,1],"tags":[],"class_list":["post-9478","post","type-post","status-publish","format-standard","has-post-thumbnail","hentry","category-politica","category-ultimas"],"yoast_head":"<!-- This site is optimized with the Yoast SEO plugin v27.1.1 - https:\/\/yoast.com\/product\/yoast-seo-wordpress\/ -->\n<title>Corte de recursos federais amea\u00e7a reelei\u00e7\u00e3o de prefeitos baianos em 2024 - Brasil not\u00edcias<\/title>\n<meta name=\"robots\" content=\"index, follow, max-snippet:-1, max-image-preview:large, max-video-preview:-1\" \/>\n<link rel=\"canonical\" href=\"https:\/\/brasilnoticias.org\/site\/corte-de-recursos-federais-ameaca-reeleicao-de-prefeitos-baianos-em-2024\/\" \/>\n<meta property=\"og:locale\" content=\"pt_PT\" \/>\n<meta property=\"og:type\" content=\"article\" \/>\n<meta property=\"og:title\" content=\"Corte de recursos federais amea\u00e7a reelei\u00e7\u00e3o de prefeitos baianos em 2024 - Brasil not\u00edcias\" \/>\n<meta property=\"og:description\" content=\"Na Bahia, de cada 10 munic\u00edpios, seis t\u00eam at\u00e9 20 mil habitantes e dependem de recursos federais, j\u00e1 que n\u00e3o\" \/>\n<meta property=\"og:url\" content=\"https:\/\/brasilnoticias.org\/site\/corte-de-recursos-federais-ameaca-reeleicao-de-prefeitos-baianos-em-2024\/\" \/>\n<meta property=\"og:site_name\" content=\"Brasil not\u00edcias\" \/>\n<meta property=\"article:published_time\" content=\"2023-09-22T21:46:19+00:00\" \/>\n<meta property=\"og:image\" content=\"https:\/\/brasilnoticias.org\/site\/wp-content\/uploads\/2023\/09\/141233corte-de-recursos-federais-ameaca-reeleicao-de-prefeitos-baianos-em-2024-3.jpg\" \/>\n\t<meta property=\"og:image:width\" content=\"1600\" \/>\n\t<meta property=\"og:image:height\" content=\"752\" \/>\n\t<meta property=\"og:image:type\" content=\"image\/jpeg\" \/>\n<meta name=\"author\" content=\"Reda\u00e7\u00e3o\" \/>\n<meta name=\"twitter:card\" content=\"summary_large_image\" \/>\n<meta name=\"twitter:label1\" content=\"Escrito por\" \/>\n\t<meta name=\"twitter:data1\" content=\"Reda\u00e7\u00e3o\" \/>\n<script type=\"application\/ld+json\" class=\"yoast-schema-graph\">{\"@context\":\"https:\/\/schema.org\",\"@graph\":[{\"@type\":\"Article\",\"@id\":\"https:\/\/brasilnoticias.org\/site\/corte-de-recursos-federais-ameaca-reeleicao-de-prefeitos-baianos-em-2024\/#article\",\"isPartOf\":{\"@id\":\"https:\/\/brasilnoticias.org\/site\/corte-de-recursos-federais-ameaca-reeleicao-de-prefeitos-baianos-em-2024\/\"},\"author\":{\"name\":\"Reda\u00e7\u00e3o\",\"@id\":\"https:\/\/brasilnoticias.org\/site\/#\/schema\/person\/03bbbfe6c7634ad18c26444ea39049fa\"},\"headline\":\"Corte de recursos federais amea\u00e7a reelei\u00e7\u00e3o de prefeitos baianos em 2024\",\"datePublished\":\"2023-09-22T21:46:19+00:00\",\"mainEntityOfPage\":{\"@id\":\"https:\/\/brasilnoticias.org\/site\/corte-de-recursos-federais-ameaca-reeleicao-de-prefeitos-baianos-em-2024\/\"},\"wordCount\":565,\"commentCount\":0,\"publisher\":{\"@id\":\"https:\/\/brasilnoticias.org\/site\/#organization\"},\"image\":{\"@id\":\"https:\/\/brasilnoticias.org\/site\/corte-de-recursos-federais-ameaca-reeleicao-de-prefeitos-baianos-em-2024\/#primaryimage\"},\"thumbnailUrl\":\"https:\/\/brasilnoticias.org\/site\/wp-content\/uploads\/2023\/09\/141233corte-de-recursos-federais-ameaca-reeleicao-de-prefeitos-baianos-em-2024-3.jpg\",\"articleSection\":[\"Pol\u00edtica\",\"\u00daltimas\"],\"inLanguage\":\"pt-PT\",\"potentialAction\":[{\"@type\":\"CommentAction\",\"name\":\"Comment\",\"target\":[\"https:\/\/brasilnoticias.org\/site\/corte-de-recursos-federais-ameaca-reeleicao-de-prefeitos-baianos-em-2024\/#respond\"]}]},{\"@type\":\"WebPage\",\"@id\":\"https:\/\/brasilnoticias.org\/site\/corte-de-recursos-federais-ameaca-reeleicao-de-prefeitos-baianos-em-2024\/\",\"url\":\"https:\/\/brasilnoticias.org\/site\/corte-de-recursos-federais-ameaca-reeleicao-de-prefeitos-baianos-em-2024\/\",\"name\":\"Corte de recursos federais amea\u00e7a reelei\u00e7\u00e3o de prefeitos baianos em 2024 - Brasil not\u00edcias\",\"isPartOf\":{\"@id\":\"https:\/\/brasilnoticias.org\/site\/#website\"},\"primaryImageOfPage\":{\"@id\":\"https:\/\/brasilnoticias.org\/site\/corte-de-recursos-federais-ameaca-reeleicao-de-prefeitos-baianos-em-2024\/#primaryimage\"},\"image\":{\"@id\":\"https:\/\/brasilnoticias.org\/site\/corte-de-recursos-federais-ameaca-reeleicao-de-prefeitos-baianos-em-2024\/#primaryimage\"},\"thumbnailUrl\":\"https:\/\/brasilnoticias.org\/site\/wp-content\/uploads\/2023\/09\/141233corte-de-recursos-federais-ameaca-reeleicao-de-prefeitos-baianos-em-2024-3.jpg\",\"datePublished\":\"2023-09-22T21:46:19+00:00\",\"breadcrumb\":{\"@id\":\"https:\/\/brasilnoticias.org\/site\/corte-de-recursos-federais-ameaca-reeleicao-de-prefeitos-baianos-em-2024\/#breadcrumb\"},\"inLanguage\":\"pt-PT\",\"potentialAction\":[{\"@type\":\"ReadAction\",\"target\":[\"https:\/\/brasilnoticias.org\/site\/corte-de-recursos-federais-ameaca-reeleicao-de-prefeitos-baianos-em-2024\/\"]}]},{\"@type\":\"ImageObject\",\"inLanguage\":\"pt-PT\",\"@id\":\"https:\/\/brasilnoticias.org\/site\/corte-de-recursos-federais-ameaca-reeleicao-de-prefeitos-baianos-em-2024\/#primaryimage\",\"url\":\"https:\/\/brasilnoticias.org\/site\/wp-content\/uploads\/2023\/09\/141233corte-de-recursos-federais-ameaca-reeleicao-de-prefeitos-baianos-em-2024-3.jpg\",\"contentUrl\":\"https:\/\/brasilnoticias.org\/site\/wp-content\/uploads\/2023\/09\/141233corte-de-recursos-federais-ameaca-reeleicao-de-prefeitos-baianos-em-2024-3.jpg\",\"width\":1600,\"height\":752},{\"@type\":\"BreadcrumbList\",\"@id\":\"https:\/\/brasilnoticias.org\/site\/corte-de-recursos-federais-ameaca-reeleicao-de-prefeitos-baianos-em-2024\/#breadcrumb\",\"itemListElement\":[{\"@type\":\"ListItem\",\"position\":1,\"name\":\"In\u00edcio\",\"item\":\"https:\/\/brasilnoticias.org\/site\/\"},{\"@type\":\"ListItem\",\"position\":2,\"name\":\"Corte de recursos federais amea\u00e7a reelei\u00e7\u00e3o de prefeitos baianos em 2024\"}]},{\"@type\":\"WebSite\",\"@id\":\"https:\/\/brasilnoticias.org\/site\/#website\",\"url\":\"https:\/\/brasilnoticias.org\/site\/\",\"name\":\"Brasil not\u00edcias\",\"description\":\"Brasil not\u00edcias\",\"publisher\":{\"@id\":\"https:\/\/brasilnoticias.org\/site\/#organization\"},\"potentialAction\":[{\"@type\":\"SearchAction\",\"target\":{\"@type\":\"EntryPoint\",\"urlTemplate\":\"https:\/\/brasilnoticias.org\/site\/?s={search_term_string}\"},\"query-input\":{\"@type\":\"PropertyValueSpecification\",\"valueRequired\":true,\"valueName\":\"search_term_string\"}}],\"inLanguage\":\"pt-PT\"},{\"@type\":\"Organization\",\"@id\":\"https:\/\/brasilnoticias.org\/site\/#organization\",\"name\":\"Brasil not\u00edcias\",\"url\":\"https:\/\/brasilnoticias.org\/site\/\",\"logo\":{\"@type\":\"ImageObject\",\"inLanguage\":\"pt-PT\",\"@id\":\"https:\/\/brasilnoticias.org\/site\/#\/schema\/logo\/image\/\",\"url\":\"https:\/\/brasilnoticias.org\/site\/wp-content\/uploads\/2022\/05\/cropped-brasilnoticias-mini.jpg\",\"contentUrl\":\"https:\/\/brasilnoticias.org\/site\/wp-content\/uploads\/2022\/05\/cropped-brasilnoticias-mini.jpg\",\"width\":314,\"height\":86,\"caption\":\"Brasil not\u00edcias\"},\"image\":{\"@id\":\"https:\/\/brasilnoticias.org\/site\/#\/schema\/logo\/image\/\"}},{\"@type\":\"Person\",\"@id\":\"https:\/\/brasilnoticias.org\/site\/#\/schema\/person\/03bbbfe6c7634ad18c26444ea39049fa\",\"name\":\"Reda\u00e7\u00e3o\",\"image\":{\"@type\":\"ImageObject\",\"inLanguage\":\"pt-PT\",\"@id\":\"https:\/\/brasilnoticias.org\/site\/#\/schema\/person\/image\/\",\"url\":\"https:\/\/secure.gravatar.com\/avatar\/9ecaf7327a696cb23ad926fedded5f1f04d7049de9e445375d55b48c001a6e42?s=96&d=mm&r=g\",\"contentUrl\":\"https:\/\/secure.gravatar.com\/avatar\/9ecaf7327a696cb23ad926fedded5f1f04d7049de9e445375d55b48c001a6e42?s=96&d=mm&r=g\",\"caption\":\"Reda\u00e7\u00e3o\"},\"url\":\"https:\/\/brasilnoticias.org\/site\/author\/henrique\/\"}]}<\/script>\n<!-- \/ Yoast SEO plugin. -->","yoast_head_json":{"title":"Corte de recursos federais amea\u00e7a reelei\u00e7\u00e3o de prefeitos baianos em 2024 - Brasil not\u00edcias","robots":{"index":"index","follow":"follow","max-snippet":"max-snippet:-1","max-image-preview":"max-image-preview:large","max-video-preview":"max-video-preview:-1"},"canonical":"https:\/\/brasilnoticias.org\/site\/corte-de-recursos-federais-ameaca-reeleicao-de-prefeitos-baianos-em-2024\/","og_locale":"pt_PT","og_type":"article","og_title":"Corte de recursos federais amea\u00e7a reelei\u00e7\u00e3o de prefeitos baianos em 2024 - Brasil not\u00edcias","og_description":"Na Bahia, de cada 10 munic\u00edpios, seis t\u00eam at\u00e9 20 mil habitantes e dependem de recursos federais, j\u00e1 que n\u00e3o","og_url":"https:\/\/brasilnoticias.org\/site\/corte-de-recursos-federais-ameaca-reeleicao-de-prefeitos-baianos-em-2024\/","og_site_name":"Brasil not\u00edcias","article_published_time":"2023-09-22T21:46:19+00:00","og_image":[{"width":1600,"height":752,"url":"https:\/\/brasilnoticias.org\/site\/wp-content\/uploads\/2023\/09\/141233corte-de-recursos-federais-ameaca-reeleicao-de-prefeitos-baianos-em-2024-3.jpg","type":"image\/jpeg"}],"author":"Reda\u00e7\u00e3o","twitter_card":"summary_large_image","twitter_misc":{"Escrito por":"Reda\u00e7\u00e3o"},"schema":{"@context":"https:\/\/schema.org","@graph":[{"@type":"Article","@id":"https:\/\/brasilnoticias.org\/site\/corte-de-recursos-federais-ameaca-reeleicao-de-prefeitos-baianos-em-2024\/#article","isPartOf":{"@id":"https:\/\/brasilnoticias.org\/site\/corte-de-recursos-federais-ameaca-reeleicao-de-prefeitos-baianos-em-2024\/"},"author":{"name":"Reda\u00e7\u00e3o","@id":"https:\/\/brasilnoticias.org\/site\/#\/schema\/person\/03bbbfe6c7634ad18c26444ea39049fa"},"headline":"Corte de recursos federais amea\u00e7a reelei\u00e7\u00e3o de prefeitos baianos em 2024","datePublished":"2023-09-22T21:46:19+00:00","mainEntityOfPage":{"@id":"https:\/\/brasilnoticias.org\/site\/corte-de-recursos-federais-ameaca-reeleicao-de-prefeitos-baianos-em-2024\/"},"wordCount":565,"commentCount":0,"publisher":{"@id":"https:\/\/brasilnoticias.org\/site\/#organization"},"image":{"@id":"https:\/\/brasilnoticias.org\/site\/corte-de-recursos-federais-ameaca-reeleicao-de-prefeitos-baianos-em-2024\/#primaryimage"},"thumbnailUrl":"https:\/\/brasilnoticias.org\/site\/wp-content\/uploads\/2023\/09\/141233corte-de-recursos-federais-ameaca-reeleicao-de-prefeitos-baianos-em-2024-3.jpg","articleSection":["Pol\u00edtica","\u00daltimas"],"inLanguage":"pt-PT","potentialAction":[{"@type":"CommentAction","name":"Comment","target":["https:\/\/brasilnoticias.org\/site\/corte-de-recursos-federais-ameaca-reeleicao-de-prefeitos-baianos-em-2024\/#respond"]}]},{"@type":"WebPage","@id":"https:\/\/brasilnoticias.org\/site\/corte-de-recursos-federais-ameaca-reeleicao-de-prefeitos-baianos-em-2024\/","url":"https:\/\/brasilnoticias.org\/site\/corte-de-recursos-federais-ameaca-reeleicao-de-prefeitos-baianos-em-2024\/","name":"Corte de recursos federais amea\u00e7a reelei\u00e7\u00e3o de prefeitos baianos em 2024 - Brasil not\u00edcias","isPartOf":{"@id":"https:\/\/brasilnoticias.org\/site\/#website"},"primaryImageOfPage":{"@id":"https:\/\/brasilnoticias.org\/site\/corte-de-recursos-federais-ameaca-reeleicao-de-prefeitos-baianos-em-2024\/#primaryimage"},"image":{"@id":"https:\/\/brasilnoticias.org\/site\/corte-de-recursos-federais-ameaca-reeleicao-de-prefeitos-baianos-em-2024\/#primaryimage"},"thumbnailUrl":"https:\/\/brasilnoticias.org\/site\/wp-content\/uploads\/2023\/09\/141233corte-de-recursos-federais-ameaca-reeleicao-de-prefeitos-baianos-em-2024-3.jpg","datePublished":"2023-09-22T21:46:19+00:00","breadcrumb":{"@id":"https:\/\/brasilnoticias.org\/site\/corte-de-recursos-federais-ameaca-reeleicao-de-prefeitos-baianos-em-2024\/#breadcrumb"},"inLanguage":"pt-PT","potentialAction":[{"@type":"ReadAction","target":["https:\/\/brasilnoticias.org\/site\/corte-de-recursos-federais-ameaca-reeleicao-de-prefeitos-baianos-em-2024\/"]}]},{"@type":"ImageObject","inLanguage":"pt-PT","@id":"https:\/\/brasilnoticias.org\/site\/corte-de-recursos-federais-ameaca-reeleicao-de-prefeitos-baianos-em-2024\/#primaryimage","url":"https:\/\/brasilnoticias.org\/site\/wp-content\/uploads\/2023\/09\/141233corte-de-recursos-federais-ameaca-reeleicao-de-prefeitos-baianos-em-2024-3.jpg","contentUrl":"https:\/\/brasilnoticias.org\/site\/wp-content\/uploads\/2023\/09\/141233corte-de-recursos-federais-ameaca-reeleicao-de-prefeitos-baianos-em-2024-3.jpg","width":1600,"height":752},{"@type":"BreadcrumbList","@id":"https:\/\/brasilnoticias.org\/site\/corte-de-recursos-federais-ameaca-reeleicao-de-prefeitos-baianos-em-2024\/#breadcrumb","itemListElement":[{"@type":"ListItem","position":1,"name":"In\u00edcio","item":"https:\/\/brasilnoticias.org\/site\/"},{"@type":"ListItem","position":2,"name":"Corte de recursos federais amea\u00e7a reelei\u00e7\u00e3o de prefeitos baianos em 2024"}]},{"@type":"WebSite","@id":"https:\/\/brasilnoticias.org\/site\/#website","url":"https:\/\/brasilnoticias.org\/site\/","name":"Brasil not\u00edcias","description":"Brasil not\u00edcias","publisher":{"@id":"https:\/\/brasilnoticias.org\/site\/#organization"},"potentialAction":[{"@type":"SearchAction","target":{"@type":"EntryPoint","urlTemplate":"https:\/\/brasilnoticias.org\/site\/?s={search_term_string}"},"query-input":{"@type":"PropertyValueSpecification","valueRequired":true,"valueName":"search_term_string"}}],"inLanguage":"pt-PT"},{"@type":"Organization","@id":"https:\/\/brasilnoticias.org\/site\/#organization","name":"Brasil not\u00edcias","url":"https:\/\/brasilnoticias.org\/site\/","logo":{"@type":"ImageObject","inLanguage":"pt-PT","@id":"https:\/\/brasilnoticias.org\/site\/#\/schema\/logo\/image\/","url":"https:\/\/brasilnoticias.org\/site\/wp-content\/uploads\/2022\/05\/cropped-brasilnoticias-mini.jpg","contentUrl":"https:\/\/brasilnoticias.org\/site\/wp-content\/uploads\/2022\/05\/cropped-brasilnoticias-mini.jpg","width":314,"height":86,"caption":"Brasil not\u00edcias"},"image":{"@id":"https:\/\/brasilnoticias.org\/site\/#\/schema\/logo\/image\/"}},{"@type":"Person","@id":"https:\/\/brasilnoticias.org\/site\/#\/schema\/person\/03bbbfe6c7634ad18c26444ea39049fa","name":"Reda\u00e7\u00e3o","image":{"@type":"ImageObject","inLanguage":"pt-PT","@id":"https:\/\/brasilnoticias.org\/site\/#\/schema\/person\/image\/","url":"https:\/\/secure.gravatar.com\/avatar\/9ecaf7327a696cb23ad926fedded5f1f04d7049de9e445375d55b48c001a6e42?s=96&d=mm&r=g","contentUrl":"https:\/\/secure.gravatar.com\/avatar\/9ecaf7327a696cb23ad926fedded5f1f04d7049de9e445375d55b48c001a6e42?s=96&d=mm&r=g","caption":"Reda\u00e7\u00e3o"},"url":"https:\/\/brasilnoticias.org\/site\/author\/henrique\/"}]}},"_links":{"self":[{"href":"https:\/\/brasilnoticias.org\/site\/wp-json\/wp\/v2\/posts\/9478","targetHints":{"allow":["GET"]}}],"collection":[{"href":"https:\/\/brasilnoticias.org\/site\/wp-json\/wp\/v2\/posts"}],"about":[{"href":"https:\/\/brasilnoticias.org\/site\/wp-json\/wp\/v2\/types\/post"}],"author":[{"embeddable":true,"href":"https:\/\/brasilnoticias.org\/site\/wp-json\/wp\/v2\/users\/4"}],"replies":[{"embeddable":true,"href":"https:\/\/brasilnoticias.org\/site\/wp-json\/wp\/v2\/comments?post=9478"}],"version-history":[{"count":1,"href":"https:\/\/brasilnoticias.org\/site\/wp-json\/wp\/v2\/posts\/9478\/revisions"}],"predecessor-version":[{"id":9480,"href":"https:\/\/brasilnoticias.org\/site\/wp-json\/wp\/v2\/posts\/9478\/revisions\/9480"}],"wp:featuredmedia":[{"embeddable":true,"href":"https:\/\/brasilnoticias.org\/site\/wp-json\/wp\/v2\/media\/9479"}],"wp:attachment":[{"href":"https:\/\/brasilnoticias.org\/site\/wp-json\/wp\/v2\/media?parent=9478"}],"wp:term":[{"taxonomy":"category","embeddable":true,"href":"https:\/\/brasilnoticias.org\/site\/wp-json\/wp\/v2\/categories?post=9478"},{"taxonomy":"post_tag","embeddable":true,"href":"https:\/\/brasilnoticias.org\/site\/wp-json\/wp\/v2\/tags?post=9478"}],"curies":[{"name":"wp","href":"https:\/\/api.w.org\/{rel}","templated":true}]}}