{"id":9499,"date":"2023-09-23T10:00:33","date_gmt":"2023-09-23T13:00:33","guid":{"rendered":"https:\/\/brasilnoticias.org\/site\/?p=9499"},"modified":"2023-09-22T19:01:37","modified_gmt":"2023-09-22T22:01:37","slug":"ministro-inicia-tratativas-para-estabelecer-intercambio-de-formacao-no-turismo-entre-macau-e-brasil","status":"publish","type":"post","link":"https:\/\/brasilnoticias.org\/site\/ministro-inicia-tratativas-para-estabelecer-intercambio-de-formacao-no-turismo-entre-macau-e-brasil\/","title":{"rendered":"Ministro inicia tratativas para estabelecer interc\u00e2mbio de forma\u00e7\u00e3o no turismo entre Macau e Brasil"},"content":{"rendered":"<p>A a\u00e7\u00e3o faz parte do esfor\u00e7o brasileiro em qualificar o servi\u00e7o tur\u00edstico. Tamb\u00e9m est\u00e1 alinhado com o desafio da d\u00e9cada tra\u00e7ado pelos l\u00edderes mundia&#8230;<\/p>\n<p>Qualificar cada vez mais os servi\u00e7os e produtos para potencializar a a\u00e7\u00e3o do turismo no pa\u00eds. Com esse objetivo, o ministro do Turismo, Celso Sabino, iniciou tratativas com o Instituto de Estudos de Turismo de Macau (IFTM) para estabelecer programa de interc\u00e2mbio de profissionais e estudantes do setor que atuam no Brasil e em Macau, na China.<\/p>\n<p>A a\u00e7\u00e3o est\u00e1 inserida no Programa de Qualifica\u00e7\u00e3o Profissional do MTur e faz parte do esfor\u00e7o do governo brasileiro em ampliar a capacita\u00e7\u00e3o profissional na atividade tur\u00edstica para permitir o desenvolvimento de um turismo forte, com capacidade de contribuir ainda mais com a gera\u00e7\u00e3o de riquezas, emprego e renda no pa\u00eds. \u201cA qualifica\u00e7\u00e3o \u00e9 imprescind\u00edvel para os nossos profissionais e a parceria com o IFTM ser\u00e1 muito rica, principalmente com a estrutura e troca de experi\u00eancias que o local oferece\u201d, ressaltou o ministro.<\/p>\n<p>O Instituto de Estudos de Turismo de Macau atua localmente desde 1995 com o objetivo de proporcionar uma forma\u00e7\u00e3o de qualidade para profissionais da ind\u00fastria do turismo, oferecendo cursos que abrangem gest\u00e3o hoteleira, turismo, servi\u00e7os relacionados \u00e0 gastronomia e restaurante e culin\u00e1ria. O instituto atrai estudantes de diferentes partes do mundo e, atualmente, conta com cerca de 2.000 estudantes de mais de 30 pa\u00edses, sendo que os principais s\u00e3o: China, Portugal, Brasil, Angola, Cor\u00e9ia do Sul e Jap\u00e3o.<\/p>\n<p>Fanny Vong, presidente do IFTM ressalta que a presen\u00e7a de estudantes estrangeiros no IFTM tem enriquecido o ambiente acad\u00eamico e promovido a troca de experi\u00eancias culturais. \u201cFicamos muito honrados. Sentimos que h\u00e1 realmente algo que poder\u00edamos pensar em desenvolver no futuro, para podermos ter alunos do Brasil, porque tamb\u00e9m queremos mais alunos internacionais no Campus\u201d, afirmou. O instituto oferece suporte especializado para esses estudantes, incluindo orienta\u00e7\u00e3o acad\u00eamica, servi\u00e7os de apoio e atividades extracurriculares para promover a integra\u00e7\u00e3o e a diversidade cultural.<\/p>\n<p>GTEF\u2013 Investir em qualifica\u00e7\u00e3o foi uma das metas tra\u00e7adas por l\u00edderes, profissionais e autoridades do turismo para a pr\u00f3xima d\u00e9cada durante o 10\u00ba F\u00f3rum de Economia de Turismo Global (GTEF), que acontece at\u00e9 s\u00e1bado (23.09) em Macau, na China.<\/p>\n<p>Continua ap\u00f3s a publicidade<br \/>\nCom foco na atua\u00e7\u00e3o coletiva internacional, os participantes debateram sobre as oportunidades para promover a recupera\u00e7\u00e3o da economia global do turismo e garantir um ecossistema resiliente.<\/p>\n<p>Um dos locais que j\u00e1 demonstra recupera\u00e7\u00e3o econ\u00f4mica ap\u00f3s quatro anos de preju\u00edzos causados pela pandemia da Covid \u00e9 Macau, que foi destaque no F\u00f3rum pelo crescimento do turismo de lazer e de neg\u00f3cios. A cidade recebeu 11,6 milh\u00f5es de turistas no primeiro semestre, contra 5,7 milh\u00f5es ao longo de todo o ano de 2022.<\/p>\n<p>Foto: Justin Y. P. Chui<br \/>\nPor: Paula Rosa<\/p>\n","protected":false},"excerpt":{"rendered":"<p>A a\u00e7\u00e3o faz parte do esfor\u00e7o brasileiro em qualificar o servi\u00e7o tur\u00edstico. Tamb\u00e9m est\u00e1 alinhado com o desafio da d\u00e9cada<\/p>\n","protected":false},"author":4,"featured_media":9500,"comment_status":"open","ping_status":"open","sticky":false,"template":"","format":"standard","meta":{"colormag_page_container_layout":"default_layout","colormag_page_sidebar_layout":"default_layout","_FSMCFIC_featured_image_caption":"","_FSMCFIC_featured_image_nocaption":"","_FSMCFIC_featured_image_hide":"","footnotes":""},"categories":[2,1],"tags":[],"class_list":["post-9499","post","type-post","status-publish","format-standard","has-post-thumbnail","hentry","category-noticias","category-ultimas"],"yoast_head":"<!-- This site is optimized with the Yoast SEO plugin v27.1.1 - https:\/\/yoast.com\/product\/yoast-seo-wordpress\/ -->\n<title>Ministro inicia tratativas para estabelecer interc\u00e2mbio de forma\u00e7\u00e3o no turismo entre Macau e Brasil - Brasil not\u00edcias<\/title>\n<meta name=\"robots\" content=\"index, follow, max-snippet:-1, max-image-preview:large, max-video-preview:-1\" \/>\n<link rel=\"canonical\" href=\"https:\/\/brasilnoticias.org\/site\/ministro-inicia-tratativas-para-estabelecer-intercambio-de-formacao-no-turismo-entre-macau-e-brasil\/\" \/>\n<meta property=\"og:locale\" content=\"pt_PT\" \/>\n<meta property=\"og:type\" content=\"article\" \/>\n<meta property=\"og:title\" content=\"Ministro inicia tratativas para estabelecer interc\u00e2mbio de forma\u00e7\u00e3o no turismo entre Macau e Brasil - Brasil not\u00edcias\" \/>\n<meta property=\"og:description\" content=\"A a\u00e7\u00e3o faz parte do esfor\u00e7o brasileiro em qualificar o servi\u00e7o tur\u00edstico. Tamb\u00e9m est\u00e1 alinhado com o desafio da d\u00e9cada\" \/>\n<meta property=\"og:url\" content=\"https:\/\/brasilnoticias.org\/site\/ministro-inicia-tratativas-para-estabelecer-intercambio-de-formacao-no-turismo-entre-macau-e-brasil\/\" \/>\n<meta property=\"og:site_name\" content=\"Brasil not\u00edcias\" \/>\n<meta property=\"article:published_time\" content=\"2023-09-23T13:00:33+00:00\" \/>\n<meta property=\"og:image\" content=\"https:\/\/brasilnoticias.org\/site\/wp-content\/uploads\/2023\/09\/86fc395c516327bd8031798b70829ba5.jpeg\" \/>\n\t<meta property=\"og:image:width\" content=\"700\" \/>\n\t<meta property=\"og:image:height\" content=\"395\" \/>\n\t<meta property=\"og:image:type\" content=\"image\/jpeg\" \/>\n<meta name=\"author\" content=\"Reda\u00e7\u00e3o\" \/>\n<meta name=\"twitter:card\" content=\"summary_large_image\" \/>\n<meta name=\"twitter:label1\" content=\"Escrito por\" \/>\n\t<meta name=\"twitter:data1\" content=\"Reda\u00e7\u00e3o\" \/>\n<script type=\"application\/ld+json\" class=\"yoast-schema-graph\">{\"@context\":\"https:\/\/schema.org\",\"@graph\":[{\"@type\":\"Article\",\"@id\":\"https:\/\/brasilnoticias.org\/site\/ministro-inicia-tratativas-para-estabelecer-intercambio-de-formacao-no-turismo-entre-macau-e-brasil\/#article\",\"isPartOf\":{\"@id\":\"https:\/\/brasilnoticias.org\/site\/ministro-inicia-tratativas-para-estabelecer-intercambio-de-formacao-no-turismo-entre-macau-e-brasil\/\"},\"author\":{\"name\":\"Reda\u00e7\u00e3o\",\"@id\":\"https:\/\/brasilnoticias.org\/site\/#\/schema\/person\/03bbbfe6c7634ad18c26444ea39049fa\"},\"headline\":\"Ministro inicia tratativas para estabelecer interc\u00e2mbio de forma\u00e7\u00e3o no turismo entre Macau e Brasil\",\"datePublished\":\"2023-09-23T13:00:33+00:00\",\"mainEntityOfPage\":{\"@id\":\"https:\/\/brasilnoticias.org\/site\/ministro-inicia-tratativas-para-estabelecer-intercambio-de-formacao-no-turismo-entre-macau-e-brasil\/\"},\"wordCount\":518,\"commentCount\":0,\"publisher\":{\"@id\":\"https:\/\/brasilnoticias.org\/site\/#organization\"},\"image\":{\"@id\":\"https:\/\/brasilnoticias.org\/site\/ministro-inicia-tratativas-para-estabelecer-intercambio-de-formacao-no-turismo-entre-macau-e-brasil\/#primaryimage\"},\"thumbnailUrl\":\"https:\/\/brasilnoticias.org\/site\/wp-content\/uploads\/2023\/09\/86fc395c516327bd8031798b70829ba5.jpeg\",\"articleSection\":[\"Not\u00edcias\",\"\u00daltimas\"],\"inLanguage\":\"pt-PT\",\"potentialAction\":[{\"@type\":\"CommentAction\",\"name\":\"Comment\",\"target\":[\"https:\/\/brasilnoticias.org\/site\/ministro-inicia-tratativas-para-estabelecer-intercambio-de-formacao-no-turismo-entre-macau-e-brasil\/#respond\"]}]},{\"@type\":\"WebPage\",\"@id\":\"https:\/\/brasilnoticias.org\/site\/ministro-inicia-tratativas-para-estabelecer-intercambio-de-formacao-no-turismo-entre-macau-e-brasil\/\",\"url\":\"https:\/\/brasilnoticias.org\/site\/ministro-inicia-tratativas-para-estabelecer-intercambio-de-formacao-no-turismo-entre-macau-e-brasil\/\",\"name\":\"Ministro inicia tratativas para estabelecer interc\u00e2mbio de forma\u00e7\u00e3o no turismo entre Macau e Brasil - Brasil not\u00edcias\",\"isPartOf\":{\"@id\":\"https:\/\/brasilnoticias.org\/site\/#website\"},\"primaryImageOfPage\":{\"@id\":\"https:\/\/brasilnoticias.org\/site\/ministro-inicia-tratativas-para-estabelecer-intercambio-de-formacao-no-turismo-entre-macau-e-brasil\/#primaryimage\"},\"image\":{\"@id\":\"https:\/\/brasilnoticias.org\/site\/ministro-inicia-tratativas-para-estabelecer-intercambio-de-formacao-no-turismo-entre-macau-e-brasil\/#primaryimage\"},\"thumbnailUrl\":\"https:\/\/brasilnoticias.org\/site\/wp-content\/uploads\/2023\/09\/86fc395c516327bd8031798b70829ba5.jpeg\",\"datePublished\":\"2023-09-23T13:00:33+00:00\",\"breadcrumb\":{\"@id\":\"https:\/\/brasilnoticias.org\/site\/ministro-inicia-tratativas-para-estabelecer-intercambio-de-formacao-no-turismo-entre-macau-e-brasil\/#breadcrumb\"},\"inLanguage\":\"pt-PT\",\"potentialAction\":[{\"@type\":\"ReadAction\",\"target\":[\"https:\/\/brasilnoticias.org\/site\/ministro-inicia-tratativas-para-estabelecer-intercambio-de-formacao-no-turismo-entre-macau-e-brasil\/\"]}]},{\"@type\":\"ImageObject\",\"inLanguage\":\"pt-PT\",\"@id\":\"https:\/\/brasilnoticias.org\/site\/ministro-inicia-tratativas-para-estabelecer-intercambio-de-formacao-no-turismo-entre-macau-e-brasil\/#primaryimage\",\"url\":\"https:\/\/brasilnoticias.org\/site\/wp-content\/uploads\/2023\/09\/86fc395c516327bd8031798b70829ba5.jpeg\",\"contentUrl\":\"https:\/\/brasilnoticias.org\/site\/wp-content\/uploads\/2023\/09\/86fc395c516327bd8031798b70829ba5.jpeg\",\"width\":700,\"height\":395},{\"@type\":\"BreadcrumbList\",\"@id\":\"https:\/\/brasilnoticias.org\/site\/ministro-inicia-tratativas-para-estabelecer-intercambio-de-formacao-no-turismo-entre-macau-e-brasil\/#breadcrumb\",\"itemListElement\":[{\"@type\":\"ListItem\",\"position\":1,\"name\":\"In\u00edcio\",\"item\":\"https:\/\/brasilnoticias.org\/site\/\"},{\"@type\":\"ListItem\",\"position\":2,\"name\":\"Ministro inicia tratativas para estabelecer interc\u00e2mbio de forma\u00e7\u00e3o no turismo entre Macau e Brasil\"}]},{\"@type\":\"WebSite\",\"@id\":\"https:\/\/brasilnoticias.org\/site\/#website\",\"url\":\"https:\/\/brasilnoticias.org\/site\/\",\"name\":\"Brasil not\u00edcias\",\"description\":\"Brasil not\u00edcias\",\"publisher\":{\"@id\":\"https:\/\/brasilnoticias.org\/site\/#organization\"},\"potentialAction\":[{\"@type\":\"SearchAction\",\"target\":{\"@type\":\"EntryPoint\",\"urlTemplate\":\"https:\/\/brasilnoticias.org\/site\/?s={search_term_string}\"},\"query-input\":{\"@type\":\"PropertyValueSpecification\",\"valueRequired\":true,\"valueName\":\"search_term_string\"}}],\"inLanguage\":\"pt-PT\"},{\"@type\":\"Organization\",\"@id\":\"https:\/\/brasilnoticias.org\/site\/#organization\",\"name\":\"Brasil not\u00edcias\",\"url\":\"https:\/\/brasilnoticias.org\/site\/\",\"logo\":{\"@type\":\"ImageObject\",\"inLanguage\":\"pt-PT\",\"@id\":\"https:\/\/brasilnoticias.org\/site\/#\/schema\/logo\/image\/\",\"url\":\"https:\/\/brasilnoticias.org\/site\/wp-content\/uploads\/2022\/05\/cropped-brasilnoticias-mini.jpg\",\"contentUrl\":\"https:\/\/brasilnoticias.org\/site\/wp-content\/uploads\/2022\/05\/cropped-brasilnoticias-mini.jpg\",\"width\":314,\"height\":86,\"caption\":\"Brasil not\u00edcias\"},\"image\":{\"@id\":\"https:\/\/brasilnoticias.org\/site\/#\/schema\/logo\/image\/\"}},{\"@type\":\"Person\",\"@id\":\"https:\/\/brasilnoticias.org\/site\/#\/schema\/person\/03bbbfe6c7634ad18c26444ea39049fa\",\"name\":\"Reda\u00e7\u00e3o\",\"image\":{\"@type\":\"ImageObject\",\"inLanguage\":\"pt-PT\",\"@id\":\"https:\/\/brasilnoticias.org\/site\/#\/schema\/person\/image\/\",\"url\":\"https:\/\/secure.gravatar.com\/avatar\/9ecaf7327a696cb23ad926fedded5f1f04d7049de9e445375d55b48c001a6e42?s=96&d=mm&r=g\",\"contentUrl\":\"https:\/\/secure.gravatar.com\/avatar\/9ecaf7327a696cb23ad926fedded5f1f04d7049de9e445375d55b48c001a6e42?s=96&d=mm&r=g\",\"caption\":\"Reda\u00e7\u00e3o\"},\"url\":\"https:\/\/brasilnoticias.org\/site\/author\/henrique\/\"}]}<\/script>\n<!-- \/ Yoast SEO plugin. -->","yoast_head_json":{"title":"Ministro inicia tratativas para estabelecer interc\u00e2mbio de forma\u00e7\u00e3o no turismo entre Macau e Brasil - Brasil not\u00edcias","robots":{"index":"index","follow":"follow","max-snippet":"max-snippet:-1","max-image-preview":"max-image-preview:large","max-video-preview":"max-video-preview:-1"},"canonical":"https:\/\/brasilnoticias.org\/site\/ministro-inicia-tratativas-para-estabelecer-intercambio-de-formacao-no-turismo-entre-macau-e-brasil\/","og_locale":"pt_PT","og_type":"article","og_title":"Ministro inicia tratativas para estabelecer interc\u00e2mbio de forma\u00e7\u00e3o no turismo entre Macau e Brasil - Brasil not\u00edcias","og_description":"A a\u00e7\u00e3o faz parte do esfor\u00e7o brasileiro em qualificar o servi\u00e7o tur\u00edstico. Tamb\u00e9m est\u00e1 alinhado com o desafio da d\u00e9cada","og_url":"https:\/\/brasilnoticias.org\/site\/ministro-inicia-tratativas-para-estabelecer-intercambio-de-formacao-no-turismo-entre-macau-e-brasil\/","og_site_name":"Brasil not\u00edcias","article_published_time":"2023-09-23T13:00:33+00:00","og_image":[{"width":700,"height":395,"url":"https:\/\/brasilnoticias.org\/site\/wp-content\/uploads\/2023\/09\/86fc395c516327bd8031798b70829ba5.jpeg","type":"image\/jpeg"}],"author":"Reda\u00e7\u00e3o","twitter_card":"summary_large_image","twitter_misc":{"Escrito por":"Reda\u00e7\u00e3o"},"schema":{"@context":"https:\/\/schema.org","@graph":[{"@type":"Article","@id":"https:\/\/brasilnoticias.org\/site\/ministro-inicia-tratativas-para-estabelecer-intercambio-de-formacao-no-turismo-entre-macau-e-brasil\/#article","isPartOf":{"@id":"https:\/\/brasilnoticias.org\/site\/ministro-inicia-tratativas-para-estabelecer-intercambio-de-formacao-no-turismo-entre-macau-e-brasil\/"},"author":{"name":"Reda\u00e7\u00e3o","@id":"https:\/\/brasilnoticias.org\/site\/#\/schema\/person\/03bbbfe6c7634ad18c26444ea39049fa"},"headline":"Ministro inicia tratativas para estabelecer interc\u00e2mbio de forma\u00e7\u00e3o no turismo entre Macau e Brasil","datePublished":"2023-09-23T13:00:33+00:00","mainEntityOfPage":{"@id":"https:\/\/brasilnoticias.org\/site\/ministro-inicia-tratativas-para-estabelecer-intercambio-de-formacao-no-turismo-entre-macau-e-brasil\/"},"wordCount":518,"commentCount":0,"publisher":{"@id":"https:\/\/brasilnoticias.org\/site\/#organization"},"image":{"@id":"https:\/\/brasilnoticias.org\/site\/ministro-inicia-tratativas-para-estabelecer-intercambio-de-formacao-no-turismo-entre-macau-e-brasil\/#primaryimage"},"thumbnailUrl":"https:\/\/brasilnoticias.org\/site\/wp-content\/uploads\/2023\/09\/86fc395c516327bd8031798b70829ba5.jpeg","articleSection":["Not\u00edcias","\u00daltimas"],"inLanguage":"pt-PT","potentialAction":[{"@type":"CommentAction","name":"Comment","target":["https:\/\/brasilnoticias.org\/site\/ministro-inicia-tratativas-para-estabelecer-intercambio-de-formacao-no-turismo-entre-macau-e-brasil\/#respond"]}]},{"@type":"WebPage","@id":"https:\/\/brasilnoticias.org\/site\/ministro-inicia-tratativas-para-estabelecer-intercambio-de-formacao-no-turismo-entre-macau-e-brasil\/","url":"https:\/\/brasilnoticias.org\/site\/ministro-inicia-tratativas-para-estabelecer-intercambio-de-formacao-no-turismo-entre-macau-e-brasil\/","name":"Ministro inicia tratativas para estabelecer interc\u00e2mbio de forma\u00e7\u00e3o no turismo entre Macau e Brasil - Brasil not\u00edcias","isPartOf":{"@id":"https:\/\/brasilnoticias.org\/site\/#website"},"primaryImageOfPage":{"@id":"https:\/\/brasilnoticias.org\/site\/ministro-inicia-tratativas-para-estabelecer-intercambio-de-formacao-no-turismo-entre-macau-e-brasil\/#primaryimage"},"image":{"@id":"https:\/\/brasilnoticias.org\/site\/ministro-inicia-tratativas-para-estabelecer-intercambio-de-formacao-no-turismo-entre-macau-e-brasil\/#primaryimage"},"thumbnailUrl":"https:\/\/brasilnoticias.org\/site\/wp-content\/uploads\/2023\/09\/86fc395c516327bd8031798b70829ba5.jpeg","datePublished":"2023-09-23T13:00:33+00:00","breadcrumb":{"@id":"https:\/\/brasilnoticias.org\/site\/ministro-inicia-tratativas-para-estabelecer-intercambio-de-formacao-no-turismo-entre-macau-e-brasil\/#breadcrumb"},"inLanguage":"pt-PT","potentialAction":[{"@type":"ReadAction","target":["https:\/\/brasilnoticias.org\/site\/ministro-inicia-tratativas-para-estabelecer-intercambio-de-formacao-no-turismo-entre-macau-e-brasil\/"]}]},{"@type":"ImageObject","inLanguage":"pt-PT","@id":"https:\/\/brasilnoticias.org\/site\/ministro-inicia-tratativas-para-estabelecer-intercambio-de-formacao-no-turismo-entre-macau-e-brasil\/#primaryimage","url":"https:\/\/brasilnoticias.org\/site\/wp-content\/uploads\/2023\/09\/86fc395c516327bd8031798b70829ba5.jpeg","contentUrl":"https:\/\/brasilnoticias.org\/site\/wp-content\/uploads\/2023\/09\/86fc395c516327bd8031798b70829ba5.jpeg","width":700,"height":395},{"@type":"BreadcrumbList","@id":"https:\/\/brasilnoticias.org\/site\/ministro-inicia-tratativas-para-estabelecer-intercambio-de-formacao-no-turismo-entre-macau-e-brasil\/#breadcrumb","itemListElement":[{"@type":"ListItem","position":1,"name":"In\u00edcio","item":"https:\/\/brasilnoticias.org\/site\/"},{"@type":"ListItem","position":2,"name":"Ministro inicia tratativas para estabelecer interc\u00e2mbio de forma\u00e7\u00e3o no turismo entre Macau e Brasil"}]},{"@type":"WebSite","@id":"https:\/\/brasilnoticias.org\/site\/#website","url":"https:\/\/brasilnoticias.org\/site\/","name":"Brasil not\u00edcias","description":"Brasil not\u00edcias","publisher":{"@id":"https:\/\/brasilnoticias.org\/site\/#organization"},"potentialAction":[{"@type":"SearchAction","target":{"@type":"EntryPoint","urlTemplate":"https:\/\/brasilnoticias.org\/site\/?s={search_term_string}"},"query-input":{"@type":"PropertyValueSpecification","valueRequired":true,"valueName":"search_term_string"}}],"inLanguage":"pt-PT"},{"@type":"Organization","@id":"https:\/\/brasilnoticias.org\/site\/#organization","name":"Brasil not\u00edcias","url":"https:\/\/brasilnoticias.org\/site\/","logo":{"@type":"ImageObject","inLanguage":"pt-PT","@id":"https:\/\/brasilnoticias.org\/site\/#\/schema\/logo\/image\/","url":"https:\/\/brasilnoticias.org\/site\/wp-content\/uploads\/2022\/05\/cropped-brasilnoticias-mini.jpg","contentUrl":"https:\/\/brasilnoticias.org\/site\/wp-content\/uploads\/2022\/05\/cropped-brasilnoticias-mini.jpg","width":314,"height":86,"caption":"Brasil not\u00edcias"},"image":{"@id":"https:\/\/brasilnoticias.org\/site\/#\/schema\/logo\/image\/"}},{"@type":"Person","@id":"https:\/\/brasilnoticias.org\/site\/#\/schema\/person\/03bbbfe6c7634ad18c26444ea39049fa","name":"Reda\u00e7\u00e3o","image":{"@type":"ImageObject","inLanguage":"pt-PT","@id":"https:\/\/brasilnoticias.org\/site\/#\/schema\/person\/image\/","url":"https:\/\/secure.gravatar.com\/avatar\/9ecaf7327a696cb23ad926fedded5f1f04d7049de9e445375d55b48c001a6e42?s=96&d=mm&r=g","contentUrl":"https:\/\/secure.gravatar.com\/avatar\/9ecaf7327a696cb23ad926fedded5f1f04d7049de9e445375d55b48c001a6e42?s=96&d=mm&r=g","caption":"Reda\u00e7\u00e3o"},"url":"https:\/\/brasilnoticias.org\/site\/author\/henrique\/"}]}},"_links":{"self":[{"href":"https:\/\/brasilnoticias.org\/site\/wp-json\/wp\/v2\/posts\/9499","targetHints":{"allow":["GET"]}}],"collection":[{"href":"https:\/\/brasilnoticias.org\/site\/wp-json\/wp\/v2\/posts"}],"about":[{"href":"https:\/\/brasilnoticias.org\/site\/wp-json\/wp\/v2\/types\/post"}],"author":[{"embeddable":true,"href":"https:\/\/brasilnoticias.org\/site\/wp-json\/wp\/v2\/users\/4"}],"replies":[{"embeddable":true,"href":"https:\/\/brasilnoticias.org\/site\/wp-json\/wp\/v2\/comments?post=9499"}],"version-history":[{"count":1,"href":"https:\/\/brasilnoticias.org\/site\/wp-json\/wp\/v2\/posts\/9499\/revisions"}],"predecessor-version":[{"id":9501,"href":"https:\/\/brasilnoticias.org\/site\/wp-json\/wp\/v2\/posts\/9499\/revisions\/9501"}],"wp:featuredmedia":[{"embeddable":true,"href":"https:\/\/brasilnoticias.org\/site\/wp-json\/wp\/v2\/media\/9500"}],"wp:attachment":[{"href":"https:\/\/brasilnoticias.org\/site\/wp-json\/wp\/v2\/media?parent=9499"}],"wp:term":[{"taxonomy":"category","embeddable":true,"href":"https:\/\/brasilnoticias.org\/site\/wp-json\/wp\/v2\/categories?post=9499"},{"taxonomy":"post_tag","embeddable":true,"href":"https:\/\/brasilnoticias.org\/site\/wp-json\/wp\/v2\/tags?post=9499"}],"curies":[{"name":"wp","href":"https:\/\/api.w.org\/{rel}","templated":true}]}}