{"id":95,"date":"2022-04-09T15:50:39","date_gmt":"2022-04-09T18:50:39","guid":{"rendered":"https:\/\/brasilnoticias.org\/site\/?p=95"},"modified":"2022-05-03T15:50:54","modified_gmt":"2022-05-03T18:50:54","slug":"leao-diz-que-a-pre-campanha-com-neto-tem-cheiro-de-vitoria","status":"publish","type":"post","link":"https:\/\/brasilnoticias.org\/site\/leao-diz-que-a-pre-campanha-com-neto-tem-cheiro-de-vitoria\/","title":{"rendered":"Le\u00e3o diz que a pr\u00e9-campanha com Neto tem \u2018cheiro de vit\u00f3ria\u2019"},"content":{"rendered":"<p>A declara\u00e7\u00e3o foi do vice-governador Jo\u00e3o Le\u00e3o (PP), pr\u00e9-candidato ao Senado na chapa de ACM Neto, na manh\u00e3 deste s\u00e1bado (09), em encontro pol\u00edtico em Ara\u00e7\u00e1s. Al\u00e9m de Neto, o evento contou com a presen\u00e7a do prefeito Agamenon Coelho (UB) e de lideran\u00e7as pol\u00edticas da regi\u00e3o. \u201cTer aceitado o desafio de ser pr\u00e9-candidato ao Senado e caminhar ao lado de Neto tem me dado muito g\u00e1s.<\/p>\n<p>Porque trabalhar pelo povo eu j\u00e1 trabalho e muito, mas com um Netinho doido pra ser o melhor governador que esse estado j\u00e1 teve, eu estou com energia de um atleta\u201d, afirmou. Neto disse que escolheu Le\u00e3o para sua chapa pela experi\u00eancia pol\u00edtica do progressista, mas tamb\u00e9m por saber que em Bras\u00edlia ele vai ser um lutador, um guerreiro para ajudar a Bahia. \u201c\u00c9 por isso que estou feliz e orgulhoso por ter ao meu lado, nesta caminhada, como pr\u00e9-candidato ao Senado, o Bonit\u00e3o que vai ajudar a Bahia no Congresso Federal\u201d, declarou. Para o vice-governador, Neto tem consolidado um sentimento novo por onde passa no interior da Bahia e tem unido em torno dele lideran\u00e7as que conhecem as necessidades do povo. A dupla ACM Neto e Jo\u00e3o Le\u00e3o segue ainda neste s\u00e1bado para o munic\u00edpio de Janda\u00edra.<\/p>\n<p>Veja o v\u00eddeo:<\/p>\n<p>&nbsp;<\/p>\n<blockquote class=\"instagram-media\" style=\"background: #FFF; border: 0; border-radius: 3px; box-shadow: 0 0 1px 0 rgba(0,0,0,0.5),0 1px 10px 0 rgba(0,0,0,0.15); margin: 1px; max-width: 540px; min-width: 326px; padding: 0; width: calc(100% - 2px);\" data-instgrm-permalink=\"https:\/\/www.instagram.com\/p\/CcI9twvLk1K\/?utm_source=ig_embed&amp;utm_campaign=loading\" data-instgrm-version=\"14\">\n<div style=\"padding: 16px;\">\n<p>&nbsp;<\/p>\n<div style=\"display: flex; flex-direction: row; align-items: center;\">\n<div style=\"background-color: #f4f4f4; border-radius: 50%; flex-grow: 0; height: 40px; margin-right: 14px; width: 40px;\"><\/div>\n<div style=\"display: flex; flex-direction: column; flex-grow: 1; justify-content: center;\">\n<div style=\"background-color: #f4f4f4; border-radius: 4px; flex-grow: 0; height: 14px; margin-bottom: 6px; width: 100px;\"><\/div>\n<div style=\"background-color: #f4f4f4; border-radius: 4px; flex-grow: 0; height: 14px; width: 60px;\"><\/div>\n<\/div>\n<\/div>\n<div style=\"padding: 19% 0;\"><\/div>\n<div style=\"display: block; height: 50px; margin: 0 auto 12px; width: 50px;\"><\/div>\n<div style=\"padding-top: 8px;\">\n<div style=\"color: #3897f0; font-family: Arial,sans-serif; font-size: 14px; font-style: normal; font-weight: 550; line-height: 18px;\">Ver essa foto no Instagram<\/div>\n<\/div>\n<div style=\"padding: 12.5% 0;\"><\/div>\n<div style=\"display: flex; flex-direction: row; margin-bottom: 14px; align-items: center;\">\n<div>\n<div style=\"background-color: #f4f4f4; border-radius: 50%; height: 12.5px; width: 12.5px; transform: translateX(0px) translateY(7px);\"><\/div>\n<div style=\"background-color: #f4f4f4; height: 12.5px; transform: rotate(-45deg) translateX(3px) translateY(1px); width: 12.5px; flex-grow: 0; margin-right: 14px; margin-left: 2px;\"><\/div>\n<div style=\"background-color: #f4f4f4; border-radius: 50%; height: 12.5px; width: 12.5px; transform: translateX(9px) translateY(-18px);\"><\/div>\n<\/div>\n<div style=\"margin-left: 8px;\">\n<div style=\"background-color: #f4f4f4; border-radius: 50%; flex-grow: 0; height: 20px; width: 20px;\"><\/div>\n<div style=\"width: 0; height: 0; border-top: 2px solid transparent; border-left: 6px solid #f4f4f4; border-bottom: 2px solid transparent; transform: translateX(16px) translateY(-4px) rotate(30deg);\"><\/div>\n<\/div>\n<div style=\"margin-left: auto;\">\n<div style=\"width: 0px; border-top: 8px solid #F4F4F4; border-right: 8px solid transparent; transform: translateY(16px);\"><\/div>\n<div style=\"background-color: #f4f4f4; flex-grow: 0; height: 12px; width: 16px; transform: translateY(-4px);\"><\/div>\n<div style=\"width: 0; height: 0; border-top: 8px solid #F4F4F4; border-left: 8px solid transparent; transform: translateY(-4px) translateX(8px);\"><\/div>\n<\/div>\n<\/div>\n<div style=\"display: flex; flex-direction: column; flex-grow: 1; justify-content: center; margin-bottom: 24px;\">\n<div style=\"background-color: #f4f4f4; border-radius: 4px; flex-grow: 0; height: 14px; margin-bottom: 6px; width: 224px;\"><\/div>\n<div style=\"background-color: #f4f4f4; border-radius: 4px; flex-grow: 0; height: 14px; width: 144px;\"><\/div>\n<\/div>\n<p>&nbsp;<\/p>\n<p style=\"color: #c9c8cd; font-family: Arial,sans-serif; font-size: 14px; line-height: 17px; margin-bottom: 0; margin-top: 8px; overflow: hidden; padding: 8px 0 7px; text-align: center; text-overflow: ellipsis; white-space: nowrap;\"><a style=\"color: #c9c8cd; font-family: Arial,sans-serif; font-size: 14px; font-style: normal; font-weight: normal; line-height: 17px; text-decoration: none;\" href=\"https:\/\/www.instagram.com\/p\/CcI9twvLk1K\/?utm_source=ig_embed&amp;utm_campaign=loading\" target=\"_blank\" rel=\"noopener\">Uma publica\u00e7\u00e3o compartilhada por pol\u00edtica Bahia (@sitepoliticabahia)<\/a><\/p>\n<\/div>\n<\/blockquote>\n<p><script async src=\"\/\/www.instagram.com\/embed.js\"><\/script><\/p>\n","protected":false},"excerpt":{"rendered":"<p>A declara\u00e7\u00e3o foi do vice-governador Jo\u00e3o Le\u00e3o (PP), pr\u00e9-candidato ao Senado na chapa de ACM Neto, na manh\u00e3 deste s\u00e1bado<\/p>\n","protected":false},"author":1,"featured_media":96,"comment_status":"open","ping_status":"open","sticky":false,"template":"","format":"standard","meta":{"colormag_page_container_layout":"default_layout","colormag_page_sidebar_layout":"default_layout","_FSMCFIC_featured_image_caption":"","_FSMCFIC_featured_image_nocaption":"","_FSMCFIC_featured_image_hide":"","footnotes":""},"categories":[2,1],"tags":[],"class_list":["post-95","post","type-post","status-publish","format-standard","has-post-thumbnail","hentry","category-noticias","category-ultimas"],"yoast_head":"<!-- This site is optimized with the Yoast SEO plugin v27.1.1 - https:\/\/yoast.com\/product\/yoast-seo-wordpress\/ -->\n<title>Le\u00e3o diz que a pr\u00e9-campanha com Neto tem \u2018cheiro de vit\u00f3ria\u2019 - Brasil not\u00edcias<\/title>\n<meta name=\"robots\" content=\"index, follow, max-snippet:-1, max-image-preview:large, max-video-preview:-1\" \/>\n<link rel=\"canonical\" href=\"https:\/\/brasilnoticias.org\/site\/leao-diz-que-a-pre-campanha-com-neto-tem-cheiro-de-vitoria\/\" \/>\n<meta property=\"og:locale\" content=\"pt_PT\" \/>\n<meta property=\"og:type\" content=\"article\" \/>\n<meta property=\"og:title\" content=\"Le\u00e3o diz que a pr\u00e9-campanha com Neto tem \u2018cheiro de vit\u00f3ria\u2019 - Brasil not\u00edcias\" \/>\n<meta property=\"og:description\" content=\"A declara\u00e7\u00e3o foi do vice-governador Jo\u00e3o Le\u00e3o (PP), pr\u00e9-candidato ao Senado na chapa de ACM Neto, na manh\u00e3 deste s\u00e1bado\" \/>\n<meta property=\"og:url\" content=\"https:\/\/brasilnoticias.org\/site\/leao-diz-que-a-pre-campanha-com-neto-tem-cheiro-de-vitoria\/\" \/>\n<meta property=\"og:site_name\" content=\"Brasil not\u00edcias\" \/>\n<meta property=\"article:published_time\" content=\"2022-04-09T18:50:39+00:00\" \/>\n<meta property=\"article:modified_time\" content=\"2022-05-03T18:50:54+00:00\" \/>\n<meta property=\"og:image\" content=\"https:\/\/brasilnoticias.org\/site\/wp-content\/uploads\/2022\/05\/Screenshot_20220409-151430-140-720x445-1.png\" \/>\n\t<meta property=\"og:image:width\" content=\"720\" \/>\n\t<meta property=\"og:image:height\" content=\"445\" \/>\n\t<meta property=\"og:image:type\" content=\"image\/png\" \/>\n<meta name=\"author\" content=\"Reda\u00e7\u00e3o\" \/>\n<meta name=\"twitter:card\" content=\"summary_large_image\" \/>\n<meta name=\"twitter:label1\" content=\"Escrito por\" \/>\n\t<meta name=\"twitter:data1\" content=\"Reda\u00e7\u00e3o\" \/>\n\t<meta name=\"twitter:label2\" content=\"Tempo estimado de leitura\" \/>\n\t<meta name=\"twitter:data2\" content=\"1 minuto\" \/>\n<script type=\"application\/ld+json\" class=\"yoast-schema-graph\">{\"@context\":\"https:\/\/schema.org\",\"@graph\":[{\"@type\":\"Article\",\"@id\":\"https:\/\/brasilnoticias.org\/site\/leao-diz-que-a-pre-campanha-com-neto-tem-cheiro-de-vitoria\/#article\",\"isPartOf\":{\"@id\":\"https:\/\/brasilnoticias.org\/site\/leao-diz-que-a-pre-campanha-com-neto-tem-cheiro-de-vitoria\/\"},\"author\":{\"name\":\"Reda\u00e7\u00e3o\",\"@id\":\"https:\/\/brasilnoticias.org\/site\/#\/schema\/person\/a0e05b973ec4d15c658d51911e53507b\"},\"headline\":\"Le\u00e3o diz que a pr\u00e9-campanha com Neto tem \u2018cheiro de vit\u00f3ria\u2019\",\"datePublished\":\"2022-04-09T18:50:39+00:00\",\"dateModified\":\"2022-05-03T18:50:54+00:00\",\"mainEntityOfPage\":{\"@id\":\"https:\/\/brasilnoticias.org\/site\/leao-diz-que-a-pre-campanha-com-neto-tem-cheiro-de-vitoria\/\"},\"wordCount\":264,\"commentCount\":0,\"publisher\":{\"@id\":\"https:\/\/brasilnoticias.org\/site\/#organization\"},\"image\":{\"@id\":\"https:\/\/brasilnoticias.org\/site\/leao-diz-que-a-pre-campanha-com-neto-tem-cheiro-de-vitoria\/#primaryimage\"},\"thumbnailUrl\":\"https:\/\/brasilnoticias.org\/site\/wp-content\/uploads\/2022\/05\/Screenshot_20220409-151430-140-720x445-1.png\",\"articleSection\":[\"Not\u00edcias\",\"\u00daltimas\"],\"inLanguage\":\"pt-PT\",\"potentialAction\":[{\"@type\":\"CommentAction\",\"name\":\"Comment\",\"target\":[\"https:\/\/brasilnoticias.org\/site\/leao-diz-que-a-pre-campanha-com-neto-tem-cheiro-de-vitoria\/#respond\"]}]},{\"@type\":\"WebPage\",\"@id\":\"https:\/\/brasilnoticias.org\/site\/leao-diz-que-a-pre-campanha-com-neto-tem-cheiro-de-vitoria\/\",\"url\":\"https:\/\/brasilnoticias.org\/site\/leao-diz-que-a-pre-campanha-com-neto-tem-cheiro-de-vitoria\/\",\"name\":\"Le\u00e3o diz que a pr\u00e9-campanha com Neto tem \u2018cheiro de vit\u00f3ria\u2019 - Brasil not\u00edcias\",\"isPartOf\":{\"@id\":\"https:\/\/brasilnoticias.org\/site\/#website\"},\"primaryImageOfPage\":{\"@id\":\"https:\/\/brasilnoticias.org\/site\/leao-diz-que-a-pre-campanha-com-neto-tem-cheiro-de-vitoria\/#primaryimage\"},\"image\":{\"@id\":\"https:\/\/brasilnoticias.org\/site\/leao-diz-que-a-pre-campanha-com-neto-tem-cheiro-de-vitoria\/#primaryimage\"},\"thumbnailUrl\":\"https:\/\/brasilnoticias.org\/site\/wp-content\/uploads\/2022\/05\/Screenshot_20220409-151430-140-720x445-1.png\",\"datePublished\":\"2022-04-09T18:50:39+00:00\",\"dateModified\":\"2022-05-03T18:50:54+00:00\",\"breadcrumb\":{\"@id\":\"https:\/\/brasilnoticias.org\/site\/leao-diz-que-a-pre-campanha-com-neto-tem-cheiro-de-vitoria\/#breadcrumb\"},\"inLanguage\":\"pt-PT\",\"potentialAction\":[{\"@type\":\"ReadAction\",\"target\":[\"https:\/\/brasilnoticias.org\/site\/leao-diz-que-a-pre-campanha-com-neto-tem-cheiro-de-vitoria\/\"]}]},{\"@type\":\"ImageObject\",\"inLanguage\":\"pt-PT\",\"@id\":\"https:\/\/brasilnoticias.org\/site\/leao-diz-que-a-pre-campanha-com-neto-tem-cheiro-de-vitoria\/#primaryimage\",\"url\":\"https:\/\/brasilnoticias.org\/site\/wp-content\/uploads\/2022\/05\/Screenshot_20220409-151430-140-720x445-1.png\",\"contentUrl\":\"https:\/\/brasilnoticias.org\/site\/wp-content\/uploads\/2022\/05\/Screenshot_20220409-151430-140-720x445-1.png\",\"width\":720,\"height\":445},{\"@type\":\"BreadcrumbList\",\"@id\":\"https:\/\/brasilnoticias.org\/site\/leao-diz-que-a-pre-campanha-com-neto-tem-cheiro-de-vitoria\/#breadcrumb\",\"itemListElement\":[{\"@type\":\"ListItem\",\"position\":1,\"name\":\"In\u00edcio\",\"item\":\"https:\/\/brasilnoticias.org\/site\/\"},{\"@type\":\"ListItem\",\"position\":2,\"name\":\"Le\u00e3o diz que a pr\u00e9-campanha com Neto tem \u2018cheiro de vit\u00f3ria\u2019\"}]},{\"@type\":\"WebSite\",\"@id\":\"https:\/\/brasilnoticias.org\/site\/#website\",\"url\":\"https:\/\/brasilnoticias.org\/site\/\",\"name\":\"Brasil not\u00edcias\",\"description\":\"Brasil not\u00edcias\",\"publisher\":{\"@id\":\"https:\/\/brasilnoticias.org\/site\/#organization\"},\"potentialAction\":[{\"@type\":\"SearchAction\",\"target\":{\"@type\":\"EntryPoint\",\"urlTemplate\":\"https:\/\/brasilnoticias.org\/site\/?s={search_term_string}\"},\"query-input\":{\"@type\":\"PropertyValueSpecification\",\"valueRequired\":true,\"valueName\":\"search_term_string\"}}],\"inLanguage\":\"pt-PT\"},{\"@type\":\"Organization\",\"@id\":\"https:\/\/brasilnoticias.org\/site\/#organization\",\"name\":\"Brasil not\u00edcias\",\"url\":\"https:\/\/brasilnoticias.org\/site\/\",\"logo\":{\"@type\":\"ImageObject\",\"inLanguage\":\"pt-PT\",\"@id\":\"https:\/\/brasilnoticias.org\/site\/#\/schema\/logo\/image\/\",\"url\":\"https:\/\/brasilnoticias.org\/site\/wp-content\/uploads\/2022\/05\/cropped-brasilnoticias-mini.jpg\",\"contentUrl\":\"https:\/\/brasilnoticias.org\/site\/wp-content\/uploads\/2022\/05\/cropped-brasilnoticias-mini.jpg\",\"width\":314,\"height\":86,\"caption\":\"Brasil not\u00edcias\"},\"image\":{\"@id\":\"https:\/\/brasilnoticias.org\/site\/#\/schema\/logo\/image\/\"}},{\"@type\":\"Person\",\"@id\":\"https:\/\/brasilnoticias.org\/site\/#\/schema\/person\/a0e05b973ec4d15c658d51911e53507b\",\"name\":\"Reda\u00e7\u00e3o\",\"image\":{\"@type\":\"ImageObject\",\"inLanguage\":\"pt-PT\",\"@id\":\"https:\/\/brasilnoticias.org\/site\/#\/schema\/person\/image\/\",\"url\":\"https:\/\/secure.gravatar.com\/avatar\/75d8b050df2de108b08ae78dfb8e374892df24a383c67db9c46a9c604f6aee9c?s=96&d=mm&r=g\",\"contentUrl\":\"https:\/\/secure.gravatar.com\/avatar\/75d8b050df2de108b08ae78dfb8e374892df24a383c67db9c46a9c604f6aee9c?s=96&d=mm&r=g\",\"caption\":\"Reda\u00e7\u00e3o\"},\"sameAs\":[\"https:\/\/brasilnoticias.org\/site\"],\"url\":\"https:\/\/brasilnoticias.org\/site\/author\/fernandozsngmail-com\/\"}]}<\/script>\n<!-- \/ Yoast SEO plugin. -->","yoast_head_json":{"title":"Le\u00e3o diz que a pr\u00e9-campanha com Neto tem \u2018cheiro de vit\u00f3ria\u2019 - Brasil not\u00edcias","robots":{"index":"index","follow":"follow","max-snippet":"max-snippet:-1","max-image-preview":"max-image-preview:large","max-video-preview":"max-video-preview:-1"},"canonical":"https:\/\/brasilnoticias.org\/site\/leao-diz-que-a-pre-campanha-com-neto-tem-cheiro-de-vitoria\/","og_locale":"pt_PT","og_type":"article","og_title":"Le\u00e3o diz que a pr\u00e9-campanha com Neto tem \u2018cheiro de vit\u00f3ria\u2019 - Brasil not\u00edcias","og_description":"A declara\u00e7\u00e3o foi do vice-governador Jo\u00e3o Le\u00e3o (PP), pr\u00e9-candidato ao Senado na chapa de ACM Neto, na manh\u00e3 deste s\u00e1bado","og_url":"https:\/\/brasilnoticias.org\/site\/leao-diz-que-a-pre-campanha-com-neto-tem-cheiro-de-vitoria\/","og_site_name":"Brasil not\u00edcias","article_published_time":"2022-04-09T18:50:39+00:00","article_modified_time":"2022-05-03T18:50:54+00:00","og_image":[{"width":720,"height":445,"url":"https:\/\/brasilnoticias.org\/site\/wp-content\/uploads\/2022\/05\/Screenshot_20220409-151430-140-720x445-1.png","type":"image\/png"}],"author":"Reda\u00e7\u00e3o","twitter_card":"summary_large_image","twitter_misc":{"Escrito por":"Reda\u00e7\u00e3o","Tempo estimado de leitura":"1 minuto"},"schema":{"@context":"https:\/\/schema.org","@graph":[{"@type":"Article","@id":"https:\/\/brasilnoticias.org\/site\/leao-diz-que-a-pre-campanha-com-neto-tem-cheiro-de-vitoria\/#article","isPartOf":{"@id":"https:\/\/brasilnoticias.org\/site\/leao-diz-que-a-pre-campanha-com-neto-tem-cheiro-de-vitoria\/"},"author":{"name":"Reda\u00e7\u00e3o","@id":"https:\/\/brasilnoticias.org\/site\/#\/schema\/person\/a0e05b973ec4d15c658d51911e53507b"},"headline":"Le\u00e3o diz que a pr\u00e9-campanha com Neto tem \u2018cheiro de vit\u00f3ria\u2019","datePublished":"2022-04-09T18:50:39+00:00","dateModified":"2022-05-03T18:50:54+00:00","mainEntityOfPage":{"@id":"https:\/\/brasilnoticias.org\/site\/leao-diz-que-a-pre-campanha-com-neto-tem-cheiro-de-vitoria\/"},"wordCount":264,"commentCount":0,"publisher":{"@id":"https:\/\/brasilnoticias.org\/site\/#organization"},"image":{"@id":"https:\/\/brasilnoticias.org\/site\/leao-diz-que-a-pre-campanha-com-neto-tem-cheiro-de-vitoria\/#primaryimage"},"thumbnailUrl":"https:\/\/brasilnoticias.org\/site\/wp-content\/uploads\/2022\/05\/Screenshot_20220409-151430-140-720x445-1.png","articleSection":["Not\u00edcias","\u00daltimas"],"inLanguage":"pt-PT","potentialAction":[{"@type":"CommentAction","name":"Comment","target":["https:\/\/brasilnoticias.org\/site\/leao-diz-que-a-pre-campanha-com-neto-tem-cheiro-de-vitoria\/#respond"]}]},{"@type":"WebPage","@id":"https:\/\/brasilnoticias.org\/site\/leao-diz-que-a-pre-campanha-com-neto-tem-cheiro-de-vitoria\/","url":"https:\/\/brasilnoticias.org\/site\/leao-diz-que-a-pre-campanha-com-neto-tem-cheiro-de-vitoria\/","name":"Le\u00e3o diz que a pr\u00e9-campanha com Neto tem \u2018cheiro de vit\u00f3ria\u2019 - Brasil not\u00edcias","isPartOf":{"@id":"https:\/\/brasilnoticias.org\/site\/#website"},"primaryImageOfPage":{"@id":"https:\/\/brasilnoticias.org\/site\/leao-diz-que-a-pre-campanha-com-neto-tem-cheiro-de-vitoria\/#primaryimage"},"image":{"@id":"https:\/\/brasilnoticias.org\/site\/leao-diz-que-a-pre-campanha-com-neto-tem-cheiro-de-vitoria\/#primaryimage"},"thumbnailUrl":"https:\/\/brasilnoticias.org\/site\/wp-content\/uploads\/2022\/05\/Screenshot_20220409-151430-140-720x445-1.png","datePublished":"2022-04-09T18:50:39+00:00","dateModified":"2022-05-03T18:50:54+00:00","breadcrumb":{"@id":"https:\/\/brasilnoticias.org\/site\/leao-diz-que-a-pre-campanha-com-neto-tem-cheiro-de-vitoria\/#breadcrumb"},"inLanguage":"pt-PT","potentialAction":[{"@type":"ReadAction","target":["https:\/\/brasilnoticias.org\/site\/leao-diz-que-a-pre-campanha-com-neto-tem-cheiro-de-vitoria\/"]}]},{"@type":"ImageObject","inLanguage":"pt-PT","@id":"https:\/\/brasilnoticias.org\/site\/leao-diz-que-a-pre-campanha-com-neto-tem-cheiro-de-vitoria\/#primaryimage","url":"https:\/\/brasilnoticias.org\/site\/wp-content\/uploads\/2022\/05\/Screenshot_20220409-151430-140-720x445-1.png","contentUrl":"https:\/\/brasilnoticias.org\/site\/wp-content\/uploads\/2022\/05\/Screenshot_20220409-151430-140-720x445-1.png","width":720,"height":445},{"@type":"BreadcrumbList","@id":"https:\/\/brasilnoticias.org\/site\/leao-diz-que-a-pre-campanha-com-neto-tem-cheiro-de-vitoria\/#breadcrumb","itemListElement":[{"@type":"ListItem","position":1,"name":"In\u00edcio","item":"https:\/\/brasilnoticias.org\/site\/"},{"@type":"ListItem","position":2,"name":"Le\u00e3o diz que a pr\u00e9-campanha com Neto tem \u2018cheiro de vit\u00f3ria\u2019"}]},{"@type":"WebSite","@id":"https:\/\/brasilnoticias.org\/site\/#website","url":"https:\/\/brasilnoticias.org\/site\/","name":"Brasil not\u00edcias","description":"Brasil not\u00edcias","publisher":{"@id":"https:\/\/brasilnoticias.org\/site\/#organization"},"potentialAction":[{"@type":"SearchAction","target":{"@type":"EntryPoint","urlTemplate":"https:\/\/brasilnoticias.org\/site\/?s={search_term_string}"},"query-input":{"@type":"PropertyValueSpecification","valueRequired":true,"valueName":"search_term_string"}}],"inLanguage":"pt-PT"},{"@type":"Organization","@id":"https:\/\/brasilnoticias.org\/site\/#organization","name":"Brasil not\u00edcias","url":"https:\/\/brasilnoticias.org\/site\/","logo":{"@type":"ImageObject","inLanguage":"pt-PT","@id":"https:\/\/brasilnoticias.org\/site\/#\/schema\/logo\/image\/","url":"https:\/\/brasilnoticias.org\/site\/wp-content\/uploads\/2022\/05\/cropped-brasilnoticias-mini.jpg","contentUrl":"https:\/\/brasilnoticias.org\/site\/wp-content\/uploads\/2022\/05\/cropped-brasilnoticias-mini.jpg","width":314,"height":86,"caption":"Brasil not\u00edcias"},"image":{"@id":"https:\/\/brasilnoticias.org\/site\/#\/schema\/logo\/image\/"}},{"@type":"Person","@id":"https:\/\/brasilnoticias.org\/site\/#\/schema\/person\/a0e05b973ec4d15c658d51911e53507b","name":"Reda\u00e7\u00e3o","image":{"@type":"ImageObject","inLanguage":"pt-PT","@id":"https:\/\/brasilnoticias.org\/site\/#\/schema\/person\/image\/","url":"https:\/\/secure.gravatar.com\/avatar\/75d8b050df2de108b08ae78dfb8e374892df24a383c67db9c46a9c604f6aee9c?s=96&d=mm&r=g","contentUrl":"https:\/\/secure.gravatar.com\/avatar\/75d8b050df2de108b08ae78dfb8e374892df24a383c67db9c46a9c604f6aee9c?s=96&d=mm&r=g","caption":"Reda\u00e7\u00e3o"},"sameAs":["https:\/\/brasilnoticias.org\/site"],"url":"https:\/\/brasilnoticias.org\/site\/author\/fernandozsngmail-com\/"}]}},"_links":{"self":[{"href":"https:\/\/brasilnoticias.org\/site\/wp-json\/wp\/v2\/posts\/95","targetHints":{"allow":["GET"]}}],"collection":[{"href":"https:\/\/brasilnoticias.org\/site\/wp-json\/wp\/v2\/posts"}],"about":[{"href":"https:\/\/brasilnoticias.org\/site\/wp-json\/wp\/v2\/types\/post"}],"author":[{"embeddable":true,"href":"https:\/\/brasilnoticias.org\/site\/wp-json\/wp\/v2\/users\/1"}],"replies":[{"embeddable":true,"href":"https:\/\/brasilnoticias.org\/site\/wp-json\/wp\/v2\/comments?post=95"}],"version-history":[{"count":1,"href":"https:\/\/brasilnoticias.org\/site\/wp-json\/wp\/v2\/posts\/95\/revisions"}],"predecessor-version":[{"id":97,"href":"https:\/\/brasilnoticias.org\/site\/wp-json\/wp\/v2\/posts\/95\/revisions\/97"}],"wp:featuredmedia":[{"embeddable":true,"href":"https:\/\/brasilnoticias.org\/site\/wp-json\/wp\/v2\/media\/96"}],"wp:attachment":[{"href":"https:\/\/brasilnoticias.org\/site\/wp-json\/wp\/v2\/media?parent=95"}],"wp:term":[{"taxonomy":"category","embeddable":true,"href":"https:\/\/brasilnoticias.org\/site\/wp-json\/wp\/v2\/categories?post=95"},{"taxonomy":"post_tag","embeddable":true,"href":"https:\/\/brasilnoticias.org\/site\/wp-json\/wp\/v2\/tags?post=95"}],"curies":[{"name":"wp","href":"https:\/\/api.w.org\/{rel}","templated":true}]}}