{"id":9502,"date":"2023-09-23T17:06:23","date_gmt":"2023-09-23T20:06:23","guid":{"rendered":"https:\/\/brasilnoticias.org\/site\/?p=9502"},"modified":"2023-09-23T18:57:53","modified_gmt":"2023-09-23T21:57:53","slug":"existem-segmentos-que-demonizam-a-atividade-policial-militar-diz-comandante-geral-da-pmba","status":"publish","type":"post","link":"https:\/\/brasilnoticias.org\/site\/existem-segmentos-que-demonizam-a-atividade-policial-militar-diz-comandante-geral-da-pmba\/","title":{"rendered":"&#8220;Existem segmentos que demonizam a atividade Policial Militar&#8221;, diz Comandante-Geral da PMBA"},"content":{"rendered":"<p>Na R\u00e1dio CBN Salvador, sob o comando dos radialistas Andr\u00e9 Sp\u00ednola e Fernanda Cruz, o Comandante-Geral da Pol\u00edcia Militar (PMBA) da Bahia, Coronel Coutinho, falou sobre a falta de respeito da imprensa com a tropa. Segundo o comandante, existem ve\u00edculos jornal\u00edsticos que prestam um desservi\u00e7o \u00e0 sociedade ao tratar a a\u00e7\u00e3o policial de forma negativa.<\/p>\n<p>&#8220;Na verdade, existem segmentos que demonizam a atividade Policial Militar. \u00c9 uma atividade de extremo risco, uma atividade que est\u00e1 aliada na defesa da sociedade. Esses profissionais abnegados saem de suas casas sem saber se v\u00e3o retornar. Inclusive, eu sou um deles, estou uniformizado e nas ruas&#8221;, alertou o Coronel.<\/p>\n<p>Apresentando n\u00fameros estat\u00edsticos sobre a morte de policiais, o comandante da corpora\u00e7\u00e3o baiana lembrou que a Pol\u00edcia Militar tem capacitado seus soldados para que prezem pela integridade de suas vidas. &#8220;No ano de 2021, perdemos 23 policiais militares. No ano de 2022, perdemos 12 policiais militares e, at\u00e9 ent\u00e3o, no ano de 2023, perdemos 3 policiais militares [&#8230;] Estamos fazendo um trabalho de capacita\u00e7\u00e3o na institui\u00e7\u00e3o e utilizando t\u00e9cnicas para que esses policiais militares tenham uma autodefesa melhor. \u00c9 um curso de sobreviv\u00eancia policial&#8221;.<\/p>\n<p>Ainda segundo Coutinho, o que a sociedade precisa saber \u00e9 que esses homens e mulheres est\u00e3o nas ruas para sua defesa como cidad\u00e3os e que o erro de um n\u00e3o pode ser imputado a toda a institui\u00e7\u00e3o. &#8220;Nenhum policial militar sai nas ruas para executar qualquer cidad\u00e3o. Eles encontram uma situa\u00e7\u00e3o adversa na interven\u00e7\u00e3o policial e t\u00eam que se posicionar. Isso \u00e9 um excludente de criminalidade, leg\u00edtima defesa deles e de terceiros. Eles s\u00e3o pais, filhos, irm\u00e3os, primos, netos, av\u00f4s e est\u00e3o ali defendendo a sociedade como grandes pacificadores sociais&#8221;, disse.<\/p>\n","protected":false},"excerpt":{"rendered":"<p>Na R\u00e1dio CBN Salvador, sob o comando dos radialistas Andr\u00e9 Sp\u00ednola e Fernanda Cruz, o Comandante-Geral da Pol\u00edcia Militar (PMBA)<\/p>\n","protected":false},"author":4,"featured_media":9503,"comment_status":"open","ping_status":"open","sticky":false,"template":"","format":"standard","meta":{"colormag_page_container_layout":"default_layout","colormag_page_sidebar_layout":"default_layout","_FSMCFIC_featured_image_caption":"","_FSMCFIC_featured_image_nocaption":"","_FSMCFIC_featured_image_hide":"","footnotes":""},"categories":[3,1],"tags":[],"class_list":["post-9502","post","type-post","status-publish","format-standard","has-post-thumbnail","hentry","category-policia","category-ultimas"],"yoast_head":"<!-- This site is optimized with the Yoast SEO plugin v27.1.1 - https:\/\/yoast.com\/product\/yoast-seo-wordpress\/ -->\n<title>&quot;Existem segmentos que demonizam a atividade Policial Militar&quot;, diz Comandante-Geral da PMBA - Brasil not\u00edcias<\/title>\n<meta name=\"robots\" content=\"index, follow, max-snippet:-1, max-image-preview:large, max-video-preview:-1\" \/>\n<link rel=\"canonical\" href=\"https:\/\/brasilnoticias.org\/site\/existem-segmentos-que-demonizam-a-atividade-policial-militar-diz-comandante-geral-da-pmba\/\" \/>\n<meta property=\"og:locale\" content=\"pt_PT\" \/>\n<meta property=\"og:type\" content=\"article\" \/>\n<meta property=\"og:title\" content=\"&quot;Existem segmentos que demonizam a atividade Policial Militar&quot;, diz Comandante-Geral da PMBA - Brasil not\u00edcias\" \/>\n<meta property=\"og:description\" content=\"Na R\u00e1dio CBN Salvador, sob o comando dos radialistas Andr\u00e9 Sp\u00ednola e Fernanda Cruz, o Comandante-Geral da Pol\u00edcia Militar (PMBA)\" \/>\n<meta property=\"og:url\" content=\"https:\/\/brasilnoticias.org\/site\/existem-segmentos-que-demonizam-a-atividade-policial-militar-diz-comandante-geral-da-pmba\/\" \/>\n<meta property=\"og:site_name\" content=\"Brasil not\u00edcias\" \/>\n<meta property=\"article:published_time\" content=\"2023-09-23T20:06:23+00:00\" \/>\n<meta property=\"article:modified_time\" content=\"2023-09-23T21:57:53+00:00\" \/>\n<meta property=\"og:image\" content=\"https:\/\/brasilnoticias.org\/site\/wp-content\/uploads\/2023\/09\/IMG_5397.jpeg\" \/>\n\t<meta property=\"og:image:width\" content=\"265\" \/>\n\t<meta property=\"og:image:height\" content=\"190\" \/>\n\t<meta property=\"og:image:type\" content=\"image\/jpeg\" \/>\n<meta name=\"author\" content=\"Reda\u00e7\u00e3o\" \/>\n<meta name=\"twitter:card\" content=\"summary_large_image\" \/>\n<meta name=\"twitter:label1\" content=\"Escrito por\" \/>\n\t<meta name=\"twitter:data1\" content=\"Reda\u00e7\u00e3o\" \/>\n\t<meta name=\"twitter:label2\" content=\"Tempo estimado de leitura\" \/>\n\t<meta name=\"twitter:data2\" content=\"2 minutos\" \/>\n<script type=\"application\/ld+json\" class=\"yoast-schema-graph\">{\"@context\":\"https:\/\/schema.org\",\"@graph\":[{\"@type\":\"Article\",\"@id\":\"https:\/\/brasilnoticias.org\/site\/existem-segmentos-que-demonizam-a-atividade-policial-militar-diz-comandante-geral-da-pmba\/#article\",\"isPartOf\":{\"@id\":\"https:\/\/brasilnoticias.org\/site\/existem-segmentos-que-demonizam-a-atividade-policial-militar-diz-comandante-geral-da-pmba\/\"},\"author\":{\"name\":\"Reda\u00e7\u00e3o\",\"@id\":\"https:\/\/brasilnoticias.org\/site\/#\/schema\/person\/03bbbfe6c7634ad18c26444ea39049fa\"},\"headline\":\"&#8220;Existem segmentos que demonizam a atividade Policial Militar&#8221;, diz Comandante-Geral da PMBA\",\"datePublished\":\"2023-09-23T20:06:23+00:00\",\"dateModified\":\"2023-09-23T21:57:53+00:00\",\"mainEntityOfPage\":{\"@id\":\"https:\/\/brasilnoticias.org\/site\/existem-segmentos-que-demonizam-a-atividade-policial-militar-diz-comandante-geral-da-pmba\/\"},\"wordCount\":310,\"commentCount\":0,\"publisher\":{\"@id\":\"https:\/\/brasilnoticias.org\/site\/#organization\"},\"image\":{\"@id\":\"https:\/\/brasilnoticias.org\/site\/existem-segmentos-que-demonizam-a-atividade-policial-militar-diz-comandante-geral-da-pmba\/#primaryimage\"},\"thumbnailUrl\":\"https:\/\/brasilnoticias.org\/site\/wp-content\/uploads\/2023\/09\/IMG_5397.jpeg\",\"articleSection\":[\"Pol\u00edcia\",\"\u00daltimas\"],\"inLanguage\":\"pt-PT\",\"potentialAction\":[{\"@type\":\"CommentAction\",\"name\":\"Comment\",\"target\":[\"https:\/\/brasilnoticias.org\/site\/existem-segmentos-que-demonizam-a-atividade-policial-militar-diz-comandante-geral-da-pmba\/#respond\"]}]},{\"@type\":\"WebPage\",\"@id\":\"https:\/\/brasilnoticias.org\/site\/existem-segmentos-que-demonizam-a-atividade-policial-militar-diz-comandante-geral-da-pmba\/\",\"url\":\"https:\/\/brasilnoticias.org\/site\/existem-segmentos-que-demonizam-a-atividade-policial-militar-diz-comandante-geral-da-pmba\/\",\"name\":\"\\\"Existem segmentos que demonizam a atividade Policial Militar\\\", diz Comandante-Geral da PMBA - Brasil not\u00edcias\",\"isPartOf\":{\"@id\":\"https:\/\/brasilnoticias.org\/site\/#website\"},\"primaryImageOfPage\":{\"@id\":\"https:\/\/brasilnoticias.org\/site\/existem-segmentos-que-demonizam-a-atividade-policial-militar-diz-comandante-geral-da-pmba\/#primaryimage\"},\"image\":{\"@id\":\"https:\/\/brasilnoticias.org\/site\/existem-segmentos-que-demonizam-a-atividade-policial-militar-diz-comandante-geral-da-pmba\/#primaryimage\"},\"thumbnailUrl\":\"https:\/\/brasilnoticias.org\/site\/wp-content\/uploads\/2023\/09\/IMG_5397.jpeg\",\"datePublished\":\"2023-09-23T20:06:23+00:00\",\"dateModified\":\"2023-09-23T21:57:53+00:00\",\"breadcrumb\":{\"@id\":\"https:\/\/brasilnoticias.org\/site\/existem-segmentos-que-demonizam-a-atividade-policial-militar-diz-comandante-geral-da-pmba\/#breadcrumb\"},\"inLanguage\":\"pt-PT\",\"potentialAction\":[{\"@type\":\"ReadAction\",\"target\":[\"https:\/\/brasilnoticias.org\/site\/existem-segmentos-que-demonizam-a-atividade-policial-militar-diz-comandante-geral-da-pmba\/\"]}]},{\"@type\":\"ImageObject\",\"inLanguage\":\"pt-PT\",\"@id\":\"https:\/\/brasilnoticias.org\/site\/existem-segmentos-que-demonizam-a-atividade-policial-militar-diz-comandante-geral-da-pmba\/#primaryimage\",\"url\":\"https:\/\/brasilnoticias.org\/site\/wp-content\/uploads\/2023\/09\/IMG_5397.jpeg\",\"contentUrl\":\"https:\/\/brasilnoticias.org\/site\/wp-content\/uploads\/2023\/09\/IMG_5397.jpeg\",\"width\":265,\"height\":190},{\"@type\":\"BreadcrumbList\",\"@id\":\"https:\/\/brasilnoticias.org\/site\/existem-segmentos-que-demonizam-a-atividade-policial-militar-diz-comandante-geral-da-pmba\/#breadcrumb\",\"itemListElement\":[{\"@type\":\"ListItem\",\"position\":1,\"name\":\"In\u00edcio\",\"item\":\"https:\/\/brasilnoticias.org\/site\/\"},{\"@type\":\"ListItem\",\"position\":2,\"name\":\"&#8220;Existem segmentos que demonizam a atividade Policial Militar&#8221;, diz Comandante-Geral da PMBA\"}]},{\"@type\":\"WebSite\",\"@id\":\"https:\/\/brasilnoticias.org\/site\/#website\",\"url\":\"https:\/\/brasilnoticias.org\/site\/\",\"name\":\"Brasil not\u00edcias\",\"description\":\"Brasil not\u00edcias\",\"publisher\":{\"@id\":\"https:\/\/brasilnoticias.org\/site\/#organization\"},\"potentialAction\":[{\"@type\":\"SearchAction\",\"target\":{\"@type\":\"EntryPoint\",\"urlTemplate\":\"https:\/\/brasilnoticias.org\/site\/?s={search_term_string}\"},\"query-input\":{\"@type\":\"PropertyValueSpecification\",\"valueRequired\":true,\"valueName\":\"search_term_string\"}}],\"inLanguage\":\"pt-PT\"},{\"@type\":\"Organization\",\"@id\":\"https:\/\/brasilnoticias.org\/site\/#organization\",\"name\":\"Brasil not\u00edcias\",\"url\":\"https:\/\/brasilnoticias.org\/site\/\",\"logo\":{\"@type\":\"ImageObject\",\"inLanguage\":\"pt-PT\",\"@id\":\"https:\/\/brasilnoticias.org\/site\/#\/schema\/logo\/image\/\",\"url\":\"https:\/\/brasilnoticias.org\/site\/wp-content\/uploads\/2022\/05\/cropped-brasilnoticias-mini.jpg\",\"contentUrl\":\"https:\/\/brasilnoticias.org\/site\/wp-content\/uploads\/2022\/05\/cropped-brasilnoticias-mini.jpg\",\"width\":314,\"height\":86,\"caption\":\"Brasil not\u00edcias\"},\"image\":{\"@id\":\"https:\/\/brasilnoticias.org\/site\/#\/schema\/logo\/image\/\"}},{\"@type\":\"Person\",\"@id\":\"https:\/\/brasilnoticias.org\/site\/#\/schema\/person\/03bbbfe6c7634ad18c26444ea39049fa\",\"name\":\"Reda\u00e7\u00e3o\",\"image\":{\"@type\":\"ImageObject\",\"inLanguage\":\"pt-PT\",\"@id\":\"https:\/\/brasilnoticias.org\/site\/#\/schema\/person\/image\/\",\"url\":\"https:\/\/secure.gravatar.com\/avatar\/9ecaf7327a696cb23ad926fedded5f1f04d7049de9e445375d55b48c001a6e42?s=96&d=mm&r=g\",\"contentUrl\":\"https:\/\/secure.gravatar.com\/avatar\/9ecaf7327a696cb23ad926fedded5f1f04d7049de9e445375d55b48c001a6e42?s=96&d=mm&r=g\",\"caption\":\"Reda\u00e7\u00e3o\"},\"url\":\"https:\/\/brasilnoticias.org\/site\/author\/henrique\/\"}]}<\/script>\n<!-- \/ Yoast SEO plugin. -->","yoast_head_json":{"title":"\"Existem segmentos que demonizam a atividade Policial Militar\", diz Comandante-Geral da PMBA - Brasil not\u00edcias","robots":{"index":"index","follow":"follow","max-snippet":"max-snippet:-1","max-image-preview":"max-image-preview:large","max-video-preview":"max-video-preview:-1"},"canonical":"https:\/\/brasilnoticias.org\/site\/existem-segmentos-que-demonizam-a-atividade-policial-militar-diz-comandante-geral-da-pmba\/","og_locale":"pt_PT","og_type":"article","og_title":"\"Existem segmentos que demonizam a atividade Policial Militar\", diz Comandante-Geral da PMBA - Brasil not\u00edcias","og_description":"Na R\u00e1dio CBN Salvador, sob o comando dos radialistas Andr\u00e9 Sp\u00ednola e Fernanda Cruz, o Comandante-Geral da Pol\u00edcia Militar (PMBA)","og_url":"https:\/\/brasilnoticias.org\/site\/existem-segmentos-que-demonizam-a-atividade-policial-militar-diz-comandante-geral-da-pmba\/","og_site_name":"Brasil not\u00edcias","article_published_time":"2023-09-23T20:06:23+00:00","article_modified_time":"2023-09-23T21:57:53+00:00","og_image":[{"width":265,"height":190,"url":"https:\/\/brasilnoticias.org\/site\/wp-content\/uploads\/2023\/09\/IMG_5397.jpeg","type":"image\/jpeg"}],"author":"Reda\u00e7\u00e3o","twitter_card":"summary_large_image","twitter_misc":{"Escrito por":"Reda\u00e7\u00e3o","Tempo estimado de leitura":"2 minutos"},"schema":{"@context":"https:\/\/schema.org","@graph":[{"@type":"Article","@id":"https:\/\/brasilnoticias.org\/site\/existem-segmentos-que-demonizam-a-atividade-policial-militar-diz-comandante-geral-da-pmba\/#article","isPartOf":{"@id":"https:\/\/brasilnoticias.org\/site\/existem-segmentos-que-demonizam-a-atividade-policial-militar-diz-comandante-geral-da-pmba\/"},"author":{"name":"Reda\u00e7\u00e3o","@id":"https:\/\/brasilnoticias.org\/site\/#\/schema\/person\/03bbbfe6c7634ad18c26444ea39049fa"},"headline":"&#8220;Existem segmentos que demonizam a atividade Policial Militar&#8221;, diz Comandante-Geral da PMBA","datePublished":"2023-09-23T20:06:23+00:00","dateModified":"2023-09-23T21:57:53+00:00","mainEntityOfPage":{"@id":"https:\/\/brasilnoticias.org\/site\/existem-segmentos-que-demonizam-a-atividade-policial-militar-diz-comandante-geral-da-pmba\/"},"wordCount":310,"commentCount":0,"publisher":{"@id":"https:\/\/brasilnoticias.org\/site\/#organization"},"image":{"@id":"https:\/\/brasilnoticias.org\/site\/existem-segmentos-que-demonizam-a-atividade-policial-militar-diz-comandante-geral-da-pmba\/#primaryimage"},"thumbnailUrl":"https:\/\/brasilnoticias.org\/site\/wp-content\/uploads\/2023\/09\/IMG_5397.jpeg","articleSection":["Pol\u00edcia","\u00daltimas"],"inLanguage":"pt-PT","potentialAction":[{"@type":"CommentAction","name":"Comment","target":["https:\/\/brasilnoticias.org\/site\/existem-segmentos-que-demonizam-a-atividade-policial-militar-diz-comandante-geral-da-pmba\/#respond"]}]},{"@type":"WebPage","@id":"https:\/\/brasilnoticias.org\/site\/existem-segmentos-que-demonizam-a-atividade-policial-militar-diz-comandante-geral-da-pmba\/","url":"https:\/\/brasilnoticias.org\/site\/existem-segmentos-que-demonizam-a-atividade-policial-militar-diz-comandante-geral-da-pmba\/","name":"\"Existem segmentos que demonizam a atividade Policial Militar\", diz Comandante-Geral da PMBA - Brasil not\u00edcias","isPartOf":{"@id":"https:\/\/brasilnoticias.org\/site\/#website"},"primaryImageOfPage":{"@id":"https:\/\/brasilnoticias.org\/site\/existem-segmentos-que-demonizam-a-atividade-policial-militar-diz-comandante-geral-da-pmba\/#primaryimage"},"image":{"@id":"https:\/\/brasilnoticias.org\/site\/existem-segmentos-que-demonizam-a-atividade-policial-militar-diz-comandante-geral-da-pmba\/#primaryimage"},"thumbnailUrl":"https:\/\/brasilnoticias.org\/site\/wp-content\/uploads\/2023\/09\/IMG_5397.jpeg","datePublished":"2023-09-23T20:06:23+00:00","dateModified":"2023-09-23T21:57:53+00:00","breadcrumb":{"@id":"https:\/\/brasilnoticias.org\/site\/existem-segmentos-que-demonizam-a-atividade-policial-militar-diz-comandante-geral-da-pmba\/#breadcrumb"},"inLanguage":"pt-PT","potentialAction":[{"@type":"ReadAction","target":["https:\/\/brasilnoticias.org\/site\/existem-segmentos-que-demonizam-a-atividade-policial-militar-diz-comandante-geral-da-pmba\/"]}]},{"@type":"ImageObject","inLanguage":"pt-PT","@id":"https:\/\/brasilnoticias.org\/site\/existem-segmentos-que-demonizam-a-atividade-policial-militar-diz-comandante-geral-da-pmba\/#primaryimage","url":"https:\/\/brasilnoticias.org\/site\/wp-content\/uploads\/2023\/09\/IMG_5397.jpeg","contentUrl":"https:\/\/brasilnoticias.org\/site\/wp-content\/uploads\/2023\/09\/IMG_5397.jpeg","width":265,"height":190},{"@type":"BreadcrumbList","@id":"https:\/\/brasilnoticias.org\/site\/existem-segmentos-que-demonizam-a-atividade-policial-militar-diz-comandante-geral-da-pmba\/#breadcrumb","itemListElement":[{"@type":"ListItem","position":1,"name":"In\u00edcio","item":"https:\/\/brasilnoticias.org\/site\/"},{"@type":"ListItem","position":2,"name":"&#8220;Existem segmentos que demonizam a atividade Policial Militar&#8221;, diz Comandante-Geral da PMBA"}]},{"@type":"WebSite","@id":"https:\/\/brasilnoticias.org\/site\/#website","url":"https:\/\/brasilnoticias.org\/site\/","name":"Brasil not\u00edcias","description":"Brasil not\u00edcias","publisher":{"@id":"https:\/\/brasilnoticias.org\/site\/#organization"},"potentialAction":[{"@type":"SearchAction","target":{"@type":"EntryPoint","urlTemplate":"https:\/\/brasilnoticias.org\/site\/?s={search_term_string}"},"query-input":{"@type":"PropertyValueSpecification","valueRequired":true,"valueName":"search_term_string"}}],"inLanguage":"pt-PT"},{"@type":"Organization","@id":"https:\/\/brasilnoticias.org\/site\/#organization","name":"Brasil not\u00edcias","url":"https:\/\/brasilnoticias.org\/site\/","logo":{"@type":"ImageObject","inLanguage":"pt-PT","@id":"https:\/\/brasilnoticias.org\/site\/#\/schema\/logo\/image\/","url":"https:\/\/brasilnoticias.org\/site\/wp-content\/uploads\/2022\/05\/cropped-brasilnoticias-mini.jpg","contentUrl":"https:\/\/brasilnoticias.org\/site\/wp-content\/uploads\/2022\/05\/cropped-brasilnoticias-mini.jpg","width":314,"height":86,"caption":"Brasil not\u00edcias"},"image":{"@id":"https:\/\/brasilnoticias.org\/site\/#\/schema\/logo\/image\/"}},{"@type":"Person","@id":"https:\/\/brasilnoticias.org\/site\/#\/schema\/person\/03bbbfe6c7634ad18c26444ea39049fa","name":"Reda\u00e7\u00e3o","image":{"@type":"ImageObject","inLanguage":"pt-PT","@id":"https:\/\/brasilnoticias.org\/site\/#\/schema\/person\/image\/","url":"https:\/\/secure.gravatar.com\/avatar\/9ecaf7327a696cb23ad926fedded5f1f04d7049de9e445375d55b48c001a6e42?s=96&d=mm&r=g","contentUrl":"https:\/\/secure.gravatar.com\/avatar\/9ecaf7327a696cb23ad926fedded5f1f04d7049de9e445375d55b48c001a6e42?s=96&d=mm&r=g","caption":"Reda\u00e7\u00e3o"},"url":"https:\/\/brasilnoticias.org\/site\/author\/henrique\/"}]}},"_links":{"self":[{"href":"https:\/\/brasilnoticias.org\/site\/wp-json\/wp\/v2\/posts\/9502","targetHints":{"allow":["GET"]}}],"collection":[{"href":"https:\/\/brasilnoticias.org\/site\/wp-json\/wp\/v2\/posts"}],"about":[{"href":"https:\/\/brasilnoticias.org\/site\/wp-json\/wp\/v2\/types\/post"}],"author":[{"embeddable":true,"href":"https:\/\/brasilnoticias.org\/site\/wp-json\/wp\/v2\/users\/4"}],"replies":[{"embeddable":true,"href":"https:\/\/brasilnoticias.org\/site\/wp-json\/wp\/v2\/comments?post=9502"}],"version-history":[{"count":1,"href":"https:\/\/brasilnoticias.org\/site\/wp-json\/wp\/v2\/posts\/9502\/revisions"}],"predecessor-version":[{"id":9504,"href":"https:\/\/brasilnoticias.org\/site\/wp-json\/wp\/v2\/posts\/9502\/revisions\/9504"}],"wp:featuredmedia":[{"embeddable":true,"href":"https:\/\/brasilnoticias.org\/site\/wp-json\/wp\/v2\/media\/9503"}],"wp:attachment":[{"href":"https:\/\/brasilnoticias.org\/site\/wp-json\/wp\/v2\/media?parent=9502"}],"wp:term":[{"taxonomy":"category","embeddable":true,"href":"https:\/\/brasilnoticias.org\/site\/wp-json\/wp\/v2\/categories?post=9502"},{"taxonomy":"post_tag","embeddable":true,"href":"https:\/\/brasilnoticias.org\/site\/wp-json\/wp\/v2\/tags?post=9502"}],"curies":[{"name":"wp","href":"https:\/\/api.w.org\/{rel}","templated":true}]}}